{"id":16371,"date":"2009-04-01T21:21:16","date_gmt":"2009-04-01T20:21:16","guid":{"rendered":"http:\/\/www.visit-ulcinj.com\/blog\/?p=16371"},"modified":"2009-04-01T21:21:16","modified_gmt":"2009-04-01T20:21:16","slug":"bika-dhe-bjordi-eshte-hera-e-pare-qe-kam-frike","status":"publish","type":"post","link":"https:\/\/www.visit-ulcinj.com\/blog\/2009\/04\/01\/bika-dhe-bjordi-eshte-hera-e-pare-qe-kam-frike\/","title":{"rendered":"Bika dhe Bjordi : \u00cbsht\u00eb hera e par\u00eb q\u00eb kam frik\u00eb"},"content":{"rendered":"<p><em><span class=\"newsdate\"><a href=\"http:\/\/www.visit-ulcinj.com\/blog\/wp-content\/uploads\/2009\/04\/bika-dhe-bjordi29-copy.jpg\"><img loading=\"lazy\" class=\"alignleft size-full wp-image-16372\" title=\"bika-dhe-bjordi-big-brother-albania-2\" src=\"http:\/\/www.visit-ulcinj.com\/blog\/wp-content\/uploads\/2009\/04\/bika-dhe-bjordi29-copy.jpg\" alt=\"bika-dhe-bjordi-big-brother-albania-2\" width=\"300\" height=\"205\" \/><\/a>29\/03\/09 01:40<\/span><\/em><\/p>\n<p>Republika \u00ebsht\u00eb nj\u00eb nga t\u00eb nominuarit e k\u00ebsaj jave. Ajo ka shprehur hapur m\u00ebrzin\u00eb dhe inatin e t\u00eb qenit e nominuar nga dy banor\u00ebt e rinj t\u00eb sht\u00ebpis\u00eb, Ani dhe Anjeza.<br \/>\n\u201c\u00cbsht\u00eb ulje, \u00ebsht\u00eb e neveritshme t\u00eb nominohem un\u00eb nga dy t\u00eb sapoardhur!\u201d- i ka th\u00ebn\u00eb Republika Bjordit. Sipas saj nuk kishte aspak llogjike, q\u00eb Ani ta kishte nominuar at\u00eb me arsyen se nuk p\u00ebrshtatej. \u201cKu m\u00eb njohu ky mua? \u2013 i ka th\u00ebn\u00eb ajo Bjordit, &#8211; q\u00eb t\u00eb kuptoj\u00eb se nuk p\u00ebrshtatet, ky tani sa erdhi!\u201d. Republika i ka th\u00ebn\u00eb gjithashtu se po ta kishte nominuar ai, nuk do t\u2019i vinte keq, sepse ai e njihte dhe mund t\u00eb mos e p\u00eblqente apo mund t\u00eb kishte arsye ku t\u00eb kapej, nd\u00ebrsa Ani nuk e njihte fare, p\u00ebr t\u00eb kuptuar q\u00eb nuk mund t\u00eb p\u00ebrshtatej. Sipas Bik\u00ebs kjo do t\u00eb thoshte \u201ct\u00eb plasje nga inati\u201d. Ajo ka th\u00ebn\u00eb se deri tani nuk e kishte nxjerr\u00eb an\u00ebn e saj t\u00eb keqe. P\u00ebr Anjez\u00ebn, me ironi, Republika ka shtuar se e kishte mbajtur af\u00ebr, nd\u00ebrsa ajo e kishte nominuar me arsyen se nuk e njihte. Bjordi i ka th\u00ebn\u00eb se vet\u00ebm ajo po reagonte kaq keq dhe e mira ishte t\u00eb mos b\u00ebnte k\u00ebshtu. Republika e ka arsyetuar reagimin me vet me faktin se ndihej shum\u00eb e revoltuar, p\u00ebr arsyet e m\u00ebsip\u00ebrme, por edhe sepse nuk e pranonte dot t\u00eb dilte para disa t\u00eb tjer\u00ebve, q\u00eb,sipas saj, ishin kot n\u00eb sht\u00ebpi. Ajo ka dh\u00ebn\u00eb si shkak t\u00eb gjendjes s\u00eb saj t\u00eb r\u00ebnduar shpirt\u00ebrore edhe faktin se p\u00ebr t\u00eb ky ishte nominimi i par\u00eb dhe po garonte me tre m\u00eb t\u00eb fort\u00eb se ajo. \u201c\u00cbsht\u00eb hera e par\u00eb q\u00eb un\u00eb kam frik\u00eb!\u201d- ka th\u00ebn\u00eb ajo.<\/p>\n","protected":false},"excerpt":{"rendered":"<p>29\/03\/09 01:40 Republika \u00ebsht\u00eb nj\u00eb nga t\u00eb nominuarit e k\u00ebsaj jave. Ajo ka shprehur hapur m\u00ebrzin\u00eb dhe inatin e t\u00eb qenit e nominuar nga dy banor\u00ebt e rinj t\u00eb sht\u00ebpis\u00eb, Ani dhe Anjeza. \u201c\u00cbsht\u00eb ulje, \u00ebsht\u00eb e neveritshme t\u00eb nominohem un\u00eb nga dy t\u00eb sapoardhur!\u201d- i ka th\u00ebn\u00eb Republika Bjordit. Sipas saj nuk kishte aspak [&hellip;]<\/p>\n","protected":false},"author":1,"featured_media":0,"comment_status":"open","ping_status":"closed","sticky":false,"template":"","format":"standard","meta":{"spay_email":"","jetpack_publicize_message":"","jetpack_is_tweetstorm":false,"jetpack_publicize_feature_enabled":true},"categories":[6502],"tags":[6883,6516,6712,6740,6522,262,6891],"jetpack_publicize_connections":[],"yoast_head":"<!-- This site is optimized with the Yoast SEO plugin v19.1 - https:\/\/yoast.com\/wordpress\/plugins\/seo\/ -->\n<title>Bika dhe Bjordi : \u00c3\u2039sht\u00c3\u00ab hera e par\u00c3\u00ab q\u00c3\u00ab kam frik\u00c3\u00ab | Big Brother Albania 2<\/title>\n<meta name=\"description\" content=\"Big Brother Albania 2 - Republika \u00c3\u00absht\u00c3\u00ab nj\u00c3\u00ab nga t\u00c3\u00ab nominuarit e k\u00c3\u00absaj jave. Ajo ka shprehur hapur m\u00c3\u00abrzin\u00c3\u00ab dhe inatin e t\u00c3\u00ab qenit e nominuar nga dy banor\u00c3\u00abt e rinj t\u00c3\u00ab sht\u00c3\u00abpis\u00c3\u00ab, Ani dhe Anjeza.\" \/>\n<meta name=\"robots\" content=\"index, follow, max-snippet:-1, max-image-preview:large, max-video-preview:-1\" \/>\n<link rel=\"canonical\" href=\"https:\/\/www.visit-ulcinj.com\/blog\/2009\/04\/01\/bika-dhe-bjordi-eshte-hera-e-pare-qe-kam-frike\/\" \/>\n<meta property=\"og:locale\" content=\"en_US\" \/>\n<meta property=\"og:type\" content=\"article\" \/>\n<meta property=\"og:title\" content=\"Bika dhe Bjordi : \u00c3\u2039sht\u00c3\u00ab hera e par\u00c3\u00ab q\u00c3\u00ab kam frik\u00c3\u00ab | Big Brother Albania 2\" \/>\n<meta property=\"og:description\" content=\"Big Brother Albania 2 - Republika \u00c3\u00absht\u00c3\u00ab nj\u00c3\u00ab nga t\u00c3\u00ab nominuarit e k\u00c3\u00absaj jave. Ajo ka shprehur hapur m\u00c3\u00abrzin\u00c3\u00ab dhe inatin e t\u00c3\u00ab qenit e nominuar nga dy banor\u00c3\u00abt e rinj t\u00c3\u00ab sht\u00c3\u00abpis\u00c3\u00ab, Ani dhe Anjeza.\" \/>\n<meta property=\"og:url\" content=\"https:\/\/www.visit-ulcinj.com\/blog\/2009\/04\/01\/bika-dhe-bjordi-eshte-hera-e-pare-qe-kam-frike\/\" \/>\n<meta property=\"og:site_name\" content=\"Lajme nga Ulqini\" \/>\n<meta property=\"article:published_time\" content=\"2009-04-01T20:21:16+00:00\" \/>\n<meta property=\"og:image\" content=\"http:\/\/www.visit-ulcinj.com\/blog\/wp-content\/uploads\/2009\/04\/bika-dhe-bjordi29-copy.jpg\" \/>\n<meta name=\"twitter:label1\" content=\"Written by\" \/>\n\t<meta name=\"twitter:data1\" content=\"ulqini\" \/>\n\t<meta name=\"twitter:label2\" content=\"Est. reading time\" \/>\n\t<meta name=\"twitter:data2\" content=\"2 minutes\" \/>\n<script type=\"application\/ld+json\" class=\"yoast-schema-graph\">{\"@context\":\"https:\/\/schema.org\",\"@graph\":[{\"@type\":\"WebSite\",\"@id\":\"https:\/\/www.visit-ulcinj.com\/blog\/#website\",\"url\":\"https:\/\/www.visit-ulcinj.com\/blog\/\",\"name\":\"Lajme nga Ulqini\",\"description\":\"Lajme,Vijesti,Ulqini,Ulqin,Crna Gora,Mali i Zi\",\"potentialAction\":[{\"@type\":\"SearchAction\",\"target\":{\"@type\":\"EntryPoint\",\"urlTemplate\":\"https:\/\/www.visit-ulcinj.com\/blog\/?s={search_term_string}\"},\"query-input\":\"required name=search_term_string\"}],\"inLanguage\":\"en-US\"},{\"@type\":\"ImageObject\",\"inLanguage\":\"en-US\",\"@id\":\"https:\/\/www.visit-ulcinj.com\/blog\/2009\/04\/01\/bika-dhe-bjordi-eshte-hera-e-pare-qe-kam-frike\/#primaryimage\",\"url\":\"http:\/\/www.visit-ulcinj.com\/blog\/wp-content\/uploads\/2009\/04\/bika-dhe-bjordi29-copy.jpg\",\"contentUrl\":\"http:\/\/www.visit-ulcinj.com\/blog\/wp-content\/uploads\/2009\/04\/bika-dhe-bjordi29-copy.jpg\"},{\"@type\":\"WebPage\",\"@id\":\"https:\/\/www.visit-ulcinj.com\/blog\/2009\/04\/01\/bika-dhe-bjordi-eshte-hera-e-pare-qe-kam-frike\/#webpage\",\"url\":\"https:\/\/www.visit-ulcinj.com\/blog\/2009\/04\/01\/bika-dhe-bjordi-eshte-hera-e-pare-qe-kam-frike\/\",\"name\":\"Bika dhe Bjordi : \u00c3\u2039sht\u00c3\u00ab hera e par\u00c3\u00ab q\u00c3\u00ab kam frik\u00c3\u00ab | Big Brother Albania 2\",\"isPartOf\":{\"@id\":\"https:\/\/www.visit-ulcinj.com\/blog\/#website\"},\"primaryImageOfPage\":{\"@id\":\"https:\/\/www.visit-ulcinj.com\/blog\/2009\/04\/01\/bika-dhe-bjordi-eshte-hera-e-pare-qe-kam-frike\/#primaryimage\"},\"datePublished\":\"2009-04-01T20:21:16+00:00\",\"dateModified\":\"2009-04-01T20:21:16+00:00\",\"author\":{\"@id\":\"https:\/\/www.visit-ulcinj.com\/blog\/#\/schema\/person\/dcab619c614d3038751c63bc2aadc06d\"},\"description\":\"Big Brother Albania 2 - Republika \u00c3\u00absht\u00c3\u00ab nj\u00c3\u00ab nga t\u00c3\u00ab nominuarit e k\u00c3\u00absaj jave. Ajo ka shprehur hapur m\u00c3\u00abrzin\u00c3\u00ab dhe inatin e t\u00c3\u00ab qenit e nominuar nga dy banor\u00c3\u00abt e rinj t\u00c3\u00ab sht\u00c3\u00abpis\u00c3\u00ab, Ani dhe Anjeza.\",\"breadcrumb\":{\"@id\":\"https:\/\/www.visit-ulcinj.com\/blog\/2009\/04\/01\/bika-dhe-bjordi-eshte-hera-e-pare-qe-kam-frike\/#breadcrumb\"},\"inLanguage\":\"en-US\",\"potentialAction\":[{\"@type\":\"ReadAction\",\"target\":[\"https:\/\/www.visit-ulcinj.com\/blog\/2009\/04\/01\/bika-dhe-bjordi-eshte-hera-e-pare-qe-kam-frike\/\"]}]},{\"@type\":\"BreadcrumbList\",\"@id\":\"https:\/\/www.visit-ulcinj.com\/blog\/2009\/04\/01\/bika-dhe-bjordi-eshte-hera-e-pare-qe-kam-frike\/#breadcrumb\",\"itemListElement\":[{\"@type\":\"ListItem\",\"position\":1,\"name\":\"Bika dhe Bjordi : \u00cbsht\u00eb hera e par\u00eb q\u00eb kam frik\u00eb\"}]},{\"@type\":\"Person\",\"@id\":\"https:\/\/www.visit-ulcinj.com\/blog\/#\/schema\/person\/dcab619c614d3038751c63bc2aadc06d\",\"name\":\"ulqini\",\"sameAs\":[\"http:\/\/www.visit-ulcinj.com\"],\"url\":\"https:\/\/www.visit-ulcinj.com\/blog\/author\/admin\/\"}]}<\/script>\n<!-- \/ Yoast SEO plugin. -->","yoast_head_json":{"title":"Bika dhe Bjordi : \u00c3\u2039sht\u00c3\u00ab hera e par\u00c3\u00ab q\u00c3\u00ab kam frik\u00c3\u00ab | Big Brother Albania 2","description":"Big Brother Albania 2 - Republika \u00c3\u00absht\u00c3\u00ab nj\u00c3\u00ab nga t\u00c3\u00ab nominuarit e k\u00c3\u00absaj jave. Ajo ka shprehur hapur m\u00c3\u00abrzin\u00c3\u00ab dhe inatin e t\u00c3\u00ab qenit e nominuar nga dy banor\u00c3\u00abt e rinj t\u00c3\u00ab sht\u00c3\u00abpis\u00c3\u00ab, Ani dhe Anjeza.","robots":{"index":"index","follow":"follow","max-snippet":"max-snippet:-1","max-image-preview":"max-image-preview:large","max-video-preview":"max-video-preview:-1"},"canonical":"https:\/\/www.visit-ulcinj.com\/blog\/2009\/04\/01\/bika-dhe-bjordi-eshte-hera-e-pare-qe-kam-frike\/","og_locale":"en_US","og_type":"article","og_title":"Bika dhe Bjordi : \u00c3\u2039sht\u00c3\u00ab hera e par\u00c3\u00ab q\u00c3\u00ab kam frik\u00c3\u00ab | Big Brother Albania 2","og_description":"Big Brother Albania 2 - Republika \u00c3\u00absht\u00c3\u00ab nj\u00c3\u00ab nga t\u00c3\u00ab nominuarit e k\u00c3\u00absaj jave. Ajo ka shprehur hapur m\u00c3\u00abrzin\u00c3\u00ab dhe inatin e t\u00c3\u00ab qenit e nominuar nga dy banor\u00c3\u00abt e rinj t\u00c3\u00ab sht\u00c3\u00abpis\u00c3\u00ab, Ani dhe Anjeza.","og_url":"https:\/\/www.visit-ulcinj.com\/blog\/2009\/04\/01\/bika-dhe-bjordi-eshte-hera-e-pare-qe-kam-frike\/","og_site_name":"Lajme nga Ulqini","article_published_time":"2009-04-01T20:21:16+00:00","og_image":[{"url":"http:\/\/www.visit-ulcinj.com\/blog\/wp-content\/uploads\/2009\/04\/bika-dhe-bjordi29-copy.jpg"}],"twitter_misc":{"Written by":"ulqini","Est. reading time":"2 minutes"},"schema":{"@context":"https:\/\/schema.org","@graph":[{"@type":"WebSite","@id":"https:\/\/www.visit-ulcinj.com\/blog\/#website","url":"https:\/\/www.visit-ulcinj.com\/blog\/","name":"Lajme nga Ulqini","description":"Lajme,Vijesti,Ulqini,Ulqin,Crna Gora,Mali i Zi","potentialAction":[{"@type":"SearchAction","target":{"@type":"EntryPoint","urlTemplate":"https:\/\/www.visit-ulcinj.com\/blog\/?s={search_term_string}"},"query-input":"required name=search_term_string"}],"inLanguage":"en-US"},{"@type":"ImageObject","inLanguage":"en-US","@id":"https:\/\/www.visit-ulcinj.com\/blog\/2009\/04\/01\/bika-dhe-bjordi-eshte-hera-e-pare-qe-kam-frike\/#primaryimage","url":"http:\/\/www.visit-ulcinj.com\/blog\/wp-content\/uploads\/2009\/04\/bika-dhe-bjordi29-copy.jpg","contentUrl":"http:\/\/www.visit-ulcinj.com\/blog\/wp-content\/uploads\/2009\/04\/bika-dhe-bjordi29-copy.jpg"},{"@type":"WebPage","@id":"https:\/\/www.visit-ulcinj.com\/blog\/2009\/04\/01\/bika-dhe-bjordi-eshte-hera-e-pare-qe-kam-frike\/#webpage","url":"https:\/\/www.visit-ulcinj.com\/blog\/2009\/04\/01\/bika-dhe-bjordi-eshte-hera-e-pare-qe-kam-frike\/","name":"Bika dhe Bjordi : \u00c3\u2039sht\u00c3\u00ab hera e par\u00c3\u00ab q\u00c3\u00ab kam frik\u00c3\u00ab | Big Brother Albania 2","isPartOf":{"@id":"https:\/\/www.visit-ulcinj.com\/blog\/#website"},"primaryImageOfPage":{"@id":"https:\/\/www.visit-ulcinj.com\/blog\/2009\/04\/01\/bika-dhe-bjordi-eshte-hera-e-pare-qe-kam-frike\/#primaryimage"},"datePublished":"2009-04-01T20:21:16+00:00","dateModified":"2009-04-01T20:21:16+00:00","author":{"@id":"https:\/\/www.visit-ulcinj.com\/blog\/#\/schema\/person\/dcab619c614d3038751c63bc2aadc06d"},"description":"Big Brother Albania 2 - Republika \u00c3\u00absht\u00c3\u00ab nj\u00c3\u00ab nga t\u00c3\u00ab nominuarit e k\u00c3\u00absaj jave. Ajo ka shprehur hapur m\u00c3\u00abrzin\u00c3\u00ab dhe inatin e t\u00c3\u00ab qenit e nominuar nga dy banor\u00c3\u00abt e rinj t\u00c3\u00ab sht\u00c3\u00abpis\u00c3\u00ab, Ani dhe Anjeza.","breadcrumb":{"@id":"https:\/\/www.visit-ulcinj.com\/blog\/2009\/04\/01\/bika-dhe-bjordi-eshte-hera-e-pare-qe-kam-frike\/#breadcrumb"},"inLanguage":"en-US","potentialAction":[{"@type":"ReadAction","target":["https:\/\/www.visit-ulcinj.com\/blog\/2009\/04\/01\/bika-dhe-bjordi-eshte-hera-e-pare-qe-kam-frike\/"]}]},{"@type":"BreadcrumbList","@id":"https:\/\/www.visit-ulcinj.com\/blog\/2009\/04\/01\/bika-dhe-bjordi-eshte-hera-e-pare-qe-kam-frike\/#breadcrumb","itemListElement":[{"@type":"ListItem","position":1,"name":"Bika dhe Bjordi : \u00cbsht\u00eb hera e par\u00eb q\u00eb kam frik\u00eb"}]},{"@type":"Person","@id":"https:\/\/www.visit-ulcinj.com\/blog\/#\/schema\/person\/dcab619c614d3038751c63bc2aadc06d","name":"ulqini","sameAs":["http:\/\/www.visit-ulcinj.com"],"url":"https:\/\/www.visit-ulcinj.com\/blog\/author\/admin\/"}]}},"jetpack_featured_media_url":"","jetpack_sharing_enabled":true,"jetpack_shortlink":"https:\/\/wp.me\/pe6lTn-4g3","_links":{"self":[{"href":"https:\/\/www.visit-ulcinj.com\/blog\/wp-json\/wp\/v2\/posts\/16371"}],"collection":[{"href":"https:\/\/www.visit-ulcinj.com\/blog\/wp-json\/wp\/v2\/posts"}],"about":[{"href":"https:\/\/www.visit-ulcinj.com\/blog\/wp-json\/wp\/v2\/types\/post"}],"author":[{"embeddable":true,"href":"https:\/\/www.visit-ulcinj.com\/blog\/wp-json\/wp\/v2\/users\/1"}],"replies":[{"embeddable":true,"href":"https:\/\/www.visit-ulcinj.com\/blog\/wp-json\/wp\/v2\/comments?post=16371"}],"version-history":[{"count":0,"href":"https:\/\/www.visit-ulcinj.com\/blog\/wp-json\/wp\/v2\/posts\/16371\/revisions"}],"wp:attachment":[{"href":"https:\/\/www.visit-ulcinj.com\/blog\/wp-json\/wp\/v2\/media?parent=16371"}],"wp:term":[{"taxonomy":"category","embeddable":true,"href":"https:\/\/www.visit-ulcinj.com\/blog\/wp-json\/wp\/v2\/categories?post=16371"},{"taxonomy":"post_tag","embeddable":true,"href":"https:\/\/www.visit-ulcinj.com\/blog\/wp-json\/wp\/v2\/tags?post=16371"}],"curies":[{"name":"wp","href":"https:\/\/api.w.org\/{rel}","templated":true}]}}