{"id":16381,"date":"2009-04-01T22:40:26","date_gmt":"2009-04-01T21:40:26","guid":{"rendered":"http:\/\/www.visit-ulcinj.com\/blog\/?p=16381"},"modified":"2009-04-01T22:40:26","modified_gmt":"2009-04-01T21:40:26","slug":"adi-ti-duhet-te-fitosh","status":"publish","type":"post","link":"https:\/\/www.visit-ulcinj.com\/blog\/2009\/04\/01\/adi-ti-duhet-te-fitosh\/","title":{"rendered":"Adi : Ti duhet t\u00eb fitosh"},"content":{"rendered":"<p><em><span class=\"newsdate\"><a href=\"http:\/\/www.visit-ulcinj.com\/blog\/wp-content\/uploads\/2009\/04\/adi-bjordit-copy.jpg\"><img loading=\"lazy\" class=\"alignleft size-full wp-image-16382\" title=\"adi-bjordit-big-brother-albania-2\" src=\"http:\/\/www.visit-ulcinj.com\/blog\/wp-content\/uploads\/2009\/04\/adi-bjordit-copy.jpg\" alt=\"adi-bjordit-big-brother-albania-2\" width=\"300\" height=\"205\" \/><\/a>29\/03\/09 02:57<\/span><\/em><\/p>\n<p>Bjordi \u00ebsht\u00eb m\u00ebrzitur p\u00ebr daljen e Lirit\u00ebs nga sht\u00ebpia e Big Brother. Ai ka qar\u00eb m\u00eb pas n\u00eb dhom\u00ebn e gjumit. Adi i ka th\u00ebn\u00eb se ai duhet t\u00eb b\u00ebhej i fort\u00eb, duhet t\u00eb shihte p\u00ebrpara dhe jo prapa. Ai ka shtuar se edhe ai e kishte dashur Lirit\u00ebn dhe ishte m\u00ebrzitur p\u00ebr daljen e saj, sepse ajo nuk e meritonte t\u00eb dilte, por kjo ishte loja dhe Bjordi duhet ta kuptonte k\u00ebt\u00eb. \u201cUn\u00eb kam hallin t\u00ebnd!\u201d \u2013 i ka th\u00ebn\u00eb ai, i shqet\u00ebsuar se kjo gjendje e ul\u00ebt emocionale, mund t\u00eb ndikonte p\u00ebr keq tek Bjordi e rrjedhimisht edhe tek ai dhe p\u00ebr pasoj\u00eb, mund t\u00eb ndryshonte drejtimin q\u00eb Adi donte t\u2019u jepte gj\u00ebrave.<br \/>\n\u201cTi ke t\u00eb drejt\u00eb t\u00eb fitosh, &#8211; i ka th\u00ebn\u00eb Adi Bjordit, ti q\u00eb ke moral t\u00eb past\u00ebr!\u201d. Ai ka shtuar se k\u00ebt\u00eb duhet t\u2019u transmetojn\u00eb edhe njer\u00ebzve, k\u00ebt\u00eb duhet t\u00eb kuptoj\u00eb edhe publiku, q\u00eb duhet t\u00eb fitojn\u00eb njer\u00ebz si Bjordi q\u00eb duan t\u00eb ndryshojn\u00eb bot\u00ebn. Por, sipas Bjordit, ai q\u00eb e meriton fitoren \u00ebsht\u00eb Adi, sepse ai duhet t\u00eb rind\u00ebrtoj\u00eb jet\u00ebn e vet, sepse ai(Bjordi) e kishte jet\u00ebn p\u00ebrpara. Adi ka th\u00ebn\u00eb se ai nuk kishte cfar\u00eb t\u00eb nd\u00ebrtonte m\u00eb, e shumta q\u00eb mund t\u00eb b\u00ebnte ishte t\u00eb ngrinte themelet, p\u00ebr ata q\u00eb duhet t\u00eb nd\u00ebrtonin (duke aluduar p\u00ebr Bjordin).<\/p>\n","protected":false},"excerpt":{"rendered":"<p>29\/03\/09 02:57 Bjordi \u00ebsht\u00eb m\u00ebrzitur p\u00ebr daljen e Lirit\u00ebs nga sht\u00ebpia e Big Brother. Ai ka qar\u00eb m\u00eb pas n\u00eb dhom\u00ebn e gjumit. Adi i ka th\u00ebn\u00eb se ai duhet t\u00eb b\u00ebhej i fort\u00eb, duhet t\u00eb shihte p\u00ebrpara dhe jo prapa. Ai ka shtuar se edhe ai e kishte dashur Lirit\u00ebn dhe ishte m\u00ebrzitur p\u00ebr [&hellip;]<\/p>\n","protected":false},"author":1,"featured_media":0,"comment_status":"open","ping_status":"closed","sticky":false,"template":"","format":"standard","meta":{"spay_email":"","jetpack_publicize_message":"","jetpack_is_tweetstorm":false,"jetpack_publicize_feature_enabled":true},"categories":[6502],"tags":[1414,6883,6516,6712,6522,6542,6544,6891],"jetpack_publicize_connections":[],"yoast_head":"<!-- This site is optimized with the Yoast SEO plugin v19.1 - https:\/\/yoast.com\/wordpress\/plugins\/seo\/ -->\n<title>Adi : Ti duhet t\u00c3\u00ab fitosh | Big Brother Albania 2<\/title>\n<meta name=\"description\" content=\"Big Brother Albania 2 - Bjordi \u00c3\u00absht\u00c3\u00ab m\u00c3\u00abrzitur p\u00c3\u00abr daljen e Lirit\u00c3\u00abs nga sht\u00c3\u00abpia e Big Brother. Ai ka qar\u00c3\u00ab m\u00c3\u00ab pas n\u00c3\u00ab dhom\u00c3\u00abn e gjumit. Adi i ka th\u00c3\u00abn\u00c3\u00ab se ai duhet t\u00c3\u00ab b\u00c3\u00abhej i fort\u00c3\u00ab\" \/>\n<meta name=\"robots\" content=\"index, follow, max-snippet:-1, max-image-preview:large, max-video-preview:-1\" \/>\n<link rel=\"canonical\" href=\"https:\/\/www.visit-ulcinj.com\/blog\/2009\/04\/01\/adi-ti-duhet-te-fitosh\/\" \/>\n<meta property=\"og:locale\" content=\"en_US\" \/>\n<meta property=\"og:type\" content=\"article\" \/>\n<meta property=\"og:title\" content=\"Adi : Ti duhet t\u00c3\u00ab fitosh | Big Brother Albania 2\" \/>\n<meta property=\"og:description\" content=\"Big Brother Albania 2 - Bjordi \u00c3\u00absht\u00c3\u00ab m\u00c3\u00abrzitur p\u00c3\u00abr daljen e Lirit\u00c3\u00abs nga sht\u00c3\u00abpia e Big Brother. Ai ka qar\u00c3\u00ab m\u00c3\u00ab pas n\u00c3\u00ab dhom\u00c3\u00abn e gjumit. Adi i ka th\u00c3\u00abn\u00c3\u00ab se ai duhet t\u00c3\u00ab b\u00c3\u00abhej i fort\u00c3\u00ab\" \/>\n<meta property=\"og:url\" content=\"https:\/\/www.visit-ulcinj.com\/blog\/2009\/04\/01\/adi-ti-duhet-te-fitosh\/\" \/>\n<meta property=\"og:site_name\" content=\"Lajme nga Ulqini\" \/>\n<meta property=\"article:published_time\" content=\"2009-04-01T21:40:26+00:00\" \/>\n<meta property=\"og:image\" content=\"http:\/\/www.visit-ulcinj.com\/blog\/wp-content\/uploads\/2009\/04\/adi-bjordit-copy.jpg\" \/>\n<meta name=\"twitter:label1\" content=\"Written by\" \/>\n\t<meta name=\"twitter:data1\" content=\"ulqini\" \/>\n\t<meta name=\"twitter:label2\" content=\"Est. reading time\" \/>\n\t<meta name=\"twitter:data2\" content=\"1 minute\" \/>\n<script type=\"application\/ld+json\" class=\"yoast-schema-graph\">{\"@context\":\"https:\/\/schema.org\",\"@graph\":[{\"@type\":\"WebSite\",\"@id\":\"https:\/\/www.visit-ulcinj.com\/blog\/#website\",\"url\":\"https:\/\/www.visit-ulcinj.com\/blog\/\",\"name\":\"Lajme nga Ulqini\",\"description\":\"Lajme,Vijesti,Ulqini,Ulqin,Crna Gora,Mali i Zi\",\"potentialAction\":[{\"@type\":\"SearchAction\",\"target\":{\"@type\":\"EntryPoint\",\"urlTemplate\":\"https:\/\/www.visit-ulcinj.com\/blog\/?s={search_term_string}\"},\"query-input\":\"required name=search_term_string\"}],\"inLanguage\":\"en-US\"},{\"@type\":\"ImageObject\",\"inLanguage\":\"en-US\",\"@id\":\"https:\/\/www.visit-ulcinj.com\/blog\/2009\/04\/01\/adi-ti-duhet-te-fitosh\/#primaryimage\",\"url\":\"http:\/\/www.visit-ulcinj.com\/blog\/wp-content\/uploads\/2009\/04\/adi-bjordit-copy.jpg\",\"contentUrl\":\"http:\/\/www.visit-ulcinj.com\/blog\/wp-content\/uploads\/2009\/04\/adi-bjordit-copy.jpg\"},{\"@type\":\"WebPage\",\"@id\":\"https:\/\/www.visit-ulcinj.com\/blog\/2009\/04\/01\/adi-ti-duhet-te-fitosh\/#webpage\",\"url\":\"https:\/\/www.visit-ulcinj.com\/blog\/2009\/04\/01\/adi-ti-duhet-te-fitosh\/\",\"name\":\"Adi : Ti duhet t\u00c3\u00ab fitosh | Big Brother Albania 2\",\"isPartOf\":{\"@id\":\"https:\/\/www.visit-ulcinj.com\/blog\/#website\"},\"primaryImageOfPage\":{\"@id\":\"https:\/\/www.visit-ulcinj.com\/blog\/2009\/04\/01\/adi-ti-duhet-te-fitosh\/#primaryimage\"},\"datePublished\":\"2009-04-01T21:40:26+00:00\",\"dateModified\":\"2009-04-01T21:40:26+00:00\",\"author\":{\"@id\":\"https:\/\/www.visit-ulcinj.com\/blog\/#\/schema\/person\/dcab619c614d3038751c63bc2aadc06d\"},\"description\":\"Big Brother Albania 2 - Bjordi \u00c3\u00absht\u00c3\u00ab m\u00c3\u00abrzitur p\u00c3\u00abr daljen e Lirit\u00c3\u00abs nga sht\u00c3\u00abpia e Big Brother. Ai ka qar\u00c3\u00ab m\u00c3\u00ab pas n\u00c3\u00ab dhom\u00c3\u00abn e gjumit. Adi i ka th\u00c3\u00abn\u00c3\u00ab se ai duhet t\u00c3\u00ab b\u00c3\u00abhej i fort\u00c3\u00ab\",\"breadcrumb\":{\"@id\":\"https:\/\/www.visit-ulcinj.com\/blog\/2009\/04\/01\/adi-ti-duhet-te-fitosh\/#breadcrumb\"},\"inLanguage\":\"en-US\",\"potentialAction\":[{\"@type\":\"ReadAction\",\"target\":[\"https:\/\/www.visit-ulcinj.com\/blog\/2009\/04\/01\/adi-ti-duhet-te-fitosh\/\"]}]},{\"@type\":\"BreadcrumbList\",\"@id\":\"https:\/\/www.visit-ulcinj.com\/blog\/2009\/04\/01\/adi-ti-duhet-te-fitosh\/#breadcrumb\",\"itemListElement\":[{\"@type\":\"ListItem\",\"position\":1,\"name\":\"Adi : Ti duhet t\u00eb fitosh\"}]},{\"@type\":\"Person\",\"@id\":\"https:\/\/www.visit-ulcinj.com\/blog\/#\/schema\/person\/dcab619c614d3038751c63bc2aadc06d\",\"name\":\"ulqini\",\"sameAs\":[\"http:\/\/www.visit-ulcinj.com\"],\"url\":\"https:\/\/www.visit-ulcinj.com\/blog\/author\/admin\/\"}]}<\/script>\n<!-- \/ Yoast SEO plugin. -->","yoast_head_json":{"title":"Adi : Ti duhet t\u00c3\u00ab fitosh | Big Brother Albania 2","description":"Big Brother Albania 2 - Bjordi \u00c3\u00absht\u00c3\u00ab m\u00c3\u00abrzitur p\u00c3\u00abr daljen e Lirit\u00c3\u00abs nga sht\u00c3\u00abpia e Big Brother. Ai ka qar\u00c3\u00ab m\u00c3\u00ab pas n\u00c3\u00ab dhom\u00c3\u00abn e gjumit. Adi i ka th\u00c3\u00abn\u00c3\u00ab se ai duhet t\u00c3\u00ab b\u00c3\u00abhej i fort\u00c3\u00ab","robots":{"index":"index","follow":"follow","max-snippet":"max-snippet:-1","max-image-preview":"max-image-preview:large","max-video-preview":"max-video-preview:-1"},"canonical":"https:\/\/www.visit-ulcinj.com\/blog\/2009\/04\/01\/adi-ti-duhet-te-fitosh\/","og_locale":"en_US","og_type":"article","og_title":"Adi : Ti duhet t\u00c3\u00ab fitosh | Big Brother Albania 2","og_description":"Big Brother Albania 2 - Bjordi \u00c3\u00absht\u00c3\u00ab m\u00c3\u00abrzitur p\u00c3\u00abr daljen e Lirit\u00c3\u00abs nga sht\u00c3\u00abpia e Big Brother. Ai ka qar\u00c3\u00ab m\u00c3\u00ab pas n\u00c3\u00ab dhom\u00c3\u00abn e gjumit. Adi i ka th\u00c3\u00abn\u00c3\u00ab se ai duhet t\u00c3\u00ab b\u00c3\u00abhej i fort\u00c3\u00ab","og_url":"https:\/\/www.visit-ulcinj.com\/blog\/2009\/04\/01\/adi-ti-duhet-te-fitosh\/","og_site_name":"Lajme nga Ulqini","article_published_time":"2009-04-01T21:40:26+00:00","og_image":[{"url":"http:\/\/www.visit-ulcinj.com\/blog\/wp-content\/uploads\/2009\/04\/adi-bjordit-copy.jpg"}],"twitter_misc":{"Written by":"ulqini","Est. reading time":"1 minute"},"schema":{"@context":"https:\/\/schema.org","@graph":[{"@type":"WebSite","@id":"https:\/\/www.visit-ulcinj.com\/blog\/#website","url":"https:\/\/www.visit-ulcinj.com\/blog\/","name":"Lajme nga Ulqini","description":"Lajme,Vijesti,Ulqini,Ulqin,Crna Gora,Mali i Zi","potentialAction":[{"@type":"SearchAction","target":{"@type":"EntryPoint","urlTemplate":"https:\/\/www.visit-ulcinj.com\/blog\/?s={search_term_string}"},"query-input":"required name=search_term_string"}],"inLanguage":"en-US"},{"@type":"ImageObject","inLanguage":"en-US","@id":"https:\/\/www.visit-ulcinj.com\/blog\/2009\/04\/01\/adi-ti-duhet-te-fitosh\/#primaryimage","url":"http:\/\/www.visit-ulcinj.com\/blog\/wp-content\/uploads\/2009\/04\/adi-bjordit-copy.jpg","contentUrl":"http:\/\/www.visit-ulcinj.com\/blog\/wp-content\/uploads\/2009\/04\/adi-bjordit-copy.jpg"},{"@type":"WebPage","@id":"https:\/\/www.visit-ulcinj.com\/blog\/2009\/04\/01\/adi-ti-duhet-te-fitosh\/#webpage","url":"https:\/\/www.visit-ulcinj.com\/blog\/2009\/04\/01\/adi-ti-duhet-te-fitosh\/","name":"Adi : Ti duhet t\u00c3\u00ab fitosh | Big Brother Albania 2","isPartOf":{"@id":"https:\/\/www.visit-ulcinj.com\/blog\/#website"},"primaryImageOfPage":{"@id":"https:\/\/www.visit-ulcinj.com\/blog\/2009\/04\/01\/adi-ti-duhet-te-fitosh\/#primaryimage"},"datePublished":"2009-04-01T21:40:26+00:00","dateModified":"2009-04-01T21:40:26+00:00","author":{"@id":"https:\/\/www.visit-ulcinj.com\/blog\/#\/schema\/person\/dcab619c614d3038751c63bc2aadc06d"},"description":"Big Brother Albania 2 - Bjordi \u00c3\u00absht\u00c3\u00ab m\u00c3\u00abrzitur p\u00c3\u00abr daljen e Lirit\u00c3\u00abs nga sht\u00c3\u00abpia e Big Brother. Ai ka qar\u00c3\u00ab m\u00c3\u00ab pas n\u00c3\u00ab dhom\u00c3\u00abn e gjumit. Adi i ka th\u00c3\u00abn\u00c3\u00ab se ai duhet t\u00c3\u00ab b\u00c3\u00abhej i fort\u00c3\u00ab","breadcrumb":{"@id":"https:\/\/www.visit-ulcinj.com\/blog\/2009\/04\/01\/adi-ti-duhet-te-fitosh\/#breadcrumb"},"inLanguage":"en-US","potentialAction":[{"@type":"ReadAction","target":["https:\/\/www.visit-ulcinj.com\/blog\/2009\/04\/01\/adi-ti-duhet-te-fitosh\/"]}]},{"@type":"BreadcrumbList","@id":"https:\/\/www.visit-ulcinj.com\/blog\/2009\/04\/01\/adi-ti-duhet-te-fitosh\/#breadcrumb","itemListElement":[{"@type":"ListItem","position":1,"name":"Adi : Ti duhet t\u00eb fitosh"}]},{"@type":"Person","@id":"https:\/\/www.visit-ulcinj.com\/blog\/#\/schema\/person\/dcab619c614d3038751c63bc2aadc06d","name":"ulqini","sameAs":["http:\/\/www.visit-ulcinj.com"],"url":"https:\/\/www.visit-ulcinj.com\/blog\/author\/admin\/"}]}},"jetpack_featured_media_url":"","jetpack_sharing_enabled":true,"jetpack_shortlink":"https:\/\/wp.me\/pe6lTn-4gd","_links":{"self":[{"href":"https:\/\/www.visit-ulcinj.com\/blog\/wp-json\/wp\/v2\/posts\/16381"}],"collection":[{"href":"https:\/\/www.visit-ulcinj.com\/blog\/wp-json\/wp\/v2\/posts"}],"about":[{"href":"https:\/\/www.visit-ulcinj.com\/blog\/wp-json\/wp\/v2\/types\/post"}],"author":[{"embeddable":true,"href":"https:\/\/www.visit-ulcinj.com\/blog\/wp-json\/wp\/v2\/users\/1"}],"replies":[{"embeddable":true,"href":"https:\/\/www.visit-ulcinj.com\/blog\/wp-json\/wp\/v2\/comments?post=16381"}],"version-history":[{"count":0,"href":"https:\/\/www.visit-ulcinj.com\/blog\/wp-json\/wp\/v2\/posts\/16381\/revisions"}],"wp:attachment":[{"href":"https:\/\/www.visit-ulcinj.com\/blog\/wp-json\/wp\/v2\/media?parent=16381"}],"wp:term":[{"taxonomy":"category","embeddable":true,"href":"https:\/\/www.visit-ulcinj.com\/blog\/wp-json\/wp\/v2\/categories?post=16381"},{"taxonomy":"post_tag","embeddable":true,"href":"https:\/\/www.visit-ulcinj.com\/blog\/wp-json\/wp\/v2\/tags?post=16381"}],"curies":[{"name":"wp","href":"https:\/\/api.w.org\/{rel}","templated":true}]}}