{"id":16384,"date":"2009-04-01T22:43:25","date_gmt":"2009-04-01T21:43:25","guid":{"rendered":"http:\/\/www.visit-ulcinj.com\/blog\/?p=16384"},"modified":"2009-04-01T22:43:25","modified_gmt":"2009-04-01T21:43:25","slug":"bjordi-moza-po-na-fiton-lojen","status":"publish","type":"post","link":"https:\/\/www.visit-ulcinj.com\/blog\/2009\/04\/01\/bjordi-moza-po-na-fiton-lojen\/","title":{"rendered":"Bjordi : Moza po na fiton loj\u00ebn"},"content":{"rendered":"<p><em><span class=\"newsdate\"><a href=\"http:\/\/www.visit-ulcinj.com\/blog\/wp-content\/uploads\/2009\/04\/bjordi-per-mozen.jpg\"><img loading=\"lazy\" class=\"alignleft size-full wp-image-16385\" title=\"bjordi-per-mozen-big-brother-albania-2\" src=\"http:\/\/www.visit-ulcinj.com\/blog\/wp-content\/uploads\/2009\/04\/bjordi-per-mozen.jpg\" alt=\"bjordi-per-mozen-big-brother-albania-2\" width=\"300\" height=\"205\" \/><\/a>29\/03\/09 03:10<\/span><\/em><\/p>\n<p>Bjordi ka th\u00ebn\u00eb se deri tani, i kishte parashikuar t\u00eb gjitha daljet nga sht\u00ebpia, p\u00ebrve\u00e7 k\u00ebsaj t\u00eb Lirit\u00ebs. Sipas tij, kjo do t\u00eb thoshte se ai nuk po e ndiqte dot e nuk po e kuptonte m\u00eb loj\u00ebn. Ai e shihte si absurde daljen e Lirit\u00ebs, q\u00eb sipas tij ishte njeriu m\u00eb i mir\u00eb brenda sht\u00ebpis\u00eb, p\u00ebrpara Mimoz\u00ebs, q\u00eb kishte dy muaj q\u00eb nuk b\u00ebnte asgj\u00eb, e q\u00eb arrinte t\u00eb q\u00ebndronte vet\u00ebm sepse ishte e bukur. \u201cMoza po na fiton loj\u00ebn!\u201d- i ka th\u00ebn\u00eb ai Adit. \u201cJo, asnj\u00ebher\u00eb!\u201d- i \u00ebsht\u00eb p\u00ebrgjigjur ai.<\/p>\n","protected":false},"excerpt":{"rendered":"<p>29\/03\/09 03:10 Bjordi ka th\u00ebn\u00eb se deri tani, i kishte parashikuar t\u00eb gjitha daljet nga sht\u00ebpia, p\u00ebrve\u00e7 k\u00ebsaj t\u00eb Lirit\u00ebs. Sipas tij, kjo do t\u00eb thoshte se ai nuk po e ndiqte dot e nuk po e kuptonte m\u00eb loj\u00ebn. Ai e shihte si absurde daljen e Lirit\u00ebs, q\u00eb sipas tij ishte njeriu m\u00eb i [&hellip;]<\/p>\n","protected":false},"author":1,"featured_media":0,"comment_status":"open","ping_status":"closed","sticky":false,"template":"","format":"standard","meta":{"spay_email":"","jetpack_publicize_message":"","jetpack_is_tweetstorm":false,"jetpack_publicize_feature_enabled":true},"categories":[6502],"tags":[6529,1414,6883,6516,6712,6522,6542,6513,6544,6757,6891],"jetpack_publicize_connections":[],"yoast_head":"<!-- This site is optimized with the Yoast SEO plugin v19.1 - https:\/\/yoast.com\/wordpress\/plugins\/seo\/ -->\n<title>Bjordi : Moza po na fiton loj\u00c3\u00abn | Big Brother Albania 2<\/title>\n<meta name=\"description\" content=\"Big Brother Albania 2 - Bjordi ka th\u00c3\u00abn\u00c3\u00ab se deri tani, i kishte parashikuar t\u00c3\u00ab gjitha daljet nga sht\u00c3\u00abpia, p\u00c3\u00abrve\u00c3\u00a7 k\u00c3\u00absaj t\u00c3\u00ab Lirit\u00c3\u00abs. Sipas tij, kjo do t\u00c3\u00ab thoshte se ai nuk po e ndiqte dot e nuk po e kuptonte m\u00c3\u00ab loj\u00c3\u00abn.\" \/>\n<meta name=\"robots\" content=\"index, follow, max-snippet:-1, max-image-preview:large, max-video-preview:-1\" \/>\n<link rel=\"canonical\" href=\"https:\/\/www.visit-ulcinj.com\/blog\/2009\/04\/01\/bjordi-moza-po-na-fiton-lojen\/\" \/>\n<meta property=\"og:locale\" content=\"en_US\" \/>\n<meta property=\"og:type\" content=\"article\" \/>\n<meta property=\"og:title\" content=\"Bjordi : Moza po na fiton loj\u00c3\u00abn | Big Brother Albania 2\" \/>\n<meta property=\"og:description\" content=\"Big Brother Albania 2 - Bjordi ka th\u00c3\u00abn\u00c3\u00ab se deri tani, i kishte parashikuar t\u00c3\u00ab gjitha daljet nga sht\u00c3\u00abpia, p\u00c3\u00abrve\u00c3\u00a7 k\u00c3\u00absaj t\u00c3\u00ab Lirit\u00c3\u00abs. Sipas tij, kjo do t\u00c3\u00ab thoshte se ai nuk po e ndiqte dot e nuk po e kuptonte m\u00c3\u00ab loj\u00c3\u00abn.\" \/>\n<meta property=\"og:url\" content=\"https:\/\/www.visit-ulcinj.com\/blog\/2009\/04\/01\/bjordi-moza-po-na-fiton-lojen\/\" \/>\n<meta property=\"og:site_name\" content=\"Lajme nga Ulqini\" \/>\n<meta property=\"article:published_time\" content=\"2009-04-01T21:43:25+00:00\" \/>\n<meta property=\"og:image\" content=\"http:\/\/www.visit-ulcinj.com\/blog\/wp-content\/uploads\/2009\/04\/bjordi-per-mozen.jpg\" \/>\n<meta name=\"twitter:label1\" content=\"Written by\" \/>\n\t<meta name=\"twitter:data1\" content=\"ulqini\" \/>\n\t<meta name=\"twitter:label2\" content=\"Est. reading time\" \/>\n\t<meta name=\"twitter:data2\" content=\"1 minute\" \/>\n<script type=\"application\/ld+json\" class=\"yoast-schema-graph\">{\"@context\":\"https:\/\/schema.org\",\"@graph\":[{\"@type\":\"WebSite\",\"@id\":\"https:\/\/www.visit-ulcinj.com\/blog\/#website\",\"url\":\"https:\/\/www.visit-ulcinj.com\/blog\/\",\"name\":\"Lajme nga Ulqini\",\"description\":\"Lajme,Vijesti,Ulqini,Ulqin,Crna Gora,Mali i Zi\",\"potentialAction\":[{\"@type\":\"SearchAction\",\"target\":{\"@type\":\"EntryPoint\",\"urlTemplate\":\"https:\/\/www.visit-ulcinj.com\/blog\/?s={search_term_string}\"},\"query-input\":\"required name=search_term_string\"}],\"inLanguage\":\"en-US\"},{\"@type\":\"ImageObject\",\"inLanguage\":\"en-US\",\"@id\":\"https:\/\/www.visit-ulcinj.com\/blog\/2009\/04\/01\/bjordi-moza-po-na-fiton-lojen\/#primaryimage\",\"url\":\"http:\/\/www.visit-ulcinj.com\/blog\/wp-content\/uploads\/2009\/04\/bjordi-per-mozen.jpg\",\"contentUrl\":\"http:\/\/www.visit-ulcinj.com\/blog\/wp-content\/uploads\/2009\/04\/bjordi-per-mozen.jpg\"},{\"@type\":\"WebPage\",\"@id\":\"https:\/\/www.visit-ulcinj.com\/blog\/2009\/04\/01\/bjordi-moza-po-na-fiton-lojen\/#webpage\",\"url\":\"https:\/\/www.visit-ulcinj.com\/blog\/2009\/04\/01\/bjordi-moza-po-na-fiton-lojen\/\",\"name\":\"Bjordi : Moza po na fiton loj\u00c3\u00abn | Big Brother Albania 2\",\"isPartOf\":{\"@id\":\"https:\/\/www.visit-ulcinj.com\/blog\/#website\"},\"primaryImageOfPage\":{\"@id\":\"https:\/\/www.visit-ulcinj.com\/blog\/2009\/04\/01\/bjordi-moza-po-na-fiton-lojen\/#primaryimage\"},\"datePublished\":\"2009-04-01T21:43:25+00:00\",\"dateModified\":\"2009-04-01T21:43:25+00:00\",\"author\":{\"@id\":\"https:\/\/www.visit-ulcinj.com\/blog\/#\/schema\/person\/dcab619c614d3038751c63bc2aadc06d\"},\"description\":\"Big Brother Albania 2 - Bjordi ka th\u00c3\u00abn\u00c3\u00ab se deri tani, i kishte parashikuar t\u00c3\u00ab gjitha daljet nga sht\u00c3\u00abpia, p\u00c3\u00abrve\u00c3\u00a7 k\u00c3\u00absaj t\u00c3\u00ab Lirit\u00c3\u00abs. Sipas tij, kjo do t\u00c3\u00ab thoshte se ai nuk po e ndiqte dot e nuk po e kuptonte m\u00c3\u00ab loj\u00c3\u00abn.\",\"breadcrumb\":{\"@id\":\"https:\/\/www.visit-ulcinj.com\/blog\/2009\/04\/01\/bjordi-moza-po-na-fiton-lojen\/#breadcrumb\"},\"inLanguage\":\"en-US\",\"potentialAction\":[{\"@type\":\"ReadAction\",\"target\":[\"https:\/\/www.visit-ulcinj.com\/blog\/2009\/04\/01\/bjordi-moza-po-na-fiton-lojen\/\"]}]},{\"@type\":\"BreadcrumbList\",\"@id\":\"https:\/\/www.visit-ulcinj.com\/blog\/2009\/04\/01\/bjordi-moza-po-na-fiton-lojen\/#breadcrumb\",\"itemListElement\":[{\"@type\":\"ListItem\",\"position\":1,\"name\":\"Bjordi : Moza po na fiton loj\u00ebn\"}]},{\"@type\":\"Person\",\"@id\":\"https:\/\/www.visit-ulcinj.com\/blog\/#\/schema\/person\/dcab619c614d3038751c63bc2aadc06d\",\"name\":\"ulqini\",\"sameAs\":[\"http:\/\/www.visit-ulcinj.com\"],\"url\":\"https:\/\/www.visit-ulcinj.com\/blog\/author\/admin\/\"}]}<\/script>\n<!-- \/ Yoast SEO plugin. -->","yoast_head_json":{"title":"Bjordi : Moza po na fiton loj\u00c3\u00abn | Big Brother Albania 2","description":"Big Brother Albania 2 - Bjordi ka th\u00c3\u00abn\u00c3\u00ab se deri tani, i kishte parashikuar t\u00c3\u00ab gjitha daljet nga sht\u00c3\u00abpia, p\u00c3\u00abrve\u00c3\u00a7 k\u00c3\u00absaj t\u00c3\u00ab Lirit\u00c3\u00abs. Sipas tij, kjo do t\u00c3\u00ab thoshte se ai nuk po e ndiqte dot e nuk po e kuptonte m\u00c3\u00ab loj\u00c3\u00abn.","robots":{"index":"index","follow":"follow","max-snippet":"max-snippet:-1","max-image-preview":"max-image-preview:large","max-video-preview":"max-video-preview:-1"},"canonical":"https:\/\/www.visit-ulcinj.com\/blog\/2009\/04\/01\/bjordi-moza-po-na-fiton-lojen\/","og_locale":"en_US","og_type":"article","og_title":"Bjordi : Moza po na fiton loj\u00c3\u00abn | Big Brother Albania 2","og_description":"Big Brother Albania 2 - Bjordi ka th\u00c3\u00abn\u00c3\u00ab se deri tani, i kishte parashikuar t\u00c3\u00ab gjitha daljet nga sht\u00c3\u00abpia, p\u00c3\u00abrve\u00c3\u00a7 k\u00c3\u00absaj t\u00c3\u00ab Lirit\u00c3\u00abs. Sipas tij, kjo do t\u00c3\u00ab thoshte se ai nuk po e ndiqte dot e nuk po e kuptonte m\u00c3\u00ab loj\u00c3\u00abn.","og_url":"https:\/\/www.visit-ulcinj.com\/blog\/2009\/04\/01\/bjordi-moza-po-na-fiton-lojen\/","og_site_name":"Lajme nga Ulqini","article_published_time":"2009-04-01T21:43:25+00:00","og_image":[{"url":"http:\/\/www.visit-ulcinj.com\/blog\/wp-content\/uploads\/2009\/04\/bjordi-per-mozen.jpg"}],"twitter_misc":{"Written by":"ulqini","Est. reading time":"1 minute"},"schema":{"@context":"https:\/\/schema.org","@graph":[{"@type":"WebSite","@id":"https:\/\/www.visit-ulcinj.com\/blog\/#website","url":"https:\/\/www.visit-ulcinj.com\/blog\/","name":"Lajme nga Ulqini","description":"Lajme,Vijesti,Ulqini,Ulqin,Crna Gora,Mali i Zi","potentialAction":[{"@type":"SearchAction","target":{"@type":"EntryPoint","urlTemplate":"https:\/\/www.visit-ulcinj.com\/blog\/?s={search_term_string}"},"query-input":"required name=search_term_string"}],"inLanguage":"en-US"},{"@type":"ImageObject","inLanguage":"en-US","@id":"https:\/\/www.visit-ulcinj.com\/blog\/2009\/04\/01\/bjordi-moza-po-na-fiton-lojen\/#primaryimage","url":"http:\/\/www.visit-ulcinj.com\/blog\/wp-content\/uploads\/2009\/04\/bjordi-per-mozen.jpg","contentUrl":"http:\/\/www.visit-ulcinj.com\/blog\/wp-content\/uploads\/2009\/04\/bjordi-per-mozen.jpg"},{"@type":"WebPage","@id":"https:\/\/www.visit-ulcinj.com\/blog\/2009\/04\/01\/bjordi-moza-po-na-fiton-lojen\/#webpage","url":"https:\/\/www.visit-ulcinj.com\/blog\/2009\/04\/01\/bjordi-moza-po-na-fiton-lojen\/","name":"Bjordi : Moza po na fiton loj\u00c3\u00abn | Big Brother Albania 2","isPartOf":{"@id":"https:\/\/www.visit-ulcinj.com\/blog\/#website"},"primaryImageOfPage":{"@id":"https:\/\/www.visit-ulcinj.com\/blog\/2009\/04\/01\/bjordi-moza-po-na-fiton-lojen\/#primaryimage"},"datePublished":"2009-04-01T21:43:25+00:00","dateModified":"2009-04-01T21:43:25+00:00","author":{"@id":"https:\/\/www.visit-ulcinj.com\/blog\/#\/schema\/person\/dcab619c614d3038751c63bc2aadc06d"},"description":"Big Brother Albania 2 - Bjordi ka th\u00c3\u00abn\u00c3\u00ab se deri tani, i kishte parashikuar t\u00c3\u00ab gjitha daljet nga sht\u00c3\u00abpia, p\u00c3\u00abrve\u00c3\u00a7 k\u00c3\u00absaj t\u00c3\u00ab Lirit\u00c3\u00abs. Sipas tij, kjo do t\u00c3\u00ab thoshte se ai nuk po e ndiqte dot e nuk po e kuptonte m\u00c3\u00ab loj\u00c3\u00abn.","breadcrumb":{"@id":"https:\/\/www.visit-ulcinj.com\/blog\/2009\/04\/01\/bjordi-moza-po-na-fiton-lojen\/#breadcrumb"},"inLanguage":"en-US","potentialAction":[{"@type":"ReadAction","target":["https:\/\/www.visit-ulcinj.com\/blog\/2009\/04\/01\/bjordi-moza-po-na-fiton-lojen\/"]}]},{"@type":"BreadcrumbList","@id":"https:\/\/www.visit-ulcinj.com\/blog\/2009\/04\/01\/bjordi-moza-po-na-fiton-lojen\/#breadcrumb","itemListElement":[{"@type":"ListItem","position":1,"name":"Bjordi : Moza po na fiton loj\u00ebn"}]},{"@type":"Person","@id":"https:\/\/www.visit-ulcinj.com\/blog\/#\/schema\/person\/dcab619c614d3038751c63bc2aadc06d","name":"ulqini","sameAs":["http:\/\/www.visit-ulcinj.com"],"url":"https:\/\/www.visit-ulcinj.com\/blog\/author\/admin\/"}]}},"jetpack_featured_media_url":"","jetpack_sharing_enabled":true,"jetpack_shortlink":"https:\/\/wp.me\/pe6lTn-4gg","_links":{"self":[{"href":"https:\/\/www.visit-ulcinj.com\/blog\/wp-json\/wp\/v2\/posts\/16384"}],"collection":[{"href":"https:\/\/www.visit-ulcinj.com\/blog\/wp-json\/wp\/v2\/posts"}],"about":[{"href":"https:\/\/www.visit-ulcinj.com\/blog\/wp-json\/wp\/v2\/types\/post"}],"author":[{"embeddable":true,"href":"https:\/\/www.visit-ulcinj.com\/blog\/wp-json\/wp\/v2\/users\/1"}],"replies":[{"embeddable":true,"href":"https:\/\/www.visit-ulcinj.com\/blog\/wp-json\/wp\/v2\/comments?post=16384"}],"version-history":[{"count":0,"href":"https:\/\/www.visit-ulcinj.com\/blog\/wp-json\/wp\/v2\/posts\/16384\/revisions"}],"wp:attachment":[{"href":"https:\/\/www.visit-ulcinj.com\/blog\/wp-json\/wp\/v2\/media?parent=16384"}],"wp:term":[{"taxonomy":"category","embeddable":true,"href":"https:\/\/www.visit-ulcinj.com\/blog\/wp-json\/wp\/v2\/categories?post=16384"},{"taxonomy":"post_tag","embeddable":true,"href":"https:\/\/www.visit-ulcinj.com\/blog\/wp-json\/wp\/v2\/tags?post=16384"}],"curies":[{"name":"wp","href":"https:\/\/api.w.org\/{rel}","templated":true}]}}