{"id":16401,"date":"2009-04-01T22:55:40","date_gmt":"2009-04-01T21:55:40","guid":{"rendered":"http:\/\/www.visit-ulcinj.com\/blog\/?p=16401"},"modified":"2009-04-01T22:55:40","modified_gmt":"2009-04-01T21:55:40","slug":"adelajda-sori-po-luan-piset","status":"publish","type":"post","link":"https:\/\/www.visit-ulcinj.com\/blog\/2009\/04\/01\/adelajda-sori-po-luan-piset\/","title":{"rendered":"Adelajda : Sori po luan pis\u00ebt"},"content":{"rendered":"<p><em><span class=\"newsdate\"><a href=\"http:\/\/www.visit-ulcinj.com\/blog\/wp-content\/uploads\/2009\/04\/adelabjordi-per-sorin.jpg\"><img loading=\"lazy\" class=\"alignleft size-full wp-image-16402\" title=\"adelabjordi-per-sorin-big-brother-albania-2\" src=\"http:\/\/www.visit-ulcinj.com\/blog\/wp-content\/uploads\/2009\/04\/adelabjordi-per-sorin.jpg\" alt=\"adelabjordi-per-sorin-big-brother-albania-2\" width=\"300\" height=\"205\" \/><\/a>29\/03\/09 22:05<\/span><\/em><\/p>\n<p>Bjordi pyet Adel\u00ebn p\u00ebr nominimet q\u00eb ka b\u00ebr\u00eb ajo, Sori dhe Adi dhe i tregon se cil\u00ebt kishte nominuar dhe ai. Adela i tregon k\u00ebto dhe komenton sjelljen e Sorit n\u00eb lidhje me nominimin e tij q\u00eb ishin ajo dhe Aida. Ajo thot\u00eb se Sori po luan nj\u00eb loj\u00eb t\u00eb pist\u00eb pasi ca dit\u00eb m\u00eb par\u00eb, ai i mbushte mendjen asaj q\u00eb t\u00eb nominonin ata q\u00eb nuk kan\u00eb q\u00ebn\u00eb asnj\u00ebher\u00eb dhe ai b\u00ebri ndryshe, duke nominuar ato q\u00eb kan\u00eb q\u00ebn\u00eb disa her\u00eb. Adela tregon se ia ktheu Sorit at\u00ebher\u00eb se ajo nuk ka nd\u00ebrmend t\u00eb nominoj\u00eb ata pasi i ka miq, nd\u00ebrsa ai mund ta b\u00ebj\u00eb sepse ashtu e sheh t\u00eb arsyeshme. Sipas saj, ai b\u00ebn dallavere sepse ai k\u00ebto nominime i ka patur nd\u00ebrmend gjithmon\u00eb pasi dikur i kishte th\u00ebn\u00eb se n\u00ebse lojtari ndryshon loj\u00ebn, e ka t\u00eb humbur. Bjordi thot\u00eb se Sorit i vjen inat se pse t\u00eb tjer\u00ebt nuk b\u00ebjn\u00eb loj\u00eb nj\u00ebsoj si ai. \u201cT\u00eb tjer\u00ebt k\u00ebshtu jan\u00eb, s\u2019i detyron dot\u201d thot\u00eb Bjordit.<\/p>\n","protected":false},"excerpt":{"rendered":"<p>29\/03\/09 22:05 Bjordi pyet Adel\u00ebn p\u00ebr nominimet q\u00eb ka b\u00ebr\u00eb ajo, Sori dhe Adi dhe i tregon se cil\u00ebt kishte nominuar dhe ai. Adela i tregon k\u00ebto dhe komenton sjelljen e Sorit n\u00eb lidhje me nominimin e tij q\u00eb ishin ajo dhe Aida. Ajo thot\u00eb se Sori po luan nj\u00eb loj\u00eb t\u00eb pist\u00eb pasi ca [&hellip;]<\/p>\n","protected":false},"author":1,"featured_media":0,"comment_status":"open","ping_status":"closed","sticky":false,"template":"","format":"standard","meta":{"spay_email":"","jetpack_publicize_message":"","jetpack_is_tweetstorm":false,"jetpack_publicize_feature_enabled":true},"categories":[6502],"tags":[6529,6883,6516,6712,6522,6544,6900,6891],"jetpack_publicize_connections":[],"yoast_head":"<!-- This site is optimized with the Yoast SEO plugin v19.1 - https:\/\/yoast.com\/wordpress\/plugins\/seo\/ -->\n<title>Adelajda : Sori po luan pis\u00c3\u00abt | Big Brother Albania 2<\/title>\n<meta name=\"description\" content=\"Big Brother Albania 2 - Bjordi pyet Adel\u00c3\u00abn p\u00c3\u00abr nominimet q\u00c3\u00ab ka b\u00c3\u00abr\u00c3\u00ab ajo, Sori dhe Adi dhe i tregon se cil\u00c3\u00abt kishte nominuar dhe ai. Adela i tregon k\u00c3\u00abto dhe komenton sjelljen e Sorit n\u00c3\u00ab lidhje me nominimin e tij q\u00c3\u00ab ishin ajo dhe Aida.\" \/>\n<meta name=\"robots\" content=\"index, follow, max-snippet:-1, max-image-preview:large, max-video-preview:-1\" \/>\n<link rel=\"canonical\" href=\"https:\/\/www.visit-ulcinj.com\/blog\/2009\/04\/01\/adelajda-sori-po-luan-piset\/\" \/>\n<meta property=\"og:locale\" content=\"en_US\" \/>\n<meta property=\"og:type\" content=\"article\" \/>\n<meta property=\"og:title\" content=\"Adelajda : Sori po luan pis\u00c3\u00abt | Big Brother Albania 2\" \/>\n<meta property=\"og:description\" content=\"Big Brother Albania 2 - Bjordi pyet Adel\u00c3\u00abn p\u00c3\u00abr nominimet q\u00c3\u00ab ka b\u00c3\u00abr\u00c3\u00ab ajo, Sori dhe Adi dhe i tregon se cil\u00c3\u00abt kishte nominuar dhe ai. Adela i tregon k\u00c3\u00abto dhe komenton sjelljen e Sorit n\u00c3\u00ab lidhje me nominimin e tij q\u00c3\u00ab ishin ajo dhe Aida.\" \/>\n<meta property=\"og:url\" content=\"https:\/\/www.visit-ulcinj.com\/blog\/2009\/04\/01\/adelajda-sori-po-luan-piset\/\" \/>\n<meta property=\"og:site_name\" content=\"Lajme nga Ulqini\" \/>\n<meta property=\"article:published_time\" content=\"2009-04-01T21:55:40+00:00\" \/>\n<meta property=\"og:image\" content=\"http:\/\/www.visit-ulcinj.com\/blog\/wp-content\/uploads\/2009\/04\/adelabjordi-per-sorin.jpg\" \/>\n<meta name=\"twitter:label1\" content=\"Written by\" \/>\n\t<meta name=\"twitter:data1\" content=\"ulqini\" \/>\n\t<meta name=\"twitter:label2\" content=\"Est. reading time\" \/>\n\t<meta name=\"twitter:data2\" content=\"1 minute\" \/>\n<script type=\"application\/ld+json\" class=\"yoast-schema-graph\">{\"@context\":\"https:\/\/schema.org\",\"@graph\":[{\"@type\":\"WebSite\",\"@id\":\"https:\/\/www.visit-ulcinj.com\/blog\/#website\",\"url\":\"https:\/\/www.visit-ulcinj.com\/blog\/\",\"name\":\"Lajme nga Ulqini\",\"description\":\"Lajme,Vijesti,Ulqini,Ulqin,Crna Gora,Mali i Zi\",\"potentialAction\":[{\"@type\":\"SearchAction\",\"target\":{\"@type\":\"EntryPoint\",\"urlTemplate\":\"https:\/\/www.visit-ulcinj.com\/blog\/?s={search_term_string}\"},\"query-input\":\"required name=search_term_string\"}],\"inLanguage\":\"en-US\"},{\"@type\":\"ImageObject\",\"inLanguage\":\"en-US\",\"@id\":\"https:\/\/www.visit-ulcinj.com\/blog\/2009\/04\/01\/adelajda-sori-po-luan-piset\/#primaryimage\",\"url\":\"http:\/\/www.visit-ulcinj.com\/blog\/wp-content\/uploads\/2009\/04\/adelabjordi-per-sorin.jpg\",\"contentUrl\":\"http:\/\/www.visit-ulcinj.com\/blog\/wp-content\/uploads\/2009\/04\/adelabjordi-per-sorin.jpg\"},{\"@type\":\"WebPage\",\"@id\":\"https:\/\/www.visit-ulcinj.com\/blog\/2009\/04\/01\/adelajda-sori-po-luan-piset\/#webpage\",\"url\":\"https:\/\/www.visit-ulcinj.com\/blog\/2009\/04\/01\/adelajda-sori-po-luan-piset\/\",\"name\":\"Adelajda : Sori po luan pis\u00c3\u00abt | Big Brother Albania 2\",\"isPartOf\":{\"@id\":\"https:\/\/www.visit-ulcinj.com\/blog\/#website\"},\"primaryImageOfPage\":{\"@id\":\"https:\/\/www.visit-ulcinj.com\/blog\/2009\/04\/01\/adelajda-sori-po-luan-piset\/#primaryimage\"},\"datePublished\":\"2009-04-01T21:55:40+00:00\",\"dateModified\":\"2009-04-01T21:55:40+00:00\",\"author\":{\"@id\":\"https:\/\/www.visit-ulcinj.com\/blog\/#\/schema\/person\/dcab619c614d3038751c63bc2aadc06d\"},\"description\":\"Big Brother Albania 2 - Bjordi pyet Adel\u00c3\u00abn p\u00c3\u00abr nominimet q\u00c3\u00ab ka b\u00c3\u00abr\u00c3\u00ab ajo, Sori dhe Adi dhe i tregon se cil\u00c3\u00abt kishte nominuar dhe ai. Adela i tregon k\u00c3\u00abto dhe komenton sjelljen e Sorit n\u00c3\u00ab lidhje me nominimin e tij q\u00c3\u00ab ishin ajo dhe Aida.\",\"breadcrumb\":{\"@id\":\"https:\/\/www.visit-ulcinj.com\/blog\/2009\/04\/01\/adelajda-sori-po-luan-piset\/#breadcrumb\"},\"inLanguage\":\"en-US\",\"potentialAction\":[{\"@type\":\"ReadAction\",\"target\":[\"https:\/\/www.visit-ulcinj.com\/blog\/2009\/04\/01\/adelajda-sori-po-luan-piset\/\"]}]},{\"@type\":\"BreadcrumbList\",\"@id\":\"https:\/\/www.visit-ulcinj.com\/blog\/2009\/04\/01\/adelajda-sori-po-luan-piset\/#breadcrumb\",\"itemListElement\":[{\"@type\":\"ListItem\",\"position\":1,\"name\":\"Adelajda : Sori po luan pis\u00ebt\"}]},{\"@type\":\"Person\",\"@id\":\"https:\/\/www.visit-ulcinj.com\/blog\/#\/schema\/person\/dcab619c614d3038751c63bc2aadc06d\",\"name\":\"ulqini\",\"sameAs\":[\"http:\/\/www.visit-ulcinj.com\"],\"url\":\"https:\/\/www.visit-ulcinj.com\/blog\/author\/admin\/\"}]}<\/script>\n<!-- \/ Yoast SEO plugin. -->","yoast_head_json":{"title":"Adelajda : Sori po luan pis\u00c3\u00abt | Big Brother Albania 2","description":"Big Brother Albania 2 - Bjordi pyet Adel\u00c3\u00abn p\u00c3\u00abr nominimet q\u00c3\u00ab ka b\u00c3\u00abr\u00c3\u00ab ajo, Sori dhe Adi dhe i tregon se cil\u00c3\u00abt kishte nominuar dhe ai. Adela i tregon k\u00c3\u00abto dhe komenton sjelljen e Sorit n\u00c3\u00ab lidhje me nominimin e tij q\u00c3\u00ab ishin ajo dhe Aida.","robots":{"index":"index","follow":"follow","max-snippet":"max-snippet:-1","max-image-preview":"max-image-preview:large","max-video-preview":"max-video-preview:-1"},"canonical":"https:\/\/www.visit-ulcinj.com\/blog\/2009\/04\/01\/adelajda-sori-po-luan-piset\/","og_locale":"en_US","og_type":"article","og_title":"Adelajda : Sori po luan pis\u00c3\u00abt | Big Brother Albania 2","og_description":"Big Brother Albania 2 - Bjordi pyet Adel\u00c3\u00abn p\u00c3\u00abr nominimet q\u00c3\u00ab ka b\u00c3\u00abr\u00c3\u00ab ajo, Sori dhe Adi dhe i tregon se cil\u00c3\u00abt kishte nominuar dhe ai. Adela i tregon k\u00c3\u00abto dhe komenton sjelljen e Sorit n\u00c3\u00ab lidhje me nominimin e tij q\u00c3\u00ab ishin ajo dhe Aida.","og_url":"https:\/\/www.visit-ulcinj.com\/blog\/2009\/04\/01\/adelajda-sori-po-luan-piset\/","og_site_name":"Lajme nga Ulqini","article_published_time":"2009-04-01T21:55:40+00:00","og_image":[{"url":"http:\/\/www.visit-ulcinj.com\/blog\/wp-content\/uploads\/2009\/04\/adelabjordi-per-sorin.jpg"}],"twitter_misc":{"Written by":"ulqini","Est. reading time":"1 minute"},"schema":{"@context":"https:\/\/schema.org","@graph":[{"@type":"WebSite","@id":"https:\/\/www.visit-ulcinj.com\/blog\/#website","url":"https:\/\/www.visit-ulcinj.com\/blog\/","name":"Lajme nga Ulqini","description":"Lajme,Vijesti,Ulqini,Ulqin,Crna Gora,Mali i Zi","potentialAction":[{"@type":"SearchAction","target":{"@type":"EntryPoint","urlTemplate":"https:\/\/www.visit-ulcinj.com\/blog\/?s={search_term_string}"},"query-input":"required name=search_term_string"}],"inLanguage":"en-US"},{"@type":"ImageObject","inLanguage":"en-US","@id":"https:\/\/www.visit-ulcinj.com\/blog\/2009\/04\/01\/adelajda-sori-po-luan-piset\/#primaryimage","url":"http:\/\/www.visit-ulcinj.com\/blog\/wp-content\/uploads\/2009\/04\/adelabjordi-per-sorin.jpg","contentUrl":"http:\/\/www.visit-ulcinj.com\/blog\/wp-content\/uploads\/2009\/04\/adelabjordi-per-sorin.jpg"},{"@type":"WebPage","@id":"https:\/\/www.visit-ulcinj.com\/blog\/2009\/04\/01\/adelajda-sori-po-luan-piset\/#webpage","url":"https:\/\/www.visit-ulcinj.com\/blog\/2009\/04\/01\/adelajda-sori-po-luan-piset\/","name":"Adelajda : Sori po luan pis\u00c3\u00abt | Big Brother Albania 2","isPartOf":{"@id":"https:\/\/www.visit-ulcinj.com\/blog\/#website"},"primaryImageOfPage":{"@id":"https:\/\/www.visit-ulcinj.com\/blog\/2009\/04\/01\/adelajda-sori-po-luan-piset\/#primaryimage"},"datePublished":"2009-04-01T21:55:40+00:00","dateModified":"2009-04-01T21:55:40+00:00","author":{"@id":"https:\/\/www.visit-ulcinj.com\/blog\/#\/schema\/person\/dcab619c614d3038751c63bc2aadc06d"},"description":"Big Brother Albania 2 - Bjordi pyet Adel\u00c3\u00abn p\u00c3\u00abr nominimet q\u00c3\u00ab ka b\u00c3\u00abr\u00c3\u00ab ajo, Sori dhe Adi dhe i tregon se cil\u00c3\u00abt kishte nominuar dhe ai. Adela i tregon k\u00c3\u00abto dhe komenton sjelljen e Sorit n\u00c3\u00ab lidhje me nominimin e tij q\u00c3\u00ab ishin ajo dhe Aida.","breadcrumb":{"@id":"https:\/\/www.visit-ulcinj.com\/blog\/2009\/04\/01\/adelajda-sori-po-luan-piset\/#breadcrumb"},"inLanguage":"en-US","potentialAction":[{"@type":"ReadAction","target":["https:\/\/www.visit-ulcinj.com\/blog\/2009\/04\/01\/adelajda-sori-po-luan-piset\/"]}]},{"@type":"BreadcrumbList","@id":"https:\/\/www.visit-ulcinj.com\/blog\/2009\/04\/01\/adelajda-sori-po-luan-piset\/#breadcrumb","itemListElement":[{"@type":"ListItem","position":1,"name":"Adelajda : Sori po luan pis\u00ebt"}]},{"@type":"Person","@id":"https:\/\/www.visit-ulcinj.com\/blog\/#\/schema\/person\/dcab619c614d3038751c63bc2aadc06d","name":"ulqini","sameAs":["http:\/\/www.visit-ulcinj.com"],"url":"https:\/\/www.visit-ulcinj.com\/blog\/author\/admin\/"}]}},"jetpack_featured_media_url":"","jetpack_sharing_enabled":true,"jetpack_shortlink":"https:\/\/wp.me\/pe6lTn-4gx","_links":{"self":[{"href":"https:\/\/www.visit-ulcinj.com\/blog\/wp-json\/wp\/v2\/posts\/16401"}],"collection":[{"href":"https:\/\/www.visit-ulcinj.com\/blog\/wp-json\/wp\/v2\/posts"}],"about":[{"href":"https:\/\/www.visit-ulcinj.com\/blog\/wp-json\/wp\/v2\/types\/post"}],"author":[{"embeddable":true,"href":"https:\/\/www.visit-ulcinj.com\/blog\/wp-json\/wp\/v2\/users\/1"}],"replies":[{"embeddable":true,"href":"https:\/\/www.visit-ulcinj.com\/blog\/wp-json\/wp\/v2\/comments?post=16401"}],"version-history":[{"count":0,"href":"https:\/\/www.visit-ulcinj.com\/blog\/wp-json\/wp\/v2\/posts\/16401\/revisions"}],"wp:attachment":[{"href":"https:\/\/www.visit-ulcinj.com\/blog\/wp-json\/wp\/v2\/media?parent=16401"}],"wp:term":[{"taxonomy":"category","embeddable":true,"href":"https:\/\/www.visit-ulcinj.com\/blog\/wp-json\/wp\/v2\/categories?post=16401"},{"taxonomy":"post_tag","embeddable":true,"href":"https:\/\/www.visit-ulcinj.com\/blog\/wp-json\/wp\/v2\/tags?post=16401"}],"curies":[{"name":"wp","href":"https:\/\/api.w.org\/{rel}","templated":true}]}}