{"id":16404,"date":"2009-04-01T22:57:58","date_gmt":"2009-04-01T21:57:58","guid":{"rendered":"http:\/\/www.visit-ulcinj.com\/blog\/?p=16404"},"modified":"2009-04-01T22:57:58","modified_gmt":"2009-04-01T21:57:58","slug":"anjeza-dhe-adelajda-mua-me-imitojne","status":"publish","type":"post","link":"https:\/\/www.visit-ulcinj.com\/blog\/2009\/04\/01\/anjeza-dhe-adelajda-mua-me-imitojne\/","title":{"rendered":"Anjeza dhe Adelajda : Mua m\u00eb imitojn\u00eb"},"content":{"rendered":"<p><em><span class=\"newsdate\"><a href=\"http:\/\/www.visit-ulcinj.com\/blog\/wp-content\/uploads\/2009\/04\/adelajda-copy.jpg\"><img loading=\"lazy\" class=\"alignleft size-full wp-image-16405\" title=\"adelajda-big-brother-albania-2\" src=\"http:\/\/www.visit-ulcinj.com\/blog\/wp-content\/uploads\/2009\/04\/adelajda-copy.jpg\" alt=\"adelajda-big-brother-albania-2\" width=\"300\" height=\"205\" \/><\/a>30\/03\/09 00:00<\/span><\/em><\/p>\n<p>Duke biseduar jasht\u00eb n\u00eb oborr, Anjeza i ka th\u00ebn\u00eb Adelajdes t\u00eb sillet pak m\u00eb \u00ebmb\u00ebl me Bjordin. \u201cMe personin q\u00eb do!\u201d- ka plot\u00ebsuar Arjoni. Adelajda i ka th\u00ebn\u00eb se e kishte gabim at\u00eb q\u00eb tha dhe Arjoni ka vazhduar duke th\u00ebn\u00eb se nuk mund ta pranonte q\u00eb ajo t\u2019i thoshte se nuk e donte Bjordin. Adelajda ka shtuar se k\u00ebshtu jan\u00eb sjell\u00eb gjithmon\u00eb me nj\u00ebri-tjetrin dhe se madje, kishte disa persona q\u00eb ishin munduar ta imitonin sjelljen e saj, q\u00eb ishin munduar t\u00eb vepronin me Bjordin, ashtu si\u00e7 b\u00ebnte ajo. Mimoza, Arjoni dhe Anjeza i kan\u00eb k\u00ebrkuar t\u2019u tregoj\u00eb se kush ishin k\u00ebta persona, por Adelajda nuk u ka dh\u00ebn\u00eb asnj\u00eb p\u00ebrgjigje.<\/p>\n","protected":false},"excerpt":{"rendered":"<p>30\/03\/09 00:00 Duke biseduar jasht\u00eb n\u00eb oborr, Anjeza i ka th\u00ebn\u00eb Adelajdes t\u00eb sillet pak m\u00eb \u00ebmb\u00ebl me Bjordin. \u201cMe personin q\u00eb do!\u201d- ka plot\u00ebsuar Arjoni. Adelajda i ka th\u00ebn\u00eb se e kishte gabim at\u00eb q\u00eb tha dhe Arjoni ka vazhduar duke th\u00ebn\u00eb se nuk mund ta pranonte q\u00eb ajo t\u2019i thoshte se nuk e [&hellip;]<\/p>\n","protected":false},"author":1,"featured_media":0,"comment_status":"open","ping_status":"closed","sticky":false,"template":"","format":"standard","meta":{"spay_email":"","jetpack_publicize_message":"","jetpack_is_tweetstorm":false,"jetpack_publicize_feature_enabled":true},"categories":[6502],"tags":[6529,8289,6883,6516,6712,6522,6544,6891],"jetpack_publicize_connections":[],"yoast_head":"<!-- This site is optimized with the Yoast SEO plugin v19.1 - https:\/\/yoast.com\/wordpress\/plugins\/seo\/ -->\n<title>Anjeza dhe Adelajda : Mua m\u00c3\u00ab imitojn\u00c3\u00ab | Big Brother Albania 2<\/title>\n<meta name=\"description\" content=\"Big Broteher Albania 2 - Duke biseduar jasht\u00c3\u00ab n\u00c3\u00ab oborr, Anjeza i ka th\u00c3\u00abn\u00c3\u00ab Adelajdes t\u00c3\u00ab sillet pak m\u00c3\u00ab \u00c3\u00abmb\u00c3\u00abl me Bjordin. \u00e2\u20ac\u0153Me personin q\u00c3\u00ab do!\u00e2\u20ac\u009d- ka plot\u00c3\u00absuar Arjoni. Adelajda i ka th\u00c3\u00abn\u00c3\u00ab se e kishte gabim at\u00c3\u00ab q\u00c3\u00ab tha dhe Arjoni ka vazhduar duke th\u00c3\u00abn\u00c3\u00ab se nuk mund ta pranonte q\u00c3\u00ab ajo t\u00e2\u20ac\u2122i thoshte se nuk e donte Bjordin.\" \/>\n<meta name=\"robots\" content=\"index, follow, max-snippet:-1, max-image-preview:large, max-video-preview:-1\" \/>\n<link rel=\"canonical\" href=\"https:\/\/www.visit-ulcinj.com\/blog\/2009\/04\/01\/anjeza-dhe-adelajda-mua-me-imitojne\/\" \/>\n<meta property=\"og:locale\" content=\"en_US\" \/>\n<meta property=\"og:type\" content=\"article\" \/>\n<meta property=\"og:title\" content=\"Anjeza dhe Adelajda : Mua m\u00c3\u00ab imitojn\u00c3\u00ab | Big Brother Albania 2\" \/>\n<meta property=\"og:description\" content=\"Big Broteher Albania 2 - Duke biseduar jasht\u00c3\u00ab n\u00c3\u00ab oborr, Anjeza i ka th\u00c3\u00abn\u00c3\u00ab Adelajdes t\u00c3\u00ab sillet pak m\u00c3\u00ab \u00c3\u00abmb\u00c3\u00abl me Bjordin. \u00e2\u20ac\u0153Me personin q\u00c3\u00ab do!\u00e2\u20ac\u009d- ka plot\u00c3\u00absuar Arjoni. Adelajda i ka th\u00c3\u00abn\u00c3\u00ab se e kishte gabim at\u00c3\u00ab q\u00c3\u00ab tha dhe Arjoni ka vazhduar duke th\u00c3\u00abn\u00c3\u00ab se nuk mund ta pranonte q\u00c3\u00ab ajo t\u00e2\u20ac\u2122i thoshte se nuk e donte Bjordin.\" \/>\n<meta property=\"og:url\" content=\"https:\/\/www.visit-ulcinj.com\/blog\/2009\/04\/01\/anjeza-dhe-adelajda-mua-me-imitojne\/\" \/>\n<meta property=\"og:site_name\" content=\"Lajme nga Ulqini\" \/>\n<meta property=\"article:published_time\" content=\"2009-04-01T21:57:58+00:00\" \/>\n<meta property=\"og:image\" content=\"http:\/\/www.visit-ulcinj.com\/blog\/wp-content\/uploads\/2009\/04\/adelajda-copy.jpg\" \/>\n<meta name=\"twitter:label1\" content=\"Written by\" \/>\n\t<meta name=\"twitter:data1\" content=\"ulqini\" \/>\n\t<meta name=\"twitter:label2\" content=\"Est. reading time\" \/>\n\t<meta name=\"twitter:data2\" content=\"1 minute\" \/>\n<script type=\"application\/ld+json\" class=\"yoast-schema-graph\">{\"@context\":\"https:\/\/schema.org\",\"@graph\":[{\"@type\":\"WebSite\",\"@id\":\"https:\/\/www.visit-ulcinj.com\/blog\/#website\",\"url\":\"https:\/\/www.visit-ulcinj.com\/blog\/\",\"name\":\"Lajme nga Ulqini\",\"description\":\"Lajme,Vijesti,Ulqini,Ulqin,Crna Gora,Mali i Zi\",\"potentialAction\":[{\"@type\":\"SearchAction\",\"target\":{\"@type\":\"EntryPoint\",\"urlTemplate\":\"https:\/\/www.visit-ulcinj.com\/blog\/?s={search_term_string}\"},\"query-input\":\"required name=search_term_string\"}],\"inLanguage\":\"en-US\"},{\"@type\":\"ImageObject\",\"inLanguage\":\"en-US\",\"@id\":\"https:\/\/www.visit-ulcinj.com\/blog\/2009\/04\/01\/anjeza-dhe-adelajda-mua-me-imitojne\/#primaryimage\",\"url\":\"http:\/\/www.visit-ulcinj.com\/blog\/wp-content\/uploads\/2009\/04\/adelajda-copy.jpg\",\"contentUrl\":\"http:\/\/www.visit-ulcinj.com\/blog\/wp-content\/uploads\/2009\/04\/adelajda-copy.jpg\"},{\"@type\":\"WebPage\",\"@id\":\"https:\/\/www.visit-ulcinj.com\/blog\/2009\/04\/01\/anjeza-dhe-adelajda-mua-me-imitojne\/#webpage\",\"url\":\"https:\/\/www.visit-ulcinj.com\/blog\/2009\/04\/01\/anjeza-dhe-adelajda-mua-me-imitojne\/\",\"name\":\"Anjeza dhe Adelajda : Mua m\u00c3\u00ab imitojn\u00c3\u00ab | Big Brother Albania 2\",\"isPartOf\":{\"@id\":\"https:\/\/www.visit-ulcinj.com\/blog\/#website\"},\"primaryImageOfPage\":{\"@id\":\"https:\/\/www.visit-ulcinj.com\/blog\/2009\/04\/01\/anjeza-dhe-adelajda-mua-me-imitojne\/#primaryimage\"},\"datePublished\":\"2009-04-01T21:57:58+00:00\",\"dateModified\":\"2009-04-01T21:57:58+00:00\",\"author\":{\"@id\":\"https:\/\/www.visit-ulcinj.com\/blog\/#\/schema\/person\/dcab619c614d3038751c63bc2aadc06d\"},\"description\":\"Big Broteher Albania 2 - Duke biseduar jasht\u00c3\u00ab n\u00c3\u00ab oborr, Anjeza i ka th\u00c3\u00abn\u00c3\u00ab Adelajdes t\u00c3\u00ab sillet pak m\u00c3\u00ab \u00c3\u00abmb\u00c3\u00abl me Bjordin. \u00e2\u20ac\u0153Me personin q\u00c3\u00ab do!\u00e2\u20ac\u009d- ka plot\u00c3\u00absuar Arjoni. Adelajda i ka th\u00c3\u00abn\u00c3\u00ab se e kishte gabim at\u00c3\u00ab q\u00c3\u00ab tha dhe Arjoni ka vazhduar duke th\u00c3\u00abn\u00c3\u00ab se nuk mund ta pranonte q\u00c3\u00ab ajo t\u00e2\u20ac\u2122i thoshte se nuk e donte Bjordin.\",\"breadcrumb\":{\"@id\":\"https:\/\/www.visit-ulcinj.com\/blog\/2009\/04\/01\/anjeza-dhe-adelajda-mua-me-imitojne\/#breadcrumb\"},\"inLanguage\":\"en-US\",\"potentialAction\":[{\"@type\":\"ReadAction\",\"target\":[\"https:\/\/www.visit-ulcinj.com\/blog\/2009\/04\/01\/anjeza-dhe-adelajda-mua-me-imitojne\/\"]}]},{\"@type\":\"BreadcrumbList\",\"@id\":\"https:\/\/www.visit-ulcinj.com\/blog\/2009\/04\/01\/anjeza-dhe-adelajda-mua-me-imitojne\/#breadcrumb\",\"itemListElement\":[{\"@type\":\"ListItem\",\"position\":1,\"name\":\"Anjeza dhe Adelajda : Mua m\u00eb imitojn\u00eb\"}]},{\"@type\":\"Person\",\"@id\":\"https:\/\/www.visit-ulcinj.com\/blog\/#\/schema\/person\/dcab619c614d3038751c63bc2aadc06d\",\"name\":\"ulqini\",\"sameAs\":[\"http:\/\/www.visit-ulcinj.com\"],\"url\":\"https:\/\/www.visit-ulcinj.com\/blog\/author\/admin\/\"}]}<\/script>\n<!-- \/ Yoast SEO plugin. -->","yoast_head_json":{"title":"Anjeza dhe Adelajda : Mua m\u00c3\u00ab imitojn\u00c3\u00ab | Big Brother Albania 2","description":"Big Broteher Albania 2 - Duke biseduar jasht\u00c3\u00ab n\u00c3\u00ab oborr, Anjeza i ka th\u00c3\u00abn\u00c3\u00ab Adelajdes t\u00c3\u00ab sillet pak m\u00c3\u00ab \u00c3\u00abmb\u00c3\u00abl me Bjordin. \u00e2\u20ac\u0153Me personin q\u00c3\u00ab do!\u00e2\u20ac\u009d- ka plot\u00c3\u00absuar Arjoni. Adelajda i ka th\u00c3\u00abn\u00c3\u00ab se e kishte gabim at\u00c3\u00ab q\u00c3\u00ab tha dhe Arjoni ka vazhduar duke th\u00c3\u00abn\u00c3\u00ab se nuk mund ta pranonte q\u00c3\u00ab ajo t\u00e2\u20ac\u2122i thoshte se nuk e donte Bjordin.","robots":{"index":"index","follow":"follow","max-snippet":"max-snippet:-1","max-image-preview":"max-image-preview:large","max-video-preview":"max-video-preview:-1"},"canonical":"https:\/\/www.visit-ulcinj.com\/blog\/2009\/04\/01\/anjeza-dhe-adelajda-mua-me-imitojne\/","og_locale":"en_US","og_type":"article","og_title":"Anjeza dhe Adelajda : Mua m\u00c3\u00ab imitojn\u00c3\u00ab | Big Brother Albania 2","og_description":"Big Broteher Albania 2 - Duke biseduar jasht\u00c3\u00ab n\u00c3\u00ab oborr, Anjeza i ka th\u00c3\u00abn\u00c3\u00ab Adelajdes t\u00c3\u00ab sillet pak m\u00c3\u00ab \u00c3\u00abmb\u00c3\u00abl me Bjordin. \u00e2\u20ac\u0153Me personin q\u00c3\u00ab do!\u00e2\u20ac\u009d- ka plot\u00c3\u00absuar Arjoni. Adelajda i ka th\u00c3\u00abn\u00c3\u00ab se e kishte gabim at\u00c3\u00ab q\u00c3\u00ab tha dhe Arjoni ka vazhduar duke th\u00c3\u00abn\u00c3\u00ab se nuk mund ta pranonte q\u00c3\u00ab ajo t\u00e2\u20ac\u2122i thoshte se nuk e donte Bjordin.","og_url":"https:\/\/www.visit-ulcinj.com\/blog\/2009\/04\/01\/anjeza-dhe-adelajda-mua-me-imitojne\/","og_site_name":"Lajme nga Ulqini","article_published_time":"2009-04-01T21:57:58+00:00","og_image":[{"url":"http:\/\/www.visit-ulcinj.com\/blog\/wp-content\/uploads\/2009\/04\/adelajda-copy.jpg"}],"twitter_misc":{"Written by":"ulqini","Est. reading time":"1 minute"},"schema":{"@context":"https:\/\/schema.org","@graph":[{"@type":"WebSite","@id":"https:\/\/www.visit-ulcinj.com\/blog\/#website","url":"https:\/\/www.visit-ulcinj.com\/blog\/","name":"Lajme nga Ulqini","description":"Lajme,Vijesti,Ulqini,Ulqin,Crna Gora,Mali i Zi","potentialAction":[{"@type":"SearchAction","target":{"@type":"EntryPoint","urlTemplate":"https:\/\/www.visit-ulcinj.com\/blog\/?s={search_term_string}"},"query-input":"required name=search_term_string"}],"inLanguage":"en-US"},{"@type":"ImageObject","inLanguage":"en-US","@id":"https:\/\/www.visit-ulcinj.com\/blog\/2009\/04\/01\/anjeza-dhe-adelajda-mua-me-imitojne\/#primaryimage","url":"http:\/\/www.visit-ulcinj.com\/blog\/wp-content\/uploads\/2009\/04\/adelajda-copy.jpg","contentUrl":"http:\/\/www.visit-ulcinj.com\/blog\/wp-content\/uploads\/2009\/04\/adelajda-copy.jpg"},{"@type":"WebPage","@id":"https:\/\/www.visit-ulcinj.com\/blog\/2009\/04\/01\/anjeza-dhe-adelajda-mua-me-imitojne\/#webpage","url":"https:\/\/www.visit-ulcinj.com\/blog\/2009\/04\/01\/anjeza-dhe-adelajda-mua-me-imitojne\/","name":"Anjeza dhe Adelajda : Mua m\u00c3\u00ab imitojn\u00c3\u00ab | Big Brother Albania 2","isPartOf":{"@id":"https:\/\/www.visit-ulcinj.com\/blog\/#website"},"primaryImageOfPage":{"@id":"https:\/\/www.visit-ulcinj.com\/blog\/2009\/04\/01\/anjeza-dhe-adelajda-mua-me-imitojne\/#primaryimage"},"datePublished":"2009-04-01T21:57:58+00:00","dateModified":"2009-04-01T21:57:58+00:00","author":{"@id":"https:\/\/www.visit-ulcinj.com\/blog\/#\/schema\/person\/dcab619c614d3038751c63bc2aadc06d"},"description":"Big Broteher Albania 2 - Duke biseduar jasht\u00c3\u00ab n\u00c3\u00ab oborr, Anjeza i ka th\u00c3\u00abn\u00c3\u00ab Adelajdes t\u00c3\u00ab sillet pak m\u00c3\u00ab \u00c3\u00abmb\u00c3\u00abl me Bjordin. \u00e2\u20ac\u0153Me personin q\u00c3\u00ab do!\u00e2\u20ac\u009d- ka plot\u00c3\u00absuar Arjoni. Adelajda i ka th\u00c3\u00abn\u00c3\u00ab se e kishte gabim at\u00c3\u00ab q\u00c3\u00ab tha dhe Arjoni ka vazhduar duke th\u00c3\u00abn\u00c3\u00ab se nuk mund ta pranonte q\u00c3\u00ab ajo t\u00e2\u20ac\u2122i thoshte se nuk e donte Bjordin.","breadcrumb":{"@id":"https:\/\/www.visit-ulcinj.com\/blog\/2009\/04\/01\/anjeza-dhe-adelajda-mua-me-imitojne\/#breadcrumb"},"inLanguage":"en-US","potentialAction":[{"@type":"ReadAction","target":["https:\/\/www.visit-ulcinj.com\/blog\/2009\/04\/01\/anjeza-dhe-adelajda-mua-me-imitojne\/"]}]},{"@type":"BreadcrumbList","@id":"https:\/\/www.visit-ulcinj.com\/blog\/2009\/04\/01\/anjeza-dhe-adelajda-mua-me-imitojne\/#breadcrumb","itemListElement":[{"@type":"ListItem","position":1,"name":"Anjeza dhe Adelajda : Mua m\u00eb imitojn\u00eb"}]},{"@type":"Person","@id":"https:\/\/www.visit-ulcinj.com\/blog\/#\/schema\/person\/dcab619c614d3038751c63bc2aadc06d","name":"ulqini","sameAs":["http:\/\/www.visit-ulcinj.com"],"url":"https:\/\/www.visit-ulcinj.com\/blog\/author\/admin\/"}]}},"jetpack_featured_media_url":"","jetpack_sharing_enabled":true,"jetpack_shortlink":"https:\/\/wp.me\/pe6lTn-4gA","_links":{"self":[{"href":"https:\/\/www.visit-ulcinj.com\/blog\/wp-json\/wp\/v2\/posts\/16404"}],"collection":[{"href":"https:\/\/www.visit-ulcinj.com\/blog\/wp-json\/wp\/v2\/posts"}],"about":[{"href":"https:\/\/www.visit-ulcinj.com\/blog\/wp-json\/wp\/v2\/types\/post"}],"author":[{"embeddable":true,"href":"https:\/\/www.visit-ulcinj.com\/blog\/wp-json\/wp\/v2\/users\/1"}],"replies":[{"embeddable":true,"href":"https:\/\/www.visit-ulcinj.com\/blog\/wp-json\/wp\/v2\/comments?post=16404"}],"version-history":[{"count":0,"href":"https:\/\/www.visit-ulcinj.com\/blog\/wp-json\/wp\/v2\/posts\/16404\/revisions"}],"wp:attachment":[{"href":"https:\/\/www.visit-ulcinj.com\/blog\/wp-json\/wp\/v2\/media?parent=16404"}],"wp:term":[{"taxonomy":"category","embeddable":true,"href":"https:\/\/www.visit-ulcinj.com\/blog\/wp-json\/wp\/v2\/categories?post=16404"},{"taxonomy":"post_tag","embeddable":true,"href":"https:\/\/www.visit-ulcinj.com\/blog\/wp-json\/wp\/v2\/tags?post=16404"}],"curies":[{"name":"wp","href":"https:\/\/api.w.org\/{rel}","templated":true}]}}