{"id":16407,"date":"2009-04-01T22:59:43","date_gmt":"2009-04-01T21:59:43","guid":{"rendered":"http:\/\/www.visit-ulcinj.com\/blog\/?p=16407"},"modified":"2009-05-04T11:26:30","modified_gmt":"2009-05-04T09:26:30","slug":"bjordi-dhe-arjoni-te-te-dua-apo-te-te-urrej","status":"publish","type":"post","link":"https:\/\/www.visit-ulcinj.com\/blog\/2009\/04\/01\/bjordi-dhe-arjoni-te-te-dua-apo-te-te-urrej\/","title":{"rendered":"Bjordi dhe Arjoni : T\u00eb t\u00eb dua apo t\u00eb t\u00eb urrej?!"},"content":{"rendered":"<p><em><span class=\"newsdate\"><a href=\"http:\/\/www.visit-ulcinj.com\/blog\/wp-content\/uploads\/2009\/04\/arjonibjordi-copy.jpg\"><img loading=\"lazy\" class=\"alignleft size-full wp-image-16408\" title=\"arjonibjordi-big.-brother-albania-2\" src=\"http:\/\/www.visit-ulcinj.com\/blog\/wp-content\/uploads\/2009\/04\/arjonibjordi-copy.jpg\" alt=\"arjonibjordi-big.-brother-albania-2\" width=\"300\" height=\"205\" \/><\/a>30\/03\/09 00:10<\/span><\/em><\/p>\n<p>Arjoni i ka th\u00ebn\u00eb Bjordit se n\u00eb disa raste, nuk dinte a ta donte apo ta urrente. \u201cKa momente q\u00eb nuk di n\u00ebse duhet t\u00eb qesh apo trishtohem!\u201d \u2013 ka shtuar ai, referuar m\u00ebnyr\u00ebs sesi Bjordi sillet apo vepron. \u201cKa vet\u00ebm nj\u00eb m\u00ebnyr\u00eb p\u00ebr ta zgjidhur k\u00ebt\u00eb!- ka th\u00ebn\u00eb Bjordi dhe t\u00eb dy djemt\u00eb jan\u00eb \u00e7uar dhe kan\u00eb b\u00ebr\u00eb sikur luftonin n\u00eb nj\u00eb duel me shpata.<\/p>\n","protected":false},"excerpt":{"rendered":"<p>30\/03\/09 00:10 Arjoni i ka th\u00ebn\u00eb Bjordit se n\u00eb disa raste, nuk dinte a ta donte apo ta urrente. \u201cKa momente q\u00eb nuk di n\u00ebse duhet t\u00eb qesh apo trishtohem!\u201d \u2013 ka shtuar ai, referuar m\u00ebnyr\u00ebs sesi Bjordi sillet apo vepron. \u201cKa vet\u00ebm nj\u00eb m\u00ebnyr\u00eb p\u00ebr ta zgjidhur k\u00ebt\u00eb!- ka th\u00ebn\u00eb Bjordi dhe t\u00eb dy [&hellip;]<\/p>\n","protected":false},"author":1,"featured_media":0,"comment_status":"open","ping_status":"closed","sticky":false,"template":"","format":"standard","meta":{"spay_email":"","jetpack_publicize_message":"","jetpack_is_tweetstorm":false,"jetpack_publicize_feature_enabled":true},"categories":[6502],"tags":[6525,6883,6516,6712,6522,6891],"jetpack_publicize_connections":[],"yoast_head":"<!-- This site is optimized with the Yoast SEO plugin v19.1 - https:\/\/yoast.com\/wordpress\/plugins\/seo\/ -->\n<title>Bjordi dhe Arjoni : T\u00c3\u00ab t\u00c3\u00ab dua apo t\u00c3\u00ab t\u00c3\u00ab urrej?! | Big Brother Albania 2<\/title>\n<meta name=\"description\" content=\"Big Brother Albania 2 - Arjoni i ka th\u00c3\u00abn\u00c3\u00ab Bjordit se n\u00c3\u00ab disa raste, nuk dinte a ta donte apo ta urrente. \u00e2\u20ac\u0153Ka momente q\u00c3\u00ab nuk di n\u00c3\u00abse duhet t\u00c3\u00ab qesh apo trishtohem!\" \/>\n<meta name=\"robots\" content=\"index, follow, max-snippet:-1, max-image-preview:large, max-video-preview:-1\" \/>\n<link rel=\"canonical\" href=\"https:\/\/www.visit-ulcinj.com\/blog\/2009\/04\/01\/bjordi-dhe-arjoni-te-te-dua-apo-te-te-urrej\/\" \/>\n<meta property=\"og:locale\" content=\"en_US\" \/>\n<meta property=\"og:type\" content=\"article\" \/>\n<meta property=\"og:title\" content=\"Bjordi dhe Arjoni : T\u00c3\u00ab t\u00c3\u00ab dua apo t\u00c3\u00ab t\u00c3\u00ab urrej?! | Big Brother Albania 2\" \/>\n<meta property=\"og:description\" content=\"Big Brother Albania 2 - Arjoni i ka th\u00c3\u00abn\u00c3\u00ab Bjordit se n\u00c3\u00ab disa raste, nuk dinte a ta donte apo ta urrente. \u00e2\u20ac\u0153Ka momente q\u00c3\u00ab nuk di n\u00c3\u00abse duhet t\u00c3\u00ab qesh apo trishtohem!\" \/>\n<meta property=\"og:url\" content=\"https:\/\/www.visit-ulcinj.com\/blog\/2009\/04\/01\/bjordi-dhe-arjoni-te-te-dua-apo-te-te-urrej\/\" \/>\n<meta property=\"og:site_name\" content=\"Lajme nga Ulqini\" \/>\n<meta property=\"article:published_time\" content=\"2009-04-01T21:59:43+00:00\" \/>\n<meta property=\"article:modified_time\" content=\"2009-05-04T09:26:30+00:00\" \/>\n<meta property=\"og:image\" content=\"http:\/\/www.visit-ulcinj.com\/blog\/wp-content\/uploads\/2009\/04\/arjonibjordi-copy.jpg\" \/>\n<meta name=\"twitter:label1\" content=\"Written by\" \/>\n\t<meta name=\"twitter:data1\" content=\"ulqini\" \/>\n<script type=\"application\/ld+json\" class=\"yoast-schema-graph\">{\"@context\":\"https:\/\/schema.org\",\"@graph\":[{\"@type\":\"WebSite\",\"@id\":\"https:\/\/www.visit-ulcinj.com\/blog\/#website\",\"url\":\"https:\/\/www.visit-ulcinj.com\/blog\/\",\"name\":\"Lajme nga Ulqini\",\"description\":\"Lajme,Vijesti,Ulqini,Ulqin,Crna Gora,Mali i Zi\",\"potentialAction\":[{\"@type\":\"SearchAction\",\"target\":{\"@type\":\"EntryPoint\",\"urlTemplate\":\"https:\/\/www.visit-ulcinj.com\/blog\/?s={search_term_string}\"},\"query-input\":\"required name=search_term_string\"}],\"inLanguage\":\"en-US\"},{\"@type\":\"ImageObject\",\"inLanguage\":\"en-US\",\"@id\":\"https:\/\/www.visit-ulcinj.com\/blog\/2009\/04\/01\/bjordi-dhe-arjoni-te-te-dua-apo-te-te-urrej\/#primaryimage\",\"url\":\"http:\/\/www.visit-ulcinj.com\/blog\/wp-content\/uploads\/2009\/04\/arjonibjordi-copy.jpg\",\"contentUrl\":\"http:\/\/www.visit-ulcinj.com\/blog\/wp-content\/uploads\/2009\/04\/arjonibjordi-copy.jpg\"},{\"@type\":\"WebPage\",\"@id\":\"https:\/\/www.visit-ulcinj.com\/blog\/2009\/04\/01\/bjordi-dhe-arjoni-te-te-dua-apo-te-te-urrej\/#webpage\",\"url\":\"https:\/\/www.visit-ulcinj.com\/blog\/2009\/04\/01\/bjordi-dhe-arjoni-te-te-dua-apo-te-te-urrej\/\",\"name\":\"Bjordi dhe Arjoni : T\u00c3\u00ab t\u00c3\u00ab dua apo t\u00c3\u00ab t\u00c3\u00ab urrej?! | Big Brother Albania 2\",\"isPartOf\":{\"@id\":\"https:\/\/www.visit-ulcinj.com\/blog\/#website\"},\"primaryImageOfPage\":{\"@id\":\"https:\/\/www.visit-ulcinj.com\/blog\/2009\/04\/01\/bjordi-dhe-arjoni-te-te-dua-apo-te-te-urrej\/#primaryimage\"},\"datePublished\":\"2009-04-01T21:59:43+00:00\",\"dateModified\":\"2009-05-04T09:26:30+00:00\",\"author\":{\"@id\":\"https:\/\/www.visit-ulcinj.com\/blog\/#\/schema\/person\/dcab619c614d3038751c63bc2aadc06d\"},\"description\":\"Big Brother Albania 2 - Arjoni i ka th\u00c3\u00abn\u00c3\u00ab Bjordit se n\u00c3\u00ab disa raste, nuk dinte a ta donte apo ta urrente. \u00e2\u20ac\u0153Ka momente q\u00c3\u00ab nuk di n\u00c3\u00abse duhet t\u00c3\u00ab qesh apo trishtohem!\",\"breadcrumb\":{\"@id\":\"https:\/\/www.visit-ulcinj.com\/blog\/2009\/04\/01\/bjordi-dhe-arjoni-te-te-dua-apo-te-te-urrej\/#breadcrumb\"},\"inLanguage\":\"en-US\",\"potentialAction\":[{\"@type\":\"ReadAction\",\"target\":[\"https:\/\/www.visit-ulcinj.com\/blog\/2009\/04\/01\/bjordi-dhe-arjoni-te-te-dua-apo-te-te-urrej\/\"]}]},{\"@type\":\"BreadcrumbList\",\"@id\":\"https:\/\/www.visit-ulcinj.com\/blog\/2009\/04\/01\/bjordi-dhe-arjoni-te-te-dua-apo-te-te-urrej\/#breadcrumb\",\"itemListElement\":[{\"@type\":\"ListItem\",\"position\":1,\"name\":\"Bjordi dhe Arjoni : T\u00eb t\u00eb dua apo t\u00eb t\u00eb urrej?!\"}]},{\"@type\":\"Person\",\"@id\":\"https:\/\/www.visit-ulcinj.com\/blog\/#\/schema\/person\/dcab619c614d3038751c63bc2aadc06d\",\"name\":\"ulqini\",\"sameAs\":[\"http:\/\/www.visit-ulcinj.com\"],\"url\":\"https:\/\/www.visit-ulcinj.com\/blog\/author\/admin\/\"}]}<\/script>\n<!-- \/ Yoast SEO plugin. -->","yoast_head_json":{"title":"Bjordi dhe Arjoni : T\u00c3\u00ab t\u00c3\u00ab dua apo t\u00c3\u00ab t\u00c3\u00ab urrej?! | Big Brother Albania 2","description":"Big Brother Albania 2 - Arjoni i ka th\u00c3\u00abn\u00c3\u00ab Bjordit se n\u00c3\u00ab disa raste, nuk dinte a ta donte apo ta urrente. \u00e2\u20ac\u0153Ka momente q\u00c3\u00ab nuk di n\u00c3\u00abse duhet t\u00c3\u00ab qesh apo trishtohem!","robots":{"index":"index","follow":"follow","max-snippet":"max-snippet:-1","max-image-preview":"max-image-preview:large","max-video-preview":"max-video-preview:-1"},"canonical":"https:\/\/www.visit-ulcinj.com\/blog\/2009\/04\/01\/bjordi-dhe-arjoni-te-te-dua-apo-te-te-urrej\/","og_locale":"en_US","og_type":"article","og_title":"Bjordi dhe Arjoni : T\u00c3\u00ab t\u00c3\u00ab dua apo t\u00c3\u00ab t\u00c3\u00ab urrej?! | Big Brother Albania 2","og_description":"Big Brother Albania 2 - Arjoni i ka th\u00c3\u00abn\u00c3\u00ab Bjordit se n\u00c3\u00ab disa raste, nuk dinte a ta donte apo ta urrente. \u00e2\u20ac\u0153Ka momente q\u00c3\u00ab nuk di n\u00c3\u00abse duhet t\u00c3\u00ab qesh apo trishtohem!","og_url":"https:\/\/www.visit-ulcinj.com\/blog\/2009\/04\/01\/bjordi-dhe-arjoni-te-te-dua-apo-te-te-urrej\/","og_site_name":"Lajme nga Ulqini","article_published_time":"2009-04-01T21:59:43+00:00","article_modified_time":"2009-05-04T09:26:30+00:00","og_image":[{"url":"http:\/\/www.visit-ulcinj.com\/blog\/wp-content\/uploads\/2009\/04\/arjonibjordi-copy.jpg"}],"twitter_misc":{"Written by":"ulqini"},"schema":{"@context":"https:\/\/schema.org","@graph":[{"@type":"WebSite","@id":"https:\/\/www.visit-ulcinj.com\/blog\/#website","url":"https:\/\/www.visit-ulcinj.com\/blog\/","name":"Lajme nga Ulqini","description":"Lajme,Vijesti,Ulqini,Ulqin,Crna Gora,Mali i Zi","potentialAction":[{"@type":"SearchAction","target":{"@type":"EntryPoint","urlTemplate":"https:\/\/www.visit-ulcinj.com\/blog\/?s={search_term_string}"},"query-input":"required name=search_term_string"}],"inLanguage":"en-US"},{"@type":"ImageObject","inLanguage":"en-US","@id":"https:\/\/www.visit-ulcinj.com\/blog\/2009\/04\/01\/bjordi-dhe-arjoni-te-te-dua-apo-te-te-urrej\/#primaryimage","url":"http:\/\/www.visit-ulcinj.com\/blog\/wp-content\/uploads\/2009\/04\/arjonibjordi-copy.jpg","contentUrl":"http:\/\/www.visit-ulcinj.com\/blog\/wp-content\/uploads\/2009\/04\/arjonibjordi-copy.jpg"},{"@type":"WebPage","@id":"https:\/\/www.visit-ulcinj.com\/blog\/2009\/04\/01\/bjordi-dhe-arjoni-te-te-dua-apo-te-te-urrej\/#webpage","url":"https:\/\/www.visit-ulcinj.com\/blog\/2009\/04\/01\/bjordi-dhe-arjoni-te-te-dua-apo-te-te-urrej\/","name":"Bjordi dhe Arjoni : T\u00c3\u00ab t\u00c3\u00ab dua apo t\u00c3\u00ab t\u00c3\u00ab urrej?! | Big Brother Albania 2","isPartOf":{"@id":"https:\/\/www.visit-ulcinj.com\/blog\/#website"},"primaryImageOfPage":{"@id":"https:\/\/www.visit-ulcinj.com\/blog\/2009\/04\/01\/bjordi-dhe-arjoni-te-te-dua-apo-te-te-urrej\/#primaryimage"},"datePublished":"2009-04-01T21:59:43+00:00","dateModified":"2009-05-04T09:26:30+00:00","author":{"@id":"https:\/\/www.visit-ulcinj.com\/blog\/#\/schema\/person\/dcab619c614d3038751c63bc2aadc06d"},"description":"Big Brother Albania 2 - Arjoni i ka th\u00c3\u00abn\u00c3\u00ab Bjordit se n\u00c3\u00ab disa raste, nuk dinte a ta donte apo ta urrente. \u00e2\u20ac\u0153Ka momente q\u00c3\u00ab nuk di n\u00c3\u00abse duhet t\u00c3\u00ab qesh apo trishtohem!","breadcrumb":{"@id":"https:\/\/www.visit-ulcinj.com\/blog\/2009\/04\/01\/bjordi-dhe-arjoni-te-te-dua-apo-te-te-urrej\/#breadcrumb"},"inLanguage":"en-US","potentialAction":[{"@type":"ReadAction","target":["https:\/\/www.visit-ulcinj.com\/blog\/2009\/04\/01\/bjordi-dhe-arjoni-te-te-dua-apo-te-te-urrej\/"]}]},{"@type":"BreadcrumbList","@id":"https:\/\/www.visit-ulcinj.com\/blog\/2009\/04\/01\/bjordi-dhe-arjoni-te-te-dua-apo-te-te-urrej\/#breadcrumb","itemListElement":[{"@type":"ListItem","position":1,"name":"Bjordi dhe Arjoni : T\u00eb t\u00eb dua apo t\u00eb t\u00eb urrej?!"}]},{"@type":"Person","@id":"https:\/\/www.visit-ulcinj.com\/blog\/#\/schema\/person\/dcab619c614d3038751c63bc2aadc06d","name":"ulqini","sameAs":["http:\/\/www.visit-ulcinj.com"],"url":"https:\/\/www.visit-ulcinj.com\/blog\/author\/admin\/"}]}},"jetpack_featured_media_url":"","jetpack_sharing_enabled":true,"jetpack_shortlink":"https:\/\/wp.me\/pe6lTn-4gD","_links":{"self":[{"href":"https:\/\/www.visit-ulcinj.com\/blog\/wp-json\/wp\/v2\/posts\/16407"}],"collection":[{"href":"https:\/\/www.visit-ulcinj.com\/blog\/wp-json\/wp\/v2\/posts"}],"about":[{"href":"https:\/\/www.visit-ulcinj.com\/blog\/wp-json\/wp\/v2\/types\/post"}],"author":[{"embeddable":true,"href":"https:\/\/www.visit-ulcinj.com\/blog\/wp-json\/wp\/v2\/users\/1"}],"replies":[{"embeddable":true,"href":"https:\/\/www.visit-ulcinj.com\/blog\/wp-json\/wp\/v2\/comments?post=16407"}],"version-history":[{"count":0,"href":"https:\/\/www.visit-ulcinj.com\/blog\/wp-json\/wp\/v2\/posts\/16407\/revisions"}],"wp:attachment":[{"href":"https:\/\/www.visit-ulcinj.com\/blog\/wp-json\/wp\/v2\/media?parent=16407"}],"wp:term":[{"taxonomy":"category","embeddable":true,"href":"https:\/\/www.visit-ulcinj.com\/blog\/wp-json\/wp\/v2\/categories?post=16407"},{"taxonomy":"post_tag","embeddable":true,"href":"https:\/\/www.visit-ulcinj.com\/blog\/wp-json\/wp\/v2\/tags?post=16407"}],"curies":[{"name":"wp","href":"https:\/\/api.w.org\/{rel}","templated":true}]}}