{"id":16410,"date":"2009-04-01T23:03:54","date_gmt":"2009-04-01T22:03:54","guid":{"rendered":"http:\/\/www.visit-ulcinj.com\/blog\/?p=16410"},"modified":"2009-04-01T23:03:54","modified_gmt":"2009-04-01T22:03:54","slug":"mimoza-krasniqi-bjordi-eshte-mjalte-e-sherbet","status":"publish","type":"post","link":"https:\/\/www.visit-ulcinj.com\/blog\/2009\/04\/01\/mimoza-krasniqi-bjordi-eshte-mjalte-e-sherbet\/","title":{"rendered":"Mimoza Krasniqi : Bjordi \u00ebsht\u00eb mjalt\u00eb e sherbet"},"content":{"rendered":"<p><em><span class=\"newsdate\"><a href=\"http:\/\/www.visit-ulcinj.com\/blog\/wp-content\/uploads\/2009\/04\/moza-per-bjordin.jpg\"><img loading=\"lazy\" class=\"alignleft size-full wp-image-16411\" title=\"moza-per-bjordin-big-brother-albania-2\" src=\"http:\/\/www.visit-ulcinj.com\/blog\/wp-content\/uploads\/2009\/04\/moza-per-bjordin.jpg\" alt=\"moza-per-bjordin-big-brother-albania-2\" width=\"300\" height=\"205\" \/><\/a>30\/03\/09 01:15<\/span><\/em><\/p>\n<p>\u201cBjordi \u00ebsht\u00eb fatmadh!- u ka th\u00ebn\u00eb Mimoza Adelajdes dhe Adit. \u2013\u00cbsht\u00eb nj\u00ebsh!\u201d. Ajo ka cil\u00ebsuar se k\u00ebt\u00eb fat e kishte sidomos me femrat. \u201cI ka bler\u00eb dhe Xhemi pic\u00ebn!\u201d \u2013 ka nd\u00ebrhyr\u00eb Adelajda. Sipas Adit, Bjordin e duan t\u00eb gjitha femrat e Shqip\u00ebris\u00eb. Mimoza ka th\u00ebn\u00eb se kjo kuptohej nga fakti se kur hynin femra t\u00eb reja n\u00eb sht\u00ebpi, shkonin menj\u00ebher\u00eb pas Bjordit. \u201c\u00c7do fem\u00ebr q\u00eb \u00ebsht\u00eb futur, tek Bjordi!\u201d \u2013 ka th\u00ebn\u00eb ajo. Dhe ka shtuar se at\u00ebher\u00eb e kishte kuptuar se ai ishte mjalt\u00eb e she<\/p>\n","protected":false},"excerpt":{"rendered":"<p>30\/03\/09 01:15 \u201cBjordi \u00ebsht\u00eb fatmadh!- u ka th\u00ebn\u00eb Mimoza Adelajdes dhe Adit. \u2013\u00cbsht\u00eb nj\u00ebsh!\u201d. Ajo ka cil\u00ebsuar se k\u00ebt\u00eb fat e kishte sidomos me femrat. \u201cI ka bler\u00eb dhe Xhemi pic\u00ebn!\u201d \u2013 ka nd\u00ebrhyr\u00eb Adelajda. Sipas Adit, Bjordin e duan t\u00eb gjitha femrat e Shqip\u00ebris\u00eb. Mimoza ka th\u00ebn\u00eb se kjo kuptohej nga fakti se kur [&hellip;]<\/p>\n","protected":false},"author":1,"featured_media":0,"comment_status":"open","ping_status":"closed","sticky":false,"template":"","format":"standard","meta":{"spay_email":"","jetpack_publicize_message":"","jetpack_is_tweetstorm":false,"jetpack_publicize_feature_enabled":true},"categories":[6502],"tags":[6529,6883,6516,6712,6522,6544,8672,6891],"jetpack_publicize_connections":[],"yoast_head":"<!-- This site is optimized with the Yoast SEO plugin v19.1 - https:\/\/yoast.com\/wordpress\/plugins\/seo\/ -->\n<title>Mimoza Krasniqi : Bjordi \u00c3\u00absht\u00c3\u00ab mjalt\u00c3\u00ab e sherbet | Big Brother Albania 2<\/title>\n<meta name=\"description\" content=\"Big Brother Albania 2 - \u00e2\u20ac\u0153Bjordi \u00c3\u00absht\u00c3\u00ab fatmadh!- u ka th\u00c3\u00abn\u00c3\u00ab Mimoza Adelajdes dhe Adit. \u00e2\u20ac\u201c\u00c3\u2039sht\u00c3\u00ab nj\u00c3\u00absh!\u00e2\u20ac\u009d. Ajo ka cil\u00c3\u00absuar se k\u00c3\u00abt\u00c3\u00ab fat e kishte sidomos me femrat\" \/>\n<meta name=\"robots\" content=\"index, follow, max-snippet:-1, max-image-preview:large, max-video-preview:-1\" \/>\n<link rel=\"canonical\" href=\"https:\/\/www.visit-ulcinj.com\/blog\/2009\/04\/01\/mimoza-krasniqi-bjordi-eshte-mjalte-e-sherbet\/\" \/>\n<meta property=\"og:locale\" content=\"en_US\" \/>\n<meta property=\"og:type\" content=\"article\" \/>\n<meta property=\"og:title\" content=\"Mimoza Krasniqi : Bjordi \u00c3\u00absht\u00c3\u00ab mjalt\u00c3\u00ab e sherbet | Big Brother Albania 2\" \/>\n<meta property=\"og:description\" content=\"Big Brother Albania 2 - \u00e2\u20ac\u0153Bjordi \u00c3\u00absht\u00c3\u00ab fatmadh!- u ka th\u00c3\u00abn\u00c3\u00ab Mimoza Adelajdes dhe Adit. \u00e2\u20ac\u201c\u00c3\u2039sht\u00c3\u00ab nj\u00c3\u00absh!\u00e2\u20ac\u009d. Ajo ka cil\u00c3\u00absuar se k\u00c3\u00abt\u00c3\u00ab fat e kishte sidomos me femrat\" \/>\n<meta property=\"og:url\" content=\"https:\/\/www.visit-ulcinj.com\/blog\/2009\/04\/01\/mimoza-krasniqi-bjordi-eshte-mjalte-e-sherbet\/\" \/>\n<meta property=\"og:site_name\" content=\"Lajme nga Ulqini\" \/>\n<meta property=\"article:published_time\" content=\"2009-04-01T22:03:54+00:00\" \/>\n<meta property=\"og:image\" content=\"http:\/\/www.visit-ulcinj.com\/blog\/wp-content\/uploads\/2009\/04\/moza-per-bjordin.jpg\" \/>\n<meta name=\"twitter:label1\" content=\"Written by\" \/>\n\t<meta name=\"twitter:data1\" content=\"ulqini\" \/>\n\t<meta name=\"twitter:label2\" content=\"Est. reading time\" \/>\n\t<meta name=\"twitter:data2\" content=\"1 minute\" \/>\n<script type=\"application\/ld+json\" class=\"yoast-schema-graph\">{\"@context\":\"https:\/\/schema.org\",\"@graph\":[{\"@type\":\"WebSite\",\"@id\":\"https:\/\/www.visit-ulcinj.com\/blog\/#website\",\"url\":\"https:\/\/www.visit-ulcinj.com\/blog\/\",\"name\":\"Lajme nga Ulqini\",\"description\":\"Lajme,Vijesti,Ulqini,Ulqin,Crna Gora,Mali i Zi\",\"potentialAction\":[{\"@type\":\"SearchAction\",\"target\":{\"@type\":\"EntryPoint\",\"urlTemplate\":\"https:\/\/www.visit-ulcinj.com\/blog\/?s={search_term_string}\"},\"query-input\":\"required name=search_term_string\"}],\"inLanguage\":\"en-US\"},{\"@type\":\"ImageObject\",\"inLanguage\":\"en-US\",\"@id\":\"https:\/\/www.visit-ulcinj.com\/blog\/2009\/04\/01\/mimoza-krasniqi-bjordi-eshte-mjalte-e-sherbet\/#primaryimage\",\"url\":\"http:\/\/www.visit-ulcinj.com\/blog\/wp-content\/uploads\/2009\/04\/moza-per-bjordin.jpg\",\"contentUrl\":\"http:\/\/www.visit-ulcinj.com\/blog\/wp-content\/uploads\/2009\/04\/moza-per-bjordin.jpg\"},{\"@type\":\"WebPage\",\"@id\":\"https:\/\/www.visit-ulcinj.com\/blog\/2009\/04\/01\/mimoza-krasniqi-bjordi-eshte-mjalte-e-sherbet\/#webpage\",\"url\":\"https:\/\/www.visit-ulcinj.com\/blog\/2009\/04\/01\/mimoza-krasniqi-bjordi-eshte-mjalte-e-sherbet\/\",\"name\":\"Mimoza Krasniqi : Bjordi \u00c3\u00absht\u00c3\u00ab mjalt\u00c3\u00ab e sherbet | Big Brother Albania 2\",\"isPartOf\":{\"@id\":\"https:\/\/www.visit-ulcinj.com\/blog\/#website\"},\"primaryImageOfPage\":{\"@id\":\"https:\/\/www.visit-ulcinj.com\/blog\/2009\/04\/01\/mimoza-krasniqi-bjordi-eshte-mjalte-e-sherbet\/#primaryimage\"},\"datePublished\":\"2009-04-01T22:03:54+00:00\",\"dateModified\":\"2009-04-01T22:03:54+00:00\",\"author\":{\"@id\":\"https:\/\/www.visit-ulcinj.com\/blog\/#\/schema\/person\/dcab619c614d3038751c63bc2aadc06d\"},\"description\":\"Big Brother Albania 2 - \u00e2\u20ac\u0153Bjordi \u00c3\u00absht\u00c3\u00ab fatmadh!- u ka th\u00c3\u00abn\u00c3\u00ab Mimoza Adelajdes dhe Adit. \u00e2\u20ac\u201c\u00c3\u2039sht\u00c3\u00ab nj\u00c3\u00absh!\u00e2\u20ac\u009d. Ajo ka cil\u00c3\u00absuar se k\u00c3\u00abt\u00c3\u00ab fat e kishte sidomos me femrat\",\"breadcrumb\":{\"@id\":\"https:\/\/www.visit-ulcinj.com\/blog\/2009\/04\/01\/mimoza-krasniqi-bjordi-eshte-mjalte-e-sherbet\/#breadcrumb\"},\"inLanguage\":\"en-US\",\"potentialAction\":[{\"@type\":\"ReadAction\",\"target\":[\"https:\/\/www.visit-ulcinj.com\/blog\/2009\/04\/01\/mimoza-krasniqi-bjordi-eshte-mjalte-e-sherbet\/\"]}]},{\"@type\":\"BreadcrumbList\",\"@id\":\"https:\/\/www.visit-ulcinj.com\/blog\/2009\/04\/01\/mimoza-krasniqi-bjordi-eshte-mjalte-e-sherbet\/#breadcrumb\",\"itemListElement\":[{\"@type\":\"ListItem\",\"position\":1,\"name\":\"Mimoza Krasniqi : Bjordi \u00ebsht\u00eb mjalt\u00eb e sherbet\"}]},{\"@type\":\"Person\",\"@id\":\"https:\/\/www.visit-ulcinj.com\/blog\/#\/schema\/person\/dcab619c614d3038751c63bc2aadc06d\",\"name\":\"ulqini\",\"sameAs\":[\"http:\/\/www.visit-ulcinj.com\"],\"url\":\"https:\/\/www.visit-ulcinj.com\/blog\/author\/admin\/\"}]}<\/script>\n<!-- \/ Yoast SEO plugin. -->","yoast_head_json":{"title":"Mimoza Krasniqi : Bjordi \u00c3\u00absht\u00c3\u00ab mjalt\u00c3\u00ab e sherbet | Big Brother Albania 2","description":"Big Brother Albania 2 - \u00e2\u20ac\u0153Bjordi \u00c3\u00absht\u00c3\u00ab fatmadh!- u ka th\u00c3\u00abn\u00c3\u00ab Mimoza Adelajdes dhe Adit. \u00e2\u20ac\u201c\u00c3\u2039sht\u00c3\u00ab nj\u00c3\u00absh!\u00e2\u20ac\u009d. Ajo ka cil\u00c3\u00absuar se k\u00c3\u00abt\u00c3\u00ab fat e kishte sidomos me femrat","robots":{"index":"index","follow":"follow","max-snippet":"max-snippet:-1","max-image-preview":"max-image-preview:large","max-video-preview":"max-video-preview:-1"},"canonical":"https:\/\/www.visit-ulcinj.com\/blog\/2009\/04\/01\/mimoza-krasniqi-bjordi-eshte-mjalte-e-sherbet\/","og_locale":"en_US","og_type":"article","og_title":"Mimoza Krasniqi : Bjordi \u00c3\u00absht\u00c3\u00ab mjalt\u00c3\u00ab e sherbet | Big Brother Albania 2","og_description":"Big Brother Albania 2 - \u00e2\u20ac\u0153Bjordi \u00c3\u00absht\u00c3\u00ab fatmadh!- u ka th\u00c3\u00abn\u00c3\u00ab Mimoza Adelajdes dhe Adit. \u00e2\u20ac\u201c\u00c3\u2039sht\u00c3\u00ab nj\u00c3\u00absh!\u00e2\u20ac\u009d. Ajo ka cil\u00c3\u00absuar se k\u00c3\u00abt\u00c3\u00ab fat e kishte sidomos me femrat","og_url":"https:\/\/www.visit-ulcinj.com\/blog\/2009\/04\/01\/mimoza-krasniqi-bjordi-eshte-mjalte-e-sherbet\/","og_site_name":"Lajme nga Ulqini","article_published_time":"2009-04-01T22:03:54+00:00","og_image":[{"url":"http:\/\/www.visit-ulcinj.com\/blog\/wp-content\/uploads\/2009\/04\/moza-per-bjordin.jpg"}],"twitter_misc":{"Written by":"ulqini","Est. reading time":"1 minute"},"schema":{"@context":"https:\/\/schema.org","@graph":[{"@type":"WebSite","@id":"https:\/\/www.visit-ulcinj.com\/blog\/#website","url":"https:\/\/www.visit-ulcinj.com\/blog\/","name":"Lajme nga Ulqini","description":"Lajme,Vijesti,Ulqini,Ulqin,Crna Gora,Mali i Zi","potentialAction":[{"@type":"SearchAction","target":{"@type":"EntryPoint","urlTemplate":"https:\/\/www.visit-ulcinj.com\/blog\/?s={search_term_string}"},"query-input":"required name=search_term_string"}],"inLanguage":"en-US"},{"@type":"ImageObject","inLanguage":"en-US","@id":"https:\/\/www.visit-ulcinj.com\/blog\/2009\/04\/01\/mimoza-krasniqi-bjordi-eshte-mjalte-e-sherbet\/#primaryimage","url":"http:\/\/www.visit-ulcinj.com\/blog\/wp-content\/uploads\/2009\/04\/moza-per-bjordin.jpg","contentUrl":"http:\/\/www.visit-ulcinj.com\/blog\/wp-content\/uploads\/2009\/04\/moza-per-bjordin.jpg"},{"@type":"WebPage","@id":"https:\/\/www.visit-ulcinj.com\/blog\/2009\/04\/01\/mimoza-krasniqi-bjordi-eshte-mjalte-e-sherbet\/#webpage","url":"https:\/\/www.visit-ulcinj.com\/blog\/2009\/04\/01\/mimoza-krasniqi-bjordi-eshte-mjalte-e-sherbet\/","name":"Mimoza Krasniqi : Bjordi \u00c3\u00absht\u00c3\u00ab mjalt\u00c3\u00ab e sherbet | Big Brother Albania 2","isPartOf":{"@id":"https:\/\/www.visit-ulcinj.com\/blog\/#website"},"primaryImageOfPage":{"@id":"https:\/\/www.visit-ulcinj.com\/blog\/2009\/04\/01\/mimoza-krasniqi-bjordi-eshte-mjalte-e-sherbet\/#primaryimage"},"datePublished":"2009-04-01T22:03:54+00:00","dateModified":"2009-04-01T22:03:54+00:00","author":{"@id":"https:\/\/www.visit-ulcinj.com\/blog\/#\/schema\/person\/dcab619c614d3038751c63bc2aadc06d"},"description":"Big Brother Albania 2 - \u00e2\u20ac\u0153Bjordi \u00c3\u00absht\u00c3\u00ab fatmadh!- u ka th\u00c3\u00abn\u00c3\u00ab Mimoza Adelajdes dhe Adit. \u00e2\u20ac\u201c\u00c3\u2039sht\u00c3\u00ab nj\u00c3\u00absh!\u00e2\u20ac\u009d. Ajo ka cil\u00c3\u00absuar se k\u00c3\u00abt\u00c3\u00ab fat e kishte sidomos me femrat","breadcrumb":{"@id":"https:\/\/www.visit-ulcinj.com\/blog\/2009\/04\/01\/mimoza-krasniqi-bjordi-eshte-mjalte-e-sherbet\/#breadcrumb"},"inLanguage":"en-US","potentialAction":[{"@type":"ReadAction","target":["https:\/\/www.visit-ulcinj.com\/blog\/2009\/04\/01\/mimoza-krasniqi-bjordi-eshte-mjalte-e-sherbet\/"]}]},{"@type":"BreadcrumbList","@id":"https:\/\/www.visit-ulcinj.com\/blog\/2009\/04\/01\/mimoza-krasniqi-bjordi-eshte-mjalte-e-sherbet\/#breadcrumb","itemListElement":[{"@type":"ListItem","position":1,"name":"Mimoza Krasniqi : Bjordi \u00ebsht\u00eb mjalt\u00eb e sherbet"}]},{"@type":"Person","@id":"https:\/\/www.visit-ulcinj.com\/blog\/#\/schema\/person\/dcab619c614d3038751c63bc2aadc06d","name":"ulqini","sameAs":["http:\/\/www.visit-ulcinj.com"],"url":"https:\/\/www.visit-ulcinj.com\/blog\/author\/admin\/"}]}},"jetpack_featured_media_url":"","jetpack_sharing_enabled":true,"jetpack_shortlink":"https:\/\/wp.me\/pe6lTn-4gG","_links":{"self":[{"href":"https:\/\/www.visit-ulcinj.com\/blog\/wp-json\/wp\/v2\/posts\/16410"}],"collection":[{"href":"https:\/\/www.visit-ulcinj.com\/blog\/wp-json\/wp\/v2\/posts"}],"about":[{"href":"https:\/\/www.visit-ulcinj.com\/blog\/wp-json\/wp\/v2\/types\/post"}],"author":[{"embeddable":true,"href":"https:\/\/www.visit-ulcinj.com\/blog\/wp-json\/wp\/v2\/users\/1"}],"replies":[{"embeddable":true,"href":"https:\/\/www.visit-ulcinj.com\/blog\/wp-json\/wp\/v2\/comments?post=16410"}],"version-history":[{"count":0,"href":"https:\/\/www.visit-ulcinj.com\/blog\/wp-json\/wp\/v2\/posts\/16410\/revisions"}],"wp:attachment":[{"href":"https:\/\/www.visit-ulcinj.com\/blog\/wp-json\/wp\/v2\/media?parent=16410"}],"wp:term":[{"taxonomy":"category","embeddable":true,"href":"https:\/\/www.visit-ulcinj.com\/blog\/wp-json\/wp\/v2\/categories?post=16410"},{"taxonomy":"post_tag","embeddable":true,"href":"https:\/\/www.visit-ulcinj.com\/blog\/wp-json\/wp\/v2\/tags?post=16410"}],"curies":[{"name":"wp","href":"https:\/\/api.w.org\/{rel}","templated":true}]}}