{"id":16427,"date":"2009-04-02T17:56:28","date_gmt":"2009-04-02T16:56:28","guid":{"rendered":"http:\/\/www.visit-ulcinj.com\/blog\/?p=16427"},"modified":"2009-04-02T17:57:59","modified_gmt":"2009-04-02T16:57:59","slug":"cungu-vrijeme-za-saradnju","status":"publish","type":"post","link":"https:\/\/www.visit-ulcinj.com\/blog\/2009\/04\/02\/cungu-vrijeme-za-saradnju\/","title":{"rendered":"Cungu: Vrijeme za saradnju"},"content":{"rendered":"<p><strong><a href=\"http:\/\/www.visit-ulcinj.com\/blog\/wp-content\/uploads\/2009\/04\/nazif-cungu.jpg\"><img loading=\"lazy\" class=\"alignleft size-full wp-image-16428\" title=\"nazif-cungu\" src=\"http:\/\/www.visit-ulcinj.com\/blog\/wp-content\/uploads\/2009\/04\/nazif-cungu.jpg\" alt=\"nazif-cungu\" width=\"361\" height=\"270\" srcset=\"https:\/\/www.visit-ulcinj.com\/blog\/wp-content\/uploads\/2009\/04\/nazif-cungu.jpg 320w, https:\/\/www.visit-ulcinj.com\/blog\/wp-content\/uploads\/2009\/04\/nazif-cungu-300x225.jpg 300w\" sizes=\"(max-width: 361px) 100vw, 361px\" \/><\/a>Lider nove &#8220;Force&#8221; zadovoljan izbornim rezultatom i apeluje na ostale albanske partije<\/strong><br \/>\nLider Nove demokratske snage Forca Nazif Cungu izrazio je ju?e zadovoljstvo postignutim izbornim rezultatom, i saop\u0161tio je da je ta partija spremna za saradnju, sa svim predstavnicima Albanaca u Skup\u0161tini Crne Gore. Na konferenciji za novinare, povodom osvajanja poslani?kog mandata u Skup\u0161tini Crne Gore, Cungu je kazao je da je u odnosu na 2006. godine izborni rezultat bolji za preko 40 odsto. &#8211; Forca je postala parlamentarna partija i zbog toga \u017eelimo da se zahvalimo na\u0161im ?lanovima i simpatizerima i svima koji su doprinijeli da Forca, u kratkom periodu, preraste iz te\u017enje i projekta u ostvarenu realnost, kazao je Cungu. Istakao je da uspjeh partije ima veliku vrijednost i zbog, kako je rekao, ?injenice da je Forca prisutna u svim albanskim podru?jima, kako u Ulcinju,tako i u Anamaskom podru?ju, Krajini, Malesiji, Plavu i Gusinju i u Ro\u017eajama. On se zahvalio i svim gla?anima koji su iskoristili svoje pravo, a posebno onima koji su glasali albanske stranke, pohvaljuju?i bira?e zbog korektnog i civilizovanog pona\u0161anja tokom izbora. Cungu je na kraju poru?io bira?ima da ?e nosliac liste na izborima i budu?i poslanik, Genci Nimanbegu biti svima na usluzi te da ?e se svi glasovi bira?a po\u0161tovati.<br \/>\n<strong>M.K.<br \/>\nDAN<\/strong><\/p>\n<!--YouTube Error: bad URL entered-->\n","protected":false},"excerpt":{"rendered":"<p>Lider nove &#8220;Force&#8221; zadovoljan izbornim rezultatom i apeluje na ostale albanske partije Lider Nove demokratske snage Forca Nazif Cungu izrazio je ju?e zadovoljstvo postignutim izbornim rezultatom, i saop\u0161tio je da je ta partija spremna za saradnju, sa svim predstavnicima Albanaca u Skup\u0161tini Crne Gore. Na konferenciji za novinare, povodom osvajanja poslani?kog mandata u Skup\u0161tini Crne [&hellip;]<\/p>\n","protected":false},"author":1,"featured_media":0,"comment_status":"open","ping_status":"closed","sticky":false,"template":"","format":"standard","meta":{"spay_email":"","jetpack_publicize_message":"","jetpack_is_tweetstorm":false,"jetpack_publicize_feature_enabled":true},"categories":[8337],"tags":[8676,8675],"jetpack_publicize_connections":[],"yoast_head":"<!-- This site is optimized with the Yoast SEO plugin v19.1 - https:\/\/yoast.com\/wordpress\/plugins\/seo\/ -->\n<title>Cungu: Vrijeme za saradnju - Lajme nga Ulqini<\/title>\n<meta name=\"description\" content=\"Lider nove &quot;Force&quot; zadovoljan izbornim rezultatom i apeluje na ostale albanske partije Lider Nove demokratske snage Forca Nazif Cungu izrazio je ju?e\" \/>\n<meta name=\"robots\" content=\"index, follow, max-snippet:-1, max-image-preview:large, max-video-preview:-1\" \/>\n<link rel=\"canonical\" href=\"https:\/\/www.visit-ulcinj.com\/blog\/2009\/04\/02\/cungu-vrijeme-za-saradnju\/\" \/>\n<meta property=\"og:locale\" content=\"en_US\" \/>\n<meta property=\"og:type\" content=\"article\" \/>\n<meta property=\"og:title\" content=\"Cungu: Vrijeme za saradnju - Lajme nga Ulqini\" \/>\n<meta property=\"og:description\" content=\"Lider nove &quot;Force&quot; zadovoljan izbornim rezultatom i apeluje na ostale albanske partije Lider Nove demokratske snage Forca Nazif Cungu izrazio je ju?e\" \/>\n<meta property=\"og:url\" content=\"https:\/\/www.visit-ulcinj.com\/blog\/2009\/04\/02\/cungu-vrijeme-za-saradnju\/\" \/>\n<meta property=\"og:site_name\" content=\"Lajme nga Ulqini\" \/>\n<meta property=\"article:published_time\" content=\"2009-04-02T16:56:28+00:00\" \/>\n<meta property=\"article:modified_time\" content=\"2009-04-02T16:57:59+00:00\" \/>\n<meta property=\"og:image\" content=\"http:\/\/www.visit-ulcinj.com\/blog\/wp-content\/uploads\/2009\/04\/nazif-cungu.jpg\" \/>\n<meta name=\"twitter:label1\" content=\"Written by\" \/>\n\t<meta name=\"twitter:data1\" content=\"ulqini\" \/>\n\t<meta name=\"twitter:label2\" content=\"Est. reading time\" \/>\n\t<meta name=\"twitter:data2\" content=\"1 minute\" \/>\n<script type=\"application\/ld+json\" class=\"yoast-schema-graph\">{\"@context\":\"https:\/\/schema.org\",\"@graph\":[{\"@type\":\"WebSite\",\"@id\":\"https:\/\/www.visit-ulcinj.com\/blog\/#website\",\"url\":\"https:\/\/www.visit-ulcinj.com\/blog\/\",\"name\":\"Lajme nga Ulqini\",\"description\":\"Lajme,Vijesti,Ulqini,Ulqin,Crna Gora,Mali i Zi\",\"potentialAction\":[{\"@type\":\"SearchAction\",\"target\":{\"@type\":\"EntryPoint\",\"urlTemplate\":\"https:\/\/www.visit-ulcinj.com\/blog\/?s={search_term_string}\"},\"query-input\":\"required name=search_term_string\"}],\"inLanguage\":\"en-US\"},{\"@type\":\"ImageObject\",\"inLanguage\":\"en-US\",\"@id\":\"https:\/\/www.visit-ulcinj.com\/blog\/2009\/04\/02\/cungu-vrijeme-za-saradnju\/#primaryimage\",\"url\":\"https:\/\/www.visit-ulcinj.com\/blog\/wp-content\/uploads\/2009\/04\/nazif-cungu.jpg\",\"contentUrl\":\"https:\/\/www.visit-ulcinj.com\/blog\/wp-content\/uploads\/2009\/04\/nazif-cungu.jpg\",\"width\":\"320\",\"height\":\"240\"},{\"@type\":\"WebPage\",\"@id\":\"https:\/\/www.visit-ulcinj.com\/blog\/2009\/04\/02\/cungu-vrijeme-za-saradnju\/#webpage\",\"url\":\"https:\/\/www.visit-ulcinj.com\/blog\/2009\/04\/02\/cungu-vrijeme-za-saradnju\/\",\"name\":\"Cungu: Vrijeme za saradnju - Lajme nga Ulqini\",\"isPartOf\":{\"@id\":\"https:\/\/www.visit-ulcinj.com\/blog\/#website\"},\"primaryImageOfPage\":{\"@id\":\"https:\/\/www.visit-ulcinj.com\/blog\/2009\/04\/02\/cungu-vrijeme-za-saradnju\/#primaryimage\"},\"datePublished\":\"2009-04-02T16:56:28+00:00\",\"dateModified\":\"2009-04-02T16:57:59+00:00\",\"author\":{\"@id\":\"https:\/\/www.visit-ulcinj.com\/blog\/#\/schema\/person\/dcab619c614d3038751c63bc2aadc06d\"},\"description\":\"Lider nove \\\"Force\\\" zadovoljan izbornim rezultatom i apeluje na ostale albanske partije Lider Nove demokratske snage Forca Nazif Cungu izrazio je ju?e\",\"breadcrumb\":{\"@id\":\"https:\/\/www.visit-ulcinj.com\/blog\/2009\/04\/02\/cungu-vrijeme-za-saradnju\/#breadcrumb\"},\"inLanguage\":\"en-US\",\"potentialAction\":[{\"@type\":\"ReadAction\",\"target\":[\"https:\/\/www.visit-ulcinj.com\/blog\/2009\/04\/02\/cungu-vrijeme-za-saradnju\/\"]}]},{\"@type\":\"BreadcrumbList\",\"@id\":\"https:\/\/www.visit-ulcinj.com\/blog\/2009\/04\/02\/cungu-vrijeme-za-saradnju\/#breadcrumb\",\"itemListElement\":[{\"@type\":\"ListItem\",\"position\":1,\"name\":\"Cungu: Vrijeme za saradnju\"}]},{\"@type\":\"Person\",\"@id\":\"https:\/\/www.visit-ulcinj.com\/blog\/#\/schema\/person\/dcab619c614d3038751c63bc2aadc06d\",\"name\":\"ulqini\",\"sameAs\":[\"http:\/\/www.visit-ulcinj.com\"],\"url\":\"https:\/\/www.visit-ulcinj.com\/blog\/author\/admin\/\"}]}<\/script>\n<!-- \/ Yoast SEO plugin. -->","yoast_head_json":{"title":"Cungu: Vrijeme za saradnju - Lajme nga Ulqini","description":"Lider nove \"Force\" zadovoljan izbornim rezultatom i apeluje na ostale albanske partije Lider Nove demokratske snage Forca Nazif Cungu izrazio je ju?e","robots":{"index":"index","follow":"follow","max-snippet":"max-snippet:-1","max-image-preview":"max-image-preview:large","max-video-preview":"max-video-preview:-1"},"canonical":"https:\/\/www.visit-ulcinj.com\/blog\/2009\/04\/02\/cungu-vrijeme-za-saradnju\/","og_locale":"en_US","og_type":"article","og_title":"Cungu: Vrijeme za saradnju - Lajme nga Ulqini","og_description":"Lider nove \"Force\" zadovoljan izbornim rezultatom i apeluje na ostale albanske partije Lider Nove demokratske snage Forca Nazif Cungu izrazio je ju?e","og_url":"https:\/\/www.visit-ulcinj.com\/blog\/2009\/04\/02\/cungu-vrijeme-za-saradnju\/","og_site_name":"Lajme nga Ulqini","article_published_time":"2009-04-02T16:56:28+00:00","article_modified_time":"2009-04-02T16:57:59+00:00","og_image":[{"url":"http:\/\/www.visit-ulcinj.com\/blog\/wp-content\/uploads\/2009\/04\/nazif-cungu.jpg"}],"twitter_misc":{"Written by":"ulqini","Est. reading time":"1 minute"},"schema":{"@context":"https:\/\/schema.org","@graph":[{"@type":"WebSite","@id":"https:\/\/www.visit-ulcinj.com\/blog\/#website","url":"https:\/\/www.visit-ulcinj.com\/blog\/","name":"Lajme nga Ulqini","description":"Lajme,Vijesti,Ulqini,Ulqin,Crna Gora,Mali i Zi","potentialAction":[{"@type":"SearchAction","target":{"@type":"EntryPoint","urlTemplate":"https:\/\/www.visit-ulcinj.com\/blog\/?s={search_term_string}"},"query-input":"required name=search_term_string"}],"inLanguage":"en-US"},{"@type":"ImageObject","inLanguage":"en-US","@id":"https:\/\/www.visit-ulcinj.com\/blog\/2009\/04\/02\/cungu-vrijeme-za-saradnju\/#primaryimage","url":"https:\/\/www.visit-ulcinj.com\/blog\/wp-content\/uploads\/2009\/04\/nazif-cungu.jpg","contentUrl":"https:\/\/www.visit-ulcinj.com\/blog\/wp-content\/uploads\/2009\/04\/nazif-cungu.jpg","width":"320","height":"240"},{"@type":"WebPage","@id":"https:\/\/www.visit-ulcinj.com\/blog\/2009\/04\/02\/cungu-vrijeme-za-saradnju\/#webpage","url":"https:\/\/www.visit-ulcinj.com\/blog\/2009\/04\/02\/cungu-vrijeme-za-saradnju\/","name":"Cungu: Vrijeme za saradnju - Lajme nga Ulqini","isPartOf":{"@id":"https:\/\/www.visit-ulcinj.com\/blog\/#website"},"primaryImageOfPage":{"@id":"https:\/\/www.visit-ulcinj.com\/blog\/2009\/04\/02\/cungu-vrijeme-za-saradnju\/#primaryimage"},"datePublished":"2009-04-02T16:56:28+00:00","dateModified":"2009-04-02T16:57:59+00:00","author":{"@id":"https:\/\/www.visit-ulcinj.com\/blog\/#\/schema\/person\/dcab619c614d3038751c63bc2aadc06d"},"description":"Lider nove \"Force\" zadovoljan izbornim rezultatom i apeluje na ostale albanske partije Lider Nove demokratske snage Forca Nazif Cungu izrazio je ju?e","breadcrumb":{"@id":"https:\/\/www.visit-ulcinj.com\/blog\/2009\/04\/02\/cungu-vrijeme-za-saradnju\/#breadcrumb"},"inLanguage":"en-US","potentialAction":[{"@type":"ReadAction","target":["https:\/\/www.visit-ulcinj.com\/blog\/2009\/04\/02\/cungu-vrijeme-za-saradnju\/"]}]},{"@type":"BreadcrumbList","@id":"https:\/\/www.visit-ulcinj.com\/blog\/2009\/04\/02\/cungu-vrijeme-za-saradnju\/#breadcrumb","itemListElement":[{"@type":"ListItem","position":1,"name":"Cungu: Vrijeme za saradnju"}]},{"@type":"Person","@id":"https:\/\/www.visit-ulcinj.com\/blog\/#\/schema\/person\/dcab619c614d3038751c63bc2aadc06d","name":"ulqini","sameAs":["http:\/\/www.visit-ulcinj.com"],"url":"https:\/\/www.visit-ulcinj.com\/blog\/author\/admin\/"}]}},"jetpack_featured_media_url":"","jetpack_sharing_enabled":true,"jetpack_shortlink":"https:\/\/wp.me\/pe6lTn-4gX","_links":{"self":[{"href":"https:\/\/www.visit-ulcinj.com\/blog\/wp-json\/wp\/v2\/posts\/16427"}],"collection":[{"href":"https:\/\/www.visit-ulcinj.com\/blog\/wp-json\/wp\/v2\/posts"}],"about":[{"href":"https:\/\/www.visit-ulcinj.com\/blog\/wp-json\/wp\/v2\/types\/post"}],"author":[{"embeddable":true,"href":"https:\/\/www.visit-ulcinj.com\/blog\/wp-json\/wp\/v2\/users\/1"}],"replies":[{"embeddable":true,"href":"https:\/\/www.visit-ulcinj.com\/blog\/wp-json\/wp\/v2\/comments?post=16427"}],"version-history":[{"count":0,"href":"https:\/\/www.visit-ulcinj.com\/blog\/wp-json\/wp\/v2\/posts\/16427\/revisions"}],"wp:attachment":[{"href":"https:\/\/www.visit-ulcinj.com\/blog\/wp-json\/wp\/v2\/media?parent=16427"}],"wp:term":[{"taxonomy":"category","embeddable":true,"href":"https:\/\/www.visit-ulcinj.com\/blog\/wp-json\/wp\/v2\/categories?post=16427"},{"taxonomy":"post_tag","embeddable":true,"href":"https:\/\/www.visit-ulcinj.com\/blog\/wp-json\/wp\/v2\/tags?post=16427"}],"curies":[{"name":"wp","href":"https:\/\/api.w.org\/{rel}","templated":true}]}}