{"id":16441,"date":"2009-04-02T19:04:36","date_gmt":"2009-04-02T18:04:36","guid":{"rendered":"http:\/\/www.visit-ulcinj.com\/blog\/?p=16441"},"modified":"2009-04-02T19:04:36","modified_gmt":"2009-04-02T18:04:36","slug":"adelajda-zhuljeta-i-kishte-buzet-e-bera","status":"publish","type":"post","link":"https:\/\/www.visit-ulcinj.com\/blog\/2009\/04\/02\/adelajda-zhuljeta-i-kishte-buzet-e-bera\/","title":{"rendered":"Adelajda : Zhuljeta i kishte buz\u00ebt e b\u00ebra"},"content":{"rendered":"<p><em><span class=\"newsdate\"><a href=\"http:\/\/www.visit-ulcinj.com\/blog\/wp-content\/uploads\/2009\/04\/per-zhuljeten.jpg\"><img loading=\"lazy\" class=\"alignleft size-full wp-image-16442\" title=\"per-zhuljeten-big-brother-albania-2\" src=\"http:\/\/www.visit-ulcinj.com\/blog\/wp-content\/uploads\/2009\/04\/per-zhuljeten.jpg\" alt=\"per-zhuljeten-big-brother-albania-2\" width=\"300\" height=\"205\" \/><\/a>30\/03\/09 03:22<\/span><\/em><\/p>\n<p>\u201cZhuljeta i kishte buz\u00ebt e b\u00ebra, qerpik\u00ebt e v\u00ebna dhe vetullat e pikturuara!- ka th\u00ebn\u00eb Adelajda. Kjo gj\u00eb ka shkaktuar shum\u00eb habi tek Qetsori q\u00eb e ka quajtur veten idiot q\u00eb nuk e kishte kuptuar. \u201cPse nuk e kishe kuptuar ti?\u201d \u2013 e ka pyetur Adelajda. Ai ka th\u00ebn\u00eb se e kishte v\u00ebn\u00eb re q\u00eb di\u00e7ka nuk shkonte, por nuk e kishte p\u00ebrcaktuar dot. Adelajda ka treguar se kishte dyshuar q\u00eb n\u00eb fillim, por kur e kishte pyetur Zhuljet\u00ebn dhe ajo i kishte th\u00ebn\u00eb jo, e kishte besuar. M\u00eb pas, kishte qen\u00eb Aida q\u00eb kishte p\u00ebrligjur dyshimet e saj. Anjeza ka th\u00ebn\u00eb se nuk ishte ndonj\u00eb gj\u00eb p\u00ebr t\u00eb mos u treguar dhe nuk e kuptonte pse Zhuljeta kishte th\u00ebn\u00eb jo, kur e v\u00ebrteta ishte ndryshe dhe n\u00eb fund t\u00eb fundit, nuk kishte asgj\u00eb t\u00eb keqe. Por, sipas Bjordit, n\u00ebse njeriu ka nj\u00eb defekt q\u00eb nuk e b\u00ebn t\u00eb ndjehet mir\u00eb me veten dhe t\u00eb tjer\u00ebt dhe ai e korrigjon q\u00eb mos t\u2019ia shoh\u00eb askush, \u00e7\u2019kuptim ka t\u00eb tregoj\u00eb q\u00eb e ka modifikuar.<br \/>\nM\u00eb pas debatit ka kaluar n\u00eb tema t\u00eb tjera. \u00cbsht\u00eb diskutuar p\u00ebr transvestit\u00ebt dhe opinionet apo k\u00ebndv\u00ebshtrimet kan\u00eb qen\u00eb nga m\u00eb t\u00eb ndryshmet, n\u00eb kufijt\u00eb mes pros\u00eb dhe kundr\u00ebs.<\/p>\n","protected":false},"excerpt":{"rendered":"<p>30\/03\/09 03:22 \u201cZhuljeta i kishte buz\u00ebt e b\u00ebra, qerpik\u00ebt e v\u00ebna dhe vetullat e pikturuara!- ka th\u00ebn\u00eb Adelajda. Kjo gj\u00eb ka shkaktuar shum\u00eb habi tek Qetsori q\u00eb e ka quajtur veten idiot q\u00eb nuk e kishte kuptuar. \u201cPse nuk e kishe kuptuar ti?\u201d \u2013 e ka pyetur Adelajda. Ai ka th\u00ebn\u00eb se e kishte v\u00ebn\u00eb [&hellip;]<\/p>\n","protected":false},"author":1,"featured_media":0,"comment_status":"open","ping_status":"closed","sticky":false,"template":"","format":"standard","meta":{"spay_email":"","jetpack_publicize_message":"","jetpack_is_tweetstorm":false,"jetpack_publicize_feature_enabled":true},"categories":[6502],"tags":[6529,1414,6537,6525,5057,6506,6516,6712,7129,6522,6891,6693,6887,6536],"jetpack_publicize_connections":[],"yoast_head":"<!-- This site is optimized with the Yoast SEO plugin v19.1 - https:\/\/yoast.com\/wordpress\/plugins\/seo\/ -->\n<title>Adelajda : Zhuljeta i kishte buz\u00c3\u00abt e b\u00c3\u00abra | Big Brother Albania 2<\/title>\n<meta name=\"description\" content=\"Big Brother Albania 2 - \u00e2\u20ac\u0153Zhuljeta i kishte buz\u00c3\u00abt e b\u00c3\u00abra, qerpik\u00c3\u00abt e v\u00c3\u00abna dhe vetullat e pikturuara!- ka th\u00c3\u00abn\u00c3\u00ab Adelajda. Kjo gj\u00c3\u00ab ka shkaktuar shum\u00c3\u00ab habi tek Qetsori q\u00c3\u00ab e ka quajtur veten idiot q\u00c3\u00ab nuk e kishte kuptuar\" \/>\n<meta name=\"robots\" content=\"index, follow, max-snippet:-1, max-image-preview:large, max-video-preview:-1\" \/>\n<link rel=\"canonical\" href=\"https:\/\/www.visit-ulcinj.com\/blog\/2009\/04\/02\/adelajda-zhuljeta-i-kishte-buzet-e-bera\/\" \/>\n<meta property=\"og:locale\" content=\"en_US\" \/>\n<meta property=\"og:type\" content=\"article\" \/>\n<meta property=\"og:title\" content=\"Adelajda : Zhuljeta i kishte buz\u00c3\u00abt e b\u00c3\u00abra | Big Brother Albania 2\" \/>\n<meta property=\"og:description\" content=\"Big Brother Albania 2 - \u00e2\u20ac\u0153Zhuljeta i kishte buz\u00c3\u00abt e b\u00c3\u00abra, qerpik\u00c3\u00abt e v\u00c3\u00abna dhe vetullat e pikturuara!- ka th\u00c3\u00abn\u00c3\u00ab Adelajda. Kjo gj\u00c3\u00ab ka shkaktuar shum\u00c3\u00ab habi tek Qetsori q\u00c3\u00ab e ka quajtur veten idiot q\u00c3\u00ab nuk e kishte kuptuar\" \/>\n<meta property=\"og:url\" content=\"https:\/\/www.visit-ulcinj.com\/blog\/2009\/04\/02\/adelajda-zhuljeta-i-kishte-buzet-e-bera\/\" \/>\n<meta property=\"og:site_name\" content=\"Lajme nga Ulqini\" \/>\n<meta property=\"article:published_time\" content=\"2009-04-02T18:04:36+00:00\" \/>\n<meta property=\"og:image\" content=\"http:\/\/www.visit-ulcinj.com\/blog\/wp-content\/uploads\/2009\/04\/per-zhuljeten.jpg\" \/>\n<meta name=\"twitter:label1\" content=\"Written by\" \/>\n\t<meta name=\"twitter:data1\" content=\"ulqini\" \/>\n\t<meta name=\"twitter:label2\" content=\"Est. reading time\" \/>\n\t<meta name=\"twitter:data2\" content=\"1 minute\" \/>\n<script type=\"application\/ld+json\" class=\"yoast-schema-graph\">{\"@context\":\"https:\/\/schema.org\",\"@graph\":[{\"@type\":\"WebSite\",\"@id\":\"https:\/\/www.visit-ulcinj.com\/blog\/#website\",\"url\":\"https:\/\/www.visit-ulcinj.com\/blog\/\",\"name\":\"Lajme nga Ulqini\",\"description\":\"Lajme,Vijesti,Ulqini,Ulqin,Crna Gora,Mali i Zi\",\"potentialAction\":[{\"@type\":\"SearchAction\",\"target\":{\"@type\":\"EntryPoint\",\"urlTemplate\":\"https:\/\/www.visit-ulcinj.com\/blog\/?s={search_term_string}\"},\"query-input\":\"required name=search_term_string\"}],\"inLanguage\":\"en-US\"},{\"@type\":\"ImageObject\",\"inLanguage\":\"en-US\",\"@id\":\"https:\/\/www.visit-ulcinj.com\/blog\/2009\/04\/02\/adelajda-zhuljeta-i-kishte-buzet-e-bera\/#primaryimage\",\"url\":\"http:\/\/www.visit-ulcinj.com\/blog\/wp-content\/uploads\/2009\/04\/per-zhuljeten.jpg\",\"contentUrl\":\"http:\/\/www.visit-ulcinj.com\/blog\/wp-content\/uploads\/2009\/04\/per-zhuljeten.jpg\"},{\"@type\":\"WebPage\",\"@id\":\"https:\/\/www.visit-ulcinj.com\/blog\/2009\/04\/02\/adelajda-zhuljeta-i-kishte-buzet-e-bera\/#webpage\",\"url\":\"https:\/\/www.visit-ulcinj.com\/blog\/2009\/04\/02\/adelajda-zhuljeta-i-kishte-buzet-e-bera\/\",\"name\":\"Adelajda : Zhuljeta i kishte buz\u00c3\u00abt e b\u00c3\u00abra | Big Brother Albania 2\",\"isPartOf\":{\"@id\":\"https:\/\/www.visit-ulcinj.com\/blog\/#website\"},\"primaryImageOfPage\":{\"@id\":\"https:\/\/www.visit-ulcinj.com\/blog\/2009\/04\/02\/adelajda-zhuljeta-i-kishte-buzet-e-bera\/#primaryimage\"},\"datePublished\":\"2009-04-02T18:04:36+00:00\",\"dateModified\":\"2009-04-02T18:04:36+00:00\",\"author\":{\"@id\":\"https:\/\/www.visit-ulcinj.com\/blog\/#\/schema\/person\/dcab619c614d3038751c63bc2aadc06d\"},\"description\":\"Big Brother Albania 2 - \u00e2\u20ac\u0153Zhuljeta i kishte buz\u00c3\u00abt e b\u00c3\u00abra, qerpik\u00c3\u00abt e v\u00c3\u00abna dhe vetullat e pikturuara!- ka th\u00c3\u00abn\u00c3\u00ab Adelajda. Kjo gj\u00c3\u00ab ka shkaktuar shum\u00c3\u00ab habi tek Qetsori q\u00c3\u00ab e ka quajtur veten idiot q\u00c3\u00ab nuk e kishte kuptuar\",\"breadcrumb\":{\"@id\":\"https:\/\/www.visit-ulcinj.com\/blog\/2009\/04\/02\/adelajda-zhuljeta-i-kishte-buzet-e-bera\/#breadcrumb\"},\"inLanguage\":\"en-US\",\"potentialAction\":[{\"@type\":\"ReadAction\",\"target\":[\"https:\/\/www.visit-ulcinj.com\/blog\/2009\/04\/02\/adelajda-zhuljeta-i-kishte-buzet-e-bera\/\"]}]},{\"@type\":\"BreadcrumbList\",\"@id\":\"https:\/\/www.visit-ulcinj.com\/blog\/2009\/04\/02\/adelajda-zhuljeta-i-kishte-buzet-e-bera\/#breadcrumb\",\"itemListElement\":[{\"@type\":\"ListItem\",\"position\":1,\"name\":\"Adelajda : Zhuljeta i kishte buz\u00ebt e b\u00ebra\"}]},{\"@type\":\"Person\",\"@id\":\"https:\/\/www.visit-ulcinj.com\/blog\/#\/schema\/person\/dcab619c614d3038751c63bc2aadc06d\",\"name\":\"ulqini\",\"sameAs\":[\"http:\/\/www.visit-ulcinj.com\"],\"url\":\"https:\/\/www.visit-ulcinj.com\/blog\/author\/admin\/\"}]}<\/script>\n<!-- \/ Yoast SEO plugin. -->","yoast_head_json":{"title":"Adelajda : Zhuljeta i kishte buz\u00c3\u00abt e b\u00c3\u00abra | Big Brother Albania 2","description":"Big Brother Albania 2 - \u00e2\u20ac\u0153Zhuljeta i kishte buz\u00c3\u00abt e b\u00c3\u00abra, qerpik\u00c3\u00abt e v\u00c3\u00abna dhe vetullat e pikturuara!- ka th\u00c3\u00abn\u00c3\u00ab Adelajda. Kjo gj\u00c3\u00ab ka shkaktuar shum\u00c3\u00ab habi tek Qetsori q\u00c3\u00ab e ka quajtur veten idiot q\u00c3\u00ab nuk e kishte kuptuar","robots":{"index":"index","follow":"follow","max-snippet":"max-snippet:-1","max-image-preview":"max-image-preview:large","max-video-preview":"max-video-preview:-1"},"canonical":"https:\/\/www.visit-ulcinj.com\/blog\/2009\/04\/02\/adelajda-zhuljeta-i-kishte-buzet-e-bera\/","og_locale":"en_US","og_type":"article","og_title":"Adelajda : Zhuljeta i kishte buz\u00c3\u00abt e b\u00c3\u00abra | Big Brother Albania 2","og_description":"Big Brother Albania 2 - \u00e2\u20ac\u0153Zhuljeta i kishte buz\u00c3\u00abt e b\u00c3\u00abra, qerpik\u00c3\u00abt e v\u00c3\u00abna dhe vetullat e pikturuara!- ka th\u00c3\u00abn\u00c3\u00ab Adelajda. Kjo gj\u00c3\u00ab ka shkaktuar shum\u00c3\u00ab habi tek Qetsori q\u00c3\u00ab e ka quajtur veten idiot q\u00c3\u00ab nuk e kishte kuptuar","og_url":"https:\/\/www.visit-ulcinj.com\/blog\/2009\/04\/02\/adelajda-zhuljeta-i-kishte-buzet-e-bera\/","og_site_name":"Lajme nga Ulqini","article_published_time":"2009-04-02T18:04:36+00:00","og_image":[{"url":"http:\/\/www.visit-ulcinj.com\/blog\/wp-content\/uploads\/2009\/04\/per-zhuljeten.jpg"}],"twitter_misc":{"Written by":"ulqini","Est. reading time":"1 minute"},"schema":{"@context":"https:\/\/schema.org","@graph":[{"@type":"WebSite","@id":"https:\/\/www.visit-ulcinj.com\/blog\/#website","url":"https:\/\/www.visit-ulcinj.com\/blog\/","name":"Lajme nga Ulqini","description":"Lajme,Vijesti,Ulqini,Ulqin,Crna Gora,Mali i Zi","potentialAction":[{"@type":"SearchAction","target":{"@type":"EntryPoint","urlTemplate":"https:\/\/www.visit-ulcinj.com\/blog\/?s={search_term_string}"},"query-input":"required name=search_term_string"}],"inLanguage":"en-US"},{"@type":"ImageObject","inLanguage":"en-US","@id":"https:\/\/www.visit-ulcinj.com\/blog\/2009\/04\/02\/adelajda-zhuljeta-i-kishte-buzet-e-bera\/#primaryimage","url":"http:\/\/www.visit-ulcinj.com\/blog\/wp-content\/uploads\/2009\/04\/per-zhuljeten.jpg","contentUrl":"http:\/\/www.visit-ulcinj.com\/blog\/wp-content\/uploads\/2009\/04\/per-zhuljeten.jpg"},{"@type":"WebPage","@id":"https:\/\/www.visit-ulcinj.com\/blog\/2009\/04\/02\/adelajda-zhuljeta-i-kishte-buzet-e-bera\/#webpage","url":"https:\/\/www.visit-ulcinj.com\/blog\/2009\/04\/02\/adelajda-zhuljeta-i-kishte-buzet-e-bera\/","name":"Adelajda : Zhuljeta i kishte buz\u00c3\u00abt e b\u00c3\u00abra | Big Brother Albania 2","isPartOf":{"@id":"https:\/\/www.visit-ulcinj.com\/blog\/#website"},"primaryImageOfPage":{"@id":"https:\/\/www.visit-ulcinj.com\/blog\/2009\/04\/02\/adelajda-zhuljeta-i-kishte-buzet-e-bera\/#primaryimage"},"datePublished":"2009-04-02T18:04:36+00:00","dateModified":"2009-04-02T18:04:36+00:00","author":{"@id":"https:\/\/www.visit-ulcinj.com\/blog\/#\/schema\/person\/dcab619c614d3038751c63bc2aadc06d"},"description":"Big Brother Albania 2 - \u00e2\u20ac\u0153Zhuljeta i kishte buz\u00c3\u00abt e b\u00c3\u00abra, qerpik\u00c3\u00abt e v\u00c3\u00abna dhe vetullat e pikturuara!- ka th\u00c3\u00abn\u00c3\u00ab Adelajda. Kjo gj\u00c3\u00ab ka shkaktuar shum\u00c3\u00ab habi tek Qetsori q\u00c3\u00ab e ka quajtur veten idiot q\u00c3\u00ab nuk e kishte kuptuar","breadcrumb":{"@id":"https:\/\/www.visit-ulcinj.com\/blog\/2009\/04\/02\/adelajda-zhuljeta-i-kishte-buzet-e-bera\/#breadcrumb"},"inLanguage":"en-US","potentialAction":[{"@type":"ReadAction","target":["https:\/\/www.visit-ulcinj.com\/blog\/2009\/04\/02\/adelajda-zhuljeta-i-kishte-buzet-e-bera\/"]}]},{"@type":"BreadcrumbList","@id":"https:\/\/www.visit-ulcinj.com\/blog\/2009\/04\/02\/adelajda-zhuljeta-i-kishte-buzet-e-bera\/#breadcrumb","itemListElement":[{"@type":"ListItem","position":1,"name":"Adelajda : Zhuljeta i kishte buz\u00ebt e b\u00ebra"}]},{"@type":"Person","@id":"https:\/\/www.visit-ulcinj.com\/blog\/#\/schema\/person\/dcab619c614d3038751c63bc2aadc06d","name":"ulqini","sameAs":["http:\/\/www.visit-ulcinj.com"],"url":"https:\/\/www.visit-ulcinj.com\/blog\/author\/admin\/"}]}},"jetpack_featured_media_url":"","jetpack_sharing_enabled":true,"jetpack_shortlink":"https:\/\/wp.me\/pe6lTn-4hb","_links":{"self":[{"href":"https:\/\/www.visit-ulcinj.com\/blog\/wp-json\/wp\/v2\/posts\/16441"}],"collection":[{"href":"https:\/\/www.visit-ulcinj.com\/blog\/wp-json\/wp\/v2\/posts"}],"about":[{"href":"https:\/\/www.visit-ulcinj.com\/blog\/wp-json\/wp\/v2\/types\/post"}],"author":[{"embeddable":true,"href":"https:\/\/www.visit-ulcinj.com\/blog\/wp-json\/wp\/v2\/users\/1"}],"replies":[{"embeddable":true,"href":"https:\/\/www.visit-ulcinj.com\/blog\/wp-json\/wp\/v2\/comments?post=16441"}],"version-history":[{"count":0,"href":"https:\/\/www.visit-ulcinj.com\/blog\/wp-json\/wp\/v2\/posts\/16441\/revisions"}],"wp:attachment":[{"href":"https:\/\/www.visit-ulcinj.com\/blog\/wp-json\/wp\/v2\/media?parent=16441"}],"wp:term":[{"taxonomy":"category","embeddable":true,"href":"https:\/\/www.visit-ulcinj.com\/blog\/wp-json\/wp\/v2\/categories?post=16441"},{"taxonomy":"post_tag","embeddable":true,"href":"https:\/\/www.visit-ulcinj.com\/blog\/wp-json\/wp\/v2\/tags?post=16441"}],"curies":[{"name":"wp","href":"https:\/\/api.w.org\/{rel}","templated":true}]}}