{"id":16444,"date":"2009-04-02T19:07:28","date_gmt":"2009-04-02T18:07:28","guid":{"rendered":"http:\/\/www.visit-ulcinj.com\/blog\/?p=16444"},"modified":"2009-04-02T19:07:28","modified_gmt":"2009-04-02T18:07:28","slug":"adelajda-nuk-mund-ta-vleresoj-nje-transvestit","status":"publish","type":"post","link":"https:\/\/www.visit-ulcinj.com\/blog\/2009\/04\/02\/adelajda-nuk-mund-ta-vleresoj-nje-transvestit\/","title":{"rendered":"Adelajda : Nuk mund ta vler\u00ebsoj nj\u00eb transvestit"},"content":{"rendered":"<p><em><span class=\"newsdate\"><a href=\"http:\/\/www.visit-ulcinj.com\/blog\/wp-content\/uploads\/2009\/04\/adelajda-per-transvestitet.jpg\"><img loading=\"lazy\" class=\"alignleft size-full wp-image-16445\" title=\"adelajda-per-transvestitet-big-brother-albania-2\" src=\"http:\/\/www.visit-ulcinj.com\/blog\/wp-content\/uploads\/2009\/04\/adelajda-per-transvestitet.jpg\" alt=\"adelajda-per-transvestitet-big-brother-albania-2\" width=\"300\" height=\"205\" \/><\/a>30\/03\/09 03:44<\/span><\/em><\/p>\n<p>\u201cUn\u00eb e quaj p\u00ebr ofendim t\u00eb flas me ato!\u201d \u2013 ka th\u00ebn\u00eb Adelajda duke folur p\u00ebr transvestit\u00ebt. P\u00ebr Bjordin dhe Aid\u00ebn ishte nj\u00ebsoj si ndryshimi nga bjonde n\u00eb brune. Ke qen\u00eb brune, nuk ndiheshe mir\u00eb si e till\u00eb dhe b\u00ebhesh bjonde. \u201cUn\u00eb mund ta vler\u00ebsoj si njeri, &#8211; ka vazhduar Adelajda, &#8211; por nuk mund ta vler\u00ebsoj p\u00ebr at\u00eb q\u00eb ka b\u00ebr\u00eb!\u201d. P\u00ebr t\u00eb, nj\u00eb njeri q\u00eb ishte kthyer nga burr\u00eb n\u00eb grua, nuk kishte asnj\u00eb vler\u00eb. \u201cTi nuk e koncepton dot cfar\u00eb ndjen nj\u00eb njeri i till\u00eb, &#8211; i ka th\u00ebn\u00eb asaj Bjordi, &#8211; prandaj flet k\u00ebshtu!\u201d Sipas tij, Qetsorit dhe Aid\u00ebs, vlerat q\u00ebndrojn\u00eb pik\u00ebrisht tek t\u00eb pranuarit e vetvetes p\u00ebr at\u00eb q\u00eb jan\u00eb dhe mospasja turp p\u00ebr t\u00eb dal\u00eb hapur. Adelajda ka vazhduar t\u00eb thot\u00eb se ata jan\u00eb t\u00eb lir\u00eb t\u00eb b\u00ebjn\u00eb cfar\u00eb t\u00eb duan me trupin e tyre, por ajo nuk mund t\u2019i vler\u00ebsonte p\u00ebr at\u00eb q\u00eb b\u00ebnin. \u201cKur ti vet nuk lufton p\u00ebr at\u00eb q\u00eb ti do, si mund t\u2019i kuptosh ata q\u00eb e b\u00ebjn\u00eb!\u201d- i ka th\u00ebn\u00eb Bjordi.<\/p>\n","protected":false},"excerpt":{"rendered":"<p>30\/03\/09 03:44 \u201cUn\u00eb e quaj p\u00ebr ofendim t\u00eb flas me ato!\u201d \u2013 ka th\u00ebn\u00eb Adelajda duke folur p\u00ebr transvestit\u00ebt. P\u00ebr Bjordin dhe Aid\u00ebn ishte nj\u00ebsoj si ndryshimi nga bjonde n\u00eb brune. Ke qen\u00eb brune, nuk ndiheshe mir\u00eb si e till\u00eb dhe b\u00ebhesh bjonde. \u201cUn\u00eb mund ta vler\u00ebsoj si njeri, &#8211; ka vazhduar Adelajda, &#8211; por [&hellip;]<\/p>\n","protected":false},"author":1,"featured_media":0,"comment_status":"open","ping_status":"closed","sticky":false,"template":"","format":"standard","meta":{"spay_email":"","jetpack_publicize_message":"","jetpack_is_tweetstorm":false,"jetpack_publicize_feature_enabled":true},"categories":[6502],"tags":[6529,6537,6883,6516,6712,6522,6891,8679],"jetpack_publicize_connections":[],"yoast_head":"<!-- This site is optimized with the Yoast SEO plugin v19.1 - https:\/\/yoast.com\/wordpress\/plugins\/seo\/ -->\n<title>Adelajda : Nuk mund ta vler\u00c3\u00absoj nj\u00c3\u00ab transvestit | Big Brother Albania 2<\/title>\n<meta name=\"description\" content=\"Big Brother Albania 2 - \u00e2\u20ac\u0153Un\u00c3\u00ab e quaj p\u00c3\u00abr ofendim t\u00c3\u00ab flas me ato!\u00e2\u20ac\u009d \u00e2\u20ac\u201c ka th\u00c3\u00abn\u00c3\u00ab Adelajda duke folur p\u00c3\u00abr transvestit\u00c3\u00abt. P\u00c3\u00abr Bjordin dhe Aid\u00c3\u00abn ishte nj\u00c3\u00absoj si ndryshimi nga bjonde n\u00c3\u00ab brune.\" \/>\n<meta name=\"robots\" content=\"index, follow, max-snippet:-1, max-image-preview:large, max-video-preview:-1\" \/>\n<link rel=\"canonical\" href=\"https:\/\/www.visit-ulcinj.com\/blog\/2009\/04\/02\/adelajda-nuk-mund-ta-vleresoj-nje-transvestit\/\" \/>\n<meta property=\"og:locale\" content=\"en_US\" \/>\n<meta property=\"og:type\" content=\"article\" \/>\n<meta property=\"og:title\" content=\"Adelajda : Nuk mund ta vler\u00c3\u00absoj nj\u00c3\u00ab transvestit | Big Brother Albania 2\" \/>\n<meta property=\"og:description\" content=\"Big Brother Albania 2 - \u00e2\u20ac\u0153Un\u00c3\u00ab e quaj p\u00c3\u00abr ofendim t\u00c3\u00ab flas me ato!\u00e2\u20ac\u009d \u00e2\u20ac\u201c ka th\u00c3\u00abn\u00c3\u00ab Adelajda duke folur p\u00c3\u00abr transvestit\u00c3\u00abt. P\u00c3\u00abr Bjordin dhe Aid\u00c3\u00abn ishte nj\u00c3\u00absoj si ndryshimi nga bjonde n\u00c3\u00ab brune.\" \/>\n<meta property=\"og:url\" content=\"https:\/\/www.visit-ulcinj.com\/blog\/2009\/04\/02\/adelajda-nuk-mund-ta-vleresoj-nje-transvestit\/\" \/>\n<meta property=\"og:site_name\" content=\"Lajme nga Ulqini\" \/>\n<meta property=\"article:published_time\" content=\"2009-04-02T18:07:28+00:00\" \/>\n<meta property=\"og:image\" content=\"http:\/\/www.visit-ulcinj.com\/blog\/wp-content\/uploads\/2009\/04\/adelajda-per-transvestitet.jpg\" \/>\n<meta name=\"twitter:label1\" content=\"Written by\" \/>\n\t<meta name=\"twitter:data1\" content=\"ulqini\" \/>\n\t<meta name=\"twitter:label2\" content=\"Est. reading time\" \/>\n\t<meta name=\"twitter:data2\" content=\"1 minute\" \/>\n<script type=\"application\/ld+json\" class=\"yoast-schema-graph\">{\"@context\":\"https:\/\/schema.org\",\"@graph\":[{\"@type\":\"WebSite\",\"@id\":\"https:\/\/www.visit-ulcinj.com\/blog\/#website\",\"url\":\"https:\/\/www.visit-ulcinj.com\/blog\/\",\"name\":\"Lajme nga Ulqini\",\"description\":\"Lajme,Vijesti,Ulqini,Ulqin,Crna Gora,Mali i Zi\",\"potentialAction\":[{\"@type\":\"SearchAction\",\"target\":{\"@type\":\"EntryPoint\",\"urlTemplate\":\"https:\/\/www.visit-ulcinj.com\/blog\/?s={search_term_string}\"},\"query-input\":\"required name=search_term_string\"}],\"inLanguage\":\"en-US\"},{\"@type\":\"ImageObject\",\"inLanguage\":\"en-US\",\"@id\":\"https:\/\/www.visit-ulcinj.com\/blog\/2009\/04\/02\/adelajda-nuk-mund-ta-vleresoj-nje-transvestit\/#primaryimage\",\"url\":\"http:\/\/www.visit-ulcinj.com\/blog\/wp-content\/uploads\/2009\/04\/adelajda-per-transvestitet.jpg\",\"contentUrl\":\"http:\/\/www.visit-ulcinj.com\/blog\/wp-content\/uploads\/2009\/04\/adelajda-per-transvestitet.jpg\"},{\"@type\":\"WebPage\",\"@id\":\"https:\/\/www.visit-ulcinj.com\/blog\/2009\/04\/02\/adelajda-nuk-mund-ta-vleresoj-nje-transvestit\/#webpage\",\"url\":\"https:\/\/www.visit-ulcinj.com\/blog\/2009\/04\/02\/adelajda-nuk-mund-ta-vleresoj-nje-transvestit\/\",\"name\":\"Adelajda : Nuk mund ta vler\u00c3\u00absoj nj\u00c3\u00ab transvestit | Big Brother Albania 2\",\"isPartOf\":{\"@id\":\"https:\/\/www.visit-ulcinj.com\/blog\/#website\"},\"primaryImageOfPage\":{\"@id\":\"https:\/\/www.visit-ulcinj.com\/blog\/2009\/04\/02\/adelajda-nuk-mund-ta-vleresoj-nje-transvestit\/#primaryimage\"},\"datePublished\":\"2009-04-02T18:07:28+00:00\",\"dateModified\":\"2009-04-02T18:07:28+00:00\",\"author\":{\"@id\":\"https:\/\/www.visit-ulcinj.com\/blog\/#\/schema\/person\/dcab619c614d3038751c63bc2aadc06d\"},\"description\":\"Big Brother Albania 2 - \u00e2\u20ac\u0153Un\u00c3\u00ab e quaj p\u00c3\u00abr ofendim t\u00c3\u00ab flas me ato!\u00e2\u20ac\u009d \u00e2\u20ac\u201c ka th\u00c3\u00abn\u00c3\u00ab Adelajda duke folur p\u00c3\u00abr transvestit\u00c3\u00abt. P\u00c3\u00abr Bjordin dhe Aid\u00c3\u00abn ishte nj\u00c3\u00absoj si ndryshimi nga bjonde n\u00c3\u00ab brune.\",\"breadcrumb\":{\"@id\":\"https:\/\/www.visit-ulcinj.com\/blog\/2009\/04\/02\/adelajda-nuk-mund-ta-vleresoj-nje-transvestit\/#breadcrumb\"},\"inLanguage\":\"en-US\",\"potentialAction\":[{\"@type\":\"ReadAction\",\"target\":[\"https:\/\/www.visit-ulcinj.com\/blog\/2009\/04\/02\/adelajda-nuk-mund-ta-vleresoj-nje-transvestit\/\"]}]},{\"@type\":\"BreadcrumbList\",\"@id\":\"https:\/\/www.visit-ulcinj.com\/blog\/2009\/04\/02\/adelajda-nuk-mund-ta-vleresoj-nje-transvestit\/#breadcrumb\",\"itemListElement\":[{\"@type\":\"ListItem\",\"position\":1,\"name\":\"Adelajda : Nuk mund ta vler\u00ebsoj nj\u00eb transvestit\"}]},{\"@type\":\"Person\",\"@id\":\"https:\/\/www.visit-ulcinj.com\/blog\/#\/schema\/person\/dcab619c614d3038751c63bc2aadc06d\",\"name\":\"ulqini\",\"sameAs\":[\"http:\/\/www.visit-ulcinj.com\"],\"url\":\"https:\/\/www.visit-ulcinj.com\/blog\/author\/admin\/\"}]}<\/script>\n<!-- \/ Yoast SEO plugin. -->","yoast_head_json":{"title":"Adelajda : Nuk mund ta vler\u00c3\u00absoj nj\u00c3\u00ab transvestit | Big Brother Albania 2","description":"Big Brother Albania 2 - \u00e2\u20ac\u0153Un\u00c3\u00ab e quaj p\u00c3\u00abr ofendim t\u00c3\u00ab flas me ato!\u00e2\u20ac\u009d \u00e2\u20ac\u201c ka th\u00c3\u00abn\u00c3\u00ab Adelajda duke folur p\u00c3\u00abr transvestit\u00c3\u00abt. P\u00c3\u00abr Bjordin dhe Aid\u00c3\u00abn ishte nj\u00c3\u00absoj si ndryshimi nga bjonde n\u00c3\u00ab brune.","robots":{"index":"index","follow":"follow","max-snippet":"max-snippet:-1","max-image-preview":"max-image-preview:large","max-video-preview":"max-video-preview:-1"},"canonical":"https:\/\/www.visit-ulcinj.com\/blog\/2009\/04\/02\/adelajda-nuk-mund-ta-vleresoj-nje-transvestit\/","og_locale":"en_US","og_type":"article","og_title":"Adelajda : Nuk mund ta vler\u00c3\u00absoj nj\u00c3\u00ab transvestit | Big Brother Albania 2","og_description":"Big Brother Albania 2 - \u00e2\u20ac\u0153Un\u00c3\u00ab e quaj p\u00c3\u00abr ofendim t\u00c3\u00ab flas me ato!\u00e2\u20ac\u009d \u00e2\u20ac\u201c ka th\u00c3\u00abn\u00c3\u00ab Adelajda duke folur p\u00c3\u00abr transvestit\u00c3\u00abt. P\u00c3\u00abr Bjordin dhe Aid\u00c3\u00abn ishte nj\u00c3\u00absoj si ndryshimi nga bjonde n\u00c3\u00ab brune.","og_url":"https:\/\/www.visit-ulcinj.com\/blog\/2009\/04\/02\/adelajda-nuk-mund-ta-vleresoj-nje-transvestit\/","og_site_name":"Lajme nga Ulqini","article_published_time":"2009-04-02T18:07:28+00:00","og_image":[{"url":"http:\/\/www.visit-ulcinj.com\/blog\/wp-content\/uploads\/2009\/04\/adelajda-per-transvestitet.jpg"}],"twitter_misc":{"Written by":"ulqini","Est. reading time":"1 minute"},"schema":{"@context":"https:\/\/schema.org","@graph":[{"@type":"WebSite","@id":"https:\/\/www.visit-ulcinj.com\/blog\/#website","url":"https:\/\/www.visit-ulcinj.com\/blog\/","name":"Lajme nga Ulqini","description":"Lajme,Vijesti,Ulqini,Ulqin,Crna Gora,Mali i Zi","potentialAction":[{"@type":"SearchAction","target":{"@type":"EntryPoint","urlTemplate":"https:\/\/www.visit-ulcinj.com\/blog\/?s={search_term_string}"},"query-input":"required name=search_term_string"}],"inLanguage":"en-US"},{"@type":"ImageObject","inLanguage":"en-US","@id":"https:\/\/www.visit-ulcinj.com\/blog\/2009\/04\/02\/adelajda-nuk-mund-ta-vleresoj-nje-transvestit\/#primaryimage","url":"http:\/\/www.visit-ulcinj.com\/blog\/wp-content\/uploads\/2009\/04\/adelajda-per-transvestitet.jpg","contentUrl":"http:\/\/www.visit-ulcinj.com\/blog\/wp-content\/uploads\/2009\/04\/adelajda-per-transvestitet.jpg"},{"@type":"WebPage","@id":"https:\/\/www.visit-ulcinj.com\/blog\/2009\/04\/02\/adelajda-nuk-mund-ta-vleresoj-nje-transvestit\/#webpage","url":"https:\/\/www.visit-ulcinj.com\/blog\/2009\/04\/02\/adelajda-nuk-mund-ta-vleresoj-nje-transvestit\/","name":"Adelajda : Nuk mund ta vler\u00c3\u00absoj nj\u00c3\u00ab transvestit | Big Brother Albania 2","isPartOf":{"@id":"https:\/\/www.visit-ulcinj.com\/blog\/#website"},"primaryImageOfPage":{"@id":"https:\/\/www.visit-ulcinj.com\/blog\/2009\/04\/02\/adelajda-nuk-mund-ta-vleresoj-nje-transvestit\/#primaryimage"},"datePublished":"2009-04-02T18:07:28+00:00","dateModified":"2009-04-02T18:07:28+00:00","author":{"@id":"https:\/\/www.visit-ulcinj.com\/blog\/#\/schema\/person\/dcab619c614d3038751c63bc2aadc06d"},"description":"Big Brother Albania 2 - \u00e2\u20ac\u0153Un\u00c3\u00ab e quaj p\u00c3\u00abr ofendim t\u00c3\u00ab flas me ato!\u00e2\u20ac\u009d \u00e2\u20ac\u201c ka th\u00c3\u00abn\u00c3\u00ab Adelajda duke folur p\u00c3\u00abr transvestit\u00c3\u00abt. P\u00c3\u00abr Bjordin dhe Aid\u00c3\u00abn ishte nj\u00c3\u00absoj si ndryshimi nga bjonde n\u00c3\u00ab brune.","breadcrumb":{"@id":"https:\/\/www.visit-ulcinj.com\/blog\/2009\/04\/02\/adelajda-nuk-mund-ta-vleresoj-nje-transvestit\/#breadcrumb"},"inLanguage":"en-US","potentialAction":[{"@type":"ReadAction","target":["https:\/\/www.visit-ulcinj.com\/blog\/2009\/04\/02\/adelajda-nuk-mund-ta-vleresoj-nje-transvestit\/"]}]},{"@type":"BreadcrumbList","@id":"https:\/\/www.visit-ulcinj.com\/blog\/2009\/04\/02\/adelajda-nuk-mund-ta-vleresoj-nje-transvestit\/#breadcrumb","itemListElement":[{"@type":"ListItem","position":1,"name":"Adelajda : Nuk mund ta vler\u00ebsoj nj\u00eb transvestit"}]},{"@type":"Person","@id":"https:\/\/www.visit-ulcinj.com\/blog\/#\/schema\/person\/dcab619c614d3038751c63bc2aadc06d","name":"ulqini","sameAs":["http:\/\/www.visit-ulcinj.com"],"url":"https:\/\/www.visit-ulcinj.com\/blog\/author\/admin\/"}]}},"jetpack_featured_media_url":"","jetpack_sharing_enabled":true,"jetpack_shortlink":"https:\/\/wp.me\/pe6lTn-4he","_links":{"self":[{"href":"https:\/\/www.visit-ulcinj.com\/blog\/wp-json\/wp\/v2\/posts\/16444"}],"collection":[{"href":"https:\/\/www.visit-ulcinj.com\/blog\/wp-json\/wp\/v2\/posts"}],"about":[{"href":"https:\/\/www.visit-ulcinj.com\/blog\/wp-json\/wp\/v2\/types\/post"}],"author":[{"embeddable":true,"href":"https:\/\/www.visit-ulcinj.com\/blog\/wp-json\/wp\/v2\/users\/1"}],"replies":[{"embeddable":true,"href":"https:\/\/www.visit-ulcinj.com\/blog\/wp-json\/wp\/v2\/comments?post=16444"}],"version-history":[{"count":0,"href":"https:\/\/www.visit-ulcinj.com\/blog\/wp-json\/wp\/v2\/posts\/16444\/revisions"}],"wp:attachment":[{"href":"https:\/\/www.visit-ulcinj.com\/blog\/wp-json\/wp\/v2\/media?parent=16444"}],"wp:term":[{"taxonomy":"category","embeddable":true,"href":"https:\/\/www.visit-ulcinj.com\/blog\/wp-json\/wp\/v2\/categories?post=16444"},{"taxonomy":"post_tag","embeddable":true,"href":"https:\/\/www.visit-ulcinj.com\/blog\/wp-json\/wp\/v2\/tags?post=16444"}],"curies":[{"name":"wp","href":"https:\/\/api.w.org\/{rel}","templated":true}]}}