{"id":1646,"date":"2008-05-18T12:27:46","date_gmt":"2008-05-18T17:27:46","guid":{"rendered":"http:\/\/www.visit-ulcinj.com\/blog\/?p=1646"},"modified":"2008-05-18T12:33:57","modified_gmt":"2008-05-18T17:33:57","slug":"subjektet-politike-shqiptare-qe-veprojne-ne-malesi-ld-ne-mz-udsh-dhe-as-ash","status":"publish","type":"post","link":"https:\/\/www.visit-ulcinj.com\/blog\/2008\/05\/18\/subjektet-politike-shqiptare-qe-veprojne-ne-malesi-ld-ne-mz-udsh-dhe-as-ash\/","title":{"rendered":"Subjektet politike shqiptare q\u00eb veprojn\u00eb n\u00eb mal\u00ebsi (LD n\u00eb MZ, UDSH dhe ASH)"},"content":{"rendered":"<p><img loading=\"lazy\" class=\"alignleft\" style=\"float: left;\" src=\"http:\/\/www.kohajavore.cg.yu\/slike\/1210919411.jpg\" alt=\"subjektet politike shqiptare q\u00eb veprojn\u00eb n\u00eb mal\u00ebsi (ld n\u00eb mz, udsh dhe ash)\" width=\"280\" height=\"210\" \/><strong>Koha \u00ebsht\u00eb p\u00ebr drejt\u00ebsi<\/strong><br \/>\norganizimin e subjekteve politike shqiptare q\u00eb veprojn\u00eb n\u00eb trev\u00ebn e Mal\u00ebsis\u00eb, (LD n\u00eb MZ, UDSH dhe ASH) t\u00eb diel\u00ebn para QKI &#8220;Mal\u00ebsia&#8221; n\u00eb Tuz, n\u00eb pranin\u00eb e disa qindra qytetar\u00ebve t\u00eb k\u00ebsaj treve, disa prej t\u00eb cil\u00ebve mbanin parulla me shkrime n\u00eb gjuh\u00ebn shqipe, at\u00eb malazeze dhe n\u00eb anglisht: &#8220;Nuk jemi terrorist\u00eb&#8221;, &#8220;Mbrojtje n\u00eb liri&#8221;, &#8220;T\u00eb nd\u00ebshkohet tortura&#8221; etj , u organizua nj\u00eb protest\u00eb paq\u00ebsore n\u00ebn moton &#8220;Koha \u00ebsht\u00eb p\u00ebr drejt\u00ebsi&#8221;, n\u00eb t\u00eb cil\u00ebn organizator\u00ebt k\u00ebrkuan mes tjerash q\u00eb procesi gjyq\u00ebsor ndaj 18 shqiptar\u00ebve t\u00eb akuzuar p\u00ebr terroriz\u00ebm t\u00eb organizuar nga Mal\u00ebsia t\u00eb p\u00ebrfundoj\u00eb sa m\u00eb par\u00eb dhe e v\u00ebrteta t\u00eb dal\u00eb n\u00eb drit\u00eb.<br \/>\nT\u00eb nes\u00ebrmen, po ashtu, u organizua nj\u00eb protest\u00eb e ngjashme para nd\u00ebrtes\u00ebs s\u00eb Gjyqit t\u00eb Lart\u00eb n\u00eb Podgoric\u00eb.<br \/>\nSi\u00e7 dihet, policia malazeze arrestoi n\u00eb m\u00ebngjesin e 9 shtatorit 2006 nj\u00eb grup prej 14 personash t\u00eb komb\u00ebsis\u00eb shqiptare nga Mal\u00ebsia, disa prej t\u00eb cil\u00ebve jan\u00eb shtetas amerikan\u00eb, me akuz\u00ebn p\u00ebr &#8220;terroriz\u00ebm t\u00eb organizuar&#8221;.<br \/>\nZyrtar\u00ebt e policis\u00eb malazeze pat\u00ebn deklaruar se operacioni &#8220;Fluturimi i Shqiponj\u00ebs&#8221; kishte si objektiv parandalimin e &#8220;sulmeve terroriste&#8221; t\u00eb planifikuara t\u00eb b\u00ebhen m\u00eb 10 shtator t\u00eb k\u00ebti viti n\u00eb trev\u00ebn e Mal\u00ebsis\u00eb.<br \/>\n<strong> Rr.D.<br \/>\nKOHA JAVORE<\/strong><\/p>\n<p align=\"left\"><span style=\"font-family: Times New Roman;\"><strong><span style=\"font-family: Arial,Helvetica,sans-serif; font-size: small;\"><br \/>\n<\/span><\/strong><\/span><\/p>\n<p><a href=\"http:\/\/www.visit-ulcinj.com\/blog\/wp-content\/uploads\/2008\/05\/ferhat-dinosha-001-2.jpg\"><img loading=\"lazy\" class=\"alignleft attachment wp-att-1548\" style=\"float: left;\" src=\"http:\/\/www.visit-ulcinj.com\/blog\/wp-content\/uploads\/2008\/05\/ferhat-dinosha-001-2.thumbnail.jpg\" alt=\"FERHAT DINOSHA_001\" width=\"200\" height=\"155\" \/><\/a><span><span style=\"font-family: Verdana; font-size: x-small;\"><strong><\/strong><\/span><\/span><\/p>\n<p><strong>Deklarat\u00eb<\/strong><br \/>\nNisur nga fakti se po b\u00ebhen gati dy vite nga akcioni &#8220;Fluturimi i Shqiponj\u00ebs&#8220; dhe se procesi gjyq\u00ebsor ndaj t\u00eb paraburgosurve n\u00eb k\u00ebt\u00eb aksion po zvarritet edhe kundrejt deklarimeve permanente t\u00eb autoriteteve m\u00eb t\u00eb larta t\u00eb Malit t\u00eb Zi se procesi do t\u00eb p\u00ebrfundoj\u00eb n\u00eb afatin optimal, partit\u00eb politike shqiptare q\u00eb veprojn\u00eb n\u00eb Mal\u00ebsi, t\u00eb p\u00ebrkrahur nga familjar\u00ebt e t\u00eb arrestuarve, t\u00eb bindur se ndajn\u00eb mendimin e qytetar\u00ebve t\u00eb mbar\u00eb Mal\u00ebsis\u00eb, u drejtohen organeve kompetente t\u00eb Malit t\u00eb Zi, mbi t\u00eb gjitha pushtetit gjyq\u00ebsor, si dhe strukturave nd\u00ebrkomb\u00ebtare duke k\u00ebrkuar: 1. T\u00eb p\u00ebfundoj\u00eb procesi gjyq\u00ebsor, n\u00eb m\u00ebnyr\u00eb q\u00eb sa m\u00eb par\u00eb t\u00eb dal\u00eb n\u00eb drit\u00eb e v\u00ebrteta e plot\u00eb dhe drejt\u00ebsia p\u00ebr t\u00eb gjith\u00eb, \u00e7ka do t\u00eb \u00e7onte deri te lirimi i t\u00eb arrestuarve. Ajo q\u00eb kemi par\u00eb deri m\u00eb tash nuk ka t\u00eb b\u00ebj\u00eb me t\u00eb v\u00ebrtet\u00ebn dhe aq m\u00eb pak me at\u00eb \u00e7ka t\u00eb paraburgosurve u \u00ebsht\u00eb ngarkuar me aktakuz\u00eb. 2. T\u00eb l\u00ebjohet mbrojtja n\u00eb liri e t\u00eb arrestuarve e t\u00eb mos e presin n\u00eb qeli drejt\u00ebsin\u00eb, e cila n\u00eb baz\u00eb t\u00eb rrjedh\u00ebs s\u00eb deritashme t\u00eb procesit gjyq\u00ebsor, zor se do t\u00eb arrihet. Ne, mbi t\u00eb gjitha, k\u00ebrkojm\u00eb drejt\u00ebsi e jo m\u00ebshir\u00eb. Akuza nga ana e organeve e hetuesis\u00eb ka qen\u00eb e r\u00ebnd\u00eb dhe e paq\u00ebndrueshme (dallon e para nga ajo e m\u00ebpastajma) dhe nuk besojm\u00eb se \u00ebsht\u00eb e sakt\u00eb, pasi q\u00eb ajo n\u00eb munges\u00eb t\u00eb fakteve \u00ebsht\u00eb ndryshuar. Procesi i deritash\u00ebm d\u00ebshmoi se shteti nuk ishte n\u00eb gjendje as p\u00ebr m\u00eb se 600 dit\u00eb pune t\u00eb provoj\u00eb at\u00eb, sepse ajo \u00ebsht\u00eb e kurdisur me fakte t\u00eb fabrikuara e q\u00ebllime t\u00eb qarta sa p\u00ebr t\u00eb disiplinuar Mal\u00ebsin\u00eb aq edhe p\u00ebr t\u00eb mbjell\u00eb p\u00ebr\u00e7arje nd\u00ebr shqip\u00ebtar\u00eb. 3. T\u00eb nd\u00ebrmerren masa kundrejt dhunuesve t\u00eb liris\u00eb, kundrejt shkel\u00ebsve t\u00eb flamurit komb\u00ebtar shqip\u00ebtar, kundrejt atyre q\u00eb m\u00eb 9 shtator 2006, n\u00ebn hijen e aksionit &#8220;Fluturimi i Shqiponj\u00ebs&#8220; kap\u00ebrcyen kompetencat ligjore dhe torturuan Mal\u00ebsin\u00eb, e jo vet\u00ebm t\u00eb paraburgosurit. Tashm\u00eb \u00ebsht\u00eb v\u00ebrtetuar se p\u00ebr q\u00ebllim t\u00eb sigurimit t\u00eb fakteve, q\u00eb do t\u00eb d\u00ebshmonin aktakuz\u00ebn, me tortur\u00eb \u00ebsht\u00eb vazhduar edhe n\u00eb hetuesi. 4. Kreu i shtetit t\u00eb Malit t\u00eb Zi, t`i k\u00ebrkoj\u00eb falje Mal\u00ebsis\u00eb; p\u00ebr brutalitetin policor, p\u00ebr fyerjet n\u00eb baza nacionale, (q\u00eb i b\u00ebn\u00eb polic\u00ebt, por n\u00eb em\u00ebr t\u00eb pushtetit) si dhe p\u00ebr fjal\u00ebt e r\u00ebnda t\u00eb kreut shtet\u00ebror, si tentativ\u00eb e ngarkes\u00ebs s\u00eb nj\u00eb vepre t\u00eb k\u00ebtill\u00eb. Kjo do t\u00eb na reklaksonte nga bindjet se aksioni policor &#8220;Fluturimi i Shqiponj\u00ebs&#8220; isht hakmarrje, diskriminim i shum\u00ebfisht\u00eb dhe zbatim i standardeve t\u00eb dyfishta kund\u00ebr Mal\u00ebsis\u00eb dhe qytetar\u00ebve t\u00eb saj, kurse do t\u00eb forconte bindjen se edhe kjo, si edhe projekte t\u00eb tjera t\u00eb ngjashme, jan\u00eb krijuar n\u00eb kuzhina, jo vet\u00ebm antishqiptare e anticivilizuese, por gjithsesi edhe antimalazeze. 5. T\u00eb ky\u00e7et faktori amerikan e t\u00eb na ndihmoj\u00eb n\u00eb zbardhjen sa m\u00eb t\u00eb shpejt\u00eb t\u00eb s\u00eb v\u00ebrtet\u00ebs s\u00eb plot\u00eb, duke respektuar autonomin\u00eb gjyq\u00ebsore, por nj\u00ebkoh\u00ebsisht edhe normat e drejt\u00ebsis\u00eb nd\u00ebrkomb\u00ebtare q\u00eb vlejn\u00eb n\u00eb raste t\u00eb ngjashme. Ne t\u00eb tubuarit sot k\u00ebtu, duam liri, duam toleranc\u00eb dhe respekt t\u00eb nd\u00ebrsjell\u00eb mes t\u00eb gjith\u00eb qytetar\u00ebve t\u00eb Mal\u00ebsis\u00eb e edhe m\u00eb gjer\u00eb. E kan\u00eb t\u00eb kot\u00eb ata q\u00eb ndoshta edhe e paraqesin at\u00eb si vat\u00ebr terroriste. E v\u00ebrteta e argumentuar do t\u00eb d\u00ebshmoj\u00eb kot\u00ebsin\u00eb e k\u00ebsaj tentativ\u00eb. N\u00ebse k\u00ebrkesat tona nuk jan\u00eb t\u00eb efektshme, e njoftojm\u00eb opinionin se do t\u00eb p\u00ebrdorim t\u00eb gjitha mjejet demokratike p\u00ebr t\u00eb b\u00ebr\u00eb presion ndaj organeve relevante t\u00eb Malit t\u00eb Zi, duke shfryt\u00ebzuar edhe ndihm\u00ebn e faktorit nd\u00ebrkomb\u00ebtar.<br \/>\n<strong>KOHA JAVORE<\/strong><\/p>\n<p><strong>FOTOGRAFI NGA   <a href=\"http:\/\/malesia.org\/ngjarjet\/2008\/maj\/podgoric\/index.html\" target=\"_blank\">http:\/\/malesia.org\/<\/a><\/strong><\/p>\n<div><span style=\"font-family: Tahoma; color: #000000;\"><a href=\"http:\/\/malesia.org\/ngjarjet\/2008\/maj\/podgoric\/index2.html\">Next<\/a><\/span><\/div>\n<div><span style=\"font-family: Tahoma; color: #000000;\"> <strong>1<\/strong> <a href=\"http:\/\/malesia.org\/ngjarjet\/2008\/maj\/podgoric\/index2.html\">2<\/a> <a href=\"http:\/\/malesia.org\/ngjarjet\/2008\/maj\/podgoric\/index3.html\">3<\/a> <a href=\"http:\/\/malesia.org\/ngjarjet\/2008\/maj\/podgoric\/index4.html\">4<\/a> <\/span><\/div>\n<table border=\"0\" cellspacing=\"8\" cellpadding=\"8\" width=\"500\">\n<tbody>\n<tr>\n<td align=\"center\" valign=\"middle\" bgcolor=\"#eeeeee\"><span style=\"font-family: Tahoma; color: #000000;\"><a href=\"http:\/\/malesia.org\/ngjarjet\/2008\/maj\/podgoric\/Foto56.html\"><img loading=\"lazy\" src=\"http:\/\/malesia.org\/ngjarjet\/2008\/maj\/podgoric\/thumb_Foto56.jpg\" border=\"0\" alt=\"\" width=\"150\" height=\"122\" \/><\/a><\/span><\/td>\n<td align=\"center\" valign=\"middle\" bgcolor=\"#eeeeee\"><span style=\"font-family: Tahoma; color: #000000;\"><a href=\"http:\/\/malesia.org\/ngjarjet\/2008\/maj\/podgoric\/Foto23.html\"><img loading=\"lazy\" src=\"http:\/\/malesia.org\/ngjarjet\/2008\/maj\/podgoric\/thumb_Foto23.jpg\" border=\"0\" alt=\"\" width=\"150\" height=\"122\" \/><\/a><\/span><\/td>\n<td align=\"center\" valign=\"middle\" bgcolor=\"#eeeeee\"><span style=\"font-family: Tahoma; color: #000000;\"><a href=\"http:\/\/malesia.org\/ngjarjet\/2008\/maj\/podgoric\/Foto22.html\"><img loading=\"lazy\" src=\"http:\/\/malesia.org\/ngjarjet\/2008\/maj\/podgoric\/thumb_Foto22.jpg\" border=\"0\" alt=\"\" width=\"150\" height=\"122\" \/><\/a><\/span><\/td>\n<td align=\"center\" valign=\"middle\" bgcolor=\"#eeeeee\"><span style=\"font-family: Tahoma; color: #000000;\"><a href=\"http:\/\/malesia.org\/ngjarjet\/2008\/maj\/podgoric\/Foto20.html\"><img loading=\"lazy\" src=\"http:\/\/malesia.org\/ngjarjet\/2008\/maj\/podgoric\/thumb_Foto20.jpg\" border=\"0\" alt=\"\" width=\"150\" height=\"122\" \/><\/a><\/span><\/td>\n<\/tr>\n<tr>\n<td align=\"center\" valign=\"middle\" bgcolor=\"#eeeeee\"><span style=\"font-family: Tahoma; color: #000000;\"><a href=\"http:\/\/malesia.org\/ngjarjet\/2008\/maj\/podgoric\/Foto19.html\"><img loading=\"lazy\" src=\"http:\/\/malesia.org\/ngjarjet\/2008\/maj\/podgoric\/thumb_Foto19.jpg\" border=\"0\" alt=\"\" width=\"150\" height=\"122\" \/><\/a><\/span><\/td>\n<td align=\"center\" valign=\"middle\" bgcolor=\"#eeeeee\"><span style=\"font-family: Tahoma; color: #000000;\"><a href=\"http:\/\/malesia.org\/ngjarjet\/2008\/maj\/podgoric\/Foto18.html\"><img loading=\"lazy\" src=\"http:\/\/malesia.org\/ngjarjet\/2008\/maj\/podgoric\/thumb_Foto18.jpg\" border=\"0\" alt=\"\" width=\"150\" height=\"122\" \/><\/a><\/span><\/td>\n<td align=\"center\" valign=\"middle\" bgcolor=\"#eeeeee\"><span style=\"font-family: Tahoma; color: #000000;\"><a href=\"http:\/\/malesia.org\/ngjarjet\/2008\/maj\/podgoric\/Foto17.html\"><img loading=\"lazy\" src=\"http:\/\/malesia.org\/ngjarjet\/2008\/maj\/podgoric\/thumb_Foto17.jpg\" border=\"0\" alt=\"\" width=\"150\" height=\"122\" \/><\/a><\/span><\/td>\n<td align=\"center\" valign=\"middle\" bgcolor=\"#eeeeee\"><span style=\"font-family: Tahoma; color: #000000;\"><a href=\"http:\/\/malesia.org\/ngjarjet\/2008\/maj\/podgoric\/Foto15.html\"><img loading=\"lazy\" src=\"http:\/\/malesia.org\/ngjarjet\/2008\/maj\/podgoric\/thumb_Foto15.jpg\" border=\"0\" alt=\"\" width=\"150\" height=\"122\" \/><\/a><\/span><\/td>\n<\/tr>\n<tr>\n<td align=\"center\" valign=\"middle\" bgcolor=\"#eeeeee\"><span style=\"font-family: Tahoma; color: #000000;\"><a href=\"http:\/\/malesia.org\/ngjarjet\/2008\/maj\/podgoric\/Foto14.html\"><img loading=\"lazy\" src=\"http:\/\/malesia.org\/ngjarjet\/2008\/maj\/podgoric\/thumb_Foto14.jpg\" border=\"0\" alt=\"\" width=\"150\" height=\"122\" \/><\/a><\/span><\/td>\n<td align=\"center\" valign=\"middle\" bgcolor=\"#eeeeee\"><span style=\"font-family: Tahoma; color: #000000;\"><a href=\"http:\/\/malesia.org\/ngjarjet\/2008\/maj\/podgoric\/Foto11.html\"><img loading=\"lazy\" src=\"http:\/\/malesia.org\/ngjarjet\/2008\/maj\/podgoric\/thumb_Foto11.jpg\" border=\"0\" alt=\"\" width=\"150\" height=\"122\" \/><\/a><\/span><\/td>\n<td align=\"center\" valign=\"middle\" bgcolor=\"#eeeeee\"><span style=\"font-family: Tahoma; color: #000000;\"><a href=\"http:\/\/malesia.org\/ngjarjet\/2008\/maj\/podgoric\/Foto6.html\"><img loading=\"lazy\" src=\"http:\/\/malesia.org\/ngjarjet\/2008\/maj\/podgoric\/thumb_Foto6.jpg\" border=\"0\" alt=\"\" width=\"150\" height=\"122\" \/><\/a><\/span><\/td>\n<td align=\"center\" valign=\"middle\" bgcolor=\"#eeeeee\"><span style=\"font-family: Tahoma; color: #000000;\"><a href=\"http:\/\/malesia.org\/ngjarjet\/2008\/maj\/podgoric\/medium_Foto%208.html\"><img loading=\"lazy\" src=\"http:\/\/malesia.org\/ngjarjet\/2008\/maj\/podgoric\/thumb_medium_Foto%208.jpg\" border=\"0\" alt=\"\" width=\"150\" height=\"122\" \/><\/a><\/span><\/td>\n<\/tr>\n<tr>\n<td align=\"center\" valign=\"middle\" bgcolor=\"#eeeeee\"><span style=\"font-family: Tahoma; color: #000000;\"><a href=\"http:\/\/malesia.org\/ngjarjet\/2008\/maj\/podgoric\/medium_Foto%207.html\"><img loading=\"lazy\" src=\"http:\/\/malesia.org\/ngjarjet\/2008\/maj\/podgoric\/thumb_medium_Foto%207.jpg\" border=\"0\" alt=\"\" width=\"150\" height=\"122\" \/><\/a><\/span><\/td>\n<td align=\"center\" valign=\"middle\" bgcolor=\"#eeeeee\"><span style=\"font-family: Tahoma; color: #000000;\"><a href=\"http:\/\/malesia.org\/ngjarjet\/2008\/maj\/podgoric\/medium_Foto%206.html\"><img loading=\"lazy\" src=\"http:\/\/malesia.org\/ngjarjet\/2008\/maj\/podgoric\/thumb_medium_Foto%206.jpg\" border=\"0\" alt=\"\" width=\"150\" height=\"122\" \/><\/a><\/span><\/td>\n<td align=\"center\" valign=\"middle\" bgcolor=\"#eeeeee\"><span style=\"font-family: Tahoma; color: #000000;\"><a href=\"http:\/\/malesia.org\/ngjarjet\/2008\/maj\/podgoric\/medium_Foto%2058.html\"><img loading=\"lazy\" src=\"http:\/\/malesia.org\/ngjarjet\/2008\/maj\/podgoric\/thumb_medium_Foto%2058.jpg\" border=\"0\" alt=\"\" width=\"150\" height=\"122\" \/><\/a><\/span><\/td>\n<td align=\"center\" valign=\"middle\" bgcolor=\"#eeeeee\"><span style=\"font-family: Tahoma; color: #000000;\"><a href=\"http:\/\/malesia.org\/ngjarjet\/2008\/maj\/podgoric\/medium_Foto%2057.html\"><img loading=\"lazy\" src=\"http:\/\/malesia.org\/ngjarjet\/2008\/maj\/podgoric\/thumb_medium_Foto%2057.jpg\" border=\"0\" alt=\"\" width=\"150\" height=\"122\" \/><\/a><\/span><\/td>\n<\/tr>\n<\/tbody>\n<\/table>\n<p><strong><span style=\"font-family: Tahoma; font-size: xx-small;\">MALESIA.ORG  &#8211; Tuz, Mal\u00ebsia T\u00eb gjitha te drejtat e rezervuara. \u00a9 Copyright  2000 &#8211; 2008<\/span><\/strong><\/p>\n","protected":false},"excerpt":{"rendered":"<p><img loading=\"lazy\" class=\"alignleft\" style=\"float: left;\" src=\"http:\/\/www.kohajavore.cg.yu\/slike\/1210919411.jpg\" alt=\"subjektet politike shqiptare q\u00eb veprojn\u00eb n\u00eb mal\u00ebsi (ld n\u00eb mz, udsh dhe ash)\" width=\"140\" height=\"140\" \/><\/p>\n","protected":false},"author":1,"featured_media":0,"comment_status":"open","ping_status":"closed","sticky":false,"template":"","format":"standard","meta":{"spay_email":"","jetpack_publicize_message":"","jetpack_is_tweetstorm":false,"jetpack_publicize_feature_enabled":true},"categories":[6,12],"tags":[3279,89,1646],"jetpack_publicize_connections":[],"yoast_head":"<!-- This site is optimized with the Yoast SEO plugin v19.1 - https:\/\/yoast.com\/wordpress\/plugins\/seo\/ -->\n<title>Subjektet politike shqiptare q\u00eb veprojn\u00eb n\u00eb mal\u00ebsi (LD n\u00eb MZ, UDSH dhe ASH) - Lajme nga Ulqini<\/title>\n<meta name=\"robots\" content=\"index, follow, max-snippet:-1, max-image-preview:large, max-video-preview:-1\" \/>\n<link rel=\"canonical\" href=\"https:\/\/www.visit-ulcinj.com\/blog\/2008\/05\/18\/subjektet-politike-shqiptare-qe-veprojne-ne-malesi-ld-ne-mz-udsh-dhe-as-ash\/\" \/>\n<meta property=\"og:locale\" content=\"en_US\" \/>\n<meta property=\"og:type\" content=\"article\" \/>\n<meta property=\"og:title\" content=\"Subjektet politike shqiptare q\u00eb veprojn\u00eb n\u00eb mal\u00ebsi (LD n\u00eb MZ, UDSH dhe ASH) - Lajme nga Ulqini\" \/>\n<meta property=\"og:url\" content=\"https:\/\/www.visit-ulcinj.com\/blog\/2008\/05\/18\/subjektet-politike-shqiptare-qe-veprojne-ne-malesi-ld-ne-mz-udsh-dhe-as-ash\/\" \/>\n<meta property=\"og:site_name\" content=\"Lajme nga Ulqini\" \/>\n<meta property=\"article:published_time\" content=\"2008-05-18T17:27:46+00:00\" \/>\n<meta property=\"article:modified_time\" content=\"2008-05-18T17:33:57+00:00\" \/>\n<meta property=\"og:image\" content=\"http:\/\/www.kohajavore.cg.yu\/slike\/1210919411.jpg\" \/>\n<meta name=\"twitter:label1\" content=\"Written by\" \/>\n\t<meta name=\"twitter:data1\" content=\"ulqini\" \/>\n\t<meta name=\"twitter:label2\" content=\"Est. reading time\" \/>\n\t<meta name=\"twitter:data2\" content=\"5 minutes\" \/>\n<script type=\"application\/ld+json\" class=\"yoast-schema-graph\">{\"@context\":\"https:\/\/schema.org\",\"@graph\":[{\"@type\":\"WebSite\",\"@id\":\"https:\/\/www.visit-ulcinj.com\/blog\/#website\",\"url\":\"https:\/\/www.visit-ulcinj.com\/blog\/\",\"name\":\"Lajme nga Ulqini\",\"description\":\"Lajme,Vijesti,Ulqini,Ulqin,Crna Gora,Mali i Zi\",\"potentialAction\":[{\"@type\":\"SearchAction\",\"target\":{\"@type\":\"EntryPoint\",\"urlTemplate\":\"https:\/\/www.visit-ulcinj.com\/blog\/?s={search_term_string}\"},\"query-input\":\"required name=search_term_string\"}],\"inLanguage\":\"en-US\"},{\"@type\":\"ImageObject\",\"inLanguage\":\"en-US\",\"@id\":\"https:\/\/www.visit-ulcinj.com\/blog\/2008\/05\/18\/subjektet-politike-shqiptare-qe-veprojne-ne-malesi-ld-ne-mz-udsh-dhe-as-ash\/#primaryimage\",\"url\":\"http:\/\/www.kohajavore.cg.yu\/slike\/1210919411.jpg\",\"contentUrl\":\"http:\/\/www.kohajavore.cg.yu\/slike\/1210919411.jpg\"},{\"@type\":\"WebPage\",\"@id\":\"https:\/\/www.visit-ulcinj.com\/blog\/2008\/05\/18\/subjektet-politike-shqiptare-qe-veprojne-ne-malesi-ld-ne-mz-udsh-dhe-as-ash\/#webpage\",\"url\":\"https:\/\/www.visit-ulcinj.com\/blog\/2008\/05\/18\/subjektet-politike-shqiptare-qe-veprojne-ne-malesi-ld-ne-mz-udsh-dhe-as-ash\/\",\"name\":\"Subjektet politike shqiptare q\u00eb veprojn\u00eb n\u00eb mal\u00ebsi (LD n\u00eb MZ, UDSH dhe ASH) - Lajme nga Ulqini\",\"isPartOf\":{\"@id\":\"https:\/\/www.visit-ulcinj.com\/blog\/#website\"},\"primaryImageOfPage\":{\"@id\":\"https:\/\/www.visit-ulcinj.com\/blog\/2008\/05\/18\/subjektet-politike-shqiptare-qe-veprojne-ne-malesi-ld-ne-mz-udsh-dhe-as-ash\/#primaryimage\"},\"datePublished\":\"2008-05-18T17:27:46+00:00\",\"dateModified\":\"2008-05-18T17:33:57+00:00\",\"author\":{\"@id\":\"https:\/\/www.visit-ulcinj.com\/blog\/#\/schema\/person\/dcab619c614d3038751c63bc2aadc06d\"},\"breadcrumb\":{\"@id\":\"https:\/\/www.visit-ulcinj.com\/blog\/2008\/05\/18\/subjektet-politike-shqiptare-qe-veprojne-ne-malesi-ld-ne-mz-udsh-dhe-as-ash\/#breadcrumb\"},\"inLanguage\":\"en-US\",\"potentialAction\":[{\"@type\":\"ReadAction\",\"target\":[\"https:\/\/www.visit-ulcinj.com\/blog\/2008\/05\/18\/subjektet-politike-shqiptare-qe-veprojne-ne-malesi-ld-ne-mz-udsh-dhe-as-ash\/\"]}]},{\"@type\":\"BreadcrumbList\",\"@id\":\"https:\/\/www.visit-ulcinj.com\/blog\/2008\/05\/18\/subjektet-politike-shqiptare-qe-veprojne-ne-malesi-ld-ne-mz-udsh-dhe-as-ash\/#breadcrumb\",\"itemListElement\":[{\"@type\":\"ListItem\",\"position\":1,\"name\":\"Subjektet politike shqiptare q\u00eb veprojn\u00eb n\u00eb mal\u00ebsi (LD n\u00eb MZ, UDSH dhe ASH)\"}]},{\"@type\":\"Person\",\"@id\":\"https:\/\/www.visit-ulcinj.com\/blog\/#\/schema\/person\/dcab619c614d3038751c63bc2aadc06d\",\"name\":\"ulqini\",\"sameAs\":[\"http:\/\/www.visit-ulcinj.com\"],\"url\":\"https:\/\/www.visit-ulcinj.com\/blog\/author\/admin\/\"}]}<\/script>\n<!-- \/ Yoast SEO plugin. -->","yoast_head_json":{"title":"Subjektet politike shqiptare q\u00eb veprojn\u00eb n\u00eb mal\u00ebsi (LD n\u00eb MZ, UDSH dhe ASH) - Lajme nga Ulqini","robots":{"index":"index","follow":"follow","max-snippet":"max-snippet:-1","max-image-preview":"max-image-preview:large","max-video-preview":"max-video-preview:-1"},"canonical":"https:\/\/www.visit-ulcinj.com\/blog\/2008\/05\/18\/subjektet-politike-shqiptare-qe-veprojne-ne-malesi-ld-ne-mz-udsh-dhe-as-ash\/","og_locale":"en_US","og_type":"article","og_title":"Subjektet politike shqiptare q\u00eb veprojn\u00eb n\u00eb mal\u00ebsi (LD n\u00eb MZ, UDSH dhe ASH) - Lajme nga Ulqini","og_url":"https:\/\/www.visit-ulcinj.com\/blog\/2008\/05\/18\/subjektet-politike-shqiptare-qe-veprojne-ne-malesi-ld-ne-mz-udsh-dhe-as-ash\/","og_site_name":"Lajme nga Ulqini","article_published_time":"2008-05-18T17:27:46+00:00","article_modified_time":"2008-05-18T17:33:57+00:00","og_image":[{"url":"http:\/\/www.kohajavore.cg.yu\/slike\/1210919411.jpg"}],"twitter_misc":{"Written by":"ulqini","Est. reading time":"5 minutes"},"schema":{"@context":"https:\/\/schema.org","@graph":[{"@type":"WebSite","@id":"https:\/\/www.visit-ulcinj.com\/blog\/#website","url":"https:\/\/www.visit-ulcinj.com\/blog\/","name":"Lajme nga Ulqini","description":"Lajme,Vijesti,Ulqini,Ulqin,Crna Gora,Mali i Zi","potentialAction":[{"@type":"SearchAction","target":{"@type":"EntryPoint","urlTemplate":"https:\/\/www.visit-ulcinj.com\/blog\/?s={search_term_string}"},"query-input":"required name=search_term_string"}],"inLanguage":"en-US"},{"@type":"ImageObject","inLanguage":"en-US","@id":"https:\/\/www.visit-ulcinj.com\/blog\/2008\/05\/18\/subjektet-politike-shqiptare-qe-veprojne-ne-malesi-ld-ne-mz-udsh-dhe-as-ash\/#primaryimage","url":"http:\/\/www.kohajavore.cg.yu\/slike\/1210919411.jpg","contentUrl":"http:\/\/www.kohajavore.cg.yu\/slike\/1210919411.jpg"},{"@type":"WebPage","@id":"https:\/\/www.visit-ulcinj.com\/blog\/2008\/05\/18\/subjektet-politike-shqiptare-qe-veprojne-ne-malesi-ld-ne-mz-udsh-dhe-as-ash\/#webpage","url":"https:\/\/www.visit-ulcinj.com\/blog\/2008\/05\/18\/subjektet-politike-shqiptare-qe-veprojne-ne-malesi-ld-ne-mz-udsh-dhe-as-ash\/","name":"Subjektet politike shqiptare q\u00eb veprojn\u00eb n\u00eb mal\u00ebsi (LD n\u00eb MZ, UDSH dhe ASH) - Lajme nga Ulqini","isPartOf":{"@id":"https:\/\/www.visit-ulcinj.com\/blog\/#website"},"primaryImageOfPage":{"@id":"https:\/\/www.visit-ulcinj.com\/blog\/2008\/05\/18\/subjektet-politike-shqiptare-qe-veprojne-ne-malesi-ld-ne-mz-udsh-dhe-as-ash\/#primaryimage"},"datePublished":"2008-05-18T17:27:46+00:00","dateModified":"2008-05-18T17:33:57+00:00","author":{"@id":"https:\/\/www.visit-ulcinj.com\/blog\/#\/schema\/person\/dcab619c614d3038751c63bc2aadc06d"},"breadcrumb":{"@id":"https:\/\/www.visit-ulcinj.com\/blog\/2008\/05\/18\/subjektet-politike-shqiptare-qe-veprojne-ne-malesi-ld-ne-mz-udsh-dhe-as-ash\/#breadcrumb"},"inLanguage":"en-US","potentialAction":[{"@type":"ReadAction","target":["https:\/\/www.visit-ulcinj.com\/blog\/2008\/05\/18\/subjektet-politike-shqiptare-qe-veprojne-ne-malesi-ld-ne-mz-udsh-dhe-as-ash\/"]}]},{"@type":"BreadcrumbList","@id":"https:\/\/www.visit-ulcinj.com\/blog\/2008\/05\/18\/subjektet-politike-shqiptare-qe-veprojne-ne-malesi-ld-ne-mz-udsh-dhe-as-ash\/#breadcrumb","itemListElement":[{"@type":"ListItem","position":1,"name":"Subjektet politike shqiptare q\u00eb veprojn\u00eb n\u00eb mal\u00ebsi (LD n\u00eb MZ, UDSH dhe ASH)"}]},{"@type":"Person","@id":"https:\/\/www.visit-ulcinj.com\/blog\/#\/schema\/person\/dcab619c614d3038751c63bc2aadc06d","name":"ulqini","sameAs":["http:\/\/www.visit-ulcinj.com"],"url":"https:\/\/www.visit-ulcinj.com\/blog\/author\/admin\/"}]}},"jetpack_featured_media_url":"","jetpack_sharing_enabled":true,"jetpack_shortlink":"https:\/\/wp.me\/pe6lTn-qy","_links":{"self":[{"href":"https:\/\/www.visit-ulcinj.com\/blog\/wp-json\/wp\/v2\/posts\/1646"}],"collection":[{"href":"https:\/\/www.visit-ulcinj.com\/blog\/wp-json\/wp\/v2\/posts"}],"about":[{"href":"https:\/\/www.visit-ulcinj.com\/blog\/wp-json\/wp\/v2\/types\/post"}],"author":[{"embeddable":true,"href":"https:\/\/www.visit-ulcinj.com\/blog\/wp-json\/wp\/v2\/users\/1"}],"replies":[{"embeddable":true,"href":"https:\/\/www.visit-ulcinj.com\/blog\/wp-json\/wp\/v2\/comments?post=1646"}],"version-history":[{"count":0,"href":"https:\/\/www.visit-ulcinj.com\/blog\/wp-json\/wp\/v2\/posts\/1646\/revisions"}],"wp:attachment":[{"href":"https:\/\/www.visit-ulcinj.com\/blog\/wp-json\/wp\/v2\/media?parent=1646"}],"wp:term":[{"taxonomy":"category","embeddable":true,"href":"https:\/\/www.visit-ulcinj.com\/blog\/wp-json\/wp\/v2\/categories?post=1646"},{"taxonomy":"post_tag","embeddable":true,"href":"https:\/\/www.visit-ulcinj.com\/blog\/wp-json\/wp\/v2\/tags?post=1646"}],"curies":[{"name":"wp","href":"https:\/\/api.w.org\/{rel}","templated":true}]}}