{"id":16473,"date":"2009-04-02T19:51:51","date_gmt":"2009-04-02T18:51:51","guid":{"rendered":"http:\/\/www.visit-ulcinj.com\/blog\/?p=16473"},"modified":"2009-04-02T19:51:51","modified_gmt":"2009-04-02T18:51:51","slug":"male-promjene-u-programu-za-sjutrasnji-dan-opstine-ulcinj","status":"publish","type":"post","link":"https:\/\/www.visit-ulcinj.com\/blog\/2009\/04\/02\/male-promjene-u-programu-za-sjutrasnji-dan-opstine-ulcinj\/","title":{"rendered":"Male promjene u programu za sjutra\u0161nji dan op\u0161tine Ulcinj"},"content":{"rendered":"<p><strong><a href=\"http:\/\/www.visit-ulcinj.com\/blog\/wp-content\/uploads\/2009\/04\/dan-opstine-ulcinj.jpg\"><img loading=\"lazy\" class=\"alignleft size-full wp-image-16479\" title=\"dan-opstine-ulcinj\" src=\"http:\/\/www.visit-ulcinj.com\/blog\/wp-content\/uploads\/2009\/04\/dan-opstine-ulcinj.jpg\" alt=\"dan-opstine-ulcinj\" width=\"570\" height=\"275\" \/><\/a>Po\u0161tovani,<\/strong><br \/>\nOvim putem \u017eelim sve vas da informi\u0161e da je do\u0161lo do male promjene u programu obilje\u017eavanja dana na\u0161e op\u0161tine za sjutra\u0161nji dan.<br \/>\n<strong>Program za sjutra izgleda ovako:<\/strong><\/p>\n<ul>\n<li><strong>11.00 prijem predstavnika sportista u?esnika na me?unarodnom futbalskom turniru u kabinetu predsjednika<\/strong><\/li>\n<\/ul>\n<ul>\n<li><strong>14.30 Otvaranje me?unarodnog futbalskog turnira &#8211; stadion na Velikoj pla\u017ei.<\/strong><\/li>\n<\/ul>\n<ul>\n<li><strong>18.00 Izlo\u017eba biv\u0161ih predsjednika Op\u0161tine Ulcinj &#8211; Centar za kulturu<\/strong><\/li>\n<\/ul>\n<p>Do otvaranja Dnevnog centra za hendikepiranu djecu sjutra ne?e do?i. I pored intenzivnih radova koji se izvode na njegovom adaptiranju, Centar jo\u0161 nije spreman za otvaranje. Dnevni centar za hendikepiranu djecu je zajedni?ka investicija Op\u0161tine Ulcinj i norve\u0161kog donatora Sound of Happiness. O novom datum njegovog otvaranja bi?ete blagovremeno obavije\u0161teni.<br \/>\nZahvaljujem se svima na izuzetno konstruktivnoj saradnji i razumijevanju.<\/p>\n<p>S po\u0161tovanjem,<br \/>\n<strong>Arsllan HAJDINAGA<\/strong><\/p>\n<p><strong>Adviser for International Relations<\/strong><\/p>\n<p><strong>Municipality of Ulcinj \/ Ulqin &#8211; The Mayor\u2019s Office<\/strong><\/p>\n<p><strong>Bul. Skenderbeu 85360 Ulcinj<\/strong><\/p>\n<p><strong>Montenegro<\/strong><\/p>\n<ul>\n<li><strong>Tel 00382-30401050 ext. 103<\/strong><\/li>\n<li><strong>Direct 00382-30412056<\/strong><\/li>\n<li><strong>Fax 00382-30412413<\/strong><\/li>\n<li><strong>Cell 00382-69400473<\/strong><\/li>\n<\/ul>\n","protected":false},"excerpt":{"rendered":"<p>Po\u0161tovani, Ovim putem \u017eelim sve vas da informi\u0161e da je do\u0161lo do male promjene u programu obilje\u017eavanja dana na\u0161e op\u0161tine za sjutra\u0161nji dan. Program za sjutra izgleda ovako: 11.00 prijem predstavnika sportista u?esnika na me?unarodnom futbalskom turniru u kabinetu predsjednika 14.30 Otvaranje me?unarodnog futbalskog turnira &#8211; stadion na Velikoj pla\u017ei. 18.00 Izlo\u017eba biv\u0161ih predsjednika Op\u0161tine [&hellip;]<\/p>\n","protected":false},"author":1,"featured_media":0,"comment_status":"open","ping_status":"closed","sticky":false,"template":"","format":"standard","meta":{"spay_email":"","jetpack_publicize_message":"","jetpack_is_tweetstorm":false,"jetpack_publicize_feature_enabled":true},"categories":[8337],"tags":[8686],"jetpack_publicize_connections":[],"yoast_head":"<!-- This site is optimized with the Yoast SEO plugin v19.1 - https:\/\/yoast.com\/wordpress\/plugins\/seo\/ -->\n<title>Male promjene u programu za sjutra\u0161nji dan op\u0161tine Ulcinj - Lajme nga Ulqini<\/title>\n<meta name=\"description\" content=\"Po\u0161tovani, Ovim putem \u017eelim sve vas da informi\u0161e da je do\u0161lo do male promjene u programu obilje\u017eavanja dana na\u0161e op\u0161tine za sjutra\u0161nji dan. Program za\" \/>\n<meta name=\"robots\" content=\"index, follow, max-snippet:-1, max-image-preview:large, max-video-preview:-1\" \/>\n<link rel=\"canonical\" href=\"https:\/\/www.visit-ulcinj.com\/blog\/2009\/04\/02\/male-promjene-u-programu-za-sjutrasnji-dan-opstine-ulcinj\/\" \/>\n<meta property=\"og:locale\" content=\"en_US\" \/>\n<meta property=\"og:type\" content=\"article\" \/>\n<meta property=\"og:title\" content=\"Male promjene u programu za sjutra\u0161nji dan op\u0161tine Ulcinj - Lajme nga Ulqini\" \/>\n<meta property=\"og:description\" content=\"Po\u0161tovani, Ovim putem \u017eelim sve vas da informi\u0161e da je do\u0161lo do male promjene u programu obilje\u017eavanja dana na\u0161e op\u0161tine za sjutra\u0161nji dan. Program za\" \/>\n<meta property=\"og:url\" content=\"https:\/\/www.visit-ulcinj.com\/blog\/2009\/04\/02\/male-promjene-u-programu-za-sjutrasnji-dan-opstine-ulcinj\/\" \/>\n<meta property=\"og:site_name\" content=\"Lajme nga Ulqini\" \/>\n<meta property=\"article:published_time\" content=\"2009-04-02T18:51:51+00:00\" \/>\n<meta property=\"og:image\" content=\"http:\/\/www.visit-ulcinj.com\/blog\/wp-content\/uploads\/2009\/04\/dan-opstine-ulcinj.jpg\" \/>\n<meta name=\"twitter:label1\" content=\"Written by\" \/>\n\t<meta name=\"twitter:data1\" content=\"ulqini\" \/>\n\t<meta name=\"twitter:label2\" content=\"Est. reading time\" \/>\n\t<meta name=\"twitter:data2\" content=\"1 minute\" \/>\n<script type=\"application\/ld+json\" class=\"yoast-schema-graph\">{\"@context\":\"https:\/\/schema.org\",\"@graph\":[{\"@type\":\"WebSite\",\"@id\":\"https:\/\/www.visit-ulcinj.com\/blog\/#website\",\"url\":\"https:\/\/www.visit-ulcinj.com\/blog\/\",\"name\":\"Lajme nga Ulqini\",\"description\":\"Lajme,Vijesti,Ulqini,Ulqin,Crna Gora,Mali i Zi\",\"potentialAction\":[{\"@type\":\"SearchAction\",\"target\":{\"@type\":\"EntryPoint\",\"urlTemplate\":\"https:\/\/www.visit-ulcinj.com\/blog\/?s={search_term_string}\"},\"query-input\":\"required name=search_term_string\"}],\"inLanguage\":\"en-US\"},{\"@type\":\"ImageObject\",\"inLanguage\":\"en-US\",\"@id\":\"https:\/\/www.visit-ulcinj.com\/blog\/2009\/04\/02\/male-promjene-u-programu-za-sjutrasnji-dan-opstine-ulcinj\/#primaryimage\",\"url\":\"https:\/\/www.visit-ulcinj.com\/blog\/wp-content\/uploads\/2009\/04\/dan-opstine-ulcinj.jpg\",\"contentUrl\":\"https:\/\/www.visit-ulcinj.com\/blog\/wp-content\/uploads\/2009\/04\/dan-opstine-ulcinj.jpg\",\"width\":\"407\",\"height\":\"175\"},{\"@type\":\"WebPage\",\"@id\":\"https:\/\/www.visit-ulcinj.com\/blog\/2009\/04\/02\/male-promjene-u-programu-za-sjutrasnji-dan-opstine-ulcinj\/#webpage\",\"url\":\"https:\/\/www.visit-ulcinj.com\/blog\/2009\/04\/02\/male-promjene-u-programu-za-sjutrasnji-dan-opstine-ulcinj\/\",\"name\":\"Male promjene u programu za sjutra\u0161nji dan op\u0161tine Ulcinj - Lajme nga Ulqini\",\"isPartOf\":{\"@id\":\"https:\/\/www.visit-ulcinj.com\/blog\/#website\"},\"primaryImageOfPage\":{\"@id\":\"https:\/\/www.visit-ulcinj.com\/blog\/2009\/04\/02\/male-promjene-u-programu-za-sjutrasnji-dan-opstine-ulcinj\/#primaryimage\"},\"datePublished\":\"2009-04-02T18:51:51+00:00\",\"dateModified\":\"2009-04-02T18:51:51+00:00\",\"author\":{\"@id\":\"https:\/\/www.visit-ulcinj.com\/blog\/#\/schema\/person\/dcab619c614d3038751c63bc2aadc06d\"},\"description\":\"Po\u0161tovani, Ovim putem \u017eelim sve vas da informi\u0161e da je do\u0161lo do male promjene u programu obilje\u017eavanja dana na\u0161e op\u0161tine za sjutra\u0161nji dan. Program za\",\"breadcrumb\":{\"@id\":\"https:\/\/www.visit-ulcinj.com\/blog\/2009\/04\/02\/male-promjene-u-programu-za-sjutrasnji-dan-opstine-ulcinj\/#breadcrumb\"},\"inLanguage\":\"en-US\",\"potentialAction\":[{\"@type\":\"ReadAction\",\"target\":[\"https:\/\/www.visit-ulcinj.com\/blog\/2009\/04\/02\/male-promjene-u-programu-za-sjutrasnji-dan-opstine-ulcinj\/\"]}]},{\"@type\":\"BreadcrumbList\",\"@id\":\"https:\/\/www.visit-ulcinj.com\/blog\/2009\/04\/02\/male-promjene-u-programu-za-sjutrasnji-dan-opstine-ulcinj\/#breadcrumb\",\"itemListElement\":[{\"@type\":\"ListItem\",\"position\":1,\"name\":\"Male promjene u programu za sjutra\u0161nji dan op\u0161tine Ulcinj\"}]},{\"@type\":\"Person\",\"@id\":\"https:\/\/www.visit-ulcinj.com\/blog\/#\/schema\/person\/dcab619c614d3038751c63bc2aadc06d\",\"name\":\"ulqini\",\"sameAs\":[\"http:\/\/www.visit-ulcinj.com\"],\"url\":\"https:\/\/www.visit-ulcinj.com\/blog\/author\/admin\/\"}]}<\/script>\n<!-- \/ Yoast SEO plugin. -->","yoast_head_json":{"title":"Male promjene u programu za sjutra\u0161nji dan op\u0161tine Ulcinj - Lajme nga Ulqini","description":"Po\u0161tovani, Ovim putem \u017eelim sve vas da informi\u0161e da je do\u0161lo do male promjene u programu obilje\u017eavanja dana na\u0161e op\u0161tine za sjutra\u0161nji dan. Program za","robots":{"index":"index","follow":"follow","max-snippet":"max-snippet:-1","max-image-preview":"max-image-preview:large","max-video-preview":"max-video-preview:-1"},"canonical":"https:\/\/www.visit-ulcinj.com\/blog\/2009\/04\/02\/male-promjene-u-programu-za-sjutrasnji-dan-opstine-ulcinj\/","og_locale":"en_US","og_type":"article","og_title":"Male promjene u programu za sjutra\u0161nji dan op\u0161tine Ulcinj - Lajme nga Ulqini","og_description":"Po\u0161tovani, Ovim putem \u017eelim sve vas da informi\u0161e da je do\u0161lo do male promjene u programu obilje\u017eavanja dana na\u0161e op\u0161tine za sjutra\u0161nji dan. Program za","og_url":"https:\/\/www.visit-ulcinj.com\/blog\/2009\/04\/02\/male-promjene-u-programu-za-sjutrasnji-dan-opstine-ulcinj\/","og_site_name":"Lajme nga Ulqini","article_published_time":"2009-04-02T18:51:51+00:00","og_image":[{"url":"http:\/\/www.visit-ulcinj.com\/blog\/wp-content\/uploads\/2009\/04\/dan-opstine-ulcinj.jpg"}],"twitter_misc":{"Written by":"ulqini","Est. reading time":"1 minute"},"schema":{"@context":"https:\/\/schema.org","@graph":[{"@type":"WebSite","@id":"https:\/\/www.visit-ulcinj.com\/blog\/#website","url":"https:\/\/www.visit-ulcinj.com\/blog\/","name":"Lajme nga Ulqini","description":"Lajme,Vijesti,Ulqini,Ulqin,Crna Gora,Mali i Zi","potentialAction":[{"@type":"SearchAction","target":{"@type":"EntryPoint","urlTemplate":"https:\/\/www.visit-ulcinj.com\/blog\/?s={search_term_string}"},"query-input":"required name=search_term_string"}],"inLanguage":"en-US"},{"@type":"ImageObject","inLanguage":"en-US","@id":"https:\/\/www.visit-ulcinj.com\/blog\/2009\/04\/02\/male-promjene-u-programu-za-sjutrasnji-dan-opstine-ulcinj\/#primaryimage","url":"https:\/\/www.visit-ulcinj.com\/blog\/wp-content\/uploads\/2009\/04\/dan-opstine-ulcinj.jpg","contentUrl":"https:\/\/www.visit-ulcinj.com\/blog\/wp-content\/uploads\/2009\/04\/dan-opstine-ulcinj.jpg","width":"407","height":"175"},{"@type":"WebPage","@id":"https:\/\/www.visit-ulcinj.com\/blog\/2009\/04\/02\/male-promjene-u-programu-za-sjutrasnji-dan-opstine-ulcinj\/#webpage","url":"https:\/\/www.visit-ulcinj.com\/blog\/2009\/04\/02\/male-promjene-u-programu-za-sjutrasnji-dan-opstine-ulcinj\/","name":"Male promjene u programu za sjutra\u0161nji dan op\u0161tine Ulcinj - Lajme nga Ulqini","isPartOf":{"@id":"https:\/\/www.visit-ulcinj.com\/blog\/#website"},"primaryImageOfPage":{"@id":"https:\/\/www.visit-ulcinj.com\/blog\/2009\/04\/02\/male-promjene-u-programu-za-sjutrasnji-dan-opstine-ulcinj\/#primaryimage"},"datePublished":"2009-04-02T18:51:51+00:00","dateModified":"2009-04-02T18:51:51+00:00","author":{"@id":"https:\/\/www.visit-ulcinj.com\/blog\/#\/schema\/person\/dcab619c614d3038751c63bc2aadc06d"},"description":"Po\u0161tovani, Ovim putem \u017eelim sve vas da informi\u0161e da je do\u0161lo do male promjene u programu obilje\u017eavanja dana na\u0161e op\u0161tine za sjutra\u0161nji dan. Program za","breadcrumb":{"@id":"https:\/\/www.visit-ulcinj.com\/blog\/2009\/04\/02\/male-promjene-u-programu-za-sjutrasnji-dan-opstine-ulcinj\/#breadcrumb"},"inLanguage":"en-US","potentialAction":[{"@type":"ReadAction","target":["https:\/\/www.visit-ulcinj.com\/blog\/2009\/04\/02\/male-promjene-u-programu-za-sjutrasnji-dan-opstine-ulcinj\/"]}]},{"@type":"BreadcrumbList","@id":"https:\/\/www.visit-ulcinj.com\/blog\/2009\/04\/02\/male-promjene-u-programu-za-sjutrasnji-dan-opstine-ulcinj\/#breadcrumb","itemListElement":[{"@type":"ListItem","position":1,"name":"Male promjene u programu za sjutra\u0161nji dan op\u0161tine Ulcinj"}]},{"@type":"Person","@id":"https:\/\/www.visit-ulcinj.com\/blog\/#\/schema\/person\/dcab619c614d3038751c63bc2aadc06d","name":"ulqini","sameAs":["http:\/\/www.visit-ulcinj.com"],"url":"https:\/\/www.visit-ulcinj.com\/blog\/author\/admin\/"}]}},"jetpack_featured_media_url":"","jetpack_sharing_enabled":true,"jetpack_shortlink":"https:\/\/wp.me\/pe6lTn-4hH","_links":{"self":[{"href":"https:\/\/www.visit-ulcinj.com\/blog\/wp-json\/wp\/v2\/posts\/16473"}],"collection":[{"href":"https:\/\/www.visit-ulcinj.com\/blog\/wp-json\/wp\/v2\/posts"}],"about":[{"href":"https:\/\/www.visit-ulcinj.com\/blog\/wp-json\/wp\/v2\/types\/post"}],"author":[{"embeddable":true,"href":"https:\/\/www.visit-ulcinj.com\/blog\/wp-json\/wp\/v2\/users\/1"}],"replies":[{"embeddable":true,"href":"https:\/\/www.visit-ulcinj.com\/blog\/wp-json\/wp\/v2\/comments?post=16473"}],"version-history":[{"count":0,"href":"https:\/\/www.visit-ulcinj.com\/blog\/wp-json\/wp\/v2\/posts\/16473\/revisions"}],"wp:attachment":[{"href":"https:\/\/www.visit-ulcinj.com\/blog\/wp-json\/wp\/v2\/media?parent=16473"}],"wp:term":[{"taxonomy":"category","embeddable":true,"href":"https:\/\/www.visit-ulcinj.com\/blog\/wp-json\/wp\/v2\/categories?post=16473"},{"taxonomy":"post_tag","embeddable":true,"href":"https:\/\/www.visit-ulcinj.com\/blog\/wp-json\/wp\/v2\/tags?post=16473"}],"curies":[{"name":"wp","href":"https:\/\/api.w.org\/{rel}","templated":true}]}}