{"id":16486,"date":"2009-04-02T20:06:20","date_gmt":"2009-04-02T19:06:20","guid":{"rendered":"http:\/\/www.visit-ulcinj.com\/blog\/?p=16486"},"modified":"2009-04-02T20:06:20","modified_gmt":"2009-04-02T19:06:20","slug":"qetsori-une-e-dua-shume-gruan-time","status":"publish","type":"post","link":"https:\/\/www.visit-ulcinj.com\/blog\/2009\/04\/02\/qetsori-une-e-dua-shume-gruan-time\/","title":{"rendered":"Qetsori : Un\u00eb e dua shum\u00eb gruan time"},"content":{"rendered":"<p><em><span class=\"newsdate\"><a href=\"http:\/\/www.visit-ulcinj.com\/blog\/wp-content\/uploads\/2009\/04\/qetesori-per-te-shoqen.jpg\"><img loading=\"lazy\" class=\"alignleft size-full wp-image-16487\" title=\"qetesori-per-te-shoqen-big-brother-albania-2\" src=\"http:\/\/www.visit-ulcinj.com\/blog\/wp-content\/uploads\/2009\/04\/qetesori-per-te-shoqen.jpg\" alt=\"qetesori-per-te-shoqen-big-brother-albania-2\" width=\"300\" height=\"205\" \/><\/a>31\/03\/09 01:21<\/span><\/em><\/p>\n<p>\u201cDuhet ta jetosh vet di\u00e7ka, q\u00eb ta kuptosh realisht sesi \u00ebsht\u00eb!\u201d- u ka th\u00ebn\u00eb Qetsori, Anjez\u00ebs, Anit e m\u00eb pas edhe Dritanit, duke folur p\u00ebr v\u00ebshtir\u00ebsit\u00eb q\u00eb i krijoi n\u00eb raportin me bashk\u00ebshorten, d\u00ebshira e tij p\u00ebr t\u00eb hyr\u00eb n\u00eb sht\u00ebpin\u00eb e Big Brother. Ai tregoi se ishin z\u00ebn\u00eb shum\u00eb. \u201cThon\u00eb se pas t\u00eb 30-ave, rikthen jeta, n\u00ebse gj\u00ebrat t\u00eb kan\u00eb shkuar keq, t\u00eb jepet nj\u00eb okazion i dyt\u00eb!\u201d. Ai ka shpjeguar se hyrja k\u00ebtu i p\u00ebrkon me nj\u00eb histori t\u00eb keqe q\u00eb i kishte ndodhur dikur, dhe ai prandaj kishte vendosur ta provonte, sepse kualifikimin e tij si konkurrent e kishte marr\u00eb si nj\u00eb shans t\u00eb dyt\u00eb q\u00eb i ishte dh\u00ebn\u00eb p\u00ebr t\u00eb ndryshuar gj\u00ebrat. Ai i ka th\u00ebn\u00eb Anjez\u00ebs se nuk arriti ta kishte mb\u00ebshtetjen e s\u00eb shoqes, p\u00ebr t\u00eb hyr\u00eb n\u00eb sht\u00ebpin\u00eb e Big Brother, me p\u00ebrjashtim t\u00eb mesazhit q\u00eb i d\u00ebrgoi p\u00ebr Sh\u00ebn Valentin, por, pavar\u00ebsisht d\u00ebshir\u00ebs s\u00eb tij p\u00ebr t\u00eb q\u00ebndruar n\u00eb loj\u00eb, deri n\u00eb fund, n\u00ebse p\u00ebr surpriz\u00eb i sillnin t\u00eb takonte gruan apo t\u00eb af\u00ebrm t\u00eb tjer\u00eb dhe ata do t\u2019i thonin t\u00eb dilte, ai do t\u00eb dilte menj\u00ebher\u00eb, pa u penduar. \u201cMendon se k\u00ebtu brenda ke b\u00ebr\u00eb di\u00e7ka q\u00eb at\u00eb e ka b\u00ebr\u00eb t\u00eb ndjehet keq?\u201d- e ka pyetur Anjeza Qetsorin, p\u00ebr t\u00eb shoqen. Ai ka th\u00ebn\u00eb se mendonte se po, madje n\u00eb situata t\u00eb caktuara ka rrezikuar shum\u00eb. \u201cUn\u00eb kam dal\u00eb me t\u00eb mbathura dhe ajo at\u00eb m\u00eb tha, q\u00eb nuk donte q\u00eb t\u00eb tjer\u00ebt t\u00eb shihnin intimitetin tim, donte q\u00eb ta shihte vet\u00ebm ajo!\u201d Qetsori ka th\u00ebn\u00eb se e donte shum\u00eb gruan e tij, pavar\u00ebsisht konflikteve q\u00eb mund t\u00eb kishin. Ai ka th\u00ebn\u00eb se ishte nga ata q\u00eb zgjidhnin vet\u00ebm nj\u00eb her\u00eb, jo nga ata q\u00eb i jepnin vetes mund\u00ebsin\u00eb t\u00eb b\u00ebnin m\u00eb shum\u00eb sesa nj\u00eb zgjedhje. \u201cUn\u00eb zgjedh vet\u00ebm nj\u00eb her\u00eb, e zgjedh me nd\u00ebrgjegje t\u00eb plot\u00eb dhe k\u00ebnaqem me at\u00eb q\u00eb zgjedh!\u201d \u2013 ka th\u00ebn\u00eb ai.<\/p>\n","protected":false},"excerpt":{"rendered":"<p>31\/03\/09 01:21 \u201cDuhet ta jetosh vet di\u00e7ka, q\u00eb ta kuptosh realisht sesi \u00ebsht\u00eb!\u201d- u ka th\u00ebn\u00eb Qetsori, Anjez\u00ebs, Anit e m\u00eb pas edhe Dritanit, duke folur p\u00ebr v\u00ebshtir\u00ebsit\u00eb q\u00eb i krijoi n\u00eb raportin me bashk\u00ebshorten, d\u00ebshira e tij p\u00ebr t\u00eb hyr\u00eb n\u00eb sht\u00ebpin\u00eb e Big Brother. Ai tregoi se ishin z\u00ebn\u00eb shum\u00eb. \u201cThon\u00eb se pas [&hellip;]<\/p>\n","protected":false},"author":1,"featured_media":0,"comment_status":"open","ping_status":"closed","sticky":false,"template":"","format":"standard","meta":{"spay_email":"","jetpack_publicize_message":"","jetpack_is_tweetstorm":false,"jetpack_publicize_feature_enabled":true},"categories":[6502],"tags":[8290,8289,6883,6516,6712,6900,8688,8687,6891],"jetpack_publicize_connections":[],"yoast_head":"<!-- This site is optimized with the Yoast SEO plugin v19.1 - https:\/\/yoast.com\/wordpress\/plugins\/seo\/ -->\n<title>Qetsori : Un\u00c3\u00ab e dua shum\u00c3\u00ab gruan time | Big Brother Albania 2<\/title>\n<meta name=\"description\" content=\"Big Brother Albania 2 - \u00e2\u20ac\u0153Duhet ta jetosh vet di\u00c3\u00a7ka, q\u00c3\u00ab ta kuptosh realisht sesi \u00c3\u00absht\u00c3\u00ab!\u00e2\u20ac\u009d- u ka th\u00c3\u00abn\u00c3\u00ab Qetsori, Anjez\u00c3\u00abs, Anit e m\u00c3\u00ab pas edhe Dritanit, duke folur p\u00c3\u00abr v\u00c3\u00abshtir\u00c3\u00absit\u00c3\u00ab q\u00c3\u00ab i krijoi n\u00c3\u00ab raportin me bashk\u00c3\u00abshorten\" \/>\n<meta name=\"robots\" content=\"index, follow, max-snippet:-1, max-image-preview:large, max-video-preview:-1\" \/>\n<link rel=\"canonical\" href=\"https:\/\/www.visit-ulcinj.com\/blog\/2009\/04\/02\/qetsori-une-e-dua-shume-gruan-time\/\" \/>\n<meta property=\"og:locale\" content=\"en_US\" \/>\n<meta property=\"og:type\" content=\"article\" \/>\n<meta property=\"og:title\" content=\"Qetsori : Un\u00c3\u00ab e dua shum\u00c3\u00ab gruan time | Big Brother Albania 2\" \/>\n<meta property=\"og:description\" content=\"Big Brother Albania 2 - \u00e2\u20ac\u0153Duhet ta jetosh vet di\u00c3\u00a7ka, q\u00c3\u00ab ta kuptosh realisht sesi \u00c3\u00absht\u00c3\u00ab!\u00e2\u20ac\u009d- u ka th\u00c3\u00abn\u00c3\u00ab Qetsori, Anjez\u00c3\u00abs, Anit e m\u00c3\u00ab pas edhe Dritanit, duke folur p\u00c3\u00abr v\u00c3\u00abshtir\u00c3\u00absit\u00c3\u00ab q\u00c3\u00ab i krijoi n\u00c3\u00ab raportin me bashk\u00c3\u00abshorten\" \/>\n<meta property=\"og:url\" content=\"https:\/\/www.visit-ulcinj.com\/blog\/2009\/04\/02\/qetsori-une-e-dua-shume-gruan-time\/\" \/>\n<meta property=\"og:site_name\" content=\"Lajme nga Ulqini\" \/>\n<meta property=\"article:published_time\" content=\"2009-04-02T19:06:20+00:00\" \/>\n<meta property=\"og:image\" content=\"http:\/\/www.visit-ulcinj.com\/blog\/wp-content\/uploads\/2009\/04\/qetesori-per-te-shoqen.jpg\" \/>\n<meta name=\"twitter:label1\" content=\"Written by\" \/>\n\t<meta name=\"twitter:data1\" content=\"ulqini\" \/>\n\t<meta name=\"twitter:label2\" content=\"Est. reading time\" \/>\n\t<meta name=\"twitter:data2\" content=\"2 minutes\" \/>\n<script type=\"application\/ld+json\" class=\"yoast-schema-graph\">{\"@context\":\"https:\/\/schema.org\",\"@graph\":[{\"@type\":\"WebSite\",\"@id\":\"https:\/\/www.visit-ulcinj.com\/blog\/#website\",\"url\":\"https:\/\/www.visit-ulcinj.com\/blog\/\",\"name\":\"Lajme nga Ulqini\",\"description\":\"Lajme,Vijesti,Ulqini,Ulqin,Crna Gora,Mali i Zi\",\"potentialAction\":[{\"@type\":\"SearchAction\",\"target\":{\"@type\":\"EntryPoint\",\"urlTemplate\":\"https:\/\/www.visit-ulcinj.com\/blog\/?s={search_term_string}\"},\"query-input\":\"required name=search_term_string\"}],\"inLanguage\":\"en-US\"},{\"@type\":\"ImageObject\",\"inLanguage\":\"en-US\",\"@id\":\"https:\/\/www.visit-ulcinj.com\/blog\/2009\/04\/02\/qetsori-une-e-dua-shume-gruan-time\/#primaryimage\",\"url\":\"http:\/\/www.visit-ulcinj.com\/blog\/wp-content\/uploads\/2009\/04\/qetesori-per-te-shoqen.jpg\",\"contentUrl\":\"http:\/\/www.visit-ulcinj.com\/blog\/wp-content\/uploads\/2009\/04\/qetesori-per-te-shoqen.jpg\"},{\"@type\":\"WebPage\",\"@id\":\"https:\/\/www.visit-ulcinj.com\/blog\/2009\/04\/02\/qetsori-une-e-dua-shume-gruan-time\/#webpage\",\"url\":\"https:\/\/www.visit-ulcinj.com\/blog\/2009\/04\/02\/qetsori-une-e-dua-shume-gruan-time\/\",\"name\":\"Qetsori : Un\u00c3\u00ab e dua shum\u00c3\u00ab gruan time | Big Brother Albania 2\",\"isPartOf\":{\"@id\":\"https:\/\/www.visit-ulcinj.com\/blog\/#website\"},\"primaryImageOfPage\":{\"@id\":\"https:\/\/www.visit-ulcinj.com\/blog\/2009\/04\/02\/qetsori-une-e-dua-shume-gruan-time\/#primaryimage\"},\"datePublished\":\"2009-04-02T19:06:20+00:00\",\"dateModified\":\"2009-04-02T19:06:20+00:00\",\"author\":{\"@id\":\"https:\/\/www.visit-ulcinj.com\/blog\/#\/schema\/person\/dcab619c614d3038751c63bc2aadc06d\"},\"description\":\"Big Brother Albania 2 - \u00e2\u20ac\u0153Duhet ta jetosh vet di\u00c3\u00a7ka, q\u00c3\u00ab ta kuptosh realisht sesi \u00c3\u00absht\u00c3\u00ab!\u00e2\u20ac\u009d- u ka th\u00c3\u00abn\u00c3\u00ab Qetsori, Anjez\u00c3\u00abs, Anit e m\u00c3\u00ab pas edhe Dritanit, duke folur p\u00c3\u00abr v\u00c3\u00abshtir\u00c3\u00absit\u00c3\u00ab q\u00c3\u00ab i krijoi n\u00c3\u00ab raportin me bashk\u00c3\u00abshorten\",\"breadcrumb\":{\"@id\":\"https:\/\/www.visit-ulcinj.com\/blog\/2009\/04\/02\/qetsori-une-e-dua-shume-gruan-time\/#breadcrumb\"},\"inLanguage\":\"en-US\",\"potentialAction\":[{\"@type\":\"ReadAction\",\"target\":[\"https:\/\/www.visit-ulcinj.com\/blog\/2009\/04\/02\/qetsori-une-e-dua-shume-gruan-time\/\"]}]},{\"@type\":\"BreadcrumbList\",\"@id\":\"https:\/\/www.visit-ulcinj.com\/blog\/2009\/04\/02\/qetsori-une-e-dua-shume-gruan-time\/#breadcrumb\",\"itemListElement\":[{\"@type\":\"ListItem\",\"position\":1,\"name\":\"Qetsori : Un\u00eb e dua shum\u00eb gruan time\"}]},{\"@type\":\"Person\",\"@id\":\"https:\/\/www.visit-ulcinj.com\/blog\/#\/schema\/person\/dcab619c614d3038751c63bc2aadc06d\",\"name\":\"ulqini\",\"sameAs\":[\"http:\/\/www.visit-ulcinj.com\"],\"url\":\"https:\/\/www.visit-ulcinj.com\/blog\/author\/admin\/\"}]}<\/script>\n<!-- \/ Yoast SEO plugin. -->","yoast_head_json":{"title":"Qetsori : Un\u00c3\u00ab e dua shum\u00c3\u00ab gruan time | Big Brother Albania 2","description":"Big Brother Albania 2 - \u00e2\u20ac\u0153Duhet ta jetosh vet di\u00c3\u00a7ka, q\u00c3\u00ab ta kuptosh realisht sesi \u00c3\u00absht\u00c3\u00ab!\u00e2\u20ac\u009d- u ka th\u00c3\u00abn\u00c3\u00ab Qetsori, Anjez\u00c3\u00abs, Anit e m\u00c3\u00ab pas edhe Dritanit, duke folur p\u00c3\u00abr v\u00c3\u00abshtir\u00c3\u00absit\u00c3\u00ab q\u00c3\u00ab i krijoi n\u00c3\u00ab raportin me bashk\u00c3\u00abshorten","robots":{"index":"index","follow":"follow","max-snippet":"max-snippet:-1","max-image-preview":"max-image-preview:large","max-video-preview":"max-video-preview:-1"},"canonical":"https:\/\/www.visit-ulcinj.com\/blog\/2009\/04\/02\/qetsori-une-e-dua-shume-gruan-time\/","og_locale":"en_US","og_type":"article","og_title":"Qetsori : Un\u00c3\u00ab e dua shum\u00c3\u00ab gruan time | Big Brother Albania 2","og_description":"Big Brother Albania 2 - \u00e2\u20ac\u0153Duhet ta jetosh vet di\u00c3\u00a7ka, q\u00c3\u00ab ta kuptosh realisht sesi \u00c3\u00absht\u00c3\u00ab!\u00e2\u20ac\u009d- u ka th\u00c3\u00abn\u00c3\u00ab Qetsori, Anjez\u00c3\u00abs, Anit e m\u00c3\u00ab pas edhe Dritanit, duke folur p\u00c3\u00abr v\u00c3\u00abshtir\u00c3\u00absit\u00c3\u00ab q\u00c3\u00ab i krijoi n\u00c3\u00ab raportin me bashk\u00c3\u00abshorten","og_url":"https:\/\/www.visit-ulcinj.com\/blog\/2009\/04\/02\/qetsori-une-e-dua-shume-gruan-time\/","og_site_name":"Lajme nga Ulqini","article_published_time":"2009-04-02T19:06:20+00:00","og_image":[{"url":"http:\/\/www.visit-ulcinj.com\/blog\/wp-content\/uploads\/2009\/04\/qetesori-per-te-shoqen.jpg"}],"twitter_misc":{"Written by":"ulqini","Est. reading time":"2 minutes"},"schema":{"@context":"https:\/\/schema.org","@graph":[{"@type":"WebSite","@id":"https:\/\/www.visit-ulcinj.com\/blog\/#website","url":"https:\/\/www.visit-ulcinj.com\/blog\/","name":"Lajme nga Ulqini","description":"Lajme,Vijesti,Ulqini,Ulqin,Crna Gora,Mali i Zi","potentialAction":[{"@type":"SearchAction","target":{"@type":"EntryPoint","urlTemplate":"https:\/\/www.visit-ulcinj.com\/blog\/?s={search_term_string}"},"query-input":"required name=search_term_string"}],"inLanguage":"en-US"},{"@type":"ImageObject","inLanguage":"en-US","@id":"https:\/\/www.visit-ulcinj.com\/blog\/2009\/04\/02\/qetsori-une-e-dua-shume-gruan-time\/#primaryimage","url":"http:\/\/www.visit-ulcinj.com\/blog\/wp-content\/uploads\/2009\/04\/qetesori-per-te-shoqen.jpg","contentUrl":"http:\/\/www.visit-ulcinj.com\/blog\/wp-content\/uploads\/2009\/04\/qetesori-per-te-shoqen.jpg"},{"@type":"WebPage","@id":"https:\/\/www.visit-ulcinj.com\/blog\/2009\/04\/02\/qetsori-une-e-dua-shume-gruan-time\/#webpage","url":"https:\/\/www.visit-ulcinj.com\/blog\/2009\/04\/02\/qetsori-une-e-dua-shume-gruan-time\/","name":"Qetsori : Un\u00c3\u00ab e dua shum\u00c3\u00ab gruan time | Big Brother Albania 2","isPartOf":{"@id":"https:\/\/www.visit-ulcinj.com\/blog\/#website"},"primaryImageOfPage":{"@id":"https:\/\/www.visit-ulcinj.com\/blog\/2009\/04\/02\/qetsori-une-e-dua-shume-gruan-time\/#primaryimage"},"datePublished":"2009-04-02T19:06:20+00:00","dateModified":"2009-04-02T19:06:20+00:00","author":{"@id":"https:\/\/www.visit-ulcinj.com\/blog\/#\/schema\/person\/dcab619c614d3038751c63bc2aadc06d"},"description":"Big Brother Albania 2 - \u00e2\u20ac\u0153Duhet ta jetosh vet di\u00c3\u00a7ka, q\u00c3\u00ab ta kuptosh realisht sesi \u00c3\u00absht\u00c3\u00ab!\u00e2\u20ac\u009d- u ka th\u00c3\u00abn\u00c3\u00ab Qetsori, Anjez\u00c3\u00abs, Anit e m\u00c3\u00ab pas edhe Dritanit, duke folur p\u00c3\u00abr v\u00c3\u00abshtir\u00c3\u00absit\u00c3\u00ab q\u00c3\u00ab i krijoi n\u00c3\u00ab raportin me bashk\u00c3\u00abshorten","breadcrumb":{"@id":"https:\/\/www.visit-ulcinj.com\/blog\/2009\/04\/02\/qetsori-une-e-dua-shume-gruan-time\/#breadcrumb"},"inLanguage":"en-US","potentialAction":[{"@type":"ReadAction","target":["https:\/\/www.visit-ulcinj.com\/blog\/2009\/04\/02\/qetsori-une-e-dua-shume-gruan-time\/"]}]},{"@type":"BreadcrumbList","@id":"https:\/\/www.visit-ulcinj.com\/blog\/2009\/04\/02\/qetsori-une-e-dua-shume-gruan-time\/#breadcrumb","itemListElement":[{"@type":"ListItem","position":1,"name":"Qetsori : Un\u00eb e dua shum\u00eb gruan time"}]},{"@type":"Person","@id":"https:\/\/www.visit-ulcinj.com\/blog\/#\/schema\/person\/dcab619c614d3038751c63bc2aadc06d","name":"ulqini","sameAs":["http:\/\/www.visit-ulcinj.com"],"url":"https:\/\/www.visit-ulcinj.com\/blog\/author\/admin\/"}]}},"jetpack_featured_media_url":"","jetpack_sharing_enabled":true,"jetpack_shortlink":"https:\/\/wp.me\/pe6lTn-4hU","_links":{"self":[{"href":"https:\/\/www.visit-ulcinj.com\/blog\/wp-json\/wp\/v2\/posts\/16486"}],"collection":[{"href":"https:\/\/www.visit-ulcinj.com\/blog\/wp-json\/wp\/v2\/posts"}],"about":[{"href":"https:\/\/www.visit-ulcinj.com\/blog\/wp-json\/wp\/v2\/types\/post"}],"author":[{"embeddable":true,"href":"https:\/\/www.visit-ulcinj.com\/blog\/wp-json\/wp\/v2\/users\/1"}],"replies":[{"embeddable":true,"href":"https:\/\/www.visit-ulcinj.com\/blog\/wp-json\/wp\/v2\/comments?post=16486"}],"version-history":[{"count":0,"href":"https:\/\/www.visit-ulcinj.com\/blog\/wp-json\/wp\/v2\/posts\/16486\/revisions"}],"wp:attachment":[{"href":"https:\/\/www.visit-ulcinj.com\/blog\/wp-json\/wp\/v2\/media?parent=16486"}],"wp:term":[{"taxonomy":"category","embeddable":true,"href":"https:\/\/www.visit-ulcinj.com\/blog\/wp-json\/wp\/v2\/categories?post=16486"},{"taxonomy":"post_tag","embeddable":true,"href":"https:\/\/www.visit-ulcinj.com\/blog\/wp-json\/wp\/v2\/tags?post=16486"}],"curies":[{"name":"wp","href":"https:\/\/api.w.org\/{rel}","templated":true}]}}