{"id":16489,"date":"2009-04-02T20:08:17","date_gmt":"2009-04-02T19:08:17","guid":{"rendered":"http:\/\/www.visit-ulcinj.com\/blog\/?p=16489"},"modified":"2009-04-02T20:08:17","modified_gmt":"2009-04-02T19:08:17","slug":"aida-mozen-e-ndjej-timen","status":"publish","type":"post","link":"https:\/\/www.visit-ulcinj.com\/blog\/2009\/04\/02\/aida-mozen-e-ndjej-timen\/","title":{"rendered":"Aida : Moz\u00ebn e ndjej timen"},"content":{"rendered":"<p><em><span class=\"newsdate\"><a href=\"http:\/\/www.visit-ulcinj.com\/blog\/wp-content\/uploads\/2009\/04\/arjoniaida-per-mozen.jpg\"><img loading=\"lazy\" class=\"alignleft size-full wp-image-16490\" title=\"arjoniaida-per-mozen-big-brother-albania-2\" src=\"http:\/\/www.visit-ulcinj.com\/blog\/wp-content\/uploads\/2009\/04\/arjoniaida-per-mozen.jpg\" alt=\"arjoniaida-per-mozen-big-brother-albania-2\" width=\"300\" height=\"205\" \/><\/a>31\/03\/09 00:09<\/span><\/em><\/p>\n<p>Pasi ka vall\u00ebzuar me Mimoz\u00ebn, Arjoni i ka th\u00ebn\u00eb Aid\u00ebs se Mimoza i p\u00eblqen shum\u00eb. Aida i ka th\u00ebn\u00eb se e ka t\u00eb kot\u00eb. Ai ka shtuar se e shihte si t\u00eb tij\u00ebn. Aida e ka pyetur n\u00ebse e kishte fjal\u00ebn p\u00ebr brenda n\u00eb sht\u00ebpi apo kur t\u00eb dilnin. Ai i \u00ebsht\u00eb p\u00ebrgjigjur n\u00eb t\u00eb dyja rastet. \u201cKur e shikoj, e shikoj sikur \u00ebsht\u00eb e imja!\u201d \u2013 ka th\u00ebn\u00eb Arjoni. P\u00ebr t\u00eb qen\u00eb sa m\u00eb e qart\u00eb Aida e ka pyetur nwse nwnkuptonte si shoqen e tij, kur thoshte \u201csi tw tijwn\u201d. Arjoni ka mohuar. Sipas, Aid\u00ebs, ndikonte \u201cedhe ngjashm\u00ebria me t\u00eb kaluar\u00ebn\u201d. \u201cMoza m\u00eb v\u00eb n\u00eb siklet dhe jan\u00eb t\u00eb rralla femrat q\u00eb m\u00eb b\u00ebjn\u00eb k\u00ebt\u00eb efekt!\u201d- ka th\u00ebn\u00eb Arjoni, duke shpjeguar se n\u00eb shumic\u00ebn e rasteve ishte ai dominanti. \u201cAt\u00ebher\u00eb pse jo \u2013 i ka th\u00ebn\u00eb Aida, duke e k\u00ebshilluar gjithashtu \u201ct\u00eb mos dilte me flamur n\u00eb dor\u00eb\u201d, por dhe t\u00eb kishte parasysh se koha nuk luante n\u00eb favor t\u00eb tij.<\/p>\n","protected":false},"excerpt":{"rendered":"<p>31\/03\/09 00:09 Pasi ka vall\u00ebzuar me Mimoz\u00ebn, Arjoni i ka th\u00ebn\u00eb Aid\u00ebs se Mimoza i p\u00eblqen shum\u00eb. Aida i ka th\u00ebn\u00eb se e ka t\u00eb kot\u00eb. Ai ka shtuar se e shihte si t\u00eb tij\u00ebn. Aida e ka pyetur n\u00ebse e kishte fjal\u00ebn p\u00ebr brenda n\u00eb sht\u00ebpi apo kur t\u00eb dilnin. Ai i \u00ebsht\u00eb p\u00ebrgjigjur [&hellip;]<\/p>\n","protected":false},"author":1,"featured_media":0,"comment_status":"open","ping_status":"closed","sticky":false,"template":"","format":"standard","meta":{"spay_email":"","jetpack_publicize_message":"","jetpack_is_tweetstorm":false,"jetpack_publicize_feature_enabled":true},"categories":[6502],"tags":[6537,6525,6883,6516,6712,8689,6544,7199,6757,6891],"jetpack_publicize_connections":[],"yoast_head":"<!-- This site is optimized with the Yoast SEO plugin v19.1 - https:\/\/yoast.com\/wordpress\/plugins\/seo\/ -->\n<title>Aida : Moz\u00c3\u00abn e ndjej timen | Big Brother Albania 2<\/title>\n<meta name=\"description\" content=\"Big Brother Albania 2 - Pasi ka vall\u00c3\u00abzuar me Mimoz\u00c3\u00abn, Arjoni i ka th\u00c3\u00abn\u00c3\u00ab Aid\u00c3\u00abs se Mimoza i p\u00c3\u00ablqen shum\u00c3\u00ab. Aida i ka th\u00c3\u00abn\u00c3\u00ab se e ka t\u00c3\u00ab kot\u00c3\u00ab. Ai ka shtuar se e shihte si t\u00c3\u00ab tij\u00c3\u00abn.\" \/>\n<meta name=\"robots\" content=\"index, follow, max-snippet:-1, max-image-preview:large, max-video-preview:-1\" \/>\n<link rel=\"canonical\" href=\"https:\/\/www.visit-ulcinj.com\/blog\/2009\/04\/02\/aida-mozen-e-ndjej-timen\/\" \/>\n<meta property=\"og:locale\" content=\"en_US\" \/>\n<meta property=\"og:type\" content=\"article\" \/>\n<meta property=\"og:title\" content=\"Aida : Moz\u00c3\u00abn e ndjej timen | Big Brother Albania 2\" \/>\n<meta property=\"og:description\" content=\"Big Brother Albania 2 - Pasi ka vall\u00c3\u00abzuar me Mimoz\u00c3\u00abn, Arjoni i ka th\u00c3\u00abn\u00c3\u00ab Aid\u00c3\u00abs se Mimoza i p\u00c3\u00ablqen shum\u00c3\u00ab. Aida i ka th\u00c3\u00abn\u00c3\u00ab se e ka t\u00c3\u00ab kot\u00c3\u00ab. Ai ka shtuar se e shihte si t\u00c3\u00ab tij\u00c3\u00abn.\" \/>\n<meta property=\"og:url\" content=\"https:\/\/www.visit-ulcinj.com\/blog\/2009\/04\/02\/aida-mozen-e-ndjej-timen\/\" \/>\n<meta property=\"og:site_name\" content=\"Lajme nga Ulqini\" \/>\n<meta property=\"article:published_time\" content=\"2009-04-02T19:08:17+00:00\" \/>\n<meta property=\"og:image\" content=\"http:\/\/www.visit-ulcinj.com\/blog\/wp-content\/uploads\/2009\/04\/arjoniaida-per-mozen.jpg\" \/>\n<meta name=\"twitter:label1\" content=\"Written by\" \/>\n\t<meta name=\"twitter:data1\" content=\"ulqini\" \/>\n\t<meta name=\"twitter:label2\" content=\"Est. reading time\" \/>\n\t<meta name=\"twitter:data2\" content=\"1 minute\" \/>\n<script type=\"application\/ld+json\" class=\"yoast-schema-graph\">{\"@context\":\"https:\/\/schema.org\",\"@graph\":[{\"@type\":\"WebSite\",\"@id\":\"https:\/\/www.visit-ulcinj.com\/blog\/#website\",\"url\":\"https:\/\/www.visit-ulcinj.com\/blog\/\",\"name\":\"Lajme nga Ulqini\",\"description\":\"Lajme,Vijesti,Ulqini,Ulqin,Crna Gora,Mali i Zi\",\"potentialAction\":[{\"@type\":\"SearchAction\",\"target\":{\"@type\":\"EntryPoint\",\"urlTemplate\":\"https:\/\/www.visit-ulcinj.com\/blog\/?s={search_term_string}\"},\"query-input\":\"required name=search_term_string\"}],\"inLanguage\":\"en-US\"},{\"@type\":\"ImageObject\",\"inLanguage\":\"en-US\",\"@id\":\"https:\/\/www.visit-ulcinj.com\/blog\/2009\/04\/02\/aida-mozen-e-ndjej-timen\/#primaryimage\",\"url\":\"http:\/\/www.visit-ulcinj.com\/blog\/wp-content\/uploads\/2009\/04\/arjoniaida-per-mozen.jpg\",\"contentUrl\":\"http:\/\/www.visit-ulcinj.com\/blog\/wp-content\/uploads\/2009\/04\/arjoniaida-per-mozen.jpg\"},{\"@type\":\"WebPage\",\"@id\":\"https:\/\/www.visit-ulcinj.com\/blog\/2009\/04\/02\/aida-mozen-e-ndjej-timen\/#webpage\",\"url\":\"https:\/\/www.visit-ulcinj.com\/blog\/2009\/04\/02\/aida-mozen-e-ndjej-timen\/\",\"name\":\"Aida : Moz\u00c3\u00abn e ndjej timen | Big Brother Albania 2\",\"isPartOf\":{\"@id\":\"https:\/\/www.visit-ulcinj.com\/blog\/#website\"},\"primaryImageOfPage\":{\"@id\":\"https:\/\/www.visit-ulcinj.com\/blog\/2009\/04\/02\/aida-mozen-e-ndjej-timen\/#primaryimage\"},\"datePublished\":\"2009-04-02T19:08:17+00:00\",\"dateModified\":\"2009-04-02T19:08:17+00:00\",\"author\":{\"@id\":\"https:\/\/www.visit-ulcinj.com\/blog\/#\/schema\/person\/dcab619c614d3038751c63bc2aadc06d\"},\"description\":\"Big Brother Albania 2 - Pasi ka vall\u00c3\u00abzuar me Mimoz\u00c3\u00abn, Arjoni i ka th\u00c3\u00abn\u00c3\u00ab Aid\u00c3\u00abs se Mimoza i p\u00c3\u00ablqen shum\u00c3\u00ab. Aida i ka th\u00c3\u00abn\u00c3\u00ab se e ka t\u00c3\u00ab kot\u00c3\u00ab. Ai ka shtuar se e shihte si t\u00c3\u00ab tij\u00c3\u00abn.\",\"breadcrumb\":{\"@id\":\"https:\/\/www.visit-ulcinj.com\/blog\/2009\/04\/02\/aida-mozen-e-ndjej-timen\/#breadcrumb\"},\"inLanguage\":\"en-US\",\"potentialAction\":[{\"@type\":\"ReadAction\",\"target\":[\"https:\/\/www.visit-ulcinj.com\/blog\/2009\/04\/02\/aida-mozen-e-ndjej-timen\/\"]}]},{\"@type\":\"BreadcrumbList\",\"@id\":\"https:\/\/www.visit-ulcinj.com\/blog\/2009\/04\/02\/aida-mozen-e-ndjej-timen\/#breadcrumb\",\"itemListElement\":[{\"@type\":\"ListItem\",\"position\":1,\"name\":\"Aida : Moz\u00ebn e ndjej timen\"}]},{\"@type\":\"Person\",\"@id\":\"https:\/\/www.visit-ulcinj.com\/blog\/#\/schema\/person\/dcab619c614d3038751c63bc2aadc06d\",\"name\":\"ulqini\",\"sameAs\":[\"http:\/\/www.visit-ulcinj.com\"],\"url\":\"https:\/\/www.visit-ulcinj.com\/blog\/author\/admin\/\"}]}<\/script>\n<!-- \/ Yoast SEO plugin. -->","yoast_head_json":{"title":"Aida : Moz\u00c3\u00abn e ndjej timen | Big Brother Albania 2","description":"Big Brother Albania 2 - Pasi ka vall\u00c3\u00abzuar me Mimoz\u00c3\u00abn, Arjoni i ka th\u00c3\u00abn\u00c3\u00ab Aid\u00c3\u00abs se Mimoza i p\u00c3\u00ablqen shum\u00c3\u00ab. Aida i ka th\u00c3\u00abn\u00c3\u00ab se e ka t\u00c3\u00ab kot\u00c3\u00ab. Ai ka shtuar se e shihte si t\u00c3\u00ab tij\u00c3\u00abn.","robots":{"index":"index","follow":"follow","max-snippet":"max-snippet:-1","max-image-preview":"max-image-preview:large","max-video-preview":"max-video-preview:-1"},"canonical":"https:\/\/www.visit-ulcinj.com\/blog\/2009\/04\/02\/aida-mozen-e-ndjej-timen\/","og_locale":"en_US","og_type":"article","og_title":"Aida : Moz\u00c3\u00abn e ndjej timen | Big Brother Albania 2","og_description":"Big Brother Albania 2 - Pasi ka vall\u00c3\u00abzuar me Mimoz\u00c3\u00abn, Arjoni i ka th\u00c3\u00abn\u00c3\u00ab Aid\u00c3\u00abs se Mimoza i p\u00c3\u00ablqen shum\u00c3\u00ab. Aida i ka th\u00c3\u00abn\u00c3\u00ab se e ka t\u00c3\u00ab kot\u00c3\u00ab. Ai ka shtuar se e shihte si t\u00c3\u00ab tij\u00c3\u00abn.","og_url":"https:\/\/www.visit-ulcinj.com\/blog\/2009\/04\/02\/aida-mozen-e-ndjej-timen\/","og_site_name":"Lajme nga Ulqini","article_published_time":"2009-04-02T19:08:17+00:00","og_image":[{"url":"http:\/\/www.visit-ulcinj.com\/blog\/wp-content\/uploads\/2009\/04\/arjoniaida-per-mozen.jpg"}],"twitter_misc":{"Written by":"ulqini","Est. reading time":"1 minute"},"schema":{"@context":"https:\/\/schema.org","@graph":[{"@type":"WebSite","@id":"https:\/\/www.visit-ulcinj.com\/blog\/#website","url":"https:\/\/www.visit-ulcinj.com\/blog\/","name":"Lajme nga Ulqini","description":"Lajme,Vijesti,Ulqini,Ulqin,Crna Gora,Mali i Zi","potentialAction":[{"@type":"SearchAction","target":{"@type":"EntryPoint","urlTemplate":"https:\/\/www.visit-ulcinj.com\/blog\/?s={search_term_string}"},"query-input":"required name=search_term_string"}],"inLanguage":"en-US"},{"@type":"ImageObject","inLanguage":"en-US","@id":"https:\/\/www.visit-ulcinj.com\/blog\/2009\/04\/02\/aida-mozen-e-ndjej-timen\/#primaryimage","url":"http:\/\/www.visit-ulcinj.com\/blog\/wp-content\/uploads\/2009\/04\/arjoniaida-per-mozen.jpg","contentUrl":"http:\/\/www.visit-ulcinj.com\/blog\/wp-content\/uploads\/2009\/04\/arjoniaida-per-mozen.jpg"},{"@type":"WebPage","@id":"https:\/\/www.visit-ulcinj.com\/blog\/2009\/04\/02\/aida-mozen-e-ndjej-timen\/#webpage","url":"https:\/\/www.visit-ulcinj.com\/blog\/2009\/04\/02\/aida-mozen-e-ndjej-timen\/","name":"Aida : Moz\u00c3\u00abn e ndjej timen | Big Brother Albania 2","isPartOf":{"@id":"https:\/\/www.visit-ulcinj.com\/blog\/#website"},"primaryImageOfPage":{"@id":"https:\/\/www.visit-ulcinj.com\/blog\/2009\/04\/02\/aida-mozen-e-ndjej-timen\/#primaryimage"},"datePublished":"2009-04-02T19:08:17+00:00","dateModified":"2009-04-02T19:08:17+00:00","author":{"@id":"https:\/\/www.visit-ulcinj.com\/blog\/#\/schema\/person\/dcab619c614d3038751c63bc2aadc06d"},"description":"Big Brother Albania 2 - Pasi ka vall\u00c3\u00abzuar me Mimoz\u00c3\u00abn, Arjoni i ka th\u00c3\u00abn\u00c3\u00ab Aid\u00c3\u00abs se Mimoza i p\u00c3\u00ablqen shum\u00c3\u00ab. Aida i ka th\u00c3\u00abn\u00c3\u00ab se e ka t\u00c3\u00ab kot\u00c3\u00ab. Ai ka shtuar se e shihte si t\u00c3\u00ab tij\u00c3\u00abn.","breadcrumb":{"@id":"https:\/\/www.visit-ulcinj.com\/blog\/2009\/04\/02\/aida-mozen-e-ndjej-timen\/#breadcrumb"},"inLanguage":"en-US","potentialAction":[{"@type":"ReadAction","target":["https:\/\/www.visit-ulcinj.com\/blog\/2009\/04\/02\/aida-mozen-e-ndjej-timen\/"]}]},{"@type":"BreadcrumbList","@id":"https:\/\/www.visit-ulcinj.com\/blog\/2009\/04\/02\/aida-mozen-e-ndjej-timen\/#breadcrumb","itemListElement":[{"@type":"ListItem","position":1,"name":"Aida : Moz\u00ebn e ndjej timen"}]},{"@type":"Person","@id":"https:\/\/www.visit-ulcinj.com\/blog\/#\/schema\/person\/dcab619c614d3038751c63bc2aadc06d","name":"ulqini","sameAs":["http:\/\/www.visit-ulcinj.com"],"url":"https:\/\/www.visit-ulcinj.com\/blog\/author\/admin\/"}]}},"jetpack_featured_media_url":"","jetpack_sharing_enabled":true,"jetpack_shortlink":"https:\/\/wp.me\/pe6lTn-4hX","_links":{"self":[{"href":"https:\/\/www.visit-ulcinj.com\/blog\/wp-json\/wp\/v2\/posts\/16489"}],"collection":[{"href":"https:\/\/www.visit-ulcinj.com\/blog\/wp-json\/wp\/v2\/posts"}],"about":[{"href":"https:\/\/www.visit-ulcinj.com\/blog\/wp-json\/wp\/v2\/types\/post"}],"author":[{"embeddable":true,"href":"https:\/\/www.visit-ulcinj.com\/blog\/wp-json\/wp\/v2\/users\/1"}],"replies":[{"embeddable":true,"href":"https:\/\/www.visit-ulcinj.com\/blog\/wp-json\/wp\/v2\/comments?post=16489"}],"version-history":[{"count":0,"href":"https:\/\/www.visit-ulcinj.com\/blog\/wp-json\/wp\/v2\/posts\/16489\/revisions"}],"wp:attachment":[{"href":"https:\/\/www.visit-ulcinj.com\/blog\/wp-json\/wp\/v2\/media?parent=16489"}],"wp:term":[{"taxonomy":"category","embeddable":true,"href":"https:\/\/www.visit-ulcinj.com\/blog\/wp-json\/wp\/v2\/categories?post=16489"},{"taxonomy":"post_tag","embeddable":true,"href":"https:\/\/www.visit-ulcinj.com\/blog\/wp-json\/wp\/v2\/tags?post=16489"}],"curies":[{"name":"wp","href":"https:\/\/api.w.org\/{rel}","templated":true}]}}