{"id":16492,"date":"2009-04-02T20:10:11","date_gmt":"2009-04-02T19:10:11","guid":{"rendered":"http:\/\/www.visit-ulcinj.com\/blog\/?p=16492"},"modified":"2009-04-02T20:10:11","modified_gmt":"2009-04-02T19:10:11","slug":"arjon-nuk-po-e-%e2%80%9clexoj%e2%80%9d-dot-anjezen","status":"publish","type":"post","link":"https:\/\/www.visit-ulcinj.com\/blog\/2009\/04\/02\/arjon-nuk-po-e-%e2%80%9clexoj%e2%80%9d-dot-anjezen\/","title":{"rendered":"Arjon : Nuk po e \u201clexoj\u201d dot Anjez\u00ebn"},"content":{"rendered":"<p><em><span class=\"newsdate\"><a href=\"http:\/\/www.visit-ulcinj.com\/blog\/wp-content\/uploads\/2009\/04\/aidaarjoniper-anjezen.jpg\"><img loading=\"lazy\" class=\"alignleft size-full wp-image-16493\" title=\"aidaarjoniper-anjezen-big-brother-albania-2\" src=\"http:\/\/www.visit-ulcinj.com\/blog\/wp-content\/uploads\/2009\/04\/aidaarjoniper-anjezen.jpg\" alt=\"aidaarjoniper-anjezen-big-brother-albania-2\" width=\"300\" height=\"205\" \/><\/a>31\/03\/09 01:25<\/span><\/em><\/p>\n<p>\u201cNuk po e \u201clexoj\u201d dot Anjez\u00ebn!\u201d \u2013 i ka th\u00ebn\u00eb Arjoni Aid\u00ebs. Ajo i ka th\u00ebn\u00eb se edhe p\u00ebr nj\u00ebfar\u00eb kohe do ta kishte t\u00eb v\u00ebshtir\u00eb. Ai ka th\u00ebn\u00eb se ajo \u201ckishte nj\u00eb atraksion total p\u00ebr personalitetin e Qetsorit\u201d, duke sqaruar m\u00eb pas se nuk e kishte absolutisht fjal\u00ebn p\u00ebr t\u00ebrheqje t\u00eb tipit seksual. Sipas Aid\u00ebs nuk ishte aspak mosaft\u00ebsi leximi e Arjonit, sesa aft\u00ebsi aktrimi e Anjez\u00ebs. Ajo i ka th\u00ebn\u00eb atij t\u00eb ket\u00eb parasysh se t\u00eb rinjt\u00eb, n\u00eb t\u00eb kund\u00ebrt t\u00eb tyre, vijn\u00eb t\u00eb p\u00ebrgatitur, sepse e din\u00eb se \u00e7far\u00eb i pret n\u00eb sht\u00ebpi. M\u00eb pas ka shtuar se e mira do t\u00eb ishte q\u00eb ai t\u00eb mos merrej fare me k\u00ebt\u00eb.<\/p>\n","protected":false},"excerpt":{"rendered":"<p>31\/03\/09 01:25 \u201cNuk po e \u201clexoj\u201d dot Anjez\u00ebn!\u201d \u2013 i ka th\u00ebn\u00eb Arjoni Aid\u00ebs. Ajo i ka th\u00ebn\u00eb se edhe p\u00ebr nj\u00ebfar\u00eb kohe do ta kishte t\u00eb v\u00ebshtir\u00eb. Ai ka th\u00ebn\u00eb se ajo \u201ckishte nj\u00eb atraksion total p\u00ebr personalitetin e Qetsorit\u201d, duke sqaruar m\u00eb pas se nuk e kishte absolutisht fjal\u00ebn p\u00ebr t\u00ebrheqje t\u00eb tipit [&hellip;]<\/p>\n","protected":false},"author":1,"featured_media":0,"comment_status":"open","ping_status":"closed","sticky":false,"template":"","format":"standard","meta":{"spay_email":"","jetpack_publicize_message":"","jetpack_is_tweetstorm":false,"jetpack_publicize_feature_enabled":true},"categories":[6502],"tags":[6537,8289,6525,5057,6506,6516,6712,7129,8690,6513,6891,6693,6887],"jetpack_publicize_connections":[],"yoast_head":"<!-- This site is optimized with the Yoast SEO plugin v19.1 - https:\/\/yoast.com\/wordpress\/plugins\/seo\/ -->\n<title>Arjon : Nuk po e \u00e2\u20ac\u0153lexoj\u00e2\u20ac\u009d dot Anjez\u00c3\u00abn | Big Brother Albania 2<\/title>\n<meta name=\"description\" content=\"Big Brother Albania 2 - \u00e2\u20ac\u0153Nuk po e \u00e2\u20ac\u0153lexoj\u00e2\u20ac\u009d dot Anjez\u00c3\u00abn!\u00e2\u20ac\u009d \u00e2\u20ac\u201c i ka th\u00c3\u00abn\u00c3\u00ab Arjoni Aid\u00c3\u00abs. Ajo i ka th\u00c3\u00abn\u00c3\u00ab se edhe p\u00c3\u00abr nj\u00c3\u00abfar\u00c3\u00ab kohe do ta kishte t\u00c3\u00ab v\u00c3\u00abshtir\u00c3\u00ab.\" \/>\n<meta name=\"robots\" content=\"index, follow, max-snippet:-1, max-image-preview:large, max-video-preview:-1\" \/>\n<link rel=\"canonical\" href=\"https:\/\/www.visit-ulcinj.com\/blog\/2009\/04\/02\/arjon-nuk-po-e-\u201clexoj\u201d-dot-anjezen\/\" \/>\n<meta property=\"og:locale\" content=\"en_US\" \/>\n<meta property=\"og:type\" content=\"article\" \/>\n<meta property=\"og:title\" content=\"Arjon : Nuk po e \u00e2\u20ac\u0153lexoj\u00e2\u20ac\u009d dot Anjez\u00c3\u00abn | Big Brother Albania 2\" \/>\n<meta property=\"og:description\" content=\"Big Brother Albania 2 - \u00e2\u20ac\u0153Nuk po e \u00e2\u20ac\u0153lexoj\u00e2\u20ac\u009d dot Anjez\u00c3\u00abn!\u00e2\u20ac\u009d \u00e2\u20ac\u201c i ka th\u00c3\u00abn\u00c3\u00ab Arjoni Aid\u00c3\u00abs. Ajo i ka th\u00c3\u00abn\u00c3\u00ab se edhe p\u00c3\u00abr nj\u00c3\u00abfar\u00c3\u00ab kohe do ta kishte t\u00c3\u00ab v\u00c3\u00abshtir\u00c3\u00ab.\" \/>\n<meta property=\"og:url\" content=\"https:\/\/www.visit-ulcinj.com\/blog\/2009\/04\/02\/arjon-nuk-po-e-\u201clexoj\u201d-dot-anjezen\/\" \/>\n<meta property=\"og:site_name\" content=\"Lajme nga Ulqini\" \/>\n<meta property=\"article:published_time\" content=\"2009-04-02T19:10:11+00:00\" \/>\n<meta property=\"og:image\" content=\"http:\/\/www.visit-ulcinj.com\/blog\/wp-content\/uploads\/2009\/04\/aidaarjoniper-anjezen.jpg\" \/>\n<meta name=\"twitter:label1\" content=\"Written by\" \/>\n\t<meta name=\"twitter:data1\" content=\"ulqini\" \/>\n\t<meta name=\"twitter:label2\" content=\"Est. reading time\" \/>\n\t<meta name=\"twitter:data2\" content=\"1 minute\" \/>\n<script type=\"application\/ld+json\" class=\"yoast-schema-graph\">{\"@context\":\"https:\/\/schema.org\",\"@graph\":[{\"@type\":\"WebSite\",\"@id\":\"https:\/\/www.visit-ulcinj.com\/blog\/#website\",\"url\":\"https:\/\/www.visit-ulcinj.com\/blog\/\",\"name\":\"Lajme nga Ulqini\",\"description\":\"Lajme,Vijesti,Ulqini,Ulqin,Crna Gora,Mali i Zi\",\"potentialAction\":[{\"@type\":\"SearchAction\",\"target\":{\"@type\":\"EntryPoint\",\"urlTemplate\":\"https:\/\/www.visit-ulcinj.com\/blog\/?s={search_term_string}\"},\"query-input\":\"required name=search_term_string\"}],\"inLanguage\":\"en-US\"},{\"@type\":\"ImageObject\",\"inLanguage\":\"en-US\",\"@id\":\"https:\/\/www.visit-ulcinj.com\/blog\/2009\/04\/02\/arjon-nuk-po-e-%e2%80%9clexoj%e2%80%9d-dot-anjezen\/#primaryimage\",\"url\":\"http:\/\/www.visit-ulcinj.com\/blog\/wp-content\/uploads\/2009\/04\/aidaarjoniper-anjezen.jpg\",\"contentUrl\":\"http:\/\/www.visit-ulcinj.com\/blog\/wp-content\/uploads\/2009\/04\/aidaarjoniper-anjezen.jpg\"},{\"@type\":\"WebPage\",\"@id\":\"https:\/\/www.visit-ulcinj.com\/blog\/2009\/04\/02\/arjon-nuk-po-e-%e2%80%9clexoj%e2%80%9d-dot-anjezen\/#webpage\",\"url\":\"https:\/\/www.visit-ulcinj.com\/blog\/2009\/04\/02\/arjon-nuk-po-e-%e2%80%9clexoj%e2%80%9d-dot-anjezen\/\",\"name\":\"Arjon : Nuk po e \u00e2\u20ac\u0153lexoj\u00e2\u20ac\u009d dot Anjez\u00c3\u00abn | Big Brother Albania 2\",\"isPartOf\":{\"@id\":\"https:\/\/www.visit-ulcinj.com\/blog\/#website\"},\"primaryImageOfPage\":{\"@id\":\"https:\/\/www.visit-ulcinj.com\/blog\/2009\/04\/02\/arjon-nuk-po-e-%e2%80%9clexoj%e2%80%9d-dot-anjezen\/#primaryimage\"},\"datePublished\":\"2009-04-02T19:10:11+00:00\",\"dateModified\":\"2009-04-02T19:10:11+00:00\",\"author\":{\"@id\":\"https:\/\/www.visit-ulcinj.com\/blog\/#\/schema\/person\/dcab619c614d3038751c63bc2aadc06d\"},\"description\":\"Big Brother Albania 2 - \u00e2\u20ac\u0153Nuk po e \u00e2\u20ac\u0153lexoj\u00e2\u20ac\u009d dot Anjez\u00c3\u00abn!\u00e2\u20ac\u009d \u00e2\u20ac\u201c i ka th\u00c3\u00abn\u00c3\u00ab Arjoni Aid\u00c3\u00abs. Ajo i ka th\u00c3\u00abn\u00c3\u00ab se edhe p\u00c3\u00abr nj\u00c3\u00abfar\u00c3\u00ab kohe do ta kishte t\u00c3\u00ab v\u00c3\u00abshtir\u00c3\u00ab.\",\"breadcrumb\":{\"@id\":\"https:\/\/www.visit-ulcinj.com\/blog\/2009\/04\/02\/arjon-nuk-po-e-%e2%80%9clexoj%e2%80%9d-dot-anjezen\/#breadcrumb\"},\"inLanguage\":\"en-US\",\"potentialAction\":[{\"@type\":\"ReadAction\",\"target\":[\"https:\/\/www.visit-ulcinj.com\/blog\/2009\/04\/02\/arjon-nuk-po-e-%e2%80%9clexoj%e2%80%9d-dot-anjezen\/\"]}]},{\"@type\":\"BreadcrumbList\",\"@id\":\"https:\/\/www.visit-ulcinj.com\/blog\/2009\/04\/02\/arjon-nuk-po-e-%e2%80%9clexoj%e2%80%9d-dot-anjezen\/#breadcrumb\",\"itemListElement\":[{\"@type\":\"ListItem\",\"position\":1,\"name\":\"Arjon : Nuk po e \u201clexoj\u201d dot Anjez\u00ebn\"}]},{\"@type\":\"Person\",\"@id\":\"https:\/\/www.visit-ulcinj.com\/blog\/#\/schema\/person\/dcab619c614d3038751c63bc2aadc06d\",\"name\":\"ulqini\",\"sameAs\":[\"http:\/\/www.visit-ulcinj.com\"],\"url\":\"https:\/\/www.visit-ulcinj.com\/blog\/author\/admin\/\"}]}<\/script>\n<!-- \/ Yoast SEO plugin. -->","yoast_head_json":{"title":"Arjon : Nuk po e \u00e2\u20ac\u0153lexoj\u00e2\u20ac\u009d dot Anjez\u00c3\u00abn | Big Brother Albania 2","description":"Big Brother Albania 2 - \u00e2\u20ac\u0153Nuk po e \u00e2\u20ac\u0153lexoj\u00e2\u20ac\u009d dot Anjez\u00c3\u00abn!\u00e2\u20ac\u009d \u00e2\u20ac\u201c i ka th\u00c3\u00abn\u00c3\u00ab Arjoni Aid\u00c3\u00abs. Ajo i ka th\u00c3\u00abn\u00c3\u00ab se edhe p\u00c3\u00abr nj\u00c3\u00abfar\u00c3\u00ab kohe do ta kishte t\u00c3\u00ab v\u00c3\u00abshtir\u00c3\u00ab.","robots":{"index":"index","follow":"follow","max-snippet":"max-snippet:-1","max-image-preview":"max-image-preview:large","max-video-preview":"max-video-preview:-1"},"canonical":"https:\/\/www.visit-ulcinj.com\/blog\/2009\/04\/02\/arjon-nuk-po-e-\u201clexoj\u201d-dot-anjezen\/","og_locale":"en_US","og_type":"article","og_title":"Arjon : Nuk po e \u00e2\u20ac\u0153lexoj\u00e2\u20ac\u009d dot Anjez\u00c3\u00abn | Big Brother Albania 2","og_description":"Big Brother Albania 2 - \u00e2\u20ac\u0153Nuk po e \u00e2\u20ac\u0153lexoj\u00e2\u20ac\u009d dot Anjez\u00c3\u00abn!\u00e2\u20ac\u009d \u00e2\u20ac\u201c i ka th\u00c3\u00abn\u00c3\u00ab Arjoni Aid\u00c3\u00abs. Ajo i ka th\u00c3\u00abn\u00c3\u00ab se edhe p\u00c3\u00abr nj\u00c3\u00abfar\u00c3\u00ab kohe do ta kishte t\u00c3\u00ab v\u00c3\u00abshtir\u00c3\u00ab.","og_url":"https:\/\/www.visit-ulcinj.com\/blog\/2009\/04\/02\/arjon-nuk-po-e-\u201clexoj\u201d-dot-anjezen\/","og_site_name":"Lajme nga Ulqini","article_published_time":"2009-04-02T19:10:11+00:00","og_image":[{"url":"http:\/\/www.visit-ulcinj.com\/blog\/wp-content\/uploads\/2009\/04\/aidaarjoniper-anjezen.jpg"}],"twitter_misc":{"Written by":"ulqini","Est. reading time":"1 minute"},"schema":{"@context":"https:\/\/schema.org","@graph":[{"@type":"WebSite","@id":"https:\/\/www.visit-ulcinj.com\/blog\/#website","url":"https:\/\/www.visit-ulcinj.com\/blog\/","name":"Lajme nga Ulqini","description":"Lajme,Vijesti,Ulqini,Ulqin,Crna Gora,Mali i Zi","potentialAction":[{"@type":"SearchAction","target":{"@type":"EntryPoint","urlTemplate":"https:\/\/www.visit-ulcinj.com\/blog\/?s={search_term_string}"},"query-input":"required name=search_term_string"}],"inLanguage":"en-US"},{"@type":"ImageObject","inLanguage":"en-US","@id":"https:\/\/www.visit-ulcinj.com\/blog\/2009\/04\/02\/arjon-nuk-po-e-%e2%80%9clexoj%e2%80%9d-dot-anjezen\/#primaryimage","url":"http:\/\/www.visit-ulcinj.com\/blog\/wp-content\/uploads\/2009\/04\/aidaarjoniper-anjezen.jpg","contentUrl":"http:\/\/www.visit-ulcinj.com\/blog\/wp-content\/uploads\/2009\/04\/aidaarjoniper-anjezen.jpg"},{"@type":"WebPage","@id":"https:\/\/www.visit-ulcinj.com\/blog\/2009\/04\/02\/arjon-nuk-po-e-%e2%80%9clexoj%e2%80%9d-dot-anjezen\/#webpage","url":"https:\/\/www.visit-ulcinj.com\/blog\/2009\/04\/02\/arjon-nuk-po-e-%e2%80%9clexoj%e2%80%9d-dot-anjezen\/","name":"Arjon : Nuk po e \u00e2\u20ac\u0153lexoj\u00e2\u20ac\u009d dot Anjez\u00c3\u00abn | Big Brother Albania 2","isPartOf":{"@id":"https:\/\/www.visit-ulcinj.com\/blog\/#website"},"primaryImageOfPage":{"@id":"https:\/\/www.visit-ulcinj.com\/blog\/2009\/04\/02\/arjon-nuk-po-e-%e2%80%9clexoj%e2%80%9d-dot-anjezen\/#primaryimage"},"datePublished":"2009-04-02T19:10:11+00:00","dateModified":"2009-04-02T19:10:11+00:00","author":{"@id":"https:\/\/www.visit-ulcinj.com\/blog\/#\/schema\/person\/dcab619c614d3038751c63bc2aadc06d"},"description":"Big Brother Albania 2 - \u00e2\u20ac\u0153Nuk po e \u00e2\u20ac\u0153lexoj\u00e2\u20ac\u009d dot Anjez\u00c3\u00abn!\u00e2\u20ac\u009d \u00e2\u20ac\u201c i ka th\u00c3\u00abn\u00c3\u00ab Arjoni Aid\u00c3\u00abs. Ajo i ka th\u00c3\u00abn\u00c3\u00ab se edhe p\u00c3\u00abr nj\u00c3\u00abfar\u00c3\u00ab kohe do ta kishte t\u00c3\u00ab v\u00c3\u00abshtir\u00c3\u00ab.","breadcrumb":{"@id":"https:\/\/www.visit-ulcinj.com\/blog\/2009\/04\/02\/arjon-nuk-po-e-%e2%80%9clexoj%e2%80%9d-dot-anjezen\/#breadcrumb"},"inLanguage":"en-US","potentialAction":[{"@type":"ReadAction","target":["https:\/\/www.visit-ulcinj.com\/blog\/2009\/04\/02\/arjon-nuk-po-e-%e2%80%9clexoj%e2%80%9d-dot-anjezen\/"]}]},{"@type":"BreadcrumbList","@id":"https:\/\/www.visit-ulcinj.com\/blog\/2009\/04\/02\/arjon-nuk-po-e-%e2%80%9clexoj%e2%80%9d-dot-anjezen\/#breadcrumb","itemListElement":[{"@type":"ListItem","position":1,"name":"Arjon : Nuk po e \u201clexoj\u201d dot Anjez\u00ebn"}]},{"@type":"Person","@id":"https:\/\/www.visit-ulcinj.com\/blog\/#\/schema\/person\/dcab619c614d3038751c63bc2aadc06d","name":"ulqini","sameAs":["http:\/\/www.visit-ulcinj.com"],"url":"https:\/\/www.visit-ulcinj.com\/blog\/author\/admin\/"}]}},"jetpack_featured_media_url":"","jetpack_sharing_enabled":true,"jetpack_shortlink":"https:\/\/wp.me\/pe6lTn-4i0","_links":{"self":[{"href":"https:\/\/www.visit-ulcinj.com\/blog\/wp-json\/wp\/v2\/posts\/16492"}],"collection":[{"href":"https:\/\/www.visit-ulcinj.com\/blog\/wp-json\/wp\/v2\/posts"}],"about":[{"href":"https:\/\/www.visit-ulcinj.com\/blog\/wp-json\/wp\/v2\/types\/post"}],"author":[{"embeddable":true,"href":"https:\/\/www.visit-ulcinj.com\/blog\/wp-json\/wp\/v2\/users\/1"}],"replies":[{"embeddable":true,"href":"https:\/\/www.visit-ulcinj.com\/blog\/wp-json\/wp\/v2\/comments?post=16492"}],"version-history":[{"count":0,"href":"https:\/\/www.visit-ulcinj.com\/blog\/wp-json\/wp\/v2\/posts\/16492\/revisions"}],"wp:attachment":[{"href":"https:\/\/www.visit-ulcinj.com\/blog\/wp-json\/wp\/v2\/media?parent=16492"}],"wp:term":[{"taxonomy":"category","embeddable":true,"href":"https:\/\/www.visit-ulcinj.com\/blog\/wp-json\/wp\/v2\/categories?post=16492"},{"taxonomy":"post_tag","embeddable":true,"href":"https:\/\/www.visit-ulcinj.com\/blog\/wp-json\/wp\/v2\/tags?post=16492"}],"curies":[{"name":"wp","href":"https:\/\/api.w.org\/{rel}","templated":true}]}}