{"id":16495,"date":"2009-04-02T20:12:31","date_gmt":"2009-04-02T19:12:31","guid":{"rendered":"http:\/\/www.visit-ulcinj.com\/blog\/?p=16495"},"modified":"2009-04-02T20:12:31","modified_gmt":"2009-04-02T19:12:31","slug":"adelajda-bera-gabim","status":"publish","type":"post","link":"https:\/\/www.visit-ulcinj.com\/blog\/2009\/04\/02\/adelajda-bera-gabim\/","title":{"rendered":"Adelajda : B\u00ebra gabim"},"content":{"rendered":"<p><em><span class=\"newsdate\"><a href=\"http:\/\/www.visit-ulcinj.com\/blog\/wp-content\/uploads\/2009\/04\/adelajda-me-dritanin.jpg\"><img loading=\"lazy\" class=\"alignleft size-full wp-image-16496\" title=\"adelajda-me-dritanin-big-brother-albania-2\" src=\"http:\/\/www.visit-ulcinj.com\/blog\/wp-content\/uploads\/2009\/04\/adelajda-me-dritanin.jpg\" alt=\"adelajda-me-dritanin-big-brother-albania-2\" width=\"300\" height=\"205\" \/><\/a>30\/03\/09 14:48<\/span><\/em><\/p>\n<p>Adelajda dhe Dritani diskutojn\u00eb p\u00ebr nominimet e t\u00eb shtun\u00ebs. Dritani shprehet i habitur n\u00eb lidhje me nominimin e Bjordit nga Adelajda ,dhe thot\u00eb se arsyeja q\u00eb ajo dha, ishte kot. Adelajda i thot\u00eb q\u00eb ajo nuk e kishte n\u00eb plan q\u00eb ta nominonte. Sipas saj ajo kishte nd\u00ebrmend t\u00eb nominont\u00eb Aid\u00ebn dhe nj\u00ebrin nga t\u00eb rinjt\u00eb, por meq\u00eb ato kishin imunitet ajo u vu pak n\u00eb siklet. Dritani i thot\u00eb:-\u201cNa \u00ebsht\u00eb ngushtuar rrethi!\u201d Ajo i thot\u00eb q\u00eb e kishte diskutuar me Bjordin m\u00eb p\u00ebrpara, dhe ai vet\u00eb i kishte th\u00ebn\u00eb q\u00eb n\u00ebse ajo do vihej n\u00eb siklet mund t\u00eb thonte emrin e tij. Ajo shton:-\u201cB\u00ebra gabim!\u201d Adelajda thot\u00eb q\u00eb n\u00ebse Bjordi do kish dal\u00eb n\u00eb nominim, ajo nuk do ja kishte falur vetes. Dritani i thot\u00eb q\u00eb r\u00ebnd\u00ebsi ka kur t\u00eb dalin jasht\u00eb pasi nuk jan\u00eb ato q\u00eb e mbajn\u00eb nj\u00ebri-tjetrin brenda , por \u00ebsht\u00eb publiku Ai shton:-\u201cNdihem keq q\u00eb nuk kam dal\u00eb n\u00eb nominim!\u201d Sipas tij , ai do ndihej shum\u00eb keq n\u00ebse n\u00eb momentin e par\u00eb q\u00eb ai t\u00eb dilte n\u00eb nominim t\u00eb ikte nga sht\u00ebpia. Adelajda thot\u00eb:-\u201cSa her\u00eb jam n\u00eb nominim i them vetes q\u00eb jeto dit\u00ebt ,or\u00ebt .Kur t\u00eb jesh atje p\u00ebrjashta, do shikosh televizor dhe do i thuash vetes sa budallaqe paskam qen\u00eb!\u201d<\/p>\n","protected":false},"excerpt":{"rendered":"<p>30\/03\/09 14:48 Adelajda dhe Dritani diskutojn\u00eb p\u00ebr nominimet e t\u00eb shtun\u00ebs. Dritani shprehet i habitur n\u00eb lidhje me nominimin e Bjordit nga Adelajda ,dhe thot\u00eb se arsyeja q\u00eb ajo dha, ishte kot. Adelajda i thot\u00eb q\u00eb ajo nuk e kishte n\u00eb plan q\u00eb ta nominonte. Sipas saj ajo kishte nd\u00ebrmend t\u00eb nominont\u00eb Aid\u00ebn dhe nj\u00ebrin [&hellip;]<\/p>\n","protected":false},"author":1,"featured_media":0,"comment_status":"open","ping_status":"closed","sticky":false,"template":"","format":"standard","meta":{"spay_email":"","jetpack_publicize_message":"","jetpack_is_tweetstorm":false,"jetpack_publicize_feature_enabled":true},"categories":[6502],"tags":[6736,6529,6883,8691,6516,6712,6521,6891],"jetpack_publicize_connections":[],"yoast_head":"<!-- This site is optimized with the Yoast SEO plugin v19.1 - https:\/\/yoast.com\/wordpress\/plugins\/seo\/ -->\n<title>Adelajda : B\u00c3\u00abra gabim | Big Brother Albania 2<\/title>\n<meta name=\"description\" content=\"Big Brother Albania 2 - Adelajda dhe Dritani diskutojn\u00c3\u00ab p\u00c3\u00abr nominimet e t\u00c3\u00ab shtun\u00c3\u00abs. Dritani shprehet i habitur n\u00c3\u00ab lidhje me nominimin e Bjordit nga Adelajda\" \/>\n<meta name=\"robots\" content=\"index, follow, max-snippet:-1, max-image-preview:large, max-video-preview:-1\" \/>\n<link rel=\"canonical\" href=\"https:\/\/www.visit-ulcinj.com\/blog\/2009\/04\/02\/adelajda-bera-gabim\/\" \/>\n<meta property=\"og:locale\" content=\"en_US\" \/>\n<meta property=\"og:type\" content=\"article\" \/>\n<meta property=\"og:title\" content=\"Adelajda : B\u00c3\u00abra gabim | Big Brother Albania 2\" \/>\n<meta property=\"og:description\" content=\"Big Brother Albania 2 - Adelajda dhe Dritani diskutojn\u00c3\u00ab p\u00c3\u00abr nominimet e t\u00c3\u00ab shtun\u00c3\u00abs. Dritani shprehet i habitur n\u00c3\u00ab lidhje me nominimin e Bjordit nga Adelajda\" \/>\n<meta property=\"og:url\" content=\"https:\/\/www.visit-ulcinj.com\/blog\/2009\/04\/02\/adelajda-bera-gabim\/\" \/>\n<meta property=\"og:site_name\" content=\"Lajme nga Ulqini\" \/>\n<meta property=\"article:published_time\" content=\"2009-04-02T19:12:31+00:00\" \/>\n<meta property=\"og:image\" content=\"http:\/\/www.visit-ulcinj.com\/blog\/wp-content\/uploads\/2009\/04\/adelajda-me-dritanin.jpg\" \/>\n<meta name=\"twitter:label1\" content=\"Written by\" \/>\n\t<meta name=\"twitter:data1\" content=\"ulqini\" \/>\n\t<meta name=\"twitter:label2\" content=\"Est. reading time\" \/>\n\t<meta name=\"twitter:data2\" content=\"1 minute\" \/>\n<script type=\"application\/ld+json\" class=\"yoast-schema-graph\">{\"@context\":\"https:\/\/schema.org\",\"@graph\":[{\"@type\":\"WebSite\",\"@id\":\"https:\/\/www.visit-ulcinj.com\/blog\/#website\",\"url\":\"https:\/\/www.visit-ulcinj.com\/blog\/\",\"name\":\"Lajme nga Ulqini\",\"description\":\"Lajme,Vijesti,Ulqini,Ulqin,Crna Gora,Mali i Zi\",\"potentialAction\":[{\"@type\":\"SearchAction\",\"target\":{\"@type\":\"EntryPoint\",\"urlTemplate\":\"https:\/\/www.visit-ulcinj.com\/blog\/?s={search_term_string}\"},\"query-input\":\"required name=search_term_string\"}],\"inLanguage\":\"en-US\"},{\"@type\":\"ImageObject\",\"inLanguage\":\"en-US\",\"@id\":\"https:\/\/www.visit-ulcinj.com\/blog\/2009\/04\/02\/adelajda-bera-gabim\/#primaryimage\",\"url\":\"http:\/\/www.visit-ulcinj.com\/blog\/wp-content\/uploads\/2009\/04\/adelajda-me-dritanin.jpg\",\"contentUrl\":\"http:\/\/www.visit-ulcinj.com\/blog\/wp-content\/uploads\/2009\/04\/adelajda-me-dritanin.jpg\"},{\"@type\":\"WebPage\",\"@id\":\"https:\/\/www.visit-ulcinj.com\/blog\/2009\/04\/02\/adelajda-bera-gabim\/#webpage\",\"url\":\"https:\/\/www.visit-ulcinj.com\/blog\/2009\/04\/02\/adelajda-bera-gabim\/\",\"name\":\"Adelajda : B\u00c3\u00abra gabim | Big Brother Albania 2\",\"isPartOf\":{\"@id\":\"https:\/\/www.visit-ulcinj.com\/blog\/#website\"},\"primaryImageOfPage\":{\"@id\":\"https:\/\/www.visit-ulcinj.com\/blog\/2009\/04\/02\/adelajda-bera-gabim\/#primaryimage\"},\"datePublished\":\"2009-04-02T19:12:31+00:00\",\"dateModified\":\"2009-04-02T19:12:31+00:00\",\"author\":{\"@id\":\"https:\/\/www.visit-ulcinj.com\/blog\/#\/schema\/person\/dcab619c614d3038751c63bc2aadc06d\"},\"description\":\"Big Brother Albania 2 - Adelajda dhe Dritani diskutojn\u00c3\u00ab p\u00c3\u00abr nominimet e t\u00c3\u00ab shtun\u00c3\u00abs. Dritani shprehet i habitur n\u00c3\u00ab lidhje me nominimin e Bjordit nga Adelajda\",\"breadcrumb\":{\"@id\":\"https:\/\/www.visit-ulcinj.com\/blog\/2009\/04\/02\/adelajda-bera-gabim\/#breadcrumb\"},\"inLanguage\":\"en-US\",\"potentialAction\":[{\"@type\":\"ReadAction\",\"target\":[\"https:\/\/www.visit-ulcinj.com\/blog\/2009\/04\/02\/adelajda-bera-gabim\/\"]}]},{\"@type\":\"BreadcrumbList\",\"@id\":\"https:\/\/www.visit-ulcinj.com\/blog\/2009\/04\/02\/adelajda-bera-gabim\/#breadcrumb\",\"itemListElement\":[{\"@type\":\"ListItem\",\"position\":1,\"name\":\"Adelajda : B\u00ebra gabim\"}]},{\"@type\":\"Person\",\"@id\":\"https:\/\/www.visit-ulcinj.com\/blog\/#\/schema\/person\/dcab619c614d3038751c63bc2aadc06d\",\"name\":\"ulqini\",\"sameAs\":[\"http:\/\/www.visit-ulcinj.com\"],\"url\":\"https:\/\/www.visit-ulcinj.com\/blog\/author\/admin\/\"}]}<\/script>\n<!-- \/ Yoast SEO plugin. -->","yoast_head_json":{"title":"Adelajda : B\u00c3\u00abra gabim | Big Brother Albania 2","description":"Big Brother Albania 2 - Adelajda dhe Dritani diskutojn\u00c3\u00ab p\u00c3\u00abr nominimet e t\u00c3\u00ab shtun\u00c3\u00abs. Dritani shprehet i habitur n\u00c3\u00ab lidhje me nominimin e Bjordit nga Adelajda","robots":{"index":"index","follow":"follow","max-snippet":"max-snippet:-1","max-image-preview":"max-image-preview:large","max-video-preview":"max-video-preview:-1"},"canonical":"https:\/\/www.visit-ulcinj.com\/blog\/2009\/04\/02\/adelajda-bera-gabim\/","og_locale":"en_US","og_type":"article","og_title":"Adelajda : B\u00c3\u00abra gabim | Big Brother Albania 2","og_description":"Big Brother Albania 2 - Adelajda dhe Dritani diskutojn\u00c3\u00ab p\u00c3\u00abr nominimet e t\u00c3\u00ab shtun\u00c3\u00abs. Dritani shprehet i habitur n\u00c3\u00ab lidhje me nominimin e Bjordit nga Adelajda","og_url":"https:\/\/www.visit-ulcinj.com\/blog\/2009\/04\/02\/adelajda-bera-gabim\/","og_site_name":"Lajme nga Ulqini","article_published_time":"2009-04-02T19:12:31+00:00","og_image":[{"url":"http:\/\/www.visit-ulcinj.com\/blog\/wp-content\/uploads\/2009\/04\/adelajda-me-dritanin.jpg"}],"twitter_misc":{"Written by":"ulqini","Est. reading time":"1 minute"},"schema":{"@context":"https:\/\/schema.org","@graph":[{"@type":"WebSite","@id":"https:\/\/www.visit-ulcinj.com\/blog\/#website","url":"https:\/\/www.visit-ulcinj.com\/blog\/","name":"Lajme nga Ulqini","description":"Lajme,Vijesti,Ulqini,Ulqin,Crna Gora,Mali i Zi","potentialAction":[{"@type":"SearchAction","target":{"@type":"EntryPoint","urlTemplate":"https:\/\/www.visit-ulcinj.com\/blog\/?s={search_term_string}"},"query-input":"required name=search_term_string"}],"inLanguage":"en-US"},{"@type":"ImageObject","inLanguage":"en-US","@id":"https:\/\/www.visit-ulcinj.com\/blog\/2009\/04\/02\/adelajda-bera-gabim\/#primaryimage","url":"http:\/\/www.visit-ulcinj.com\/blog\/wp-content\/uploads\/2009\/04\/adelajda-me-dritanin.jpg","contentUrl":"http:\/\/www.visit-ulcinj.com\/blog\/wp-content\/uploads\/2009\/04\/adelajda-me-dritanin.jpg"},{"@type":"WebPage","@id":"https:\/\/www.visit-ulcinj.com\/blog\/2009\/04\/02\/adelajda-bera-gabim\/#webpage","url":"https:\/\/www.visit-ulcinj.com\/blog\/2009\/04\/02\/adelajda-bera-gabim\/","name":"Adelajda : B\u00c3\u00abra gabim | Big Brother Albania 2","isPartOf":{"@id":"https:\/\/www.visit-ulcinj.com\/blog\/#website"},"primaryImageOfPage":{"@id":"https:\/\/www.visit-ulcinj.com\/blog\/2009\/04\/02\/adelajda-bera-gabim\/#primaryimage"},"datePublished":"2009-04-02T19:12:31+00:00","dateModified":"2009-04-02T19:12:31+00:00","author":{"@id":"https:\/\/www.visit-ulcinj.com\/blog\/#\/schema\/person\/dcab619c614d3038751c63bc2aadc06d"},"description":"Big Brother Albania 2 - Adelajda dhe Dritani diskutojn\u00c3\u00ab p\u00c3\u00abr nominimet e t\u00c3\u00ab shtun\u00c3\u00abs. Dritani shprehet i habitur n\u00c3\u00ab lidhje me nominimin e Bjordit nga Adelajda","breadcrumb":{"@id":"https:\/\/www.visit-ulcinj.com\/blog\/2009\/04\/02\/adelajda-bera-gabim\/#breadcrumb"},"inLanguage":"en-US","potentialAction":[{"@type":"ReadAction","target":["https:\/\/www.visit-ulcinj.com\/blog\/2009\/04\/02\/adelajda-bera-gabim\/"]}]},{"@type":"BreadcrumbList","@id":"https:\/\/www.visit-ulcinj.com\/blog\/2009\/04\/02\/adelajda-bera-gabim\/#breadcrumb","itemListElement":[{"@type":"ListItem","position":1,"name":"Adelajda : B\u00ebra gabim"}]},{"@type":"Person","@id":"https:\/\/www.visit-ulcinj.com\/blog\/#\/schema\/person\/dcab619c614d3038751c63bc2aadc06d","name":"ulqini","sameAs":["http:\/\/www.visit-ulcinj.com"],"url":"https:\/\/www.visit-ulcinj.com\/blog\/author\/admin\/"}]}},"jetpack_featured_media_url":"","jetpack_sharing_enabled":true,"jetpack_shortlink":"https:\/\/wp.me\/pe6lTn-4i3","_links":{"self":[{"href":"https:\/\/www.visit-ulcinj.com\/blog\/wp-json\/wp\/v2\/posts\/16495"}],"collection":[{"href":"https:\/\/www.visit-ulcinj.com\/blog\/wp-json\/wp\/v2\/posts"}],"about":[{"href":"https:\/\/www.visit-ulcinj.com\/blog\/wp-json\/wp\/v2\/types\/post"}],"author":[{"embeddable":true,"href":"https:\/\/www.visit-ulcinj.com\/blog\/wp-json\/wp\/v2\/users\/1"}],"replies":[{"embeddable":true,"href":"https:\/\/www.visit-ulcinj.com\/blog\/wp-json\/wp\/v2\/comments?post=16495"}],"version-history":[{"count":0,"href":"https:\/\/www.visit-ulcinj.com\/blog\/wp-json\/wp\/v2\/posts\/16495\/revisions"}],"wp:attachment":[{"href":"https:\/\/www.visit-ulcinj.com\/blog\/wp-json\/wp\/v2\/media?parent=16495"}],"wp:term":[{"taxonomy":"category","embeddable":true,"href":"https:\/\/www.visit-ulcinj.com\/blog\/wp-json\/wp\/v2\/categories?post=16495"},{"taxonomy":"post_tag","embeddable":true,"href":"https:\/\/www.visit-ulcinj.com\/blog\/wp-json\/wp\/v2\/tags?post=16495"}],"curies":[{"name":"wp","href":"https:\/\/api.w.org\/{rel}","templated":true}]}}