{"id":16498,"date":"2009-04-02T20:18:15","date_gmt":"2009-04-02T19:18:15","guid":{"rendered":"http:\/\/www.visit-ulcinj.com\/blog\/?p=16498"},"modified":"2009-04-02T20:18:15","modified_gmt":"2009-04-02T19:18:15","slug":"adi-dhe-bjordi-nuk-mund-t%e2%80%99i-vij-me-adeles-nga-pas","status":"publish","type":"post","link":"https:\/\/www.visit-ulcinj.com\/blog\/2009\/04\/02\/adi-dhe-bjordi-nuk-mund-t%e2%80%99i-vij-me-adeles-nga-pas\/","title":{"rendered":"Adi dhe Bjordi : Nuk mund t\u2019i vij m\u00eb Adel\u00ebs nga pas"},"content":{"rendered":"<p><em><span class=\"newsdate\"><a href=\"http:\/\/www.visit-ulcinj.com\/blog\/wp-content\/uploads\/2009\/04\/adi-bjordi-pwr-adelen.jpg\"><img loading=\"lazy\" class=\"alignleft size-full wp-image-16499\" title=\"adi-bjordi-per-adelen-big-brother-albania-2\" src=\"http:\/\/www.visit-ulcinj.com\/blog\/wp-content\/uploads\/2009\/04\/adi-bjordi-pwr-adelen.jpg\" alt=\"adi-bjordi-per-adelen-big-brother-albania-2\" width=\"300\" height=\"205\" \/><\/a>31\/03\/09 01:40<\/span><\/em><\/p>\n<p>mendon q\u00eb me k\u00ebt\u00eb q\u00eb ka b\u00ebr\u00eb, ajo i ka ulur shum\u00eb pik\u00eb vetes. Adi e ka pyetur Bjordin a ishin sqaruar ata me nj\u00ebri-tjetrin dhe i ka treguar se Adeljada i kishte th\u00ebn\u00eb se ai vet i kishte th\u00ebn\u00eb t\u00eb thoshte emrin e tij. Sipas Bjordit, kjo nuk ishte e v\u00ebrtet\u00eb, ai i kishte th\u00ebn\u00eb q\u00eb n\u00ebse ndonj\u00ebher\u00eb nuk do t\u00eb kishte cfar\u00eb emri t\u00eb thoshte, le t\u00eb jepte emrin e tij, por kjo kishte ndodhur para nj\u00eb muaji. Adi tha se Adelajda kishte b\u00ebr\u00eb shum\u00eb gabim. Sipas Bjordit, kjo ishte nj\u00eb gaf\u00eb jo e vog\u00ebl dhe e detyronte at\u00eb q\u00eb t\u00eb sillej ndryshe me Adelajden. \u201cUn\u00eb nuk mund t\u00eb dal si budalla, duke u treguar gjithmon\u00eb i mir\u00eb!- ka th\u00ebn\u00eb ai. Ai ka shtuar se nuk mund t\u2019i rrinte gjithmon\u00eb nga pas Adel\u00ebs dhe ajo t\u2019i thoshte \u201cik\u201d. \u201cAdel\u00ebs i p\u00eblqen q\u00eb un\u00eb t\u2019i vij v\u00ebrdall\u00eb e m\u00eb thot\u00eb \u201cIk!\u201d, pastaj sapo un\u00eb i rri larg, m\u00eb vjen nga prapa gjith\u00eb dit\u00ebn!\u201d- ka th\u00ebn\u00eb Bjordi. Sipas tij, ajo mund t\u00eb kishte nominuar k\u00ebdo nga banor\u00ebt e sht\u00ebpis\u00eb, Moz\u00ebn, Bik\u00ebn, Adin, por jo at\u00eb, sepse gjithcka q\u00eb ajo ka dh\u00ebn\u00eb, e ka dh\u00ebn\u00eb prej tij. \u201cUn\u00eb jam pasqyra e Adel\u00ebs k\u00ebtu brenda!\u201d \u2013 tha Bjordi, duke shpjeguar se q\u00ebndrimi me t\u00eb, kishte nxjerr\u00eb n\u00eb pah t\u00eb mirat dhe t\u00eb k\u00ebqijat e Adelajdes. \u201cMe k\u00ebt\u00eb q\u00eb ka b\u00ebr\u00eb, ajo m\u00eb ka n\u00ebnvler\u00ebsuar shum\u00eb!\u201d \u2013 ka shtuar Bjordi. Ai ka sqaruar se nuk e shqet\u00ebsonte aspak nominimi, por arsyeja q\u00eb kishte dh\u00ebn\u00eb, q\u00eb sipas tij, nuk ishte kot, por ishte e v\u00ebrtet\u00eb. \u201cDuhet t\u2019ia thuash patjet\u00ebr!\u201d \u2013 e ka k\u00ebshilluar Adi. \u201cTani \u00ebsht\u00eb momenti q\u00eb Adela t\u00eb marr\u00eb n\u00eb dor\u00eb situat\u00ebn dhe t\u00eb luftoj\u00eb p\u00ebr t\u00eb marr\u00eb at\u00eb q\u00eb do!\u201d \u2013 ka p\u00ebrfunduar Bjordi.<\/p>\n","protected":false},"excerpt":{"rendered":"<p>31\/03\/09 01:40 mendon q\u00eb me k\u00ebt\u00eb q\u00eb ka b\u00ebr\u00eb, ajo i ka ulur shum\u00eb pik\u00eb vetes. Adi e ka pyetur Bjordin a ishin sqaruar ata me nj\u00ebri-tjetrin dhe i ka treguar se Adeljada i kishte th\u00ebn\u00eb se ai vet i kishte th\u00ebn\u00eb t\u00eb thoshte emrin e tij. Sipas Bjordit, kjo nuk ishte e v\u00ebrtet\u00eb, ai [&hellip;]<\/p>\n","protected":false},"author":1,"featured_media":0,"comment_status":"open","ping_status":"closed","sticky":false,"template":"","format":"standard","meta":{"spay_email":"","jetpack_publicize_message":"","jetpack_is_tweetstorm":false,"jetpack_publicize_feature_enabled":true},"categories":[6502],"tags":[6529,8289,5057,6506,6516,6712,7129,6522,6891,6693,6887],"jetpack_publicize_connections":[],"yoast_head":"<!-- This site is optimized with the Yoast SEO plugin v19.1 - https:\/\/yoast.com\/wordpress\/plugins\/seo\/ -->\n<title>Adi dhe Bjordi : Nuk mund t\u00e2\u20ac\u2122i vij m\u00c3\u00ab Adel\u00c3\u00abs nga pas | Big Brother Albania 2<\/title>\n<meta name=\"description\" content=\"Big Brother Albania 2 - mendon q\u00c3\u00ab me k\u00c3\u00abt\u00c3\u00ab q\u00c3\u00ab ka b\u00c3\u00abr\u00c3\u00ab, ajo i ka ulur shum\u00c3\u00ab pik\u00c3\u00ab vetes. Adi e ka pyetur Bjordin a ishin sqaruar ata me nj\u00c3\u00abri-tjetrin dhe i ka treguar se Adeljada i kishte th\u00c3\u00abn\u00c3\u00ab se ai vet i kishte th\u00c3\u00abn\u00c3\u00ab t\u00c3\u00ab thoshte emrin e tij.\" \/>\n<meta name=\"robots\" content=\"index, follow, max-snippet:-1, max-image-preview:large, max-video-preview:-1\" \/>\n<link rel=\"canonical\" href=\"https:\/\/www.visit-ulcinj.com\/blog\/2009\/04\/02\/adi-dhe-bjordi-nuk-mund-t\u2019i-vij-me-adeles-nga-pas\/\" \/>\n<meta property=\"og:locale\" content=\"en_US\" \/>\n<meta property=\"og:type\" content=\"article\" \/>\n<meta property=\"og:title\" content=\"Adi dhe Bjordi : Nuk mund t\u00e2\u20ac\u2122i vij m\u00c3\u00ab Adel\u00c3\u00abs nga pas | Big Brother Albania 2\" \/>\n<meta property=\"og:description\" content=\"Big Brother Albania 2 - mendon q\u00c3\u00ab me k\u00c3\u00abt\u00c3\u00ab q\u00c3\u00ab ka b\u00c3\u00abr\u00c3\u00ab, ajo i ka ulur shum\u00c3\u00ab pik\u00c3\u00ab vetes. Adi e ka pyetur Bjordin a ishin sqaruar ata me nj\u00c3\u00abri-tjetrin dhe i ka treguar se Adeljada i kishte th\u00c3\u00abn\u00c3\u00ab se ai vet i kishte th\u00c3\u00abn\u00c3\u00ab t\u00c3\u00ab thoshte emrin e tij.\" \/>\n<meta property=\"og:url\" content=\"https:\/\/www.visit-ulcinj.com\/blog\/2009\/04\/02\/adi-dhe-bjordi-nuk-mund-t\u2019i-vij-me-adeles-nga-pas\/\" \/>\n<meta property=\"og:site_name\" content=\"Lajme nga Ulqini\" \/>\n<meta property=\"article:published_time\" content=\"2009-04-02T19:18:15+00:00\" \/>\n<meta property=\"og:image\" content=\"http:\/\/www.visit-ulcinj.com\/blog\/wp-content\/uploads\/2009\/04\/adi-bjordi-pwr-adelen.jpg\" \/>\n<meta name=\"twitter:label1\" content=\"Written by\" \/>\n\t<meta name=\"twitter:data1\" content=\"ulqini\" \/>\n\t<meta name=\"twitter:label2\" content=\"Est. reading time\" \/>\n\t<meta name=\"twitter:data2\" content=\"2 minutes\" \/>\n<script type=\"application\/ld+json\" class=\"yoast-schema-graph\">{\"@context\":\"https:\/\/schema.org\",\"@graph\":[{\"@type\":\"WebSite\",\"@id\":\"https:\/\/www.visit-ulcinj.com\/blog\/#website\",\"url\":\"https:\/\/www.visit-ulcinj.com\/blog\/\",\"name\":\"Lajme nga Ulqini\",\"description\":\"Lajme,Vijesti,Ulqini,Ulqin,Crna Gora,Mali i Zi\",\"potentialAction\":[{\"@type\":\"SearchAction\",\"target\":{\"@type\":\"EntryPoint\",\"urlTemplate\":\"https:\/\/www.visit-ulcinj.com\/blog\/?s={search_term_string}\"},\"query-input\":\"required name=search_term_string\"}],\"inLanguage\":\"en-US\"},{\"@type\":\"ImageObject\",\"inLanguage\":\"en-US\",\"@id\":\"https:\/\/www.visit-ulcinj.com\/blog\/2009\/04\/02\/adi-dhe-bjordi-nuk-mund-t%e2%80%99i-vij-me-adeles-nga-pas\/#primaryimage\",\"url\":\"http:\/\/www.visit-ulcinj.com\/blog\/wp-content\/uploads\/2009\/04\/adi-bjordi-pwr-adelen.jpg\",\"contentUrl\":\"http:\/\/www.visit-ulcinj.com\/blog\/wp-content\/uploads\/2009\/04\/adi-bjordi-pwr-adelen.jpg\"},{\"@type\":\"WebPage\",\"@id\":\"https:\/\/www.visit-ulcinj.com\/blog\/2009\/04\/02\/adi-dhe-bjordi-nuk-mund-t%e2%80%99i-vij-me-adeles-nga-pas\/#webpage\",\"url\":\"https:\/\/www.visit-ulcinj.com\/blog\/2009\/04\/02\/adi-dhe-bjordi-nuk-mund-t%e2%80%99i-vij-me-adeles-nga-pas\/\",\"name\":\"Adi dhe Bjordi : Nuk mund t\u00e2\u20ac\u2122i vij m\u00c3\u00ab Adel\u00c3\u00abs nga pas | Big Brother Albania 2\",\"isPartOf\":{\"@id\":\"https:\/\/www.visit-ulcinj.com\/blog\/#website\"},\"primaryImageOfPage\":{\"@id\":\"https:\/\/www.visit-ulcinj.com\/blog\/2009\/04\/02\/adi-dhe-bjordi-nuk-mund-t%e2%80%99i-vij-me-adeles-nga-pas\/#primaryimage\"},\"datePublished\":\"2009-04-02T19:18:15+00:00\",\"dateModified\":\"2009-04-02T19:18:15+00:00\",\"author\":{\"@id\":\"https:\/\/www.visit-ulcinj.com\/blog\/#\/schema\/person\/dcab619c614d3038751c63bc2aadc06d\"},\"description\":\"Big Brother Albania 2 - mendon q\u00c3\u00ab me k\u00c3\u00abt\u00c3\u00ab q\u00c3\u00ab ka b\u00c3\u00abr\u00c3\u00ab, ajo i ka ulur shum\u00c3\u00ab pik\u00c3\u00ab vetes. Adi e ka pyetur Bjordin a ishin sqaruar ata me nj\u00c3\u00abri-tjetrin dhe i ka treguar se Adeljada i kishte th\u00c3\u00abn\u00c3\u00ab se ai vet i kishte th\u00c3\u00abn\u00c3\u00ab t\u00c3\u00ab thoshte emrin e tij.\",\"breadcrumb\":{\"@id\":\"https:\/\/www.visit-ulcinj.com\/blog\/2009\/04\/02\/adi-dhe-bjordi-nuk-mund-t%e2%80%99i-vij-me-adeles-nga-pas\/#breadcrumb\"},\"inLanguage\":\"en-US\",\"potentialAction\":[{\"@type\":\"ReadAction\",\"target\":[\"https:\/\/www.visit-ulcinj.com\/blog\/2009\/04\/02\/adi-dhe-bjordi-nuk-mund-t%e2%80%99i-vij-me-adeles-nga-pas\/\"]}]},{\"@type\":\"BreadcrumbList\",\"@id\":\"https:\/\/www.visit-ulcinj.com\/blog\/2009\/04\/02\/adi-dhe-bjordi-nuk-mund-t%e2%80%99i-vij-me-adeles-nga-pas\/#breadcrumb\",\"itemListElement\":[{\"@type\":\"ListItem\",\"position\":1,\"name\":\"Adi dhe Bjordi : Nuk mund t\u2019i vij m\u00eb Adel\u00ebs nga pas\"}]},{\"@type\":\"Person\",\"@id\":\"https:\/\/www.visit-ulcinj.com\/blog\/#\/schema\/person\/dcab619c614d3038751c63bc2aadc06d\",\"name\":\"ulqini\",\"sameAs\":[\"http:\/\/www.visit-ulcinj.com\"],\"url\":\"https:\/\/www.visit-ulcinj.com\/blog\/author\/admin\/\"}]}<\/script>\n<!-- \/ Yoast SEO plugin. -->","yoast_head_json":{"title":"Adi dhe Bjordi : Nuk mund t\u00e2\u20ac\u2122i vij m\u00c3\u00ab Adel\u00c3\u00abs nga pas | Big Brother Albania 2","description":"Big Brother Albania 2 - mendon q\u00c3\u00ab me k\u00c3\u00abt\u00c3\u00ab q\u00c3\u00ab ka b\u00c3\u00abr\u00c3\u00ab, ajo i ka ulur shum\u00c3\u00ab pik\u00c3\u00ab vetes. Adi e ka pyetur Bjordin a ishin sqaruar ata me nj\u00c3\u00abri-tjetrin dhe i ka treguar se Adeljada i kishte th\u00c3\u00abn\u00c3\u00ab se ai vet i kishte th\u00c3\u00abn\u00c3\u00ab t\u00c3\u00ab thoshte emrin e tij.","robots":{"index":"index","follow":"follow","max-snippet":"max-snippet:-1","max-image-preview":"max-image-preview:large","max-video-preview":"max-video-preview:-1"},"canonical":"https:\/\/www.visit-ulcinj.com\/blog\/2009\/04\/02\/adi-dhe-bjordi-nuk-mund-t\u2019i-vij-me-adeles-nga-pas\/","og_locale":"en_US","og_type":"article","og_title":"Adi dhe Bjordi : Nuk mund t\u00e2\u20ac\u2122i vij m\u00c3\u00ab Adel\u00c3\u00abs nga pas | Big Brother Albania 2","og_description":"Big Brother Albania 2 - mendon q\u00c3\u00ab me k\u00c3\u00abt\u00c3\u00ab q\u00c3\u00ab ka b\u00c3\u00abr\u00c3\u00ab, ajo i ka ulur shum\u00c3\u00ab pik\u00c3\u00ab vetes. Adi e ka pyetur Bjordin a ishin sqaruar ata me nj\u00c3\u00abri-tjetrin dhe i ka treguar se Adeljada i kishte th\u00c3\u00abn\u00c3\u00ab se ai vet i kishte th\u00c3\u00abn\u00c3\u00ab t\u00c3\u00ab thoshte emrin e tij.","og_url":"https:\/\/www.visit-ulcinj.com\/blog\/2009\/04\/02\/adi-dhe-bjordi-nuk-mund-t\u2019i-vij-me-adeles-nga-pas\/","og_site_name":"Lajme nga Ulqini","article_published_time":"2009-04-02T19:18:15+00:00","og_image":[{"url":"http:\/\/www.visit-ulcinj.com\/blog\/wp-content\/uploads\/2009\/04\/adi-bjordi-pwr-adelen.jpg"}],"twitter_misc":{"Written by":"ulqini","Est. reading time":"2 minutes"},"schema":{"@context":"https:\/\/schema.org","@graph":[{"@type":"WebSite","@id":"https:\/\/www.visit-ulcinj.com\/blog\/#website","url":"https:\/\/www.visit-ulcinj.com\/blog\/","name":"Lajme nga Ulqini","description":"Lajme,Vijesti,Ulqini,Ulqin,Crna Gora,Mali i Zi","potentialAction":[{"@type":"SearchAction","target":{"@type":"EntryPoint","urlTemplate":"https:\/\/www.visit-ulcinj.com\/blog\/?s={search_term_string}"},"query-input":"required name=search_term_string"}],"inLanguage":"en-US"},{"@type":"ImageObject","inLanguage":"en-US","@id":"https:\/\/www.visit-ulcinj.com\/blog\/2009\/04\/02\/adi-dhe-bjordi-nuk-mund-t%e2%80%99i-vij-me-adeles-nga-pas\/#primaryimage","url":"http:\/\/www.visit-ulcinj.com\/blog\/wp-content\/uploads\/2009\/04\/adi-bjordi-pwr-adelen.jpg","contentUrl":"http:\/\/www.visit-ulcinj.com\/blog\/wp-content\/uploads\/2009\/04\/adi-bjordi-pwr-adelen.jpg"},{"@type":"WebPage","@id":"https:\/\/www.visit-ulcinj.com\/blog\/2009\/04\/02\/adi-dhe-bjordi-nuk-mund-t%e2%80%99i-vij-me-adeles-nga-pas\/#webpage","url":"https:\/\/www.visit-ulcinj.com\/blog\/2009\/04\/02\/adi-dhe-bjordi-nuk-mund-t%e2%80%99i-vij-me-adeles-nga-pas\/","name":"Adi dhe Bjordi : Nuk mund t\u00e2\u20ac\u2122i vij m\u00c3\u00ab Adel\u00c3\u00abs nga pas | Big Brother Albania 2","isPartOf":{"@id":"https:\/\/www.visit-ulcinj.com\/blog\/#website"},"primaryImageOfPage":{"@id":"https:\/\/www.visit-ulcinj.com\/blog\/2009\/04\/02\/adi-dhe-bjordi-nuk-mund-t%e2%80%99i-vij-me-adeles-nga-pas\/#primaryimage"},"datePublished":"2009-04-02T19:18:15+00:00","dateModified":"2009-04-02T19:18:15+00:00","author":{"@id":"https:\/\/www.visit-ulcinj.com\/blog\/#\/schema\/person\/dcab619c614d3038751c63bc2aadc06d"},"description":"Big Brother Albania 2 - mendon q\u00c3\u00ab me k\u00c3\u00abt\u00c3\u00ab q\u00c3\u00ab ka b\u00c3\u00abr\u00c3\u00ab, ajo i ka ulur shum\u00c3\u00ab pik\u00c3\u00ab vetes. Adi e ka pyetur Bjordin a ishin sqaruar ata me nj\u00c3\u00abri-tjetrin dhe i ka treguar se Adeljada i kishte th\u00c3\u00abn\u00c3\u00ab se ai vet i kishte th\u00c3\u00abn\u00c3\u00ab t\u00c3\u00ab thoshte emrin e tij.","breadcrumb":{"@id":"https:\/\/www.visit-ulcinj.com\/blog\/2009\/04\/02\/adi-dhe-bjordi-nuk-mund-t%e2%80%99i-vij-me-adeles-nga-pas\/#breadcrumb"},"inLanguage":"en-US","potentialAction":[{"@type":"ReadAction","target":["https:\/\/www.visit-ulcinj.com\/blog\/2009\/04\/02\/adi-dhe-bjordi-nuk-mund-t%e2%80%99i-vij-me-adeles-nga-pas\/"]}]},{"@type":"BreadcrumbList","@id":"https:\/\/www.visit-ulcinj.com\/blog\/2009\/04\/02\/adi-dhe-bjordi-nuk-mund-t%e2%80%99i-vij-me-adeles-nga-pas\/#breadcrumb","itemListElement":[{"@type":"ListItem","position":1,"name":"Adi dhe Bjordi : Nuk mund t\u2019i vij m\u00eb Adel\u00ebs nga pas"}]},{"@type":"Person","@id":"https:\/\/www.visit-ulcinj.com\/blog\/#\/schema\/person\/dcab619c614d3038751c63bc2aadc06d","name":"ulqini","sameAs":["http:\/\/www.visit-ulcinj.com"],"url":"https:\/\/www.visit-ulcinj.com\/blog\/author\/admin\/"}]}},"jetpack_featured_media_url":"","jetpack_sharing_enabled":true,"jetpack_shortlink":"https:\/\/wp.me\/pe6lTn-4i6","_links":{"self":[{"href":"https:\/\/www.visit-ulcinj.com\/blog\/wp-json\/wp\/v2\/posts\/16498"}],"collection":[{"href":"https:\/\/www.visit-ulcinj.com\/blog\/wp-json\/wp\/v2\/posts"}],"about":[{"href":"https:\/\/www.visit-ulcinj.com\/blog\/wp-json\/wp\/v2\/types\/post"}],"author":[{"embeddable":true,"href":"https:\/\/www.visit-ulcinj.com\/blog\/wp-json\/wp\/v2\/users\/1"}],"replies":[{"embeddable":true,"href":"https:\/\/www.visit-ulcinj.com\/blog\/wp-json\/wp\/v2\/comments?post=16498"}],"version-history":[{"count":0,"href":"https:\/\/www.visit-ulcinj.com\/blog\/wp-json\/wp\/v2\/posts\/16498\/revisions"}],"wp:attachment":[{"href":"https:\/\/www.visit-ulcinj.com\/blog\/wp-json\/wp\/v2\/media?parent=16498"}],"wp:term":[{"taxonomy":"category","embeddable":true,"href":"https:\/\/www.visit-ulcinj.com\/blog\/wp-json\/wp\/v2\/categories?post=16498"},{"taxonomy":"post_tag","embeddable":true,"href":"https:\/\/www.visit-ulcinj.com\/blog\/wp-json\/wp\/v2\/tags?post=16498"}],"curies":[{"name":"wp","href":"https:\/\/api.w.org\/{rel}","templated":true}]}}