{"id":16501,"date":"2009-04-02T20:27:11","date_gmt":"2009-04-02T19:27:11","guid":{"rendered":"http:\/\/www.visit-ulcinj.com\/blog\/?p=16501"},"modified":"2009-04-02T20:27:11","modified_gmt":"2009-04-02T19:27:11","slug":"adi-adeles-i-ka-hipur-vetja-ne-qejf","status":"publish","type":"post","link":"https:\/\/www.visit-ulcinj.com\/blog\/2009\/04\/02\/adi-adeles-i-ka-hipur-vetja-ne-qejf\/","title":{"rendered":"Adi : Adel\u00ebs i ka hipur vetja n\u00eb qejf"},"content":{"rendered":"<p><em><span class=\"newsdate\"><a href=\"http:\/\/www.visit-ulcinj.com\/blog\/wp-content\/uploads\/2009\/04\/adi-dhe-bjordi.jpg\"><img loading=\"lazy\" class=\"alignleft size-full wp-image-16502\" title=\"adi-dhe-bjordi-big-brother-albania-2\" src=\"http:\/\/www.visit-ulcinj.com\/blog\/wp-content\/uploads\/2009\/04\/adi-dhe-bjordi.jpg\" alt=\"adi-dhe-bjordi-big-brother-albania-2\" width=\"300\" height=\"205\" \/><\/a>31\/03\/09 01:45<\/span><\/em><\/p>\n<p>Adi i ka th\u00ebn\u00eb Bjordit se duhet t\u00eb sqarohej patjet\u00ebr me Ael\u00ebn, p\u00ebr pun\u00ebn e nominimit t\u00eb tij nga ana e saj. Ai i ka th\u00ebn\u00eb gjithashtu se nuk mund t\u00eb nd\u00ebrhynte pa u sqaruar nj\u00ebher\u00eb vet Bjordi me t\u00eb, sepse do t\u00eb b\u00ebnte t\u00eb nj\u00ebjtin gabim q\u00eb Adela kishte b\u00ebr\u00eb me Mimoz\u00ebn, kur ishte shprehur p\u00ebr Adin, pa folur nj\u00ebher\u00eb me k\u00ebt\u00eb t\u00eb fundit sesi ishte e v\u00ebrteta, q\u00eb atij duhet t\u2019i vinte turp p\u00ebr at\u00eb q\u00eb i kishte b\u00ebr\u00eb Mimoz\u00ebs. Adi ka th\u00ebn\u00eb se n\u00eb mendjen e vet ai e kishte menduar dhe e dinte se \u00e7far\u00eb do t\u2019i thoshte. \u201cM\u00eb duket se asaj i ka hipur vetja n\u00eb qejf!\u201d \u2013 i tha ai Bjordit, duke shtuar se tani e tutje Bjordi nuk kishte m\u00eb pun\u00eb t\u2019i vinte nga pas Adel\u00ebs, por ishte ajo q\u00eb duhej t\u2019i vinte nga pas atij.<\/p>\n","protected":false},"excerpt":{"rendered":"<p>31\/03\/09 01:45 Adi i ka th\u00ebn\u00eb Bjordit se duhet t\u00eb sqarohej patjet\u00ebr me Ael\u00ebn, p\u00ebr pun\u00ebn e nominimit t\u00eb tij nga ana e saj. Ai i ka th\u00ebn\u00eb gjithashtu se nuk mund t\u00eb nd\u00ebrhynte pa u sqaruar nj\u00ebher\u00eb vet Bjordi me t\u00eb, sepse do t\u00eb b\u00ebnte t\u00eb nj\u00ebjtin gabim q\u00eb Adela kishte b\u00ebr\u00eb me Mimoz\u00ebn, [&hellip;]<\/p>\n","protected":false},"author":1,"featured_media":0,"comment_status":"open","ping_status":"closed","sticky":false,"template":"","format":"standard","meta":{"spay_email":"","jetpack_publicize_message":"","jetpack_is_tweetstorm":false,"jetpack_publicize_feature_enabled":true},"categories":[6502],"tags":[6529,1414,8289,6883,6516,6712,8692,6891],"jetpack_publicize_connections":[],"yoast_head":"<!-- This site is optimized with the Yoast SEO plugin v19.1 - https:\/\/yoast.com\/wordpress\/plugins\/seo\/ -->\n<title>Adi : Adel\u00c3\u00abs i ka hipur vetja n\u00c3\u00ab qejf | Big Brother Albania 2<\/title>\n<meta name=\"description\" content=\"Big Brother Albania 2 - Adi i ka th\u00c3\u00abn\u00c3\u00ab Bjordit se duhet t\u00c3\u00ab sqarohej patjet\u00c3\u00abr me Ael\u00c3\u00abn, p\u00c3\u00abr pun\u00c3\u00abn e nominimit t\u00c3\u00ab tij nga ana e saj. Ai i ka th\u00c3\u00abn\u00c3\u00ab gjithashtu se nuk mund t\u00c3\u00ab nd\u00c3\u00abrhynte pa u sqaruar nj\u00c3\u00abher\u00c3\u00ab vet Bjordi me t\u00c3\u00ab\" \/>\n<meta name=\"robots\" content=\"index, follow, max-snippet:-1, max-image-preview:large, max-video-preview:-1\" \/>\n<link rel=\"canonical\" href=\"https:\/\/www.visit-ulcinj.com\/blog\/2009\/04\/02\/adi-adeles-i-ka-hipur-vetja-ne-qejf\/\" \/>\n<meta property=\"og:locale\" content=\"en_US\" \/>\n<meta property=\"og:type\" content=\"article\" \/>\n<meta property=\"og:title\" content=\"Adi : Adel\u00c3\u00abs i ka hipur vetja n\u00c3\u00ab qejf | Big Brother Albania 2\" \/>\n<meta property=\"og:description\" content=\"Big Brother Albania 2 - Adi i ka th\u00c3\u00abn\u00c3\u00ab Bjordit se duhet t\u00c3\u00ab sqarohej patjet\u00c3\u00abr me Ael\u00c3\u00abn, p\u00c3\u00abr pun\u00c3\u00abn e nominimit t\u00c3\u00ab tij nga ana e saj. Ai i ka th\u00c3\u00abn\u00c3\u00ab gjithashtu se nuk mund t\u00c3\u00ab nd\u00c3\u00abrhynte pa u sqaruar nj\u00c3\u00abher\u00c3\u00ab vet Bjordi me t\u00c3\u00ab\" \/>\n<meta property=\"og:url\" content=\"https:\/\/www.visit-ulcinj.com\/blog\/2009\/04\/02\/adi-adeles-i-ka-hipur-vetja-ne-qejf\/\" \/>\n<meta property=\"og:site_name\" content=\"Lajme nga Ulqini\" \/>\n<meta property=\"article:published_time\" content=\"2009-04-02T19:27:11+00:00\" \/>\n<meta property=\"og:image\" content=\"http:\/\/www.visit-ulcinj.com\/blog\/wp-content\/uploads\/2009\/04\/adi-dhe-bjordi.jpg\" \/>\n<meta name=\"twitter:label1\" content=\"Written by\" \/>\n\t<meta name=\"twitter:data1\" content=\"ulqini\" \/>\n\t<meta name=\"twitter:label2\" content=\"Est. reading time\" \/>\n\t<meta name=\"twitter:data2\" content=\"1 minute\" \/>\n<script type=\"application\/ld+json\" class=\"yoast-schema-graph\">{\"@context\":\"https:\/\/schema.org\",\"@graph\":[{\"@type\":\"WebSite\",\"@id\":\"https:\/\/www.visit-ulcinj.com\/blog\/#website\",\"url\":\"https:\/\/www.visit-ulcinj.com\/blog\/\",\"name\":\"Lajme nga Ulqini\",\"description\":\"Lajme,Vijesti,Ulqini,Ulqin,Crna Gora,Mali i Zi\",\"potentialAction\":[{\"@type\":\"SearchAction\",\"target\":{\"@type\":\"EntryPoint\",\"urlTemplate\":\"https:\/\/www.visit-ulcinj.com\/blog\/?s={search_term_string}\"},\"query-input\":\"required name=search_term_string\"}],\"inLanguage\":\"en-US\"},{\"@type\":\"ImageObject\",\"inLanguage\":\"en-US\",\"@id\":\"https:\/\/www.visit-ulcinj.com\/blog\/2009\/04\/02\/adi-adeles-i-ka-hipur-vetja-ne-qejf\/#primaryimage\",\"url\":\"http:\/\/www.visit-ulcinj.com\/blog\/wp-content\/uploads\/2009\/04\/adi-dhe-bjordi.jpg\",\"contentUrl\":\"http:\/\/www.visit-ulcinj.com\/blog\/wp-content\/uploads\/2009\/04\/adi-dhe-bjordi.jpg\"},{\"@type\":\"WebPage\",\"@id\":\"https:\/\/www.visit-ulcinj.com\/blog\/2009\/04\/02\/adi-adeles-i-ka-hipur-vetja-ne-qejf\/#webpage\",\"url\":\"https:\/\/www.visit-ulcinj.com\/blog\/2009\/04\/02\/adi-adeles-i-ka-hipur-vetja-ne-qejf\/\",\"name\":\"Adi : Adel\u00c3\u00abs i ka hipur vetja n\u00c3\u00ab qejf | Big Brother Albania 2\",\"isPartOf\":{\"@id\":\"https:\/\/www.visit-ulcinj.com\/blog\/#website\"},\"primaryImageOfPage\":{\"@id\":\"https:\/\/www.visit-ulcinj.com\/blog\/2009\/04\/02\/adi-adeles-i-ka-hipur-vetja-ne-qejf\/#primaryimage\"},\"datePublished\":\"2009-04-02T19:27:11+00:00\",\"dateModified\":\"2009-04-02T19:27:11+00:00\",\"author\":{\"@id\":\"https:\/\/www.visit-ulcinj.com\/blog\/#\/schema\/person\/dcab619c614d3038751c63bc2aadc06d\"},\"description\":\"Big Brother Albania 2 - Adi i ka th\u00c3\u00abn\u00c3\u00ab Bjordit se duhet t\u00c3\u00ab sqarohej patjet\u00c3\u00abr me Ael\u00c3\u00abn, p\u00c3\u00abr pun\u00c3\u00abn e nominimit t\u00c3\u00ab tij nga ana e saj. Ai i ka th\u00c3\u00abn\u00c3\u00ab gjithashtu se nuk mund t\u00c3\u00ab nd\u00c3\u00abrhynte pa u sqaruar nj\u00c3\u00abher\u00c3\u00ab vet Bjordi me t\u00c3\u00ab\",\"breadcrumb\":{\"@id\":\"https:\/\/www.visit-ulcinj.com\/blog\/2009\/04\/02\/adi-adeles-i-ka-hipur-vetja-ne-qejf\/#breadcrumb\"},\"inLanguage\":\"en-US\",\"potentialAction\":[{\"@type\":\"ReadAction\",\"target\":[\"https:\/\/www.visit-ulcinj.com\/blog\/2009\/04\/02\/adi-adeles-i-ka-hipur-vetja-ne-qejf\/\"]}]},{\"@type\":\"BreadcrumbList\",\"@id\":\"https:\/\/www.visit-ulcinj.com\/blog\/2009\/04\/02\/adi-adeles-i-ka-hipur-vetja-ne-qejf\/#breadcrumb\",\"itemListElement\":[{\"@type\":\"ListItem\",\"position\":1,\"name\":\"Adi : Adel\u00ebs i ka hipur vetja n\u00eb qejf\"}]},{\"@type\":\"Person\",\"@id\":\"https:\/\/www.visit-ulcinj.com\/blog\/#\/schema\/person\/dcab619c614d3038751c63bc2aadc06d\",\"name\":\"ulqini\",\"sameAs\":[\"http:\/\/www.visit-ulcinj.com\"],\"url\":\"https:\/\/www.visit-ulcinj.com\/blog\/author\/admin\/\"}]}<\/script>\n<!-- \/ Yoast SEO plugin. -->","yoast_head_json":{"title":"Adi : Adel\u00c3\u00abs i ka hipur vetja n\u00c3\u00ab qejf | Big Brother Albania 2","description":"Big Brother Albania 2 - Adi i ka th\u00c3\u00abn\u00c3\u00ab Bjordit se duhet t\u00c3\u00ab sqarohej patjet\u00c3\u00abr me Ael\u00c3\u00abn, p\u00c3\u00abr pun\u00c3\u00abn e nominimit t\u00c3\u00ab tij nga ana e saj. Ai i ka th\u00c3\u00abn\u00c3\u00ab gjithashtu se nuk mund t\u00c3\u00ab nd\u00c3\u00abrhynte pa u sqaruar nj\u00c3\u00abher\u00c3\u00ab vet Bjordi me t\u00c3\u00ab","robots":{"index":"index","follow":"follow","max-snippet":"max-snippet:-1","max-image-preview":"max-image-preview:large","max-video-preview":"max-video-preview:-1"},"canonical":"https:\/\/www.visit-ulcinj.com\/blog\/2009\/04\/02\/adi-adeles-i-ka-hipur-vetja-ne-qejf\/","og_locale":"en_US","og_type":"article","og_title":"Adi : Adel\u00c3\u00abs i ka hipur vetja n\u00c3\u00ab qejf | Big Brother Albania 2","og_description":"Big Brother Albania 2 - Adi i ka th\u00c3\u00abn\u00c3\u00ab Bjordit se duhet t\u00c3\u00ab sqarohej patjet\u00c3\u00abr me Ael\u00c3\u00abn, p\u00c3\u00abr pun\u00c3\u00abn e nominimit t\u00c3\u00ab tij nga ana e saj. Ai i ka th\u00c3\u00abn\u00c3\u00ab gjithashtu se nuk mund t\u00c3\u00ab nd\u00c3\u00abrhynte pa u sqaruar nj\u00c3\u00abher\u00c3\u00ab vet Bjordi me t\u00c3\u00ab","og_url":"https:\/\/www.visit-ulcinj.com\/blog\/2009\/04\/02\/adi-adeles-i-ka-hipur-vetja-ne-qejf\/","og_site_name":"Lajme nga Ulqini","article_published_time":"2009-04-02T19:27:11+00:00","og_image":[{"url":"http:\/\/www.visit-ulcinj.com\/blog\/wp-content\/uploads\/2009\/04\/adi-dhe-bjordi.jpg"}],"twitter_misc":{"Written by":"ulqini","Est. reading time":"1 minute"},"schema":{"@context":"https:\/\/schema.org","@graph":[{"@type":"WebSite","@id":"https:\/\/www.visit-ulcinj.com\/blog\/#website","url":"https:\/\/www.visit-ulcinj.com\/blog\/","name":"Lajme nga Ulqini","description":"Lajme,Vijesti,Ulqini,Ulqin,Crna Gora,Mali i Zi","potentialAction":[{"@type":"SearchAction","target":{"@type":"EntryPoint","urlTemplate":"https:\/\/www.visit-ulcinj.com\/blog\/?s={search_term_string}"},"query-input":"required name=search_term_string"}],"inLanguage":"en-US"},{"@type":"ImageObject","inLanguage":"en-US","@id":"https:\/\/www.visit-ulcinj.com\/blog\/2009\/04\/02\/adi-adeles-i-ka-hipur-vetja-ne-qejf\/#primaryimage","url":"http:\/\/www.visit-ulcinj.com\/blog\/wp-content\/uploads\/2009\/04\/adi-dhe-bjordi.jpg","contentUrl":"http:\/\/www.visit-ulcinj.com\/blog\/wp-content\/uploads\/2009\/04\/adi-dhe-bjordi.jpg"},{"@type":"WebPage","@id":"https:\/\/www.visit-ulcinj.com\/blog\/2009\/04\/02\/adi-adeles-i-ka-hipur-vetja-ne-qejf\/#webpage","url":"https:\/\/www.visit-ulcinj.com\/blog\/2009\/04\/02\/adi-adeles-i-ka-hipur-vetja-ne-qejf\/","name":"Adi : Adel\u00c3\u00abs i ka hipur vetja n\u00c3\u00ab qejf | Big Brother Albania 2","isPartOf":{"@id":"https:\/\/www.visit-ulcinj.com\/blog\/#website"},"primaryImageOfPage":{"@id":"https:\/\/www.visit-ulcinj.com\/blog\/2009\/04\/02\/adi-adeles-i-ka-hipur-vetja-ne-qejf\/#primaryimage"},"datePublished":"2009-04-02T19:27:11+00:00","dateModified":"2009-04-02T19:27:11+00:00","author":{"@id":"https:\/\/www.visit-ulcinj.com\/blog\/#\/schema\/person\/dcab619c614d3038751c63bc2aadc06d"},"description":"Big Brother Albania 2 - Adi i ka th\u00c3\u00abn\u00c3\u00ab Bjordit se duhet t\u00c3\u00ab sqarohej patjet\u00c3\u00abr me Ael\u00c3\u00abn, p\u00c3\u00abr pun\u00c3\u00abn e nominimit t\u00c3\u00ab tij nga ana e saj. Ai i ka th\u00c3\u00abn\u00c3\u00ab gjithashtu se nuk mund t\u00c3\u00ab nd\u00c3\u00abrhynte pa u sqaruar nj\u00c3\u00abher\u00c3\u00ab vet Bjordi me t\u00c3\u00ab","breadcrumb":{"@id":"https:\/\/www.visit-ulcinj.com\/blog\/2009\/04\/02\/adi-adeles-i-ka-hipur-vetja-ne-qejf\/#breadcrumb"},"inLanguage":"en-US","potentialAction":[{"@type":"ReadAction","target":["https:\/\/www.visit-ulcinj.com\/blog\/2009\/04\/02\/adi-adeles-i-ka-hipur-vetja-ne-qejf\/"]}]},{"@type":"BreadcrumbList","@id":"https:\/\/www.visit-ulcinj.com\/blog\/2009\/04\/02\/adi-adeles-i-ka-hipur-vetja-ne-qejf\/#breadcrumb","itemListElement":[{"@type":"ListItem","position":1,"name":"Adi : Adel\u00ebs i ka hipur vetja n\u00eb qejf"}]},{"@type":"Person","@id":"https:\/\/www.visit-ulcinj.com\/blog\/#\/schema\/person\/dcab619c614d3038751c63bc2aadc06d","name":"ulqini","sameAs":["http:\/\/www.visit-ulcinj.com"],"url":"https:\/\/www.visit-ulcinj.com\/blog\/author\/admin\/"}]}},"jetpack_featured_media_url":"","jetpack_sharing_enabled":true,"jetpack_shortlink":"https:\/\/wp.me\/pe6lTn-4i9","_links":{"self":[{"href":"https:\/\/www.visit-ulcinj.com\/blog\/wp-json\/wp\/v2\/posts\/16501"}],"collection":[{"href":"https:\/\/www.visit-ulcinj.com\/blog\/wp-json\/wp\/v2\/posts"}],"about":[{"href":"https:\/\/www.visit-ulcinj.com\/blog\/wp-json\/wp\/v2\/types\/post"}],"author":[{"embeddable":true,"href":"https:\/\/www.visit-ulcinj.com\/blog\/wp-json\/wp\/v2\/users\/1"}],"replies":[{"embeddable":true,"href":"https:\/\/www.visit-ulcinj.com\/blog\/wp-json\/wp\/v2\/comments?post=16501"}],"version-history":[{"count":0,"href":"https:\/\/www.visit-ulcinj.com\/blog\/wp-json\/wp\/v2\/posts\/16501\/revisions"}],"wp:attachment":[{"href":"https:\/\/www.visit-ulcinj.com\/blog\/wp-json\/wp\/v2\/media?parent=16501"}],"wp:term":[{"taxonomy":"category","embeddable":true,"href":"https:\/\/www.visit-ulcinj.com\/blog\/wp-json\/wp\/v2\/categories?post=16501"},{"taxonomy":"post_tag","embeddable":true,"href":"https:\/\/www.visit-ulcinj.com\/blog\/wp-json\/wp\/v2\/tags?post=16501"}],"curies":[{"name":"wp","href":"https:\/\/api.w.org\/{rel}","templated":true}]}}