{"id":16507,"date":"2009-04-02T22:31:08","date_gmt":"2009-04-02T21:31:08","guid":{"rendered":"http:\/\/www.visit-ulcinj.com\/blog\/?p=16507"},"modified":"2009-04-02T20:33:53","modified_gmt":"2009-04-02T19:33:53","slug":"bjordi-dhe-adelajda-tani-e-ke-ti-ne-dore","status":"publish","type":"post","link":"https:\/\/www.visit-ulcinj.com\/blog\/2009\/04\/02\/bjordi-dhe-adelajda-tani-e-ke-ti-ne-dore\/","title":{"rendered":"Bjordi dhe Adelajda : Tani e ke ti n\u00eb dor\u00eb"},"content":{"rendered":"<p><em><span class=\"newsdate\"><a href=\"http:\/\/www.visit-ulcinj.com\/blog\/wp-content\/uploads\/2009\/04\/bjordi-dhe-adelajda.jpg\"><img loading=\"lazy\" class=\"alignleft size-full wp-image-16508\" title=\"bjordi-dhe-adelajda-big-brother-albania-2\" src=\"http:\/\/www.visit-ulcinj.com\/blog\/wp-content\/uploads\/2009\/04\/bjordi-dhe-adelajda.jpg\" alt=\"bjordi-dhe-adelajda-big-brother-albania-2\" width=\"300\" height=\"205\" \/><\/a>31\/03\/09 03:00<\/span><\/em><\/p>\n<p>\u201cTi je m\u00ebrzitur p\u00ebr nominimin?\u201d- e ka pyetur Adelajda Bjordin. \u201cE mendova dhe nuk \u00ebsht\u00eb kaq e leht\u00eb!\u201d \u2013 i ka th\u00ebn\u00eb ai. Ai i ka th\u00ebn\u00eb se me k\u00ebt\u00eb q\u00eb ka b\u00ebr\u00eb ajo e ka v\u00ebn\u00eb n\u00eb t\u00eb nj\u00ebjtin nivel me banor\u00ebt e tjer\u00eb t\u00eb sht\u00ebpis\u00eb, kur e v\u00ebrteta nuk \u00ebsht\u00eb aspak k\u00ebshtu, t\u00eb pakt\u00ebn ai mendonte se ishte m\u00eb i r\u00ebnd\u00ebsish\u00ebm sesa t\u00eb tjer\u00ebt p\u00ebr t\u00eb. Adelajda ka pohuar dhe ka rishpjeguar se e b\u00ebnte sepse e dinte q\u00eb ai nuk rrezikonte. Sipas Bjordit, nominimi nuk ka asnj\u00eb lidhje, por kishte arsyeja q\u00eb ajo kishte dh\u00ebn\u00eb. Ai tha se tani ai ndihej i detyruar t\u00eb b\u00ebnte at\u00eb q\u00eb kishte th\u00ebn\u00eb ajo: t\u2019i rrinte larg. Bjordi ka vazhduar duke th\u00ebn\u00eb se e kishin b\u00ebr\u00eb nj\u00eb her\u00eb k\u00ebt\u00eb bised\u00eb, q\u00eb ai nuk duhet t\u00eb sillej si\u00e7 po sillej, por duhet t\u2019i rrinte larg dhe ai kishte gabuar p\u00ebrs\u00ebri. \u201cTani e ke n\u00eb dor\u00eb ti!\u201d \u2013 i ka th\u00ebn\u00eb ai Adel\u00ebs. \u201cE \u00e7far\u00eb do t\u00eb ndryshoj tani?\u201d- e ka pyetur ajo Bjordin. \u201cDo t\u00eb rrim\u00eb si at\u00eb dit\u00eb q\u00eb m\u00eb ke th\u00ebn\u00eb t\u00eb rrim\u00eb larg.\u201d- ia ka kthyer ai duke shtuar se kjo e k\u00ebsaj t\u00eb shtune ishte vet\u00ebm nj\u00eb gj\u00eb e vog\u00ebl, por q\u00eb ajo duhet ta kuptonte vet, nuk ishte di\u00e7ka q\u00eb t\u00eb mund t\u2019ia shpjegonte ai. Sipas k\u00ebndv\u00ebshtrimit t\u00eb saj gj\u00ebrat po shkonin mir\u00eb. Bjordi i ka th\u00ebn\u00eb se mund t\u00eb ishin mir\u00eb p\u00ebr Adel\u00ebn, por jo p\u00ebr Bjordin. Si\u00e7 kishte menduar ai p\u00ebr t\u00eb, duhet t\u00eb mendonte edhe ajo p\u00ebr t\u00eb e t\u00eb mos e linte t\u00eb b\u00ebnte figur\u00ebn e injorantit apo budallait. P\u00ebr m\u00eb tep\u00ebr, sipas tij, ajo nuk po dinte t\u2019u jepte gj\u00ebrave, vler\u00ebn e duhur. Ajo i ka th\u00ebn\u00eb se e vler\u00ebsonte Bjordin, p\u00ebrtej shakave, apo loj\u00ebs q\u00eb mund t\u00eb ishin duke b\u00ebr\u00eb. \u201cPastaj gj\u00ebrat duken!\u201d- ka th\u00ebn\u00eb ajo. Sipas saj, ata t\u00eb dy e dinin mir\u00eb se cfar\u00eb kishin me nj\u00ebri-tjetrin dhe nuk ishte e nevojshme t\u2019i thoshin. Por, sipas Bjordit, ata nuk ishin t\u00eb qart\u00eb as me nj\u00ebri-tjetrin. \u201cAt\u00ebher\u00eb ne nuk kemi nj\u00eb lidhje me nj\u00ebri-tjetrin!\u201d- ka th\u00ebn\u00eb ai. \u201cNuk kemi, sigurisht q\u00eb nuk kemi!\u201d- \u00ebsht\u00eb p\u00ebrgjigjur Adelajda. \u201cAt\u00ebher\u00eb muhabeti mbaroi k\u00ebtu! \u2013 i ka th\u00ebn\u00eb Bjordi. \u2013 Tani nuk \u00ebsht\u00eb m\u00eb problemi im!\u201d Por Adelajda i ka k\u00ebrkuar sqarime t\u00eb m\u00ebtejshme. Bjordi i ka th\u00ebn\u00eb se tani duhet t\u00eb fillonte t\u00eb mendonte at\u00eb q\u00eb kishte, at\u00eb q\u00eb donte dhe at\u00eb q\u00eb duhet t\u00eb b\u00ebnte p\u00ebr ta arritur. Ajo ka p\u00ebrmbledhur n\u00eb pak fjal\u00eb se ajo cfar\u00eb kishte deri tani ishte hyrja n\u00eb sht\u00ebpin\u00eb e Big Brother, gj\u00eb q\u00eb kishte dashur ta b\u00ebnte, marr\u00ebdh\u00ebnia normale me banor\u00ebt e sht\u00ebpis\u00eb, shoq\u00ebria me nj\u00eb pjes\u00eb t\u00eb tyre, gjetja e njer\u00ebzve t\u00eb cil\u00ebt i donte fort dhe e donin dhe q\u00eb i respektonte e vler\u00ebsonte dhe q\u00eb e respektonin. Nj\u00eb prej tyre, sipas saj, ishte edhe Bjordi. Ajo q\u00eb donte, ishte t\u00eb shkonte deri n\u00eb finale, duke patur n\u00eb krah k\u00ebta njer\u00ebz. \u201cTi nuk ke kutuar asgj\u00eb!\u201d \u2013 i ka th\u00ebn\u00eb Bjordi asaj. Ai ka shtuar se kishte dal\u00eb shum\u00eb jasht\u00eb karakterit t\u00eb tij p\u00ebr t\u00eb dhe ajo as e kishte kuptuar, as e kishte vler\u00ebsuar. Ajo i ka th\u00ebn\u00eb se kishte dy zgjedhje: t\u00eb b\u00ebnte t\u00eb tjer\u00ebt t\u00eb ndihen keq, duke aluduar p\u00ebr familjen, ose t\u00eb b\u00ebnte t\u00eb ndihej keq ai. Sipas Bjordit, ky ishte nj\u00eb konflikt pa zgjidhje, sepse ajo s\u2019mund t\u00eb ndryshonte dot familjen e saj e p\u00ebr m\u00eb tep\u00ebr ai nuk mund ta pretendonte k\u00ebt\u00eb. Adelajda ka filluar t\u00eb qaj\u00eb, duke th\u00ebn\u00eb se nuk i kishte t\u00eb gjitha gj\u00ebrat ajo n\u00eb dor\u00eb, por Bjordi i ka th\u00ebn\u00eb se gjithcka q\u00eb kishte t\u00eb b\u00ebnte me jet\u00ebn e saj, e kishte ajo n\u00eb dor\u00eb. Sipas Adel\u00ebs, ajo nuk i kishte k\u00ebrkuar ndonj\u00eb gj\u00eb t\u00eb madhe dhe se ajo dinte t\u00eb mjaftohej me kaq sa kishin. \u201cNuk mund t\u00eb mjaftohem un\u00eb!\u201d \u2013 i ka th\u00ebn\u00eb Bjordi. Ajo i \u00ebsht\u00eb p\u00ebrgjigjur se e dinte k\u00ebt\u00eb dhe kishte pritur t\u2019ia thoshte, por ka shpresuar se ndoshta, duke menduar se ajo cfar\u00eb kishin, vlente, ai nuk do t\u2019i k\u00ebrkonte m\u00eb tep\u00ebr. \u201cTi ke nevoj\u00eb p\u00ebr nj\u00eb lidhje k\u00ebtu brenda?- e ka pyetur ajo Bjordin. \u201cNe kemi krijuar dicka, q\u00eb tani k\u00ebrkon t\u00eb evoluoj\u00eb!\u201d. \u201cM\u00eb thuaj cfar\u00eb do, t\u00eb t\u00eb them e b\u00ebj apo jo!- e ka pyetur Adelajda Bjordin. \u201cNe nuk kemi relat\u00eb!\u201d \u2013i ka th\u00ebn\u00eb ai. \u201cP\u00ebr k\u00ebt\u00eb nuk mund t\u00eb b\u00ebj asgj\u00eb!\u201d \u2013ia ka kthyer ajo.<br \/>\nAta e kan\u00eb nd\u00ebrprer\u00eb bised\u00ebn n\u00eb dhom\u00ebn e gjumit p\u00ebr ta rimarr\u00eb s\u00ebrish jasht\u00eb, n\u00eb oborrin e sht\u00ebpis\u00eb.<\/p>\n","protected":false},"excerpt":{"rendered":"<p>31\/03\/09 03:00 \u201cTi je m\u00ebrzitur p\u00ebr nominimin?\u201d- e ka pyetur Adelajda Bjordin. \u201cE mendova dhe nuk \u00ebsht\u00eb kaq e leht\u00eb!\u201d \u2013 i ka th\u00ebn\u00eb ai. Ai i ka th\u00ebn\u00eb se me k\u00ebt\u00eb q\u00eb ka b\u00ebr\u00eb ajo e ka v\u00ebn\u00eb n\u00eb t\u00eb nj\u00ebjtin nivel me banor\u00ebt e tjer\u00eb t\u00eb sht\u00ebpis\u00eb, kur e v\u00ebrteta nuk \u00ebsht\u00eb aspak [&hellip;]<\/p>\n","protected":false},"author":1,"featured_media":0,"comment_status":"open","ping_status":"closed","sticky":false,"template":"","format":"standard","meta":{"spay_email":"","jetpack_publicize_message":"","jetpack_is_tweetstorm":false,"jetpack_publicize_feature_enabled":true},"categories":[6502],"tags":[6529,5057,6506,6516,6712,7129,6522,6521,6891,6693,6887],"jetpack_publicize_connections":[],"yoast_head":"<!-- This site is optimized with the Yoast SEO plugin v19.1 - https:\/\/yoast.com\/wordpress\/plugins\/seo\/ -->\n<title>Bjordi dhe Adelajda : Tani e ke ti n\u00c3\u00ab dor\u00c3\u00ab | Big Brother Albania 2<\/title>\n<meta name=\"description\" content=\"Big Brother Albania 2 - \u00e2\u20ac\u0153Ti je m\u00c3\u00abrzitur p\u00c3\u00abr nominimin?\u00e2\u20ac\u009d- e ka pyetur Adelajda Bjordin. \u00e2\u20ac\u0153E mendova dhe nuk \u00c3\u00absht\u00c3\u00ab kaq e leht\u00c3\u00ab!\u00e2\u20ac\u009d \u00e2\u20ac\u201c i ka th\u00c3\u00abn\u00c3\u00ab ai. Ai i ka th\u00c3\u00abn\u00c3\u00ab se me k\u00c3\u00abt\u00c3\u00ab q\u00c3\u00ab ka b\u00c3\u00abr\u00c3\u00ab ajo e ka v\u00c3\u00abn\u00c3\u00ab n\u00c3\u00ab t\u00c3\u00ab nj\u00c3\u00abjtin nivel me banor\u00c3\u00abt e tjer\u00c3\u00ab t\u00c3\u00ab sht\u00c3\u00abpis\u00c3\u00ab,\" \/>\n<meta name=\"robots\" content=\"index, follow, max-snippet:-1, max-image-preview:large, max-video-preview:-1\" \/>\n<link rel=\"canonical\" href=\"https:\/\/www.visit-ulcinj.com\/blog\/2009\/04\/02\/bjordi-dhe-adelajda-tani-e-ke-ti-ne-dore\/\" \/>\n<meta property=\"og:locale\" content=\"en_US\" \/>\n<meta property=\"og:type\" content=\"article\" \/>\n<meta property=\"og:title\" content=\"Bjordi dhe Adelajda : Tani e ke ti n\u00c3\u00ab dor\u00c3\u00ab | Big Brother Albania 2\" \/>\n<meta property=\"og:description\" content=\"Big Brother Albania 2 - \u00e2\u20ac\u0153Ti je m\u00c3\u00abrzitur p\u00c3\u00abr nominimin?\u00e2\u20ac\u009d- e ka pyetur Adelajda Bjordin. \u00e2\u20ac\u0153E mendova dhe nuk \u00c3\u00absht\u00c3\u00ab kaq e leht\u00c3\u00ab!\u00e2\u20ac\u009d \u00e2\u20ac\u201c i ka th\u00c3\u00abn\u00c3\u00ab ai. Ai i ka th\u00c3\u00abn\u00c3\u00ab se me k\u00c3\u00abt\u00c3\u00ab q\u00c3\u00ab ka b\u00c3\u00abr\u00c3\u00ab ajo e ka v\u00c3\u00abn\u00c3\u00ab n\u00c3\u00ab t\u00c3\u00ab nj\u00c3\u00abjtin nivel me banor\u00c3\u00abt e tjer\u00c3\u00ab t\u00c3\u00ab sht\u00c3\u00abpis\u00c3\u00ab,\" \/>\n<meta property=\"og:url\" content=\"https:\/\/www.visit-ulcinj.com\/blog\/2009\/04\/02\/bjordi-dhe-adelajda-tani-e-ke-ti-ne-dore\/\" \/>\n<meta property=\"og:site_name\" content=\"Lajme nga Ulqini\" \/>\n<meta property=\"article:published_time\" content=\"2009-04-02T21:31:08+00:00\" \/>\n<meta property=\"article:modified_time\" content=\"2009-04-02T19:33:53+00:00\" \/>\n<meta property=\"og:image\" content=\"http:\/\/www.visit-ulcinj.com\/blog\/wp-content\/uploads\/2009\/04\/bjordi-dhe-adelajda.jpg\" \/>\n<meta name=\"twitter:label1\" content=\"Written by\" \/>\n\t<meta name=\"twitter:data1\" content=\"ulqini\" \/>\n\t<meta name=\"twitter:label2\" content=\"Est. reading time\" \/>\n\t<meta name=\"twitter:data2\" content=\"4 minutes\" \/>\n<script type=\"application\/ld+json\" class=\"yoast-schema-graph\">{\"@context\":\"https:\/\/schema.org\",\"@graph\":[{\"@type\":\"WebSite\",\"@id\":\"https:\/\/www.visit-ulcinj.com\/blog\/#website\",\"url\":\"https:\/\/www.visit-ulcinj.com\/blog\/\",\"name\":\"Lajme nga Ulqini\",\"description\":\"Lajme,Vijesti,Ulqini,Ulqin,Crna Gora,Mali i Zi\",\"potentialAction\":[{\"@type\":\"SearchAction\",\"target\":{\"@type\":\"EntryPoint\",\"urlTemplate\":\"https:\/\/www.visit-ulcinj.com\/blog\/?s={search_term_string}\"},\"query-input\":\"required name=search_term_string\"}],\"inLanguage\":\"en-US\"},{\"@type\":\"ImageObject\",\"inLanguage\":\"en-US\",\"@id\":\"https:\/\/www.visit-ulcinj.com\/blog\/2009\/04\/02\/bjordi-dhe-adelajda-tani-e-ke-ti-ne-dore\/#primaryimage\",\"url\":\"http:\/\/www.visit-ulcinj.com\/blog\/wp-content\/uploads\/2009\/04\/bjordi-dhe-adelajda.jpg\",\"contentUrl\":\"http:\/\/www.visit-ulcinj.com\/blog\/wp-content\/uploads\/2009\/04\/bjordi-dhe-adelajda.jpg\"},{\"@type\":\"WebPage\",\"@id\":\"https:\/\/www.visit-ulcinj.com\/blog\/2009\/04\/02\/bjordi-dhe-adelajda-tani-e-ke-ti-ne-dore\/#webpage\",\"url\":\"https:\/\/www.visit-ulcinj.com\/blog\/2009\/04\/02\/bjordi-dhe-adelajda-tani-e-ke-ti-ne-dore\/\",\"name\":\"Bjordi dhe Adelajda : Tani e ke ti n\u00c3\u00ab dor\u00c3\u00ab | Big Brother Albania 2\",\"isPartOf\":{\"@id\":\"https:\/\/www.visit-ulcinj.com\/blog\/#website\"},\"primaryImageOfPage\":{\"@id\":\"https:\/\/www.visit-ulcinj.com\/blog\/2009\/04\/02\/bjordi-dhe-adelajda-tani-e-ke-ti-ne-dore\/#primaryimage\"},\"datePublished\":\"2009-04-02T21:31:08+00:00\",\"dateModified\":\"2009-04-02T19:33:53+00:00\",\"author\":{\"@id\":\"https:\/\/www.visit-ulcinj.com\/blog\/#\/schema\/person\/dcab619c614d3038751c63bc2aadc06d\"},\"description\":\"Big Brother Albania 2 - \u00e2\u20ac\u0153Ti je m\u00c3\u00abrzitur p\u00c3\u00abr nominimin?\u00e2\u20ac\u009d- e ka pyetur Adelajda Bjordin. \u00e2\u20ac\u0153E mendova dhe nuk \u00c3\u00absht\u00c3\u00ab kaq e leht\u00c3\u00ab!\u00e2\u20ac\u009d \u00e2\u20ac\u201c i ka th\u00c3\u00abn\u00c3\u00ab ai. Ai i ka th\u00c3\u00abn\u00c3\u00ab se me k\u00c3\u00abt\u00c3\u00ab q\u00c3\u00ab ka b\u00c3\u00abr\u00c3\u00ab ajo e ka v\u00c3\u00abn\u00c3\u00ab n\u00c3\u00ab t\u00c3\u00ab nj\u00c3\u00abjtin nivel me banor\u00c3\u00abt e tjer\u00c3\u00ab t\u00c3\u00ab sht\u00c3\u00abpis\u00c3\u00ab,\",\"breadcrumb\":{\"@id\":\"https:\/\/www.visit-ulcinj.com\/blog\/2009\/04\/02\/bjordi-dhe-adelajda-tani-e-ke-ti-ne-dore\/#breadcrumb\"},\"inLanguage\":\"en-US\",\"potentialAction\":[{\"@type\":\"ReadAction\",\"target\":[\"https:\/\/www.visit-ulcinj.com\/blog\/2009\/04\/02\/bjordi-dhe-adelajda-tani-e-ke-ti-ne-dore\/\"]}]},{\"@type\":\"BreadcrumbList\",\"@id\":\"https:\/\/www.visit-ulcinj.com\/blog\/2009\/04\/02\/bjordi-dhe-adelajda-tani-e-ke-ti-ne-dore\/#breadcrumb\",\"itemListElement\":[{\"@type\":\"ListItem\",\"position\":1,\"name\":\"Bjordi dhe Adelajda : Tani e ke ti n\u00eb dor\u00eb\"}]},{\"@type\":\"Person\",\"@id\":\"https:\/\/www.visit-ulcinj.com\/blog\/#\/schema\/person\/dcab619c614d3038751c63bc2aadc06d\",\"name\":\"ulqini\",\"sameAs\":[\"http:\/\/www.visit-ulcinj.com\"],\"url\":\"https:\/\/www.visit-ulcinj.com\/blog\/author\/admin\/\"}]}<\/script>\n<!-- \/ Yoast SEO plugin. -->","yoast_head_json":{"title":"Bjordi dhe Adelajda : Tani e ke ti n\u00c3\u00ab dor\u00c3\u00ab | Big Brother Albania 2","description":"Big Brother Albania 2 - \u00e2\u20ac\u0153Ti je m\u00c3\u00abrzitur p\u00c3\u00abr nominimin?\u00e2\u20ac\u009d- e ka pyetur Adelajda Bjordin. \u00e2\u20ac\u0153E mendova dhe nuk \u00c3\u00absht\u00c3\u00ab kaq e leht\u00c3\u00ab!\u00e2\u20ac\u009d \u00e2\u20ac\u201c i ka th\u00c3\u00abn\u00c3\u00ab ai. Ai i ka th\u00c3\u00abn\u00c3\u00ab se me k\u00c3\u00abt\u00c3\u00ab q\u00c3\u00ab ka b\u00c3\u00abr\u00c3\u00ab ajo e ka v\u00c3\u00abn\u00c3\u00ab n\u00c3\u00ab t\u00c3\u00ab nj\u00c3\u00abjtin nivel me banor\u00c3\u00abt e tjer\u00c3\u00ab t\u00c3\u00ab sht\u00c3\u00abpis\u00c3\u00ab,","robots":{"index":"index","follow":"follow","max-snippet":"max-snippet:-1","max-image-preview":"max-image-preview:large","max-video-preview":"max-video-preview:-1"},"canonical":"https:\/\/www.visit-ulcinj.com\/blog\/2009\/04\/02\/bjordi-dhe-adelajda-tani-e-ke-ti-ne-dore\/","og_locale":"en_US","og_type":"article","og_title":"Bjordi dhe Adelajda : Tani e ke ti n\u00c3\u00ab dor\u00c3\u00ab | Big Brother Albania 2","og_description":"Big Brother Albania 2 - \u00e2\u20ac\u0153Ti je m\u00c3\u00abrzitur p\u00c3\u00abr nominimin?\u00e2\u20ac\u009d- e ka pyetur Adelajda Bjordin. \u00e2\u20ac\u0153E mendova dhe nuk \u00c3\u00absht\u00c3\u00ab kaq e leht\u00c3\u00ab!\u00e2\u20ac\u009d \u00e2\u20ac\u201c i ka th\u00c3\u00abn\u00c3\u00ab ai. Ai i ka th\u00c3\u00abn\u00c3\u00ab se me k\u00c3\u00abt\u00c3\u00ab q\u00c3\u00ab ka b\u00c3\u00abr\u00c3\u00ab ajo e ka v\u00c3\u00abn\u00c3\u00ab n\u00c3\u00ab t\u00c3\u00ab nj\u00c3\u00abjtin nivel me banor\u00c3\u00abt e tjer\u00c3\u00ab t\u00c3\u00ab sht\u00c3\u00abpis\u00c3\u00ab,","og_url":"https:\/\/www.visit-ulcinj.com\/blog\/2009\/04\/02\/bjordi-dhe-adelajda-tani-e-ke-ti-ne-dore\/","og_site_name":"Lajme nga Ulqini","article_published_time":"2009-04-02T21:31:08+00:00","article_modified_time":"2009-04-02T19:33:53+00:00","og_image":[{"url":"http:\/\/www.visit-ulcinj.com\/blog\/wp-content\/uploads\/2009\/04\/bjordi-dhe-adelajda.jpg"}],"twitter_misc":{"Written by":"ulqini","Est. reading time":"4 minutes"},"schema":{"@context":"https:\/\/schema.org","@graph":[{"@type":"WebSite","@id":"https:\/\/www.visit-ulcinj.com\/blog\/#website","url":"https:\/\/www.visit-ulcinj.com\/blog\/","name":"Lajme nga Ulqini","description":"Lajme,Vijesti,Ulqini,Ulqin,Crna Gora,Mali i Zi","potentialAction":[{"@type":"SearchAction","target":{"@type":"EntryPoint","urlTemplate":"https:\/\/www.visit-ulcinj.com\/blog\/?s={search_term_string}"},"query-input":"required name=search_term_string"}],"inLanguage":"en-US"},{"@type":"ImageObject","inLanguage":"en-US","@id":"https:\/\/www.visit-ulcinj.com\/blog\/2009\/04\/02\/bjordi-dhe-adelajda-tani-e-ke-ti-ne-dore\/#primaryimage","url":"http:\/\/www.visit-ulcinj.com\/blog\/wp-content\/uploads\/2009\/04\/bjordi-dhe-adelajda.jpg","contentUrl":"http:\/\/www.visit-ulcinj.com\/blog\/wp-content\/uploads\/2009\/04\/bjordi-dhe-adelajda.jpg"},{"@type":"WebPage","@id":"https:\/\/www.visit-ulcinj.com\/blog\/2009\/04\/02\/bjordi-dhe-adelajda-tani-e-ke-ti-ne-dore\/#webpage","url":"https:\/\/www.visit-ulcinj.com\/blog\/2009\/04\/02\/bjordi-dhe-adelajda-tani-e-ke-ti-ne-dore\/","name":"Bjordi dhe Adelajda : Tani e ke ti n\u00c3\u00ab dor\u00c3\u00ab | Big Brother Albania 2","isPartOf":{"@id":"https:\/\/www.visit-ulcinj.com\/blog\/#website"},"primaryImageOfPage":{"@id":"https:\/\/www.visit-ulcinj.com\/blog\/2009\/04\/02\/bjordi-dhe-adelajda-tani-e-ke-ti-ne-dore\/#primaryimage"},"datePublished":"2009-04-02T21:31:08+00:00","dateModified":"2009-04-02T19:33:53+00:00","author":{"@id":"https:\/\/www.visit-ulcinj.com\/blog\/#\/schema\/person\/dcab619c614d3038751c63bc2aadc06d"},"description":"Big Brother Albania 2 - \u00e2\u20ac\u0153Ti je m\u00c3\u00abrzitur p\u00c3\u00abr nominimin?\u00e2\u20ac\u009d- e ka pyetur Adelajda Bjordin. \u00e2\u20ac\u0153E mendova dhe nuk \u00c3\u00absht\u00c3\u00ab kaq e leht\u00c3\u00ab!\u00e2\u20ac\u009d \u00e2\u20ac\u201c i ka th\u00c3\u00abn\u00c3\u00ab ai. Ai i ka th\u00c3\u00abn\u00c3\u00ab se me k\u00c3\u00abt\u00c3\u00ab q\u00c3\u00ab ka b\u00c3\u00abr\u00c3\u00ab ajo e ka v\u00c3\u00abn\u00c3\u00ab n\u00c3\u00ab t\u00c3\u00ab nj\u00c3\u00abjtin nivel me banor\u00c3\u00abt e tjer\u00c3\u00ab t\u00c3\u00ab sht\u00c3\u00abpis\u00c3\u00ab,","breadcrumb":{"@id":"https:\/\/www.visit-ulcinj.com\/blog\/2009\/04\/02\/bjordi-dhe-adelajda-tani-e-ke-ti-ne-dore\/#breadcrumb"},"inLanguage":"en-US","potentialAction":[{"@type":"ReadAction","target":["https:\/\/www.visit-ulcinj.com\/blog\/2009\/04\/02\/bjordi-dhe-adelajda-tani-e-ke-ti-ne-dore\/"]}]},{"@type":"BreadcrumbList","@id":"https:\/\/www.visit-ulcinj.com\/blog\/2009\/04\/02\/bjordi-dhe-adelajda-tani-e-ke-ti-ne-dore\/#breadcrumb","itemListElement":[{"@type":"ListItem","position":1,"name":"Bjordi dhe Adelajda : Tani e ke ti n\u00eb dor\u00eb"}]},{"@type":"Person","@id":"https:\/\/www.visit-ulcinj.com\/blog\/#\/schema\/person\/dcab619c614d3038751c63bc2aadc06d","name":"ulqini","sameAs":["http:\/\/www.visit-ulcinj.com"],"url":"https:\/\/www.visit-ulcinj.com\/blog\/author\/admin\/"}]}},"jetpack_featured_media_url":"","jetpack_sharing_enabled":true,"jetpack_shortlink":"https:\/\/wp.me\/pe6lTn-4if","_links":{"self":[{"href":"https:\/\/www.visit-ulcinj.com\/blog\/wp-json\/wp\/v2\/posts\/16507"}],"collection":[{"href":"https:\/\/www.visit-ulcinj.com\/blog\/wp-json\/wp\/v2\/posts"}],"about":[{"href":"https:\/\/www.visit-ulcinj.com\/blog\/wp-json\/wp\/v2\/types\/post"}],"author":[{"embeddable":true,"href":"https:\/\/www.visit-ulcinj.com\/blog\/wp-json\/wp\/v2\/users\/1"}],"replies":[{"embeddable":true,"href":"https:\/\/www.visit-ulcinj.com\/blog\/wp-json\/wp\/v2\/comments?post=16507"}],"version-history":[{"count":0,"href":"https:\/\/www.visit-ulcinj.com\/blog\/wp-json\/wp\/v2\/posts\/16507\/revisions"}],"wp:attachment":[{"href":"https:\/\/www.visit-ulcinj.com\/blog\/wp-json\/wp\/v2\/media?parent=16507"}],"wp:term":[{"taxonomy":"category","embeddable":true,"href":"https:\/\/www.visit-ulcinj.com\/blog\/wp-json\/wp\/v2\/categories?post=16507"},{"taxonomy":"post_tag","embeddable":true,"href":"https:\/\/www.visit-ulcinj.com\/blog\/wp-json\/wp\/v2\/tags?post=16507"}],"curies":[{"name":"wp","href":"https:\/\/api.w.org\/{rel}","templated":true}]}}