{"id":16510,"date":"2009-04-02T20:36:37","date_gmt":"2009-04-02T19:36:37","guid":{"rendered":"http:\/\/www.visit-ulcinj.com\/blog\/?p=16510"},"modified":"2009-04-02T20:37:08","modified_gmt":"2009-04-02T19:37:08","slug":"bjordi-dhe-adela-duhet-te-luftosh-njehere-ketu-pastaj-jashte","status":"publish","type":"post","link":"https:\/\/www.visit-ulcinj.com\/blog\/2009\/04\/02\/bjordi-dhe-adela-duhet-te-luftosh-njehere-ketu-pastaj-jashte\/","title":{"rendered":"Bjordi dhe Adela : Duhet t\u00eb luftosh nj\u00ebher\u00eb k\u00ebtu, pastaj jasht\u00eb"},"content":{"rendered":"<p><em><span class=\"newsdate\"><br \/>\n<a href=\"http:\/\/www.visit-ulcinj.com\/blog\/wp-content\/uploads\/2009\/04\/adela-bjordi-2.jpg\"><img loading=\"lazy\" class=\"alignleft size-full wp-image-16511\" title=\"adela-bjordi-big-brother-albania-2\" src=\"http:\/\/www.visit-ulcinj.com\/blog\/wp-content\/uploads\/2009\/04\/adela-bjordi-2.jpg\" alt=\"adela-bjordi-big-brother-albania-2\" width=\"300\" height=\"205\" \/><\/a>31\/03\/09 03:50<\/span><\/em><\/p>\n<p>Adelajda i ka th\u00ebn\u00eb Bjordit se \u00ebsht\u00eb ndjer\u00eb shum\u00eb mir\u00eb me t\u00eb, n\u00eb t\u00eb gjitha rastet. Sipas Bjordit, ajo ishte ndjer\u00eb mir\u00eb sepse gjithcka kishte ndodhur brenda kufijve q\u00eb kishte vendosur ajo. \u201cP\u00ebr ty nuk jan\u00eb mir\u00eb k\u00ebto kufij?\u201d \u2013 e ka pyetur Adela. \u201cJo! \u2013 i \u00ebsht\u00eb p\u00ebrgjigjur ai. Adelajda i ka th\u00ebn\u00eb se e kishte t\u00eb qart\u00eb se me at\u00eb q\u00eb i kishte k\u00ebrkuar Bjordit t\u00eb b\u00ebnte, ai kishte dal\u00eb nga vetja dhe k\u00ebt\u00eb e kishte b\u00ebr\u00eb vet\u00ebm p\u00ebr t\u00eb. Ajo po e kuptonte tashm\u00eb se ajo ishte ndjer\u00eb mir\u00eb dhe ai jo. \u201cTani m\u00eb thuaj cfar\u00eb t\u00eb b\u00ebj un\u00eb q\u00eb ti t\u00eb ndihesh mir\u00eb! A do t\u2019i heqim kufijt\u00eb?\u201d. Bjordi i ka th\u00ebn\u00eb se nuk mund t\u2019ia thoshte k\u00ebt\u00eb, kjo ishte di\u00e7ka q\u00eb duhet ta vendoste vet\u00eb ajo. Adelajda i ka shpjeguar se edhe po t\u00eb ishin jasht\u00eb, ajo do t\u00eb sillej po nj\u00ebsoj, n\u00eb mos m\u00eb e larguar sepse nuk do t\u00eb kishin patur kaq koh\u00eb p\u00ebr t\u00eb kaluar bashk\u00eb. Sipas Bjordit, nuk mund t\u00eb llogariteshin gj\u00ebrat, duke marr\u00eb p\u00ebr baz\u00eb cfar\u00eb mund t\u00eb ndodhte jasht\u00eb. \u201cTi nuk ke kurajo ti ndryshosh gj\u00ebrat!\u201d- i ka th\u00ebn\u00eb ai. Adelajda i ka th\u00ebn\u00eb se ai nuk e kishte iden\u00eb sesa t\u00eb v\u00ebshtir\u00eb e kishte ajo. Sipas Bjordit, n\u00ebse ajo nuk luftonte dot k\u00ebt\u00eb luft\u00eb t\u00eb vog\u00ebl k\u00ebtu brenda, si do t\u2019i p\u00ebrballonte v\u00ebshtir\u00ebsit\u00eb e jet\u00ebs. Ai i ka th\u00ebn\u00eb se k\u00ebshtu nuk mund t\u00eb vazhdonte m\u00eb sepse ai nuk kishte pretenduar e nuk pretendonte asgj\u00eb nga ajo; kishte qen\u00eb Adela q\u00eb kishte pretenduar prej tij dhe ai i kishte b\u00ebr\u00eb, por nuk mund t\u00eb pranonte m\u00eb q\u00eb \u201cinjoranca t\u00eb nd\u00ebrhynte n\u00eb jet\u00ebn e tij\u201d. \u201cTi e di sa njer\u00ebz duan t\u00eb m\u00eb puthin apo p\u00ebrqafojn\u00eb k\u00ebtu apo jasht\u00eb?\u201d \u2013 i ka th\u00ebn\u00eb ai.<\/p>\n","protected":false},"excerpt":{"rendered":"<p>31\/03\/09 03:50 Adelajda i ka th\u00ebn\u00eb Bjordit se \u00ebsht\u00eb ndjer\u00eb shum\u00eb mir\u00eb me t\u00eb, n\u00eb t\u00eb gjitha rastet. Sipas Bjordit, ajo ishte ndjer\u00eb mir\u00eb sepse gjithcka kishte ndodhur brenda kufijve q\u00eb kishte vendosur ajo. \u201cP\u00ebr ty nuk jan\u00eb mir\u00eb k\u00ebto kufij?\u201d \u2013 e ka pyetur Adela. \u201cJo! \u2013 i \u00ebsht\u00eb p\u00ebrgjigjur ai. Adelajda i ka [&hellip;]<\/p>\n","protected":false},"author":1,"featured_media":0,"comment_status":"open","ping_status":"closed","sticky":false,"template":"","format":"standard","meta":{"spay_email":"","jetpack_publicize_message":"","jetpack_is_tweetstorm":false,"jetpack_publicize_feature_enabled":true},"categories":[6502],"tags":[6529,5057,6506,6516,6712,7129,8693,6522,6891,6693,6887],"jetpack_publicize_connections":[],"yoast_head":"<!-- This site is optimized with the Yoast SEO plugin v19.1 - https:\/\/yoast.com\/wordpress\/plugins\/seo\/ -->\n<title>Bjordi dhe Adela : Duhet t\u00c3\u00ab luftosh nj\u00c3\u00abher\u00c3\u00ab k\u00c3\u00abtu, pastaj jasht\u00c3\u00ab | Big Brother Albania 2<\/title>\n<meta name=\"description\" content=\"Big Brother Albania 2 - Adelajda i ka th\u00c3\u00abn\u00c3\u00ab Bjordit se \u00c3\u00absht\u00c3\u00ab ndjer\u00c3\u00ab shum\u00c3\u00ab mir\u00c3\u00ab me t\u00c3\u00ab, n\u00c3\u00ab t\u00c3\u00ab gjitha rastet. Sipas Bjordit, ajo ishte ndjer\u00c3\u00ab mir\u00c3\u00ab sepse gjithcka kishte ndodhur brenda kufijve q\u00c3\u00ab kishte vendosur ajo.\" \/>\n<meta name=\"robots\" content=\"index, follow, max-snippet:-1, max-image-preview:large, max-video-preview:-1\" \/>\n<link rel=\"canonical\" href=\"https:\/\/www.visit-ulcinj.com\/blog\/2009\/04\/02\/bjordi-dhe-adela-duhet-te-luftosh-njehere-ketu-pastaj-jashte\/\" \/>\n<meta property=\"og:locale\" content=\"en_US\" \/>\n<meta property=\"og:type\" content=\"article\" \/>\n<meta property=\"og:title\" content=\"Bjordi dhe Adela : Duhet t\u00c3\u00ab luftosh nj\u00c3\u00abher\u00c3\u00ab k\u00c3\u00abtu, pastaj jasht\u00c3\u00ab | Big Brother Albania 2\" \/>\n<meta property=\"og:description\" content=\"Big Brother Albania 2 - Adelajda i ka th\u00c3\u00abn\u00c3\u00ab Bjordit se \u00c3\u00absht\u00c3\u00ab ndjer\u00c3\u00ab shum\u00c3\u00ab mir\u00c3\u00ab me t\u00c3\u00ab, n\u00c3\u00ab t\u00c3\u00ab gjitha rastet. Sipas Bjordit, ajo ishte ndjer\u00c3\u00ab mir\u00c3\u00ab sepse gjithcka kishte ndodhur brenda kufijve q\u00c3\u00ab kishte vendosur ajo.\" \/>\n<meta property=\"og:url\" content=\"https:\/\/www.visit-ulcinj.com\/blog\/2009\/04\/02\/bjordi-dhe-adela-duhet-te-luftosh-njehere-ketu-pastaj-jashte\/\" \/>\n<meta property=\"og:site_name\" content=\"Lajme nga Ulqini\" \/>\n<meta property=\"article:published_time\" content=\"2009-04-02T19:36:37+00:00\" \/>\n<meta property=\"article:modified_time\" content=\"2009-04-02T19:37:08+00:00\" \/>\n<meta property=\"og:image\" content=\"http:\/\/www.visit-ulcinj.com\/blog\/wp-content\/uploads\/2009\/04\/adela-bjordi-2.jpg\" \/>\n<meta name=\"twitter:label1\" content=\"Written by\" \/>\n\t<meta name=\"twitter:data1\" content=\"ulqini\" \/>\n\t<meta name=\"twitter:label2\" content=\"Est. reading time\" \/>\n\t<meta name=\"twitter:data2\" content=\"2 minutes\" \/>\n<script type=\"application\/ld+json\" class=\"yoast-schema-graph\">{\"@context\":\"https:\/\/schema.org\",\"@graph\":[{\"@type\":\"WebSite\",\"@id\":\"https:\/\/www.visit-ulcinj.com\/blog\/#website\",\"url\":\"https:\/\/www.visit-ulcinj.com\/blog\/\",\"name\":\"Lajme nga Ulqini\",\"description\":\"Lajme,Vijesti,Ulqini,Ulqin,Crna Gora,Mali i Zi\",\"potentialAction\":[{\"@type\":\"SearchAction\",\"target\":{\"@type\":\"EntryPoint\",\"urlTemplate\":\"https:\/\/www.visit-ulcinj.com\/blog\/?s={search_term_string}\"},\"query-input\":\"required name=search_term_string\"}],\"inLanguage\":\"en-US\"},{\"@type\":\"ImageObject\",\"inLanguage\":\"en-US\",\"@id\":\"https:\/\/www.visit-ulcinj.com\/blog\/2009\/04\/02\/bjordi-dhe-adela-duhet-te-luftosh-njehere-ketu-pastaj-jashte\/#primaryimage\",\"url\":\"http:\/\/www.visit-ulcinj.com\/blog\/wp-content\/uploads\/2009\/04\/adela-bjordi-2.jpg\",\"contentUrl\":\"http:\/\/www.visit-ulcinj.com\/blog\/wp-content\/uploads\/2009\/04\/adela-bjordi-2.jpg\"},{\"@type\":\"WebPage\",\"@id\":\"https:\/\/www.visit-ulcinj.com\/blog\/2009\/04\/02\/bjordi-dhe-adela-duhet-te-luftosh-njehere-ketu-pastaj-jashte\/#webpage\",\"url\":\"https:\/\/www.visit-ulcinj.com\/blog\/2009\/04\/02\/bjordi-dhe-adela-duhet-te-luftosh-njehere-ketu-pastaj-jashte\/\",\"name\":\"Bjordi dhe Adela : Duhet t\u00c3\u00ab luftosh nj\u00c3\u00abher\u00c3\u00ab k\u00c3\u00abtu, pastaj jasht\u00c3\u00ab | Big Brother Albania 2\",\"isPartOf\":{\"@id\":\"https:\/\/www.visit-ulcinj.com\/blog\/#website\"},\"primaryImageOfPage\":{\"@id\":\"https:\/\/www.visit-ulcinj.com\/blog\/2009\/04\/02\/bjordi-dhe-adela-duhet-te-luftosh-njehere-ketu-pastaj-jashte\/#primaryimage\"},\"datePublished\":\"2009-04-02T19:36:37+00:00\",\"dateModified\":\"2009-04-02T19:37:08+00:00\",\"author\":{\"@id\":\"https:\/\/www.visit-ulcinj.com\/blog\/#\/schema\/person\/dcab619c614d3038751c63bc2aadc06d\"},\"description\":\"Big Brother Albania 2 - Adelajda i ka th\u00c3\u00abn\u00c3\u00ab Bjordit se \u00c3\u00absht\u00c3\u00ab ndjer\u00c3\u00ab shum\u00c3\u00ab mir\u00c3\u00ab me t\u00c3\u00ab, n\u00c3\u00ab t\u00c3\u00ab gjitha rastet. Sipas Bjordit, ajo ishte ndjer\u00c3\u00ab mir\u00c3\u00ab sepse gjithcka kishte ndodhur brenda kufijve q\u00c3\u00ab kishte vendosur ajo.\",\"breadcrumb\":{\"@id\":\"https:\/\/www.visit-ulcinj.com\/blog\/2009\/04\/02\/bjordi-dhe-adela-duhet-te-luftosh-njehere-ketu-pastaj-jashte\/#breadcrumb\"},\"inLanguage\":\"en-US\",\"potentialAction\":[{\"@type\":\"ReadAction\",\"target\":[\"https:\/\/www.visit-ulcinj.com\/blog\/2009\/04\/02\/bjordi-dhe-adela-duhet-te-luftosh-njehere-ketu-pastaj-jashte\/\"]}]},{\"@type\":\"BreadcrumbList\",\"@id\":\"https:\/\/www.visit-ulcinj.com\/blog\/2009\/04\/02\/bjordi-dhe-adela-duhet-te-luftosh-njehere-ketu-pastaj-jashte\/#breadcrumb\",\"itemListElement\":[{\"@type\":\"ListItem\",\"position\":1,\"name\":\"Bjordi dhe Adela : Duhet t\u00eb luftosh nj\u00ebher\u00eb k\u00ebtu, pastaj jasht\u00eb\"}]},{\"@type\":\"Person\",\"@id\":\"https:\/\/www.visit-ulcinj.com\/blog\/#\/schema\/person\/dcab619c614d3038751c63bc2aadc06d\",\"name\":\"ulqini\",\"sameAs\":[\"http:\/\/www.visit-ulcinj.com\"],\"url\":\"https:\/\/www.visit-ulcinj.com\/blog\/author\/admin\/\"}]}<\/script>\n<!-- \/ Yoast SEO plugin. -->","yoast_head_json":{"title":"Bjordi dhe Adela : Duhet t\u00c3\u00ab luftosh nj\u00c3\u00abher\u00c3\u00ab k\u00c3\u00abtu, pastaj jasht\u00c3\u00ab | Big Brother Albania 2","description":"Big Brother Albania 2 - Adelajda i ka th\u00c3\u00abn\u00c3\u00ab Bjordit se \u00c3\u00absht\u00c3\u00ab ndjer\u00c3\u00ab shum\u00c3\u00ab mir\u00c3\u00ab me t\u00c3\u00ab, n\u00c3\u00ab t\u00c3\u00ab gjitha rastet. Sipas Bjordit, ajo ishte ndjer\u00c3\u00ab mir\u00c3\u00ab sepse gjithcka kishte ndodhur brenda kufijve q\u00c3\u00ab kishte vendosur ajo.","robots":{"index":"index","follow":"follow","max-snippet":"max-snippet:-1","max-image-preview":"max-image-preview:large","max-video-preview":"max-video-preview:-1"},"canonical":"https:\/\/www.visit-ulcinj.com\/blog\/2009\/04\/02\/bjordi-dhe-adela-duhet-te-luftosh-njehere-ketu-pastaj-jashte\/","og_locale":"en_US","og_type":"article","og_title":"Bjordi dhe Adela : Duhet t\u00c3\u00ab luftosh nj\u00c3\u00abher\u00c3\u00ab k\u00c3\u00abtu, pastaj jasht\u00c3\u00ab | Big Brother Albania 2","og_description":"Big Brother Albania 2 - Adelajda i ka th\u00c3\u00abn\u00c3\u00ab Bjordit se \u00c3\u00absht\u00c3\u00ab ndjer\u00c3\u00ab shum\u00c3\u00ab mir\u00c3\u00ab me t\u00c3\u00ab, n\u00c3\u00ab t\u00c3\u00ab gjitha rastet. Sipas Bjordit, ajo ishte ndjer\u00c3\u00ab mir\u00c3\u00ab sepse gjithcka kishte ndodhur brenda kufijve q\u00c3\u00ab kishte vendosur ajo.","og_url":"https:\/\/www.visit-ulcinj.com\/blog\/2009\/04\/02\/bjordi-dhe-adela-duhet-te-luftosh-njehere-ketu-pastaj-jashte\/","og_site_name":"Lajme nga Ulqini","article_published_time":"2009-04-02T19:36:37+00:00","article_modified_time":"2009-04-02T19:37:08+00:00","og_image":[{"url":"http:\/\/www.visit-ulcinj.com\/blog\/wp-content\/uploads\/2009\/04\/adela-bjordi-2.jpg"}],"twitter_misc":{"Written by":"ulqini","Est. reading time":"2 minutes"},"schema":{"@context":"https:\/\/schema.org","@graph":[{"@type":"WebSite","@id":"https:\/\/www.visit-ulcinj.com\/blog\/#website","url":"https:\/\/www.visit-ulcinj.com\/blog\/","name":"Lajme nga Ulqini","description":"Lajme,Vijesti,Ulqini,Ulqin,Crna Gora,Mali i Zi","potentialAction":[{"@type":"SearchAction","target":{"@type":"EntryPoint","urlTemplate":"https:\/\/www.visit-ulcinj.com\/blog\/?s={search_term_string}"},"query-input":"required name=search_term_string"}],"inLanguage":"en-US"},{"@type":"ImageObject","inLanguage":"en-US","@id":"https:\/\/www.visit-ulcinj.com\/blog\/2009\/04\/02\/bjordi-dhe-adela-duhet-te-luftosh-njehere-ketu-pastaj-jashte\/#primaryimage","url":"http:\/\/www.visit-ulcinj.com\/blog\/wp-content\/uploads\/2009\/04\/adela-bjordi-2.jpg","contentUrl":"http:\/\/www.visit-ulcinj.com\/blog\/wp-content\/uploads\/2009\/04\/adela-bjordi-2.jpg"},{"@type":"WebPage","@id":"https:\/\/www.visit-ulcinj.com\/blog\/2009\/04\/02\/bjordi-dhe-adela-duhet-te-luftosh-njehere-ketu-pastaj-jashte\/#webpage","url":"https:\/\/www.visit-ulcinj.com\/blog\/2009\/04\/02\/bjordi-dhe-adela-duhet-te-luftosh-njehere-ketu-pastaj-jashte\/","name":"Bjordi dhe Adela : Duhet t\u00c3\u00ab luftosh nj\u00c3\u00abher\u00c3\u00ab k\u00c3\u00abtu, pastaj jasht\u00c3\u00ab | Big Brother Albania 2","isPartOf":{"@id":"https:\/\/www.visit-ulcinj.com\/blog\/#website"},"primaryImageOfPage":{"@id":"https:\/\/www.visit-ulcinj.com\/blog\/2009\/04\/02\/bjordi-dhe-adela-duhet-te-luftosh-njehere-ketu-pastaj-jashte\/#primaryimage"},"datePublished":"2009-04-02T19:36:37+00:00","dateModified":"2009-04-02T19:37:08+00:00","author":{"@id":"https:\/\/www.visit-ulcinj.com\/blog\/#\/schema\/person\/dcab619c614d3038751c63bc2aadc06d"},"description":"Big Brother Albania 2 - Adelajda i ka th\u00c3\u00abn\u00c3\u00ab Bjordit se \u00c3\u00absht\u00c3\u00ab ndjer\u00c3\u00ab shum\u00c3\u00ab mir\u00c3\u00ab me t\u00c3\u00ab, n\u00c3\u00ab t\u00c3\u00ab gjitha rastet. Sipas Bjordit, ajo ishte ndjer\u00c3\u00ab mir\u00c3\u00ab sepse gjithcka kishte ndodhur brenda kufijve q\u00c3\u00ab kishte vendosur ajo.","breadcrumb":{"@id":"https:\/\/www.visit-ulcinj.com\/blog\/2009\/04\/02\/bjordi-dhe-adela-duhet-te-luftosh-njehere-ketu-pastaj-jashte\/#breadcrumb"},"inLanguage":"en-US","potentialAction":[{"@type":"ReadAction","target":["https:\/\/www.visit-ulcinj.com\/blog\/2009\/04\/02\/bjordi-dhe-adela-duhet-te-luftosh-njehere-ketu-pastaj-jashte\/"]}]},{"@type":"BreadcrumbList","@id":"https:\/\/www.visit-ulcinj.com\/blog\/2009\/04\/02\/bjordi-dhe-adela-duhet-te-luftosh-njehere-ketu-pastaj-jashte\/#breadcrumb","itemListElement":[{"@type":"ListItem","position":1,"name":"Bjordi dhe Adela : Duhet t\u00eb luftosh nj\u00ebher\u00eb k\u00ebtu, pastaj jasht\u00eb"}]},{"@type":"Person","@id":"https:\/\/www.visit-ulcinj.com\/blog\/#\/schema\/person\/dcab619c614d3038751c63bc2aadc06d","name":"ulqini","sameAs":["http:\/\/www.visit-ulcinj.com"],"url":"https:\/\/www.visit-ulcinj.com\/blog\/author\/admin\/"}]}},"jetpack_featured_media_url":"","jetpack_sharing_enabled":true,"jetpack_shortlink":"https:\/\/wp.me\/pe6lTn-4ii","_links":{"self":[{"href":"https:\/\/www.visit-ulcinj.com\/blog\/wp-json\/wp\/v2\/posts\/16510"}],"collection":[{"href":"https:\/\/www.visit-ulcinj.com\/blog\/wp-json\/wp\/v2\/posts"}],"about":[{"href":"https:\/\/www.visit-ulcinj.com\/blog\/wp-json\/wp\/v2\/types\/post"}],"author":[{"embeddable":true,"href":"https:\/\/www.visit-ulcinj.com\/blog\/wp-json\/wp\/v2\/users\/1"}],"replies":[{"embeddable":true,"href":"https:\/\/www.visit-ulcinj.com\/blog\/wp-json\/wp\/v2\/comments?post=16510"}],"version-history":[{"count":0,"href":"https:\/\/www.visit-ulcinj.com\/blog\/wp-json\/wp\/v2\/posts\/16510\/revisions"}],"wp:attachment":[{"href":"https:\/\/www.visit-ulcinj.com\/blog\/wp-json\/wp\/v2\/media?parent=16510"}],"wp:term":[{"taxonomy":"category","embeddable":true,"href":"https:\/\/www.visit-ulcinj.com\/blog\/wp-json\/wp\/v2\/categories?post=16510"},{"taxonomy":"post_tag","embeddable":true,"href":"https:\/\/www.visit-ulcinj.com\/blog\/wp-json\/wp\/v2\/tags?post=16510"}],"curies":[{"name":"wp","href":"https:\/\/api.w.org\/{rel}","templated":true}]}}