{"id":16514,"date":"2009-04-02T20:40:34","date_gmt":"2009-04-02T19:40:34","guid":{"rendered":"http:\/\/www.visit-ulcinj.com\/blog\/?p=16514"},"modified":"2009-04-02T20:40:34","modified_gmt":"2009-04-02T19:40:34","slug":"arjon-dhe-anjeza-jam-e-vetme-ne-kete-loje","status":"publish","type":"post","link":"https:\/\/www.visit-ulcinj.com\/blog\/2009\/04\/02\/arjon-dhe-anjeza-jam-e-vetme-ne-kete-loje\/","title":{"rendered":"Arjon dhe Anjeza : Jam e vetme n\u00eb k\u00ebt\u00eb loj\u00eb"},"content":{"rendered":"<p><em><span class=\"newsdate\"><a href=\"http:\/\/www.visit-ulcinj.com\/blog\/wp-content\/uploads\/2009\/04\/arjonanjeza.jpg\"><img loading=\"lazy\" class=\"alignleft size-full wp-image-16515\" title=\"anjeza-arjon-big-brother-albania-2\" src=\"http:\/\/www.visit-ulcinj.com\/blog\/wp-content\/uploads\/2009\/04\/arjonanjeza.jpg\" alt=\"anjeza-arjon-big-brother-albania-2\" width=\"300\" height=\"205\" \/><\/a>31\/03\/09 04:10<\/span><\/em><\/p>\n<p>Arjoni pyet Anjez\u00ebn p\u00ebr ndryshimin e mendimit t\u00eb saj p\u00ebr banor\u00ebt nga jasht\u00eb sht\u00ebpis\u00eb, brenda saj. Anjeza i tregon se i ka ndjekur, por nga jasht\u00eb dukeshin m\u00eb ndryshe, nd\u00ebrsa tani q\u00eb \u00ebsht\u00eb dhe ajo brenda ka filluar t\u2019i njoh\u00eb m\u00eb mir\u00eb. Arjoni e pyet se p\u00ebr cilin banor isht\u00eb kurioze q\u00eb t\u00eb ballafaqohej dhe ajo i p\u00ebrgjigjet p\u00ebr Sorin. Ajo thot\u00eb se \u00ebsht\u00eb ndryshe nga ai q\u00eb mendonte, por \u00ebsht\u00eb ende her\u00ebt p\u00ebr t\u00eb dh\u00ebn\u00eb nj\u00eb p\u00ebrcaktim mbi t\u00eb. Anjeza tregon se dita dit\u00ebs i shtohen ose i pak\u00ebsohen vler\u00ebsimet p\u00ebr t\u00eb gjith\u00eb banor\u00ebt dhe se ndihet pak n\u00eb v\u00ebshtir\u00ebsi p\u00ebr t\u00eb dh\u00ebn\u00eb p\u00ebrcaktime t\u00eb sakta p\u00ebr t\u00eb gjith\u00eb. Sipas Arjonit, \u00ebsht\u00eb dicka pozitive nga ana e saj q\u00eb ka ardhur p\u00ebr t\u2019i dh\u00ebn\u00eb shans t\u00eb gjith\u00ebve p\u00ebr t\u2019i njohur. Anjeza thot\u00eb se i b\u00ebn p\u00ebrshtypje q\u00eb cdo gj\u00eb q\u00eb thot\u00eb ajo, banor\u00ebt e marrin si t\u00eb mir\u00ebq\u00ebn\u00eb vet\u00ebm sepse ajo vjen nga jasht\u00eb dhe mund t\u00eb dij\u00eb opinionin e publikut. Ajo thot\u00eb se shpreh vecse mendimin e saj. Arjoni mendon se kjo mund t\u00eb jet\u00eb nj\u00eb lloj arme p\u00ebr t\u00eb q\u00eb mund ta p\u00ebrdor\u00eb kund\u00ebr t\u00eb tjer\u00ebve, pasi ata t\u00eb gjith\u00eb kan\u00eb frik\u00eb se cfar\u00eb mendon publiku p\u00ebr ta. Anjeza tregon se e mendonte m\u00eb t\u00eb v\u00ebshtir\u00eb p\u00ebr t\u2019u afruar me t\u00eb tjer\u00ebt, por n\u00eb fakt i doli krejt e kund\u00ebrta. Arjoni e lidh me faktin se ajo vjen nga jasht\u00eb dhe banor\u00ebt e kan\u00eb afruar jo p\u00ebr ta njohur, por p\u00ebr t\u00eb kuptuar prej saj. Ai i tregon se me aq sa ka kuptuar nga ajo, ajo ka hyr\u00eb me \u201cdetyrat e sht\u00ebpis\u00eb\u201d t\u00eb b\u00ebra mir\u00eb, q\u00ebndron aty ku e v\u00ebn\u00eb pa problem dhe se \u00ebsht\u00eb shum\u00eb dinake, por k\u00ebt\u00eb gj\u00eb nuk po e fsheh dot. Arjoni i thot\u00eb se p\u00ebrvec k\u00ebtyre, asaj i kan\u00eb shp\u00ebtuar shum\u00eb gj\u00ebra n\u00eb k\u00ebt\u00eb sht\u00ebpi dhe e k\u00ebshillon q\u00eb t\u00eb mos rrij\u00eb vet\u00ebm, por Anjeza ia kthen se e vetme ka ardhur n\u00eb k\u00ebt\u00eb loj\u00eb.<\/p>\n","protected":false},"excerpt":{"rendered":"<p>31\/03\/09 04:10 Arjoni pyet Anjez\u00ebn p\u00ebr ndryshimin e mendimit t\u00eb saj p\u00ebr banor\u00ebt nga jasht\u00eb sht\u00ebpis\u00eb, brenda saj. Anjeza i tregon se i ka ndjekur, por nga jasht\u00eb dukeshin m\u00eb ndryshe, nd\u00ebrsa tani q\u00eb \u00ebsht\u00eb dhe ajo brenda ka filluar t\u2019i njoh\u00eb m\u00eb mir\u00eb. Arjoni e pyet se p\u00ebr cilin banor isht\u00eb kurioze q\u00eb t\u00eb [&hellip;]<\/p>\n","protected":false},"author":1,"featured_media":0,"comment_status":"open","ping_status":"closed","sticky":false,"template":"","format":"standard","meta":{"spay_email":"","jetpack_publicize_message":"","jetpack_is_tweetstorm":false,"jetpack_publicize_feature_enabled":true},"categories":[6502],"tags":[8289,6525,5057,6506,6516,6712,7129,6522,7364,6544,6900,7304,6891,6693,6887],"jetpack_publicize_connections":[],"yoast_head":"<!-- This site is optimized with the Yoast SEO plugin v19.1 - https:\/\/yoast.com\/wordpress\/plugins\/seo\/ -->\n<title>Arjon dhe Anjeza : Jam e vetme n\u00c3\u00ab k\u00c3\u00abt\u00c3\u00ab loj\u00c3\u00ab | Big Brother Albania 2<\/title>\n<meta name=\"description\" content=\"Big Brother Albania 2 - Arjoni pyet Anjez\u00c3\u00abn p\u00c3\u00abr ndryshimin e mendimit t\u00c3\u00ab saj p\u00c3\u00abr banor\u00c3\u00abt nga jasht\u00c3\u00ab sht\u00c3\u00abpis\u00c3\u00ab, brenda saj. Anjeza i tregon se i ka ndjekur\" \/>\n<meta name=\"robots\" content=\"index, follow, max-snippet:-1, max-image-preview:large, max-video-preview:-1\" \/>\n<link rel=\"canonical\" href=\"https:\/\/www.visit-ulcinj.com\/blog\/2009\/04\/02\/arjon-dhe-anjeza-jam-e-vetme-ne-kete-loje\/\" \/>\n<meta property=\"og:locale\" content=\"en_US\" \/>\n<meta property=\"og:type\" content=\"article\" \/>\n<meta property=\"og:title\" content=\"Arjon dhe Anjeza : Jam e vetme n\u00c3\u00ab k\u00c3\u00abt\u00c3\u00ab loj\u00c3\u00ab | Big Brother Albania 2\" \/>\n<meta property=\"og:description\" content=\"Big Brother Albania 2 - Arjoni pyet Anjez\u00c3\u00abn p\u00c3\u00abr ndryshimin e mendimit t\u00c3\u00ab saj p\u00c3\u00abr banor\u00c3\u00abt nga jasht\u00c3\u00ab sht\u00c3\u00abpis\u00c3\u00ab, brenda saj. Anjeza i tregon se i ka ndjekur\" \/>\n<meta property=\"og:url\" content=\"https:\/\/www.visit-ulcinj.com\/blog\/2009\/04\/02\/arjon-dhe-anjeza-jam-e-vetme-ne-kete-loje\/\" \/>\n<meta property=\"og:site_name\" content=\"Lajme nga Ulqini\" \/>\n<meta property=\"article:published_time\" content=\"2009-04-02T19:40:34+00:00\" \/>\n<meta property=\"og:image\" content=\"http:\/\/www.visit-ulcinj.com\/blog\/wp-content\/uploads\/2009\/04\/arjonanjeza.jpg\" \/>\n<meta name=\"twitter:label1\" content=\"Written by\" \/>\n\t<meta name=\"twitter:data1\" content=\"ulqini\" \/>\n\t<meta name=\"twitter:label2\" content=\"Est. reading time\" \/>\n\t<meta name=\"twitter:data2\" content=\"2 minutes\" \/>\n<script type=\"application\/ld+json\" class=\"yoast-schema-graph\">{\"@context\":\"https:\/\/schema.org\",\"@graph\":[{\"@type\":\"WebSite\",\"@id\":\"https:\/\/www.visit-ulcinj.com\/blog\/#website\",\"url\":\"https:\/\/www.visit-ulcinj.com\/blog\/\",\"name\":\"Lajme nga Ulqini\",\"description\":\"Lajme,Vijesti,Ulqini,Ulqin,Crna Gora,Mali i Zi\",\"potentialAction\":[{\"@type\":\"SearchAction\",\"target\":{\"@type\":\"EntryPoint\",\"urlTemplate\":\"https:\/\/www.visit-ulcinj.com\/blog\/?s={search_term_string}\"},\"query-input\":\"required name=search_term_string\"}],\"inLanguage\":\"en-US\"},{\"@type\":\"ImageObject\",\"inLanguage\":\"en-US\",\"@id\":\"https:\/\/www.visit-ulcinj.com\/blog\/2009\/04\/02\/arjon-dhe-anjeza-jam-e-vetme-ne-kete-loje\/#primaryimage\",\"url\":\"http:\/\/www.visit-ulcinj.com\/blog\/wp-content\/uploads\/2009\/04\/arjonanjeza.jpg\",\"contentUrl\":\"http:\/\/www.visit-ulcinj.com\/blog\/wp-content\/uploads\/2009\/04\/arjonanjeza.jpg\"},{\"@type\":\"WebPage\",\"@id\":\"https:\/\/www.visit-ulcinj.com\/blog\/2009\/04\/02\/arjon-dhe-anjeza-jam-e-vetme-ne-kete-loje\/#webpage\",\"url\":\"https:\/\/www.visit-ulcinj.com\/blog\/2009\/04\/02\/arjon-dhe-anjeza-jam-e-vetme-ne-kete-loje\/\",\"name\":\"Arjon dhe Anjeza : Jam e vetme n\u00c3\u00ab k\u00c3\u00abt\u00c3\u00ab loj\u00c3\u00ab | Big Brother Albania 2\",\"isPartOf\":{\"@id\":\"https:\/\/www.visit-ulcinj.com\/blog\/#website\"},\"primaryImageOfPage\":{\"@id\":\"https:\/\/www.visit-ulcinj.com\/blog\/2009\/04\/02\/arjon-dhe-anjeza-jam-e-vetme-ne-kete-loje\/#primaryimage\"},\"datePublished\":\"2009-04-02T19:40:34+00:00\",\"dateModified\":\"2009-04-02T19:40:34+00:00\",\"author\":{\"@id\":\"https:\/\/www.visit-ulcinj.com\/blog\/#\/schema\/person\/dcab619c614d3038751c63bc2aadc06d\"},\"description\":\"Big Brother Albania 2 - Arjoni pyet Anjez\u00c3\u00abn p\u00c3\u00abr ndryshimin e mendimit t\u00c3\u00ab saj p\u00c3\u00abr banor\u00c3\u00abt nga jasht\u00c3\u00ab sht\u00c3\u00abpis\u00c3\u00ab, brenda saj. Anjeza i tregon se i ka ndjekur\",\"breadcrumb\":{\"@id\":\"https:\/\/www.visit-ulcinj.com\/blog\/2009\/04\/02\/arjon-dhe-anjeza-jam-e-vetme-ne-kete-loje\/#breadcrumb\"},\"inLanguage\":\"en-US\",\"potentialAction\":[{\"@type\":\"ReadAction\",\"target\":[\"https:\/\/www.visit-ulcinj.com\/blog\/2009\/04\/02\/arjon-dhe-anjeza-jam-e-vetme-ne-kete-loje\/\"]}]},{\"@type\":\"BreadcrumbList\",\"@id\":\"https:\/\/www.visit-ulcinj.com\/blog\/2009\/04\/02\/arjon-dhe-anjeza-jam-e-vetme-ne-kete-loje\/#breadcrumb\",\"itemListElement\":[{\"@type\":\"ListItem\",\"position\":1,\"name\":\"Arjon dhe Anjeza : Jam e vetme n\u00eb k\u00ebt\u00eb loj\u00eb\"}]},{\"@type\":\"Person\",\"@id\":\"https:\/\/www.visit-ulcinj.com\/blog\/#\/schema\/person\/dcab619c614d3038751c63bc2aadc06d\",\"name\":\"ulqini\",\"sameAs\":[\"http:\/\/www.visit-ulcinj.com\"],\"url\":\"https:\/\/www.visit-ulcinj.com\/blog\/author\/admin\/\"}]}<\/script>\n<!-- \/ Yoast SEO plugin. -->","yoast_head_json":{"title":"Arjon dhe Anjeza : Jam e vetme n\u00c3\u00ab k\u00c3\u00abt\u00c3\u00ab loj\u00c3\u00ab | Big Brother Albania 2","description":"Big Brother Albania 2 - Arjoni pyet Anjez\u00c3\u00abn p\u00c3\u00abr ndryshimin e mendimit t\u00c3\u00ab saj p\u00c3\u00abr banor\u00c3\u00abt nga jasht\u00c3\u00ab sht\u00c3\u00abpis\u00c3\u00ab, brenda saj. Anjeza i tregon se i ka ndjekur","robots":{"index":"index","follow":"follow","max-snippet":"max-snippet:-1","max-image-preview":"max-image-preview:large","max-video-preview":"max-video-preview:-1"},"canonical":"https:\/\/www.visit-ulcinj.com\/blog\/2009\/04\/02\/arjon-dhe-anjeza-jam-e-vetme-ne-kete-loje\/","og_locale":"en_US","og_type":"article","og_title":"Arjon dhe Anjeza : Jam e vetme n\u00c3\u00ab k\u00c3\u00abt\u00c3\u00ab loj\u00c3\u00ab | Big Brother Albania 2","og_description":"Big Brother Albania 2 - Arjoni pyet Anjez\u00c3\u00abn p\u00c3\u00abr ndryshimin e mendimit t\u00c3\u00ab saj p\u00c3\u00abr banor\u00c3\u00abt nga jasht\u00c3\u00ab sht\u00c3\u00abpis\u00c3\u00ab, brenda saj. Anjeza i tregon se i ka ndjekur","og_url":"https:\/\/www.visit-ulcinj.com\/blog\/2009\/04\/02\/arjon-dhe-anjeza-jam-e-vetme-ne-kete-loje\/","og_site_name":"Lajme nga Ulqini","article_published_time":"2009-04-02T19:40:34+00:00","og_image":[{"url":"http:\/\/www.visit-ulcinj.com\/blog\/wp-content\/uploads\/2009\/04\/arjonanjeza.jpg"}],"twitter_misc":{"Written by":"ulqini","Est. reading time":"2 minutes"},"schema":{"@context":"https:\/\/schema.org","@graph":[{"@type":"WebSite","@id":"https:\/\/www.visit-ulcinj.com\/blog\/#website","url":"https:\/\/www.visit-ulcinj.com\/blog\/","name":"Lajme nga Ulqini","description":"Lajme,Vijesti,Ulqini,Ulqin,Crna Gora,Mali i Zi","potentialAction":[{"@type":"SearchAction","target":{"@type":"EntryPoint","urlTemplate":"https:\/\/www.visit-ulcinj.com\/blog\/?s={search_term_string}"},"query-input":"required name=search_term_string"}],"inLanguage":"en-US"},{"@type":"ImageObject","inLanguage":"en-US","@id":"https:\/\/www.visit-ulcinj.com\/blog\/2009\/04\/02\/arjon-dhe-anjeza-jam-e-vetme-ne-kete-loje\/#primaryimage","url":"http:\/\/www.visit-ulcinj.com\/blog\/wp-content\/uploads\/2009\/04\/arjonanjeza.jpg","contentUrl":"http:\/\/www.visit-ulcinj.com\/blog\/wp-content\/uploads\/2009\/04\/arjonanjeza.jpg"},{"@type":"WebPage","@id":"https:\/\/www.visit-ulcinj.com\/blog\/2009\/04\/02\/arjon-dhe-anjeza-jam-e-vetme-ne-kete-loje\/#webpage","url":"https:\/\/www.visit-ulcinj.com\/blog\/2009\/04\/02\/arjon-dhe-anjeza-jam-e-vetme-ne-kete-loje\/","name":"Arjon dhe Anjeza : Jam e vetme n\u00c3\u00ab k\u00c3\u00abt\u00c3\u00ab loj\u00c3\u00ab | Big Brother Albania 2","isPartOf":{"@id":"https:\/\/www.visit-ulcinj.com\/blog\/#website"},"primaryImageOfPage":{"@id":"https:\/\/www.visit-ulcinj.com\/blog\/2009\/04\/02\/arjon-dhe-anjeza-jam-e-vetme-ne-kete-loje\/#primaryimage"},"datePublished":"2009-04-02T19:40:34+00:00","dateModified":"2009-04-02T19:40:34+00:00","author":{"@id":"https:\/\/www.visit-ulcinj.com\/blog\/#\/schema\/person\/dcab619c614d3038751c63bc2aadc06d"},"description":"Big Brother Albania 2 - Arjoni pyet Anjez\u00c3\u00abn p\u00c3\u00abr ndryshimin e mendimit t\u00c3\u00ab saj p\u00c3\u00abr banor\u00c3\u00abt nga jasht\u00c3\u00ab sht\u00c3\u00abpis\u00c3\u00ab, brenda saj. Anjeza i tregon se i ka ndjekur","breadcrumb":{"@id":"https:\/\/www.visit-ulcinj.com\/blog\/2009\/04\/02\/arjon-dhe-anjeza-jam-e-vetme-ne-kete-loje\/#breadcrumb"},"inLanguage":"en-US","potentialAction":[{"@type":"ReadAction","target":["https:\/\/www.visit-ulcinj.com\/blog\/2009\/04\/02\/arjon-dhe-anjeza-jam-e-vetme-ne-kete-loje\/"]}]},{"@type":"BreadcrumbList","@id":"https:\/\/www.visit-ulcinj.com\/blog\/2009\/04\/02\/arjon-dhe-anjeza-jam-e-vetme-ne-kete-loje\/#breadcrumb","itemListElement":[{"@type":"ListItem","position":1,"name":"Arjon dhe Anjeza : Jam e vetme n\u00eb k\u00ebt\u00eb loj\u00eb"}]},{"@type":"Person","@id":"https:\/\/www.visit-ulcinj.com\/blog\/#\/schema\/person\/dcab619c614d3038751c63bc2aadc06d","name":"ulqini","sameAs":["http:\/\/www.visit-ulcinj.com"],"url":"https:\/\/www.visit-ulcinj.com\/blog\/author\/admin\/"}]}},"jetpack_featured_media_url":"","jetpack_sharing_enabled":true,"jetpack_shortlink":"https:\/\/wp.me\/pe6lTn-4im","_links":{"self":[{"href":"https:\/\/www.visit-ulcinj.com\/blog\/wp-json\/wp\/v2\/posts\/16514"}],"collection":[{"href":"https:\/\/www.visit-ulcinj.com\/blog\/wp-json\/wp\/v2\/posts"}],"about":[{"href":"https:\/\/www.visit-ulcinj.com\/blog\/wp-json\/wp\/v2\/types\/post"}],"author":[{"embeddable":true,"href":"https:\/\/www.visit-ulcinj.com\/blog\/wp-json\/wp\/v2\/users\/1"}],"replies":[{"embeddable":true,"href":"https:\/\/www.visit-ulcinj.com\/blog\/wp-json\/wp\/v2\/comments?post=16514"}],"version-history":[{"count":0,"href":"https:\/\/www.visit-ulcinj.com\/blog\/wp-json\/wp\/v2\/posts\/16514\/revisions"}],"wp:attachment":[{"href":"https:\/\/www.visit-ulcinj.com\/blog\/wp-json\/wp\/v2\/media?parent=16514"}],"wp:term":[{"taxonomy":"category","embeddable":true,"href":"https:\/\/www.visit-ulcinj.com\/blog\/wp-json\/wp\/v2\/categories?post=16514"},{"taxonomy":"post_tag","embeddable":true,"href":"https:\/\/www.visit-ulcinj.com\/blog\/wp-json\/wp\/v2\/tags?post=16514"}],"curies":[{"name":"wp","href":"https:\/\/api.w.org\/{rel}","templated":true}]}}