{"id":1652,"date":"2008-05-19T10:45:56","date_gmt":"2008-05-19T15:45:56","guid":{"rendered":"http:\/\/www.visit-ulcinj.com\/blog\/?p=1652"},"modified":"2008-05-19T10:51:07","modified_gmt":"2008-05-19T15:51:07","slug":"bashkepunim-kulturor-i-tuzit-me-ulqinin","status":"publish","type":"post","link":"https:\/\/www.visit-ulcinj.com\/blog\/2008\/05\/19\/bashkepunim-kulturor-i-tuzit-me-ulqinin\/","title":{"rendered":"Bashk\u00ebpunim kulturor i Tuzit me Ulqinin"},"content":{"rendered":"<p><a href=\"http:\/\/www.visit-ulcinj.com\/blog\/wp-content\/uploads\/2008\/05\/gjelosh-gjokaj.jpg\"><img loading=\"lazy\" class=\"alignleft attachment wp-att-1653\" style=\"float: left;\" src=\"http:\/\/www.visit-ulcinj.com\/blog\/wp-content\/uploads\/2008\/05\/gjelosh-gjokaj.thumbnail.jpg\" alt=\"Gjelosh Gjokaj\" width=\"200\" height=\"197\" \/><\/a><strong>Shoqata e artist\u00ebve figurativ\u00eb nga ulqini hapi t\u00eb shtun\u00ebn n\u00eb QKI&#8221;Mal\u00ebsia&#8221; n\u00eb Tuz ekspozit\u00ebn e pikturave<\/strong><br \/>\nN\u00eb k\u00ebt\u00eb ekspozit\u00eb me punimet e veta mor\u00ebn pjes\u00eb piktor\u00ebt: Bilal Nikeziq, Cano Duli, Edin Kapllani, Gjergj Noc Martini, Jozo Kocoviq, Mersiha Mavriq, Mehmet Aloja, Naser Hasa, Nevenka Mashanoviq dhe Vahida Nimanbegu. Nd\u00ebrkaq, piktori me fam\u00eb nd\u00ebrkomb\u00ebtare, Gjelosh Gjokaj, duke hapur ekspozit\u00ebn mes tjerash theksoi se n\u00eb koh\u00ebn e fundit n\u00eb Tuz po ndodhin ngjarje t\u00eb r\u00ebnd\u00ebsishme kulturore.<br \/>\nShoqata e Artist\u00ebve Figurativ\u00eb nga Ulqini hapi n\u00eb fundjav\u00ebn e kaluar n\u00eb QKI &#8220;Mal\u00ebsia&#8221; ekspozit\u00ebn e pikturave. Me k\u00ebt\u00eb rast drejtori i QKI &#8220;Mal\u00ebsia&#8221;, Hajro Axhoviq, shprehi k\u00ebnaq\u00ebsin\u00eb q\u00eb ky projekt po realizohet n\u00eb k\u00ebt\u00eb qend\u00ebr t\u00eb kultur\u00ebs n\u00eb Tuz, dhe si\u00e7 u shpreh ai, QKI &#8220;Mal\u00ebsia&#8221; \u00ebsht\u00eb b\u00ebr\u00eb qend\u00ebr e ngjarjeve kulturore n\u00eb trev\u00ebn e<a href=\"http:\/\/www.visit-ulcinj.com\/blog\/wp-content\/uploads\/2008\/05\/expozita-ne-tuz_1.jpg\"><img loading=\"lazy\" class=\"alignright attachment wp-att-1654\" style=\"float: right;\" src=\"http:\/\/www.visit-ulcinj.com\/blog\/wp-content\/uploads\/2008\/05\/expozita-ne-tuz_1.thumbnail.jpg\" alt=\"EXPOZITA NE TUZ_1\" width=\"200\" height=\"142\" \/><\/a> Mal\u00ebsis\u00eb. N\u00eb fund, drejtori Axhoviq tha se n\u00eb t\u00eb ardhmen do t\u00eb ket\u00eb edhe m\u00eb tep\u00ebr aktivitete t\u00eb ngjashme kulturore dhe shprehu optimiz\u00ebm dhe gatishm\u00ebri p\u00ebr bashk\u00ebpunim me piktor\u00ebt nga Ulqini, por edhe me ata nga qytetet e tjera.<br \/>\nNd\u00ebrkaq, piktori me fam\u00eb nd\u00ebrkomb\u00ebtare, Gjelosh Gjokaj, duke hapur ekspozit\u00ebn mes tjerash theksoi se n\u00eb koh\u00ebn e fundit n\u00eb Tuz po ndodhin ngjarje t\u00eb r\u00ebnd\u00ebsishme kulturore.<br \/>\n&#8220;Kjo ekspozit\u00eb tregon se kultura shqiptare po dep\u00ebrton edhe po fiton <a href=\"http:\/\/www.visit-ulcinj.com\/blog\/wp-content\/uploads\/2008\/05\/cano-duli_gjergj-noc-martini_nevenka-mashanoviq-_jozo-kocoviq.jpg\"><img loading=\"lazy\" class=\"alignleft attachment wp-att-1657\" style=\"float: left;\" src=\"http:\/\/www.visit-ulcinj.com\/blog\/wp-content\/uploads\/2008\/05\/cano-duli_gjergj-noc-martini_nevenka-mashanoviq-_jozo-kocoviq.thumbnail.jpg\" alt=\"Cano Duli_Gjergj Noc Martini_Nevenka Mashanoviq _Jozo Kocoviq\" width=\"200\" height=\"141\" \/><\/a>shum\u00eb dashamir\u00eb t\u00eb artit dhe kultur\u00ebs n\u00eb k\u00ebto treva&#8221;, thot\u00eb Gjokaj. D\u00ebshira e tij ishte q\u00eb kjo ekspozit\u00eb n\u00eb Mal\u00ebsi t\u00eb paraqes\u00eb nj\u00eb kontribut kulturor dhe p\u00ebr dashamir\u00ebt e artit q\u00eb jan\u00eb \u00e7do dit\u00eb e m\u00eb tep\u00ebr. Duke p\u00ebrfunduar fjal\u00ebn, Gjelosh Gjokaj shprehu d\u00ebshir\u00ebn q\u00eb kultura jon\u00eb m\u00eb t\u00eb mos jet\u00eb bishti i kultur\u00ebs s\u00eb Europ\u00ebs, por t\u00eb jet\u00eb e barabart\u00eb me t\u00eb gjitha kulturat q\u00eb ekzistojn\u00eb n\u00eb Ballkan dhe Europ\u00eb.<br \/>\nPiktori nga Ulqini, Mehmet Aloja theksoi se \u00ebsht\u00eb hera e par\u00eb q\u00eb q\u00eb ekspozojm\u00eb n\u00eb Tuz si shoqat\u00eb dhe p\u00ebr ne kjo \u00ebsht\u00eb nj\u00eb risi, nj\u00eb sadisfaksion.<a href=\"http:\/\/www.visit-ulcinj.com\/blog\/wp-content\/uploads\/2008\/05\/cano-duli.jpg\"><img loading=\"lazy\" class=\"alignright attachment wp-att-1658\" style=\"float: right;\" src=\"http:\/\/www.visit-ulcinj.com\/blog\/wp-content\/uploads\/2008\/05\/cano-duli.thumbnail.jpg\" alt=\"CANO DULI\" width=\"185\" height=\"200\" \/><\/a><br \/>\n&#8220;Ne jemi 12 an\u00ebtar\u00eb dhe m\u00eb 1 qershor n\u00eb Ulqin do t\u00eb festojm\u00eb p\u00ebrvjetorin e Shoqat\u00ebs. Kemi marr\u00eb pjes\u00eb n\u00eb disa ekspozita, k\u00ebtu, n\u00eb Podgoric\u00eb, Ulqin dhe Vjen\u00eb&#8221;, u shpreh piktori Aloja. Ai shprehu besimin se kjo nuk do t\u00eb jet\u00eb ekspozita e fundit dhe ftoi q\u00eb Tuzi dhe Ulqini t\u00eb ken\u00eb nj\u00eb bashk\u00ebpunim edhe m\u00eb t\u00eb af\u00ebrt kulturor.<br \/>\nN\u00eb k\u00ebt\u00eb ekspozit\u00eb me punimet e veta mor\u00ebn pjes\u00eb piktor\u00ebt: Bilal Nikeziq, Cano Duli, Edin Kapllani, Gjergj Noc Martini, Jozo Kocoviq, Mersiha Mavriq, Mehmet Aloja, Naser Hasa, Nevenka Mashanoviq dhe Vahida Nimanbegu.<br \/>\n<strong>Rr.D.<br \/>\nKOHA JAVORE<\/strong><\/p>\n\n\t\t<style type=\"text\/css\">\n\t\t\t#gallery-1 {\n\t\t\t\tmargin: auto;\n\t\t\t}\n\t\t\t#gallery-1 .gallery-item {\n\t\t\t\tfloat: left;\n\t\t\t\tmargin-top: 10px;\n\t\t\t\ttext-align: center;\n\t\t\t\twidth: 33%;\n\t\t\t}\n\t\t\t#gallery-1 img {\n\t\t\t\tborder: 2px solid #cfcfcf;\n\t\t\t}\n\t\t\t#gallery-1 .gallery-caption {\n\t\t\t\tmargin-left: 0;\n\t\t\t}\n\t\t\t\/* see gallery_shortcode() in wp-includes\/media.php *\/\n\t\t<\/style>\n\t\t<div id='gallery-1' class='gallery galleryid-1652 gallery-columns-3 gallery-size-thumbnail'><dl class='gallery-item'>\n\t\t\t<dt class='gallery-icon landscape'>\n\t\t\t\t<a href='https:\/\/www.visit-ulcinj.com\/blog\/2008\/05\/19\/bashkepunim-kulturor-i-tuzit-me-ulqinin\/gjelosh-gjokaj\/'><img width=\"150\" height=\"148\" src=\"https:\/\/www.visit-ulcinj.com\/blog\/wp-content\/uploads\/2008\/05\/gjelosh-gjokaj.jpg\" class=\"attachment-thumbnail size-thumbnail\" alt=\"\" loading=\"lazy\" \/><\/a>\n\t\t\t<\/dt><\/dl><dl class='gallery-item'>\n\t\t\t<dt class='gallery-icon landscape'>\n\t\t\t\t<a href='https:\/\/www.visit-ulcinj.com\/blog\/2008\/05\/19\/bashkepunim-kulturor-i-tuzit-me-ulqinin\/expozita-ne-tuz_1\/'><img width=\"150\" height=\"106\" src=\"https:\/\/www.visit-ulcinj.com\/blog\/wp-content\/uploads\/2008\/05\/expozita-ne-tuz_1.jpg\" class=\"attachment-thumbnail size-thumbnail\" alt=\"\" loading=\"lazy\" \/><\/a>\n\t\t\t<\/dt><\/dl><dl class='gallery-item'>\n\t\t\t<dt class='gallery-icon landscape'>\n\t\t\t\t<a href='https:\/\/www.visit-ulcinj.com\/blog\/2008\/05\/19\/bashkepunim-kulturor-i-tuzit-me-ulqinin\/shoqata-e-artisteve-figurative-nga-ulqini-2\/'><img width=\"150\" height=\"106\" src=\"https:\/\/www.visit-ulcinj.com\/blog\/wp-content\/uploads\/2008\/05\/shoqata-e-artisteve-figurative-nga-ulqini-2.jpg\" class=\"attachment-thumbnail size-thumbnail\" alt=\"\" loading=\"lazy\" \/><\/a>\n\t\t\t<\/dt><\/dl><br style=\"clear: both\" \/><dl class='gallery-item'>\n\t\t\t<dt class='gallery-icon landscape'>\n\t\t\t\t<a href='https:\/\/www.visit-ulcinj.com\/blog\/2008\/05\/19\/bashkepunim-kulturor-i-tuzit-me-ulqinin\/cano-duli_gjergj-noc-martini_nevenka-mashanoviq-_jozo-kocoviq\/'><img width=\"150\" height=\"106\" src=\"https:\/\/www.visit-ulcinj.com\/blog\/wp-content\/uploads\/2008\/05\/cano-duli_gjergj-noc-martini_nevenka-mashanoviq-_jozo-kocoviq.jpg\" class=\"attachment-thumbnail size-thumbnail\" alt=\"\" loading=\"lazy\" \/><\/a>\n\t\t\t<\/dt><\/dl><dl class='gallery-item'>\n\t\t\t<dt class='gallery-icon portrait'>\n\t\t\t\t<a href='https:\/\/www.visit-ulcinj.com\/blog\/2008\/05\/19\/bashkepunim-kulturor-i-tuzit-me-ulqinin\/cano-duli\/'><img width=\"139\" height=\"150\" src=\"https:\/\/www.visit-ulcinj.com\/blog\/wp-content\/uploads\/2008\/05\/cano-duli.jpg\" class=\"attachment-thumbnail size-thumbnail\" alt=\"\" loading=\"lazy\" \/><\/a>\n\t\t\t<\/dt><\/dl><dl class='gallery-item'>\n\t\t\t<dt class='gallery-icon landscape'>\n\t\t\t\t<a href='https:\/\/www.visit-ulcinj.com\/blog\/2008\/05\/19\/bashkepunim-kulturor-i-tuzit-me-ulqinin\/shoqata-e-artisteve-figurative-nga-ulqini-1\/'><img width=\"150\" height=\"105\" src=\"https:\/\/www.visit-ulcinj.com\/blog\/wp-content\/uploads\/2008\/05\/shoqata-e-artisteve-figurative-nga-ulqini-1.jpg\" class=\"attachment-thumbnail size-thumbnail\" alt=\"\" loading=\"lazy\" \/><\/a>\n\t\t\t<\/dt><\/dl><br style=\"clear: both\" \/><dl class='gallery-item'>\n\t\t\t<dt class='gallery-icon portrait'>\n\t\t\t\t<a href='https:\/\/www.visit-ulcinj.com\/blog\/2008\/05\/19\/bashkepunim-kulturor-i-tuzit-me-ulqinin\/gjelosh-gjokaj1\/'><img width=\"140\" height=\"150\" src=\"https:\/\/www.visit-ulcinj.com\/blog\/wp-content\/uploads\/2008\/05\/gjelosh-gjokaj1.jpg\" class=\"attachment-thumbnail size-thumbnail\" alt=\"\" loading=\"lazy\" \/><\/a>\n\t\t\t<\/dt><\/dl><dl class='gallery-item'>\n\t\t\t<dt class='gallery-icon portrait'>\n\t\t\t\t<a href='https:\/\/www.visit-ulcinj.com\/blog\/2008\/05\/19\/bashkepunim-kulturor-i-tuzit-me-ulqinin\/piktur-cano-duli\/'><img width=\"146\" height=\"150\" src=\"https:\/\/www.visit-ulcinj.com\/blog\/wp-content\/uploads\/2008\/05\/piktur-cano-duli.jpg\" class=\"attachment-thumbnail size-thumbnail\" alt=\"\" loading=\"lazy\" \/><\/a>\n\t\t\t<\/dt><\/dl><dl class='gallery-item'>\n\t\t\t<dt class='gallery-icon landscape'>\n\t\t\t\t<a href='https:\/\/www.visit-ulcinj.com\/blog\/2008\/05\/19\/bashkepunim-kulturor-i-tuzit-me-ulqinin\/shoqata-e-artisteve-figurative-nga-ulqini\/'><img width=\"150\" height=\"106\" src=\"https:\/\/www.visit-ulcinj.com\/blog\/wp-content\/uploads\/2008\/05\/shoqata-e-artisteve-figurative-nga-ulqini.jpg\" class=\"attachment-thumbnail size-thumbnail\" alt=\"\" loading=\"lazy\" \/><\/a>\n\t\t\t<\/dt><\/dl><br style=\"clear: both\" \/><dl class='gallery-item'>\n\t\t\t<dt class='gallery-icon landscape'>\n\t\t\t\t<a href='https:\/\/www.visit-ulcinj.com\/blog\/2008\/05\/19\/bashkepunim-kulturor-i-tuzit-me-ulqinin\/piktura-cano-duli\/'><img width=\"150\" height=\"106\" src=\"https:\/\/www.visit-ulcinj.com\/blog\/wp-content\/uploads\/2008\/05\/piktura-cano-duli.jpg\" class=\"attachment-thumbnail size-thumbnail\" alt=\"\" loading=\"lazy\" \/><\/a>\n\t\t\t<\/dt><\/dl><dl class='gallery-item'>\n\t\t\t<dt class='gallery-icon landscape'>\n\t\t\t\t<a href='https:\/\/www.visit-ulcinj.com\/blog\/2008\/05\/19\/bashkepunim-kulturor-i-tuzit-me-ulqinin\/cano-dulijpg1\/'><img width=\"150\" height=\"148\" src=\"https:\/\/www.visit-ulcinj.com\/blog\/wp-content\/uploads\/2008\/05\/cano-duli1.jpg\" class=\"attachment-thumbnail size-thumbnail\" alt=\"\" loading=\"lazy\" \/><\/a>\n\t\t\t<\/dt><\/dl><dl class='gallery-item'>\n\t\t\t<dt class='gallery-icon landscape'>\n\t\t\t\t<a href='https:\/\/www.visit-ulcinj.com\/blog\/2008\/05\/19\/bashkepunim-kulturor-i-tuzit-me-ulqinin\/piktur1\/'><img width=\"150\" height=\"150\" src=\"https:\/\/www.visit-ulcinj.com\/blog\/wp-content\/uploads\/2008\/05\/piktur1.jpg\" class=\"attachment-thumbnail size-thumbnail\" alt=\"\" loading=\"lazy\" \/><\/a>\n\t\t\t<\/dt><\/dl><br style=\"clear: both\" \/><dl class='gallery-item'>\n\t\t\t<dt class='gallery-icon portrait'>\n\t\t\t\t<a href='https:\/\/www.visit-ulcinj.com\/blog\/2008\/05\/19\/bashkepunim-kulturor-i-tuzit-me-ulqinin\/gjelosh-gjokaj2\/'><img width=\"140\" height=\"150\" src=\"https:\/\/www.visit-ulcinj.com\/blog\/wp-content\/uploads\/2008\/05\/gjelosh-gjokaj2.jpg\" class=\"attachment-thumbnail size-thumbnail\" alt=\"\" loading=\"lazy\" \/><\/a>\n\t\t\t<\/dt><\/dl><dl class='gallery-item'>\n\t\t\t<dt class='gallery-icon portrait'>\n\t\t\t\t<a href='https:\/\/www.visit-ulcinj.com\/blog\/2008\/05\/19\/bashkepunim-kulturor-i-tuzit-me-ulqinin\/exspozita-ne-tuz\/'><img width=\"130\" height=\"150\" src=\"https:\/\/www.visit-ulcinj.com\/blog\/wp-content\/uploads\/2008\/05\/exspozita-ne-tuz.jpg\" class=\"attachment-thumbnail size-thumbnail\" alt=\"\" loading=\"lazy\" \/><\/a>\n\t\t\t<\/dt><\/dl><dl class='gallery-item'>\n\t\t\t<dt class='gallery-icon portrait'>\n\t\t\t\t<a href='https:\/\/www.visit-ulcinj.com\/blog\/2008\/05\/19\/bashkepunim-kulturor-i-tuzit-me-ulqinin\/piktura-cano-dulijpg1\/'><img width=\"147\" height=\"150\" src=\"https:\/\/www.visit-ulcinj.com\/blog\/wp-content\/uploads\/2008\/05\/piktura-cano-duli1.jpg\" class=\"attachment-thumbnail size-thumbnail\" alt=\"\" loading=\"lazy\" \/><\/a>\n\t\t\t<\/dt><\/dl><br style=\"clear: both\" \/>\n\t\t<\/div>\n\n","protected":false},"excerpt":{"rendered":"<p><img loading=\"lazy\" class=\"alignleft attachment wp-att-1653\" style=\"float: left;\" src=\"http:\/\/www.visit-ulcinj.com\/blog\/wp-content\/uploads\/2008\/05\/gjelosh-gjokaj.thumbnail.jpg\" alt=\"Gjelosh Gjokaj\" width=\"140\" height=\"140\" \/><\/p>\n","protected":false},"author":1,"featured_media":0,"comment_status":"open","ping_status":"closed","sticky":false,"template":"","format":"standard","meta":{"spay_email":"","jetpack_publicize_message":"","jetpack_is_tweetstorm":false,"jetpack_publicize_feature_enabled":true},"categories":[4,12],"tags":[3287,3288,3294,2994,3289,3290,152,3291,1306,3292,3293],"jetpack_publicize_connections":[],"yoast_head":"<!-- This site is optimized with the Yoast SEO plugin v19.1 - https:\/\/yoast.com\/wordpress\/plugins\/seo\/ -->\n<title>Bashk\u00ebpunim kulturor i Tuzit me Ulqinin - Lajme nga Ulqini<\/title>\n<meta name=\"robots\" content=\"index, follow, max-snippet:-1, max-image-preview:large, max-video-preview:-1\" \/>\n<link rel=\"canonical\" href=\"https:\/\/www.visit-ulcinj.com\/blog\/2008\/05\/19\/bashkepunim-kulturor-i-tuzit-me-ulqinin\/\" \/>\n<meta property=\"og:locale\" content=\"en_US\" \/>\n<meta property=\"og:type\" content=\"article\" \/>\n<meta property=\"og:title\" content=\"Bashk\u00ebpunim kulturor i Tuzit me Ulqinin - Lajme nga Ulqini\" \/>\n<meta property=\"og:url\" content=\"https:\/\/www.visit-ulcinj.com\/blog\/2008\/05\/19\/bashkepunim-kulturor-i-tuzit-me-ulqinin\/\" \/>\n<meta property=\"og:site_name\" content=\"Lajme nga Ulqini\" \/>\n<meta property=\"article:published_time\" content=\"2008-05-19T15:45:56+00:00\" \/>\n<meta property=\"article:modified_time\" content=\"2008-05-19T15:51:07+00:00\" \/>\n<meta property=\"og:image\" content=\"https:\/\/www.visit-ulcinj.com\/blog\/wp-content\/uploads\/2008\/05\/gjelosh-gjokaj.jpg\" \/>\n<meta name=\"twitter:label1\" content=\"Written by\" \/>\n\t<meta name=\"twitter:data1\" content=\"ulqini\" \/>\n\t<meta name=\"twitter:label2\" content=\"Est. reading time\" \/>\n\t<meta name=\"twitter:data2\" content=\"2 minutes\" \/>\n<script type=\"application\/ld+json\" class=\"yoast-schema-graph\">{\"@context\":\"https:\/\/schema.org\",\"@graph\":[{\"@type\":\"WebSite\",\"@id\":\"https:\/\/www.visit-ulcinj.com\/blog\/#website\",\"url\":\"https:\/\/www.visit-ulcinj.com\/blog\/\",\"name\":\"Lajme nga Ulqini\",\"description\":\"Lajme,Vijesti,Ulqini,Ulqin,Crna Gora,Mali i Zi\",\"potentialAction\":[{\"@type\":\"SearchAction\",\"target\":{\"@type\":\"EntryPoint\",\"urlTemplate\":\"https:\/\/www.visit-ulcinj.com\/blog\/?s={search_term_string}\"},\"query-input\":\"required name=search_term_string\"}],\"inLanguage\":\"en-US\"},{\"@type\":\"ImageObject\",\"inLanguage\":\"en-US\",\"@id\":\"https:\/\/www.visit-ulcinj.com\/blog\/2008\/05\/19\/bashkepunim-kulturor-i-tuzit-me-ulqinin\/#primaryimage\",\"url\":\"http:\/\/www.visit-ulcinj.com\/blog\/wp-content\/uploads\/2008\/05\/gjelosh-gjokaj.thumbnail.jpg\",\"contentUrl\":\"http:\/\/www.visit-ulcinj.com\/blog\/wp-content\/uploads\/2008\/05\/gjelosh-gjokaj.thumbnail.jpg\"},{\"@type\":\"WebPage\",\"@id\":\"https:\/\/www.visit-ulcinj.com\/blog\/2008\/05\/19\/bashkepunim-kulturor-i-tuzit-me-ulqinin\/#webpage\",\"url\":\"https:\/\/www.visit-ulcinj.com\/blog\/2008\/05\/19\/bashkepunim-kulturor-i-tuzit-me-ulqinin\/\",\"name\":\"Bashk\u00ebpunim kulturor i Tuzit me Ulqinin - Lajme nga Ulqini\",\"isPartOf\":{\"@id\":\"https:\/\/www.visit-ulcinj.com\/blog\/#website\"},\"primaryImageOfPage\":{\"@id\":\"https:\/\/www.visit-ulcinj.com\/blog\/2008\/05\/19\/bashkepunim-kulturor-i-tuzit-me-ulqinin\/#primaryimage\"},\"datePublished\":\"2008-05-19T15:45:56+00:00\",\"dateModified\":\"2008-05-19T15:51:07+00:00\",\"author\":{\"@id\":\"https:\/\/www.visit-ulcinj.com\/blog\/#\/schema\/person\/dcab619c614d3038751c63bc2aadc06d\"},\"breadcrumb\":{\"@id\":\"https:\/\/www.visit-ulcinj.com\/blog\/2008\/05\/19\/bashkepunim-kulturor-i-tuzit-me-ulqinin\/#breadcrumb\"},\"inLanguage\":\"en-US\",\"potentialAction\":[{\"@type\":\"ReadAction\",\"target\":[\"https:\/\/www.visit-ulcinj.com\/blog\/2008\/05\/19\/bashkepunim-kulturor-i-tuzit-me-ulqinin\/\"]}]},{\"@type\":\"BreadcrumbList\",\"@id\":\"https:\/\/www.visit-ulcinj.com\/blog\/2008\/05\/19\/bashkepunim-kulturor-i-tuzit-me-ulqinin\/#breadcrumb\",\"itemListElement\":[{\"@type\":\"ListItem\",\"position\":1,\"name\":\"Bashk\u00ebpunim kulturor i Tuzit me Ulqinin\"}]},{\"@type\":\"Person\",\"@id\":\"https:\/\/www.visit-ulcinj.com\/blog\/#\/schema\/person\/dcab619c614d3038751c63bc2aadc06d\",\"name\":\"ulqini\",\"sameAs\":[\"http:\/\/www.visit-ulcinj.com\"],\"url\":\"https:\/\/www.visit-ulcinj.com\/blog\/author\/admin\/\"}]}<\/script>\n<!-- \/ Yoast SEO plugin. -->","yoast_head_json":{"title":"Bashk\u00ebpunim kulturor i Tuzit me Ulqinin - Lajme nga Ulqini","robots":{"index":"index","follow":"follow","max-snippet":"max-snippet:-1","max-image-preview":"max-image-preview:large","max-video-preview":"max-video-preview:-1"},"canonical":"https:\/\/www.visit-ulcinj.com\/blog\/2008\/05\/19\/bashkepunim-kulturor-i-tuzit-me-ulqinin\/","og_locale":"en_US","og_type":"article","og_title":"Bashk\u00ebpunim kulturor i Tuzit me Ulqinin - Lajme nga Ulqini","og_url":"https:\/\/www.visit-ulcinj.com\/blog\/2008\/05\/19\/bashkepunim-kulturor-i-tuzit-me-ulqinin\/","og_site_name":"Lajme nga Ulqini","article_published_time":"2008-05-19T15:45:56+00:00","article_modified_time":"2008-05-19T15:51:07+00:00","og_image":[{"url":"https:\/\/www.visit-ulcinj.com\/blog\/wp-content\/uploads\/2008\/05\/gjelosh-gjokaj.jpg"}],"twitter_misc":{"Written by":"ulqini","Est. reading time":"2 minutes"},"schema":{"@context":"https:\/\/schema.org","@graph":[{"@type":"WebSite","@id":"https:\/\/www.visit-ulcinj.com\/blog\/#website","url":"https:\/\/www.visit-ulcinj.com\/blog\/","name":"Lajme nga Ulqini","description":"Lajme,Vijesti,Ulqini,Ulqin,Crna Gora,Mali i Zi","potentialAction":[{"@type":"SearchAction","target":{"@type":"EntryPoint","urlTemplate":"https:\/\/www.visit-ulcinj.com\/blog\/?s={search_term_string}"},"query-input":"required name=search_term_string"}],"inLanguage":"en-US"},{"@type":"ImageObject","inLanguage":"en-US","@id":"https:\/\/www.visit-ulcinj.com\/blog\/2008\/05\/19\/bashkepunim-kulturor-i-tuzit-me-ulqinin\/#primaryimage","url":"http:\/\/www.visit-ulcinj.com\/blog\/wp-content\/uploads\/2008\/05\/gjelosh-gjokaj.thumbnail.jpg","contentUrl":"http:\/\/www.visit-ulcinj.com\/blog\/wp-content\/uploads\/2008\/05\/gjelosh-gjokaj.thumbnail.jpg"},{"@type":"WebPage","@id":"https:\/\/www.visit-ulcinj.com\/blog\/2008\/05\/19\/bashkepunim-kulturor-i-tuzit-me-ulqinin\/#webpage","url":"https:\/\/www.visit-ulcinj.com\/blog\/2008\/05\/19\/bashkepunim-kulturor-i-tuzit-me-ulqinin\/","name":"Bashk\u00ebpunim kulturor i Tuzit me Ulqinin - Lajme nga Ulqini","isPartOf":{"@id":"https:\/\/www.visit-ulcinj.com\/blog\/#website"},"primaryImageOfPage":{"@id":"https:\/\/www.visit-ulcinj.com\/blog\/2008\/05\/19\/bashkepunim-kulturor-i-tuzit-me-ulqinin\/#primaryimage"},"datePublished":"2008-05-19T15:45:56+00:00","dateModified":"2008-05-19T15:51:07+00:00","author":{"@id":"https:\/\/www.visit-ulcinj.com\/blog\/#\/schema\/person\/dcab619c614d3038751c63bc2aadc06d"},"breadcrumb":{"@id":"https:\/\/www.visit-ulcinj.com\/blog\/2008\/05\/19\/bashkepunim-kulturor-i-tuzit-me-ulqinin\/#breadcrumb"},"inLanguage":"en-US","potentialAction":[{"@type":"ReadAction","target":["https:\/\/www.visit-ulcinj.com\/blog\/2008\/05\/19\/bashkepunim-kulturor-i-tuzit-me-ulqinin\/"]}]},{"@type":"BreadcrumbList","@id":"https:\/\/www.visit-ulcinj.com\/blog\/2008\/05\/19\/bashkepunim-kulturor-i-tuzit-me-ulqinin\/#breadcrumb","itemListElement":[{"@type":"ListItem","position":1,"name":"Bashk\u00ebpunim kulturor i Tuzit me Ulqinin"}]},{"@type":"Person","@id":"https:\/\/www.visit-ulcinj.com\/blog\/#\/schema\/person\/dcab619c614d3038751c63bc2aadc06d","name":"ulqini","sameAs":["http:\/\/www.visit-ulcinj.com"],"url":"https:\/\/www.visit-ulcinj.com\/blog\/author\/admin\/"}]}},"jetpack_featured_media_url":"","jetpack_sharing_enabled":true,"jetpack_shortlink":"https:\/\/wp.me\/pe6lTn-qE","_links":{"self":[{"href":"https:\/\/www.visit-ulcinj.com\/blog\/wp-json\/wp\/v2\/posts\/1652"}],"collection":[{"href":"https:\/\/www.visit-ulcinj.com\/blog\/wp-json\/wp\/v2\/posts"}],"about":[{"href":"https:\/\/www.visit-ulcinj.com\/blog\/wp-json\/wp\/v2\/types\/post"}],"author":[{"embeddable":true,"href":"https:\/\/www.visit-ulcinj.com\/blog\/wp-json\/wp\/v2\/users\/1"}],"replies":[{"embeddable":true,"href":"https:\/\/www.visit-ulcinj.com\/blog\/wp-json\/wp\/v2\/comments?post=1652"}],"version-history":[{"count":0,"href":"https:\/\/www.visit-ulcinj.com\/blog\/wp-json\/wp\/v2\/posts\/1652\/revisions"}],"wp:attachment":[{"href":"https:\/\/www.visit-ulcinj.com\/blog\/wp-json\/wp\/v2\/media?parent=1652"}],"wp:term":[{"taxonomy":"category","embeddable":true,"href":"https:\/\/www.visit-ulcinj.com\/blog\/wp-json\/wp\/v2\/categories?post=1652"},{"taxonomy":"post_tag","embeddable":true,"href":"https:\/\/www.visit-ulcinj.com\/blog\/wp-json\/wp\/v2\/tags?post=1652"}],"curies":[{"name":"wp","href":"https:\/\/api.w.org\/{rel}","templated":true}]}}