{"id":16521,"date":"2009-04-02T20:47:47","date_gmt":"2009-04-02T19:47:47","guid":{"rendered":"http:\/\/www.visit-ulcinj.com\/blog\/?p=16521"},"modified":"2009-04-02T20:47:47","modified_gmt":"2009-04-02T19:47:47","slug":"bjordi-e-kam-puthur-une","status":"publish","type":"post","link":"https:\/\/www.visit-ulcinj.com\/blog\/2009\/04\/02\/bjordi-e-kam-puthur-une\/","title":{"rendered":"Bjordi : E kam puthur un\u00eb"},"content":{"rendered":"<p><em><span class=\"newsdate\"><a href=\"http:\/\/www.visit-ulcinj.com\/blog\/wp-content\/uploads\/2009\/04\/bjordiadi-per-adelen.jpg\"><img loading=\"lazy\" class=\"alignleft size-full wp-image-16522\" title=\"bjordiadi-per-adelen-big-brother-albania-2\" src=\"http:\/\/www.visit-ulcinj.com\/blog\/wp-content\/uploads\/2009\/04\/bjordiadi-per-adelen.jpg\" alt=\"bjordiadi-per-adelen-big-brother-albania-2\" width=\"300\" height=\"205\" \/><\/a>31\/03\/09 13:23<\/span><\/em><\/p>\n<p>Adi pyet Bjordin n\u00ebse Adela e kishte puthur dhe ai i p\u00ebrgjigjet se ai e kishte puthur at\u00eb dhe jo e kund\u00ebrta. Adi e pyet s\u00ebrish n\u00eb lidhje me veprimin e t\u00eb shtun\u00ebs. Bjordi i thot\u00eb se ajo nuk e pranon q\u00eb e ka b\u00ebr\u00eb gabim nd\u00ebrsa Adi i thot\u00eb se realisht nuk \u00ebsht\u00eb gabim, por sipas Bjordit dhe dicka e leht\u00eb nuk \u00ebsht\u00eb. Adi mendon se me sjelljen e saj n\u00eb sht\u00ebpi, vet\u00ebm vetes s\u00eb vet\u00eb i ka b\u00ebr\u00eb d\u00ebm. Ai shton se do t\u00eb ishte mir\u00eb q\u00eb Adela ta diskutonte cdo gj\u00eb m\u00eb par\u00eb me Bjordin p\u00ebr vendimet q\u00eb do t\u00eb merrnin t\u00eb dy dhe t\u00eb gjenin nj\u00eb zgjidhje.<\/p>\n","protected":false},"excerpt":{"rendered":"<p>31\/03\/09 13:23 Adi pyet Bjordin n\u00ebse Adela e kishte puthur dhe ai i p\u00ebrgjigjet se ai e kishte puthur at\u00eb dhe jo e kund\u00ebrta. Adi e pyet s\u00ebrish n\u00eb lidhje me veprimin e t\u00eb shtun\u00ebs. Bjordi i thot\u00eb se ajo nuk e pranon q\u00eb e ka b\u00ebr\u00eb gabim nd\u00ebrsa Adi i thot\u00eb se realisht nuk [&hellip;]<\/p>\n","protected":false},"author":1,"featured_media":0,"comment_status":"open","ping_status":"closed","sticky":false,"template":"","format":"standard","meta":{"spay_email":"","jetpack_publicize_message":"","jetpack_is_tweetstorm":false,"jetpack_publicize_feature_enabled":true},"categories":[6502],"tags":[6529,1414,5057,6506,6516,6712,7129,6522,6544,6891,6693,6887],"jetpack_publicize_connections":[],"yoast_head":"<!-- This site is optimized with the Yoast SEO plugin v19.1 - https:\/\/yoast.com\/wordpress\/plugins\/seo\/ -->\n<title>Bjordi : E kam puthur un\u00c3\u00ab | Big Brother Albania 2<\/title>\n<meta name=\"description\" content=\"Big Brother Albania 2 - Adi pyet Bjordin n\u00c3\u00abse Adela e kishte puthur dhe ai i p\u00c3\u00abrgjigjet se ai e kishte puthur at\u00c3\u00ab dhe jo e kund\u00c3\u00abrta. Adi e pyet s\u00c3\u00abrish n\u00c3\u00ab lidhje me veprimin e t\u00c3\u00ab shtun\u00c3\u00abs\" \/>\n<meta name=\"robots\" content=\"index, follow, max-snippet:-1, max-image-preview:large, max-video-preview:-1\" \/>\n<link rel=\"canonical\" href=\"https:\/\/www.visit-ulcinj.com\/blog\/2009\/04\/02\/bjordi-e-kam-puthur-une\/\" \/>\n<meta property=\"og:locale\" content=\"en_US\" \/>\n<meta property=\"og:type\" content=\"article\" \/>\n<meta property=\"og:title\" content=\"Bjordi : E kam puthur un\u00c3\u00ab | Big Brother Albania 2\" \/>\n<meta property=\"og:description\" content=\"Big Brother Albania 2 - Adi pyet Bjordin n\u00c3\u00abse Adela e kishte puthur dhe ai i p\u00c3\u00abrgjigjet se ai e kishte puthur at\u00c3\u00ab dhe jo e kund\u00c3\u00abrta. Adi e pyet s\u00c3\u00abrish n\u00c3\u00ab lidhje me veprimin e t\u00c3\u00ab shtun\u00c3\u00abs\" \/>\n<meta property=\"og:url\" content=\"https:\/\/www.visit-ulcinj.com\/blog\/2009\/04\/02\/bjordi-e-kam-puthur-une\/\" \/>\n<meta property=\"og:site_name\" content=\"Lajme nga Ulqini\" \/>\n<meta property=\"article:published_time\" content=\"2009-04-02T19:47:47+00:00\" \/>\n<meta property=\"og:image\" content=\"http:\/\/www.visit-ulcinj.com\/blog\/wp-content\/uploads\/2009\/04\/bjordiadi-per-adelen.jpg\" \/>\n<meta name=\"twitter:label1\" content=\"Written by\" \/>\n\t<meta name=\"twitter:data1\" content=\"ulqini\" \/>\n\t<meta name=\"twitter:label2\" content=\"Est. reading time\" \/>\n\t<meta name=\"twitter:data2\" content=\"1 minute\" \/>\n<script type=\"application\/ld+json\" class=\"yoast-schema-graph\">{\"@context\":\"https:\/\/schema.org\",\"@graph\":[{\"@type\":\"WebSite\",\"@id\":\"https:\/\/www.visit-ulcinj.com\/blog\/#website\",\"url\":\"https:\/\/www.visit-ulcinj.com\/blog\/\",\"name\":\"Lajme nga Ulqini\",\"description\":\"Lajme,Vijesti,Ulqini,Ulqin,Crna Gora,Mali i Zi\",\"potentialAction\":[{\"@type\":\"SearchAction\",\"target\":{\"@type\":\"EntryPoint\",\"urlTemplate\":\"https:\/\/www.visit-ulcinj.com\/blog\/?s={search_term_string}\"},\"query-input\":\"required name=search_term_string\"}],\"inLanguage\":\"en-US\"},{\"@type\":\"ImageObject\",\"inLanguage\":\"en-US\",\"@id\":\"https:\/\/www.visit-ulcinj.com\/blog\/2009\/04\/02\/bjordi-e-kam-puthur-une\/#primaryimage\",\"url\":\"http:\/\/www.visit-ulcinj.com\/blog\/wp-content\/uploads\/2009\/04\/bjordiadi-per-adelen.jpg\",\"contentUrl\":\"http:\/\/www.visit-ulcinj.com\/blog\/wp-content\/uploads\/2009\/04\/bjordiadi-per-adelen.jpg\"},{\"@type\":\"WebPage\",\"@id\":\"https:\/\/www.visit-ulcinj.com\/blog\/2009\/04\/02\/bjordi-e-kam-puthur-une\/#webpage\",\"url\":\"https:\/\/www.visit-ulcinj.com\/blog\/2009\/04\/02\/bjordi-e-kam-puthur-une\/\",\"name\":\"Bjordi : E kam puthur un\u00c3\u00ab | Big Brother Albania 2\",\"isPartOf\":{\"@id\":\"https:\/\/www.visit-ulcinj.com\/blog\/#website\"},\"primaryImageOfPage\":{\"@id\":\"https:\/\/www.visit-ulcinj.com\/blog\/2009\/04\/02\/bjordi-e-kam-puthur-une\/#primaryimage\"},\"datePublished\":\"2009-04-02T19:47:47+00:00\",\"dateModified\":\"2009-04-02T19:47:47+00:00\",\"author\":{\"@id\":\"https:\/\/www.visit-ulcinj.com\/blog\/#\/schema\/person\/dcab619c614d3038751c63bc2aadc06d\"},\"description\":\"Big Brother Albania 2 - Adi pyet Bjordin n\u00c3\u00abse Adela e kishte puthur dhe ai i p\u00c3\u00abrgjigjet se ai e kishte puthur at\u00c3\u00ab dhe jo e kund\u00c3\u00abrta. Adi e pyet s\u00c3\u00abrish n\u00c3\u00ab lidhje me veprimin e t\u00c3\u00ab shtun\u00c3\u00abs\",\"breadcrumb\":{\"@id\":\"https:\/\/www.visit-ulcinj.com\/blog\/2009\/04\/02\/bjordi-e-kam-puthur-une\/#breadcrumb\"},\"inLanguage\":\"en-US\",\"potentialAction\":[{\"@type\":\"ReadAction\",\"target\":[\"https:\/\/www.visit-ulcinj.com\/blog\/2009\/04\/02\/bjordi-e-kam-puthur-une\/\"]}]},{\"@type\":\"BreadcrumbList\",\"@id\":\"https:\/\/www.visit-ulcinj.com\/blog\/2009\/04\/02\/bjordi-e-kam-puthur-une\/#breadcrumb\",\"itemListElement\":[{\"@type\":\"ListItem\",\"position\":1,\"name\":\"Bjordi : E kam puthur un\u00eb\"}]},{\"@type\":\"Person\",\"@id\":\"https:\/\/www.visit-ulcinj.com\/blog\/#\/schema\/person\/dcab619c614d3038751c63bc2aadc06d\",\"name\":\"ulqini\",\"sameAs\":[\"http:\/\/www.visit-ulcinj.com\"],\"url\":\"https:\/\/www.visit-ulcinj.com\/blog\/author\/admin\/\"}]}<\/script>\n<!-- \/ Yoast SEO plugin. -->","yoast_head_json":{"title":"Bjordi : E kam puthur un\u00c3\u00ab | Big Brother Albania 2","description":"Big Brother Albania 2 - Adi pyet Bjordin n\u00c3\u00abse Adela e kishte puthur dhe ai i p\u00c3\u00abrgjigjet se ai e kishte puthur at\u00c3\u00ab dhe jo e kund\u00c3\u00abrta. Adi e pyet s\u00c3\u00abrish n\u00c3\u00ab lidhje me veprimin e t\u00c3\u00ab shtun\u00c3\u00abs","robots":{"index":"index","follow":"follow","max-snippet":"max-snippet:-1","max-image-preview":"max-image-preview:large","max-video-preview":"max-video-preview:-1"},"canonical":"https:\/\/www.visit-ulcinj.com\/blog\/2009\/04\/02\/bjordi-e-kam-puthur-une\/","og_locale":"en_US","og_type":"article","og_title":"Bjordi : E kam puthur un\u00c3\u00ab | Big Brother Albania 2","og_description":"Big Brother Albania 2 - Adi pyet Bjordin n\u00c3\u00abse Adela e kishte puthur dhe ai i p\u00c3\u00abrgjigjet se ai e kishte puthur at\u00c3\u00ab dhe jo e kund\u00c3\u00abrta. Adi e pyet s\u00c3\u00abrish n\u00c3\u00ab lidhje me veprimin e t\u00c3\u00ab shtun\u00c3\u00abs","og_url":"https:\/\/www.visit-ulcinj.com\/blog\/2009\/04\/02\/bjordi-e-kam-puthur-une\/","og_site_name":"Lajme nga Ulqini","article_published_time":"2009-04-02T19:47:47+00:00","og_image":[{"url":"http:\/\/www.visit-ulcinj.com\/blog\/wp-content\/uploads\/2009\/04\/bjordiadi-per-adelen.jpg"}],"twitter_misc":{"Written by":"ulqini","Est. reading time":"1 minute"},"schema":{"@context":"https:\/\/schema.org","@graph":[{"@type":"WebSite","@id":"https:\/\/www.visit-ulcinj.com\/blog\/#website","url":"https:\/\/www.visit-ulcinj.com\/blog\/","name":"Lajme nga Ulqini","description":"Lajme,Vijesti,Ulqini,Ulqin,Crna Gora,Mali i Zi","potentialAction":[{"@type":"SearchAction","target":{"@type":"EntryPoint","urlTemplate":"https:\/\/www.visit-ulcinj.com\/blog\/?s={search_term_string}"},"query-input":"required name=search_term_string"}],"inLanguage":"en-US"},{"@type":"ImageObject","inLanguage":"en-US","@id":"https:\/\/www.visit-ulcinj.com\/blog\/2009\/04\/02\/bjordi-e-kam-puthur-une\/#primaryimage","url":"http:\/\/www.visit-ulcinj.com\/blog\/wp-content\/uploads\/2009\/04\/bjordiadi-per-adelen.jpg","contentUrl":"http:\/\/www.visit-ulcinj.com\/blog\/wp-content\/uploads\/2009\/04\/bjordiadi-per-adelen.jpg"},{"@type":"WebPage","@id":"https:\/\/www.visit-ulcinj.com\/blog\/2009\/04\/02\/bjordi-e-kam-puthur-une\/#webpage","url":"https:\/\/www.visit-ulcinj.com\/blog\/2009\/04\/02\/bjordi-e-kam-puthur-une\/","name":"Bjordi : E kam puthur un\u00c3\u00ab | Big Brother Albania 2","isPartOf":{"@id":"https:\/\/www.visit-ulcinj.com\/blog\/#website"},"primaryImageOfPage":{"@id":"https:\/\/www.visit-ulcinj.com\/blog\/2009\/04\/02\/bjordi-e-kam-puthur-une\/#primaryimage"},"datePublished":"2009-04-02T19:47:47+00:00","dateModified":"2009-04-02T19:47:47+00:00","author":{"@id":"https:\/\/www.visit-ulcinj.com\/blog\/#\/schema\/person\/dcab619c614d3038751c63bc2aadc06d"},"description":"Big Brother Albania 2 - Adi pyet Bjordin n\u00c3\u00abse Adela e kishte puthur dhe ai i p\u00c3\u00abrgjigjet se ai e kishte puthur at\u00c3\u00ab dhe jo e kund\u00c3\u00abrta. Adi e pyet s\u00c3\u00abrish n\u00c3\u00ab lidhje me veprimin e t\u00c3\u00ab shtun\u00c3\u00abs","breadcrumb":{"@id":"https:\/\/www.visit-ulcinj.com\/blog\/2009\/04\/02\/bjordi-e-kam-puthur-une\/#breadcrumb"},"inLanguage":"en-US","potentialAction":[{"@type":"ReadAction","target":["https:\/\/www.visit-ulcinj.com\/blog\/2009\/04\/02\/bjordi-e-kam-puthur-une\/"]}]},{"@type":"BreadcrumbList","@id":"https:\/\/www.visit-ulcinj.com\/blog\/2009\/04\/02\/bjordi-e-kam-puthur-une\/#breadcrumb","itemListElement":[{"@type":"ListItem","position":1,"name":"Bjordi : E kam puthur un\u00eb"}]},{"@type":"Person","@id":"https:\/\/www.visit-ulcinj.com\/blog\/#\/schema\/person\/dcab619c614d3038751c63bc2aadc06d","name":"ulqini","sameAs":["http:\/\/www.visit-ulcinj.com"],"url":"https:\/\/www.visit-ulcinj.com\/blog\/author\/admin\/"}]}},"jetpack_featured_media_url":"","jetpack_sharing_enabled":true,"jetpack_shortlink":"https:\/\/wp.me\/pe6lTn-4it","_links":{"self":[{"href":"https:\/\/www.visit-ulcinj.com\/blog\/wp-json\/wp\/v2\/posts\/16521"}],"collection":[{"href":"https:\/\/www.visit-ulcinj.com\/blog\/wp-json\/wp\/v2\/posts"}],"about":[{"href":"https:\/\/www.visit-ulcinj.com\/blog\/wp-json\/wp\/v2\/types\/post"}],"author":[{"embeddable":true,"href":"https:\/\/www.visit-ulcinj.com\/blog\/wp-json\/wp\/v2\/users\/1"}],"replies":[{"embeddable":true,"href":"https:\/\/www.visit-ulcinj.com\/blog\/wp-json\/wp\/v2\/comments?post=16521"}],"version-history":[{"count":0,"href":"https:\/\/www.visit-ulcinj.com\/blog\/wp-json\/wp\/v2\/posts\/16521\/revisions"}],"wp:attachment":[{"href":"https:\/\/www.visit-ulcinj.com\/blog\/wp-json\/wp\/v2\/media?parent=16521"}],"wp:term":[{"taxonomy":"category","embeddable":true,"href":"https:\/\/www.visit-ulcinj.com\/blog\/wp-json\/wp\/v2\/categories?post=16521"},{"taxonomy":"post_tag","embeddable":true,"href":"https:\/\/www.visit-ulcinj.com\/blog\/wp-json\/wp\/v2\/tags?post=16521"}],"curies":[{"name":"wp","href":"https:\/\/api.w.org\/{rel}","templated":true}]}}