{"id":16525,"date":"2009-04-02T22:02:22","date_gmt":"2009-04-02T20:02:22","guid":{"rendered":"http:\/\/www.visit-ulcinj.com\/blog\/?p=16525"},"modified":"2009-04-02T22:02:22","modified_gmt":"2009-04-02T20:02:22","slug":"adi-bjordi-eshte-i-vecante","status":"publish","type":"post","link":"https:\/\/www.visit-ulcinj.com\/blog\/2009\/04\/02\/adi-bjordi-eshte-i-vecante\/","title":{"rendered":"Adi : Bjordi \u00ebsht\u00eb i vecant\u00eb"},"content":{"rendered":"<p><em><span class=\"newsdate\"><a href=\"http:\/\/www.visit-ulcinj.com\/blog\/wp-content\/uploads\/2009\/04\/adiadela-per-bjordin.jpg\"><img loading=\"lazy\" class=\"alignleft size-full wp-image-16526\" title=\"adiadela-per-bjordin-big-brother-albania-2\" src=\"http:\/\/www.visit-ulcinj.com\/blog\/wp-content\/uploads\/2009\/04\/adiadela-per-bjordin.jpg\" alt=\"adiadela-per-bjordin-big-brother-albania-2\" width=\"300\" height=\"205\" \/><\/a>31\/03\/09 14:10<\/span><\/em><\/p>\n<p>Adi duke i b\u00ebr\u00eb tualet Adel\u00ebs, e pyet p\u00ebr marr\u00ebdh\u00ebnien me Bjordin dhe se cfar\u00eb vendos\u00ebn. Adelajda mendon se t\u00eb dy duhet t\u00eb gjejn\u00eb nj\u00eb zgjidhje p\u00ebr k\u00ebt\u00eb problem. Ajo i tregon se ata jan\u00eb dy bot\u00eb t\u00eb ndryshme dhe secili prej tyre duhet t\u00eb vazhdoj\u00eb jet\u00ebn e vet\u00eb. Adi e ngacmon dhe i thot\u00eb q\u00eb pas k\u00ebsaj ata u puth\u00ebn apo cfar\u00eb dhe Adela ia kthen menj\u00ebher\u00eb se jo. Adi i thot\u00eb se \u00ebsht\u00eb e dukshme q\u00eb asaj i ka ikur truri p\u00ebr t\u00eb, por Adela nuk e pranon k\u00ebt\u00eb gj\u00eb. Adi e pyet at\u00eb se ndoshta e mendon se e ka futur n\u00eb xhep Bjordin dhe se k\u00ebto jan\u00eb vet\u00ebm loj\u00ebra t\u00eb saj. Adela i tregon se ata edhe si miq nuk mund t\u00eb q\u00ebndrojn\u00eb, pasi jan\u00eb shum\u00eb t\u00eb ndrysh\u00ebm nga njeri-tjetri. Sipas vler\u00ebsimit t\u00eb Adit, Bjordi \u00ebsht\u00eb nj\u00eb djal\u00eb shum\u00eb i vecant\u00eb dhe me shum\u00eb vlera. Edhe Adela e mendon k\u00ebt\u00eb gj\u00eb dhe thot\u00eb se Bjordi kaq sa ka ndryshuar, e ka b\u00ebr\u00eb vec p\u00ebr t\u00eb edhe pse ajo nuk do donte.<\/p>\n","protected":false},"excerpt":{"rendered":"<p>31\/03\/09 14:10 Adi duke i b\u00ebr\u00eb tualet Adel\u00ebs, e pyet p\u00ebr marr\u00ebdh\u00ebnien me Bjordin dhe se cfar\u00eb vendos\u00ebn. Adelajda mendon se t\u00eb dy duhet t\u00eb gjejn\u00eb nj\u00eb zgjidhje p\u00ebr k\u00ebt\u00eb problem. Ajo i tregon se ata jan\u00eb dy bot\u00eb t\u00eb ndryshme dhe secili prej tyre duhet t\u00eb vazhdoj\u00eb jet\u00ebn e vet\u00eb. Adi e ngacmon dhe [&hellip;]<\/p>\n","protected":false},"author":1,"featured_media":0,"comment_status":"open","ping_status":"closed","sticky":false,"template":"","format":"standard","meta":{"spay_email":"","jetpack_publicize_message":"","jetpack_is_tweetstorm":false,"jetpack_publicize_feature_enabled":true},"categories":[6502],"tags":[6529,1414,5057,6506,6516,6712,7129,6522,6891,6693,6887],"jetpack_publicize_connections":[],"yoast_head":"<!-- This site is optimized with the Yoast SEO plugin v19.1 - https:\/\/yoast.com\/wordpress\/plugins\/seo\/ -->\n<title>Adi : Bjordi \u00c3\u00absht\u00c3\u00ab i vecant\u00c3\u00ab | Big Brother Albania 2<\/title>\n<meta name=\"description\" content=\"Big Brother Albania 2 - Adi duke i b\u00c3\u00abr\u00c3\u00ab tualet Adel\u00c3\u00abs, e pyet p\u00c3\u00abr marr\u00c3\u00abdh\u00c3\u00abnien me Bjordin dhe se cfar\u00c3\u00ab vendos\u00c3\u00abn. Adelajda mendon se t\u00c3\u00ab dy duhet t\u00c3\u00ab gjejn\u00c3\u00ab nj\u00c3\u00ab zgjidhje p\u00c3\u00abr k\u00c3\u00abt\u00c3\u00ab problem.\" \/>\n<meta name=\"robots\" content=\"index, follow, max-snippet:-1, max-image-preview:large, max-video-preview:-1\" \/>\n<link rel=\"canonical\" href=\"https:\/\/www.visit-ulcinj.com\/blog\/2009\/04\/02\/adi-bjordi-eshte-i-vecante\/\" \/>\n<meta property=\"og:locale\" content=\"en_US\" \/>\n<meta property=\"og:type\" content=\"article\" \/>\n<meta property=\"og:title\" content=\"Adi : Bjordi \u00c3\u00absht\u00c3\u00ab i vecant\u00c3\u00ab | Big Brother Albania 2\" \/>\n<meta property=\"og:description\" content=\"Big Brother Albania 2 - Adi duke i b\u00c3\u00abr\u00c3\u00ab tualet Adel\u00c3\u00abs, e pyet p\u00c3\u00abr marr\u00c3\u00abdh\u00c3\u00abnien me Bjordin dhe se cfar\u00c3\u00ab vendos\u00c3\u00abn. Adelajda mendon se t\u00c3\u00ab dy duhet t\u00c3\u00ab gjejn\u00c3\u00ab nj\u00c3\u00ab zgjidhje p\u00c3\u00abr k\u00c3\u00abt\u00c3\u00ab problem.\" \/>\n<meta property=\"og:url\" content=\"https:\/\/www.visit-ulcinj.com\/blog\/2009\/04\/02\/adi-bjordi-eshte-i-vecante\/\" \/>\n<meta property=\"og:site_name\" content=\"Lajme nga Ulqini\" \/>\n<meta property=\"article:published_time\" content=\"2009-04-02T20:02:22+00:00\" \/>\n<meta property=\"og:image\" content=\"http:\/\/www.visit-ulcinj.com\/blog\/wp-content\/uploads\/2009\/04\/adiadela-per-bjordin.jpg\" \/>\n<meta name=\"twitter:label1\" content=\"Written by\" \/>\n\t<meta name=\"twitter:data1\" content=\"ulqini\" \/>\n\t<meta name=\"twitter:label2\" content=\"Est. reading time\" \/>\n\t<meta name=\"twitter:data2\" content=\"1 minute\" \/>\n<script type=\"application\/ld+json\" class=\"yoast-schema-graph\">{\"@context\":\"https:\/\/schema.org\",\"@graph\":[{\"@type\":\"WebSite\",\"@id\":\"https:\/\/www.visit-ulcinj.com\/blog\/#website\",\"url\":\"https:\/\/www.visit-ulcinj.com\/blog\/\",\"name\":\"Lajme nga Ulqini\",\"description\":\"Lajme,Vijesti,Ulqini,Ulqin,Crna Gora,Mali i Zi\",\"potentialAction\":[{\"@type\":\"SearchAction\",\"target\":{\"@type\":\"EntryPoint\",\"urlTemplate\":\"https:\/\/www.visit-ulcinj.com\/blog\/?s={search_term_string}\"},\"query-input\":\"required name=search_term_string\"}],\"inLanguage\":\"en-US\"},{\"@type\":\"ImageObject\",\"inLanguage\":\"en-US\",\"@id\":\"https:\/\/www.visit-ulcinj.com\/blog\/2009\/04\/02\/adi-bjordi-eshte-i-vecante\/#primaryimage\",\"url\":\"http:\/\/www.visit-ulcinj.com\/blog\/wp-content\/uploads\/2009\/04\/adiadela-per-bjordin.jpg\",\"contentUrl\":\"http:\/\/www.visit-ulcinj.com\/blog\/wp-content\/uploads\/2009\/04\/adiadela-per-bjordin.jpg\"},{\"@type\":\"WebPage\",\"@id\":\"https:\/\/www.visit-ulcinj.com\/blog\/2009\/04\/02\/adi-bjordi-eshte-i-vecante\/#webpage\",\"url\":\"https:\/\/www.visit-ulcinj.com\/blog\/2009\/04\/02\/adi-bjordi-eshte-i-vecante\/\",\"name\":\"Adi : Bjordi \u00c3\u00absht\u00c3\u00ab i vecant\u00c3\u00ab | Big Brother Albania 2\",\"isPartOf\":{\"@id\":\"https:\/\/www.visit-ulcinj.com\/blog\/#website\"},\"primaryImageOfPage\":{\"@id\":\"https:\/\/www.visit-ulcinj.com\/blog\/2009\/04\/02\/adi-bjordi-eshte-i-vecante\/#primaryimage\"},\"datePublished\":\"2009-04-02T20:02:22+00:00\",\"dateModified\":\"2009-04-02T20:02:22+00:00\",\"author\":{\"@id\":\"https:\/\/www.visit-ulcinj.com\/blog\/#\/schema\/person\/dcab619c614d3038751c63bc2aadc06d\"},\"description\":\"Big Brother Albania 2 - Adi duke i b\u00c3\u00abr\u00c3\u00ab tualet Adel\u00c3\u00abs, e pyet p\u00c3\u00abr marr\u00c3\u00abdh\u00c3\u00abnien me Bjordin dhe se cfar\u00c3\u00ab vendos\u00c3\u00abn. Adelajda mendon se t\u00c3\u00ab dy duhet t\u00c3\u00ab gjejn\u00c3\u00ab nj\u00c3\u00ab zgjidhje p\u00c3\u00abr k\u00c3\u00abt\u00c3\u00ab problem.\",\"breadcrumb\":{\"@id\":\"https:\/\/www.visit-ulcinj.com\/blog\/2009\/04\/02\/adi-bjordi-eshte-i-vecante\/#breadcrumb\"},\"inLanguage\":\"en-US\",\"potentialAction\":[{\"@type\":\"ReadAction\",\"target\":[\"https:\/\/www.visit-ulcinj.com\/blog\/2009\/04\/02\/adi-bjordi-eshte-i-vecante\/\"]}]},{\"@type\":\"BreadcrumbList\",\"@id\":\"https:\/\/www.visit-ulcinj.com\/blog\/2009\/04\/02\/adi-bjordi-eshte-i-vecante\/#breadcrumb\",\"itemListElement\":[{\"@type\":\"ListItem\",\"position\":1,\"name\":\"Adi : Bjordi \u00ebsht\u00eb i vecant\u00eb\"}]},{\"@type\":\"Person\",\"@id\":\"https:\/\/www.visit-ulcinj.com\/blog\/#\/schema\/person\/dcab619c614d3038751c63bc2aadc06d\",\"name\":\"ulqini\",\"sameAs\":[\"http:\/\/www.visit-ulcinj.com\"],\"url\":\"https:\/\/www.visit-ulcinj.com\/blog\/author\/admin\/\"}]}<\/script>\n<!-- \/ Yoast SEO plugin. -->","yoast_head_json":{"title":"Adi : Bjordi \u00c3\u00absht\u00c3\u00ab i vecant\u00c3\u00ab | Big Brother Albania 2","description":"Big Brother Albania 2 - Adi duke i b\u00c3\u00abr\u00c3\u00ab tualet Adel\u00c3\u00abs, e pyet p\u00c3\u00abr marr\u00c3\u00abdh\u00c3\u00abnien me Bjordin dhe se cfar\u00c3\u00ab vendos\u00c3\u00abn. Adelajda mendon se t\u00c3\u00ab dy duhet t\u00c3\u00ab gjejn\u00c3\u00ab nj\u00c3\u00ab zgjidhje p\u00c3\u00abr k\u00c3\u00abt\u00c3\u00ab problem.","robots":{"index":"index","follow":"follow","max-snippet":"max-snippet:-1","max-image-preview":"max-image-preview:large","max-video-preview":"max-video-preview:-1"},"canonical":"https:\/\/www.visit-ulcinj.com\/blog\/2009\/04\/02\/adi-bjordi-eshte-i-vecante\/","og_locale":"en_US","og_type":"article","og_title":"Adi : Bjordi \u00c3\u00absht\u00c3\u00ab i vecant\u00c3\u00ab | Big Brother Albania 2","og_description":"Big Brother Albania 2 - Adi duke i b\u00c3\u00abr\u00c3\u00ab tualet Adel\u00c3\u00abs, e pyet p\u00c3\u00abr marr\u00c3\u00abdh\u00c3\u00abnien me Bjordin dhe se cfar\u00c3\u00ab vendos\u00c3\u00abn. Adelajda mendon se t\u00c3\u00ab dy duhet t\u00c3\u00ab gjejn\u00c3\u00ab nj\u00c3\u00ab zgjidhje p\u00c3\u00abr k\u00c3\u00abt\u00c3\u00ab problem.","og_url":"https:\/\/www.visit-ulcinj.com\/blog\/2009\/04\/02\/adi-bjordi-eshte-i-vecante\/","og_site_name":"Lajme nga Ulqini","article_published_time":"2009-04-02T20:02:22+00:00","og_image":[{"url":"http:\/\/www.visit-ulcinj.com\/blog\/wp-content\/uploads\/2009\/04\/adiadela-per-bjordin.jpg"}],"twitter_misc":{"Written by":"ulqini","Est. reading time":"1 minute"},"schema":{"@context":"https:\/\/schema.org","@graph":[{"@type":"WebSite","@id":"https:\/\/www.visit-ulcinj.com\/blog\/#website","url":"https:\/\/www.visit-ulcinj.com\/blog\/","name":"Lajme nga Ulqini","description":"Lajme,Vijesti,Ulqini,Ulqin,Crna Gora,Mali i Zi","potentialAction":[{"@type":"SearchAction","target":{"@type":"EntryPoint","urlTemplate":"https:\/\/www.visit-ulcinj.com\/blog\/?s={search_term_string}"},"query-input":"required name=search_term_string"}],"inLanguage":"en-US"},{"@type":"ImageObject","inLanguage":"en-US","@id":"https:\/\/www.visit-ulcinj.com\/blog\/2009\/04\/02\/adi-bjordi-eshte-i-vecante\/#primaryimage","url":"http:\/\/www.visit-ulcinj.com\/blog\/wp-content\/uploads\/2009\/04\/adiadela-per-bjordin.jpg","contentUrl":"http:\/\/www.visit-ulcinj.com\/blog\/wp-content\/uploads\/2009\/04\/adiadela-per-bjordin.jpg"},{"@type":"WebPage","@id":"https:\/\/www.visit-ulcinj.com\/blog\/2009\/04\/02\/adi-bjordi-eshte-i-vecante\/#webpage","url":"https:\/\/www.visit-ulcinj.com\/blog\/2009\/04\/02\/adi-bjordi-eshte-i-vecante\/","name":"Adi : Bjordi \u00c3\u00absht\u00c3\u00ab i vecant\u00c3\u00ab | Big Brother Albania 2","isPartOf":{"@id":"https:\/\/www.visit-ulcinj.com\/blog\/#website"},"primaryImageOfPage":{"@id":"https:\/\/www.visit-ulcinj.com\/blog\/2009\/04\/02\/adi-bjordi-eshte-i-vecante\/#primaryimage"},"datePublished":"2009-04-02T20:02:22+00:00","dateModified":"2009-04-02T20:02:22+00:00","author":{"@id":"https:\/\/www.visit-ulcinj.com\/blog\/#\/schema\/person\/dcab619c614d3038751c63bc2aadc06d"},"description":"Big Brother Albania 2 - Adi duke i b\u00c3\u00abr\u00c3\u00ab tualet Adel\u00c3\u00abs, e pyet p\u00c3\u00abr marr\u00c3\u00abdh\u00c3\u00abnien me Bjordin dhe se cfar\u00c3\u00ab vendos\u00c3\u00abn. Adelajda mendon se t\u00c3\u00ab dy duhet t\u00c3\u00ab gjejn\u00c3\u00ab nj\u00c3\u00ab zgjidhje p\u00c3\u00abr k\u00c3\u00abt\u00c3\u00ab problem.","breadcrumb":{"@id":"https:\/\/www.visit-ulcinj.com\/blog\/2009\/04\/02\/adi-bjordi-eshte-i-vecante\/#breadcrumb"},"inLanguage":"en-US","potentialAction":[{"@type":"ReadAction","target":["https:\/\/www.visit-ulcinj.com\/blog\/2009\/04\/02\/adi-bjordi-eshte-i-vecante\/"]}]},{"@type":"BreadcrumbList","@id":"https:\/\/www.visit-ulcinj.com\/blog\/2009\/04\/02\/adi-bjordi-eshte-i-vecante\/#breadcrumb","itemListElement":[{"@type":"ListItem","position":1,"name":"Adi : Bjordi \u00ebsht\u00eb i vecant\u00eb"}]},{"@type":"Person","@id":"https:\/\/www.visit-ulcinj.com\/blog\/#\/schema\/person\/dcab619c614d3038751c63bc2aadc06d","name":"ulqini","sameAs":["http:\/\/www.visit-ulcinj.com"],"url":"https:\/\/www.visit-ulcinj.com\/blog\/author\/admin\/"}]}},"jetpack_featured_media_url":"","jetpack_sharing_enabled":true,"jetpack_shortlink":"https:\/\/wp.me\/pe6lTn-4ix","_links":{"self":[{"href":"https:\/\/www.visit-ulcinj.com\/blog\/wp-json\/wp\/v2\/posts\/16525"}],"collection":[{"href":"https:\/\/www.visit-ulcinj.com\/blog\/wp-json\/wp\/v2\/posts"}],"about":[{"href":"https:\/\/www.visit-ulcinj.com\/blog\/wp-json\/wp\/v2\/types\/post"}],"author":[{"embeddable":true,"href":"https:\/\/www.visit-ulcinj.com\/blog\/wp-json\/wp\/v2\/users\/1"}],"replies":[{"embeddable":true,"href":"https:\/\/www.visit-ulcinj.com\/blog\/wp-json\/wp\/v2\/comments?post=16525"}],"version-history":[{"count":0,"href":"https:\/\/www.visit-ulcinj.com\/blog\/wp-json\/wp\/v2\/posts\/16525\/revisions"}],"wp:attachment":[{"href":"https:\/\/www.visit-ulcinj.com\/blog\/wp-json\/wp\/v2\/media?parent=16525"}],"wp:term":[{"taxonomy":"category","embeddable":true,"href":"https:\/\/www.visit-ulcinj.com\/blog\/wp-json\/wp\/v2\/categories?post=16525"},{"taxonomy":"post_tag","embeddable":true,"href":"https:\/\/www.visit-ulcinj.com\/blog\/wp-json\/wp\/v2\/tags?post=16525"}],"curies":[{"name":"wp","href":"https:\/\/api.w.org\/{rel}","templated":true}]}}