{"id":16528,"date":"2009-04-02T22:07:20","date_gmt":"2009-04-02T20:07:20","guid":{"rendered":"http:\/\/www.visit-ulcinj.com\/blog\/?p=16528"},"modified":"2009-04-02T22:07:20","modified_gmt":"2009-04-02T20:07:20","slug":"bika-sa-gabohesh-anjeza","status":"publish","type":"post","link":"https:\/\/www.visit-ulcinj.com\/blog\/2009\/04\/02\/bika-sa-gabohesh-anjeza\/","title":{"rendered":"Bika: Sa gabohesh Anjeza"},"content":{"rendered":"<p><em><span class=\"newsdate\"><a href=\"http:\/\/www.visit-ulcinj.com\/blog\/wp-content\/uploads\/2009\/04\/bisede-per-bjordin.jpg\"><img loading=\"lazy\" class=\"alignleft size-full wp-image-16529\" title=\"bisede-per-bjordin-big-brother-albania-2\" src=\"http:\/\/www.visit-ulcinj.com\/blog\/wp-content\/uploads\/2009\/04\/bisede-per-bjordin.jpg\" alt=\"bisede-per-bjordin-big-brother-albania-2\" width=\"300\" height=\"205\" \/><\/a>31\/03\/09 15:29<\/span><\/em><\/p>\n<p>Banor\u00ebt diskutojn\u00eb p\u00ebr Bjordin si kryefamiljar. Republika thot\u00eb q\u00eb ishte m\u00eb mir\u00eb kur ishte Qetsori q\u00eb menaxhonte buxhetin. Qetsori i thot\u00eb q\u00eb Bjordi \u00ebsht\u00eb i vog\u00ebl. Ajo ia kthen:-\u201c\u00cbsht\u00eb i vog\u00ebl p\u00ebr kryefamiljar, se p\u00ebr gj\u00ebrat e tjera \u00ebsht\u00eb shum\u00eb i zgjuar.\u201d Anjeza e pyet se ku ka arritur n\u00eb k\u00ebt\u00eb p\u00ebrfundim. Ajo i thot\u00eb q\u00eb ato kan\u00eb dy muaj aty brenda, dhe e njohin shum\u00eb mir\u00eb njeri-tjetrin. Anjeza e v\u00eb n\u00eb dyshim fjal\u00ebn e saj. Republika e pyet:-\u201cSi e njeh m\u00eb mir\u00eb nj\u00eb person me dy muaj, apo p\u00ebr nj\u00eb jav\u00eb?\u201d Anjeza i thot\u00eb q\u00eb m\u00eb mir\u00eb e njeh me nj\u00eb jav\u00eb. Ajo ia kthen:-\u201cSa gabohesh!\u201d Biseda kalon s\u00ebrisht n\u00eb lidhje me Bjordin si kryefamiljar. Qetsori thot\u00eb:-\u201cBjordi tani ka kuptuar q\u00eb pun\u00ebt k\u00ebtu nuk ja ka b\u00ebr\u00eb mami por t\u00eb tjer\u00ebt!\u201d<\/p>\n","protected":false},"excerpt":{"rendered":"<p>31\/03\/09 15:29 Banor\u00ebt diskutojn\u00eb p\u00ebr Bjordin si kryefamiljar. Republika thot\u00eb q\u00eb ishte m\u00eb mir\u00eb kur ishte Qetsori q\u00eb menaxhonte buxhetin. Qetsori i thot\u00eb q\u00eb Bjordi \u00ebsht\u00eb i vog\u00ebl. Ajo ia kthen:-\u201c\u00cbsht\u00eb i vog\u00ebl p\u00ebr kryefamiljar, se p\u00ebr gj\u00ebrat e tjera \u00ebsht\u00eb shum\u00eb i zgjuar.\u201d Anjeza e pyet se ku ka arritur n\u00eb k\u00ebt\u00eb p\u00ebrfundim. Ajo [&hellip;]<\/p>\n","protected":false},"author":1,"featured_media":0,"comment_status":"open","ping_status":"closed","sticky":false,"template":"","format":"standard","meta":{"spay_email":"","jetpack_publicize_message":"","jetpack_is_tweetstorm":false,"jetpack_publicize_feature_enabled":true},"categories":[6502],"tags":[8289,5057,6506,6516,6712,7129,6740,6522,262,6891,6693,6887],"jetpack_publicize_connections":[],"yoast_head":"<!-- This site is optimized with the Yoast SEO plugin v19.1 - https:\/\/yoast.com\/wordpress\/plugins\/seo\/ -->\n<title>Bika: Sa gabohesh Anjeza | Big Brother Albania 2<\/title>\n<meta name=\"description\" content=\"Big Brother Albania 2 - Banor\u00c3\u00abt diskutojn\u00c3\u00ab p\u00c3\u00abr Bjordin si kryefamiljar. Republika thot\u00c3\u00ab q\u00c3\u00ab ishte m\u00c3\u00ab mir\u00c3\u00ab kur ishte Qetsori q\u00c3\u00ab menaxhonte buxhetin.\" \/>\n<meta name=\"robots\" content=\"index, follow, max-snippet:-1, max-image-preview:large, max-video-preview:-1\" \/>\n<link rel=\"canonical\" href=\"https:\/\/www.visit-ulcinj.com\/blog\/2009\/04\/02\/bika-sa-gabohesh-anjeza\/\" \/>\n<meta property=\"og:locale\" content=\"en_US\" \/>\n<meta property=\"og:type\" content=\"article\" \/>\n<meta property=\"og:title\" content=\"Bika: Sa gabohesh Anjeza | Big Brother Albania 2\" \/>\n<meta property=\"og:description\" content=\"Big Brother Albania 2 - Banor\u00c3\u00abt diskutojn\u00c3\u00ab p\u00c3\u00abr Bjordin si kryefamiljar. Republika thot\u00c3\u00ab q\u00c3\u00ab ishte m\u00c3\u00ab mir\u00c3\u00ab kur ishte Qetsori q\u00c3\u00ab menaxhonte buxhetin.\" \/>\n<meta property=\"og:url\" content=\"https:\/\/www.visit-ulcinj.com\/blog\/2009\/04\/02\/bika-sa-gabohesh-anjeza\/\" \/>\n<meta property=\"og:site_name\" content=\"Lajme nga Ulqini\" \/>\n<meta property=\"article:published_time\" content=\"2009-04-02T20:07:20+00:00\" \/>\n<meta property=\"og:image\" content=\"http:\/\/www.visit-ulcinj.com\/blog\/wp-content\/uploads\/2009\/04\/bisede-per-bjordin.jpg\" \/>\n<meta name=\"twitter:label1\" content=\"Written by\" \/>\n\t<meta name=\"twitter:data1\" content=\"ulqini\" \/>\n\t<meta name=\"twitter:label2\" content=\"Est. reading time\" \/>\n\t<meta name=\"twitter:data2\" content=\"1 minute\" \/>\n<script type=\"application\/ld+json\" class=\"yoast-schema-graph\">{\"@context\":\"https:\/\/schema.org\",\"@graph\":[{\"@type\":\"WebSite\",\"@id\":\"https:\/\/www.visit-ulcinj.com\/blog\/#website\",\"url\":\"https:\/\/www.visit-ulcinj.com\/blog\/\",\"name\":\"Lajme nga Ulqini\",\"description\":\"Lajme,Vijesti,Ulqini,Ulqin,Crna Gora,Mali i Zi\",\"potentialAction\":[{\"@type\":\"SearchAction\",\"target\":{\"@type\":\"EntryPoint\",\"urlTemplate\":\"https:\/\/www.visit-ulcinj.com\/blog\/?s={search_term_string}\"},\"query-input\":\"required name=search_term_string\"}],\"inLanguage\":\"en-US\"},{\"@type\":\"ImageObject\",\"inLanguage\":\"en-US\",\"@id\":\"https:\/\/www.visit-ulcinj.com\/blog\/2009\/04\/02\/bika-sa-gabohesh-anjeza\/#primaryimage\",\"url\":\"http:\/\/www.visit-ulcinj.com\/blog\/wp-content\/uploads\/2009\/04\/bisede-per-bjordin.jpg\",\"contentUrl\":\"http:\/\/www.visit-ulcinj.com\/blog\/wp-content\/uploads\/2009\/04\/bisede-per-bjordin.jpg\"},{\"@type\":\"WebPage\",\"@id\":\"https:\/\/www.visit-ulcinj.com\/blog\/2009\/04\/02\/bika-sa-gabohesh-anjeza\/#webpage\",\"url\":\"https:\/\/www.visit-ulcinj.com\/blog\/2009\/04\/02\/bika-sa-gabohesh-anjeza\/\",\"name\":\"Bika: Sa gabohesh Anjeza | Big Brother Albania 2\",\"isPartOf\":{\"@id\":\"https:\/\/www.visit-ulcinj.com\/blog\/#website\"},\"primaryImageOfPage\":{\"@id\":\"https:\/\/www.visit-ulcinj.com\/blog\/2009\/04\/02\/bika-sa-gabohesh-anjeza\/#primaryimage\"},\"datePublished\":\"2009-04-02T20:07:20+00:00\",\"dateModified\":\"2009-04-02T20:07:20+00:00\",\"author\":{\"@id\":\"https:\/\/www.visit-ulcinj.com\/blog\/#\/schema\/person\/dcab619c614d3038751c63bc2aadc06d\"},\"description\":\"Big Brother Albania 2 - Banor\u00c3\u00abt diskutojn\u00c3\u00ab p\u00c3\u00abr Bjordin si kryefamiljar. Republika thot\u00c3\u00ab q\u00c3\u00ab ishte m\u00c3\u00ab mir\u00c3\u00ab kur ishte Qetsori q\u00c3\u00ab menaxhonte buxhetin.\",\"breadcrumb\":{\"@id\":\"https:\/\/www.visit-ulcinj.com\/blog\/2009\/04\/02\/bika-sa-gabohesh-anjeza\/#breadcrumb\"},\"inLanguage\":\"en-US\",\"potentialAction\":[{\"@type\":\"ReadAction\",\"target\":[\"https:\/\/www.visit-ulcinj.com\/blog\/2009\/04\/02\/bika-sa-gabohesh-anjeza\/\"]}]},{\"@type\":\"BreadcrumbList\",\"@id\":\"https:\/\/www.visit-ulcinj.com\/blog\/2009\/04\/02\/bika-sa-gabohesh-anjeza\/#breadcrumb\",\"itemListElement\":[{\"@type\":\"ListItem\",\"position\":1,\"name\":\"Bika: Sa gabohesh Anjeza\"}]},{\"@type\":\"Person\",\"@id\":\"https:\/\/www.visit-ulcinj.com\/blog\/#\/schema\/person\/dcab619c614d3038751c63bc2aadc06d\",\"name\":\"ulqini\",\"sameAs\":[\"http:\/\/www.visit-ulcinj.com\"],\"url\":\"https:\/\/www.visit-ulcinj.com\/blog\/author\/admin\/\"}]}<\/script>\n<!-- \/ Yoast SEO plugin. -->","yoast_head_json":{"title":"Bika: Sa gabohesh Anjeza | Big Brother Albania 2","description":"Big Brother Albania 2 - Banor\u00c3\u00abt diskutojn\u00c3\u00ab p\u00c3\u00abr Bjordin si kryefamiljar. Republika thot\u00c3\u00ab q\u00c3\u00ab ishte m\u00c3\u00ab mir\u00c3\u00ab kur ishte Qetsori q\u00c3\u00ab menaxhonte buxhetin.","robots":{"index":"index","follow":"follow","max-snippet":"max-snippet:-1","max-image-preview":"max-image-preview:large","max-video-preview":"max-video-preview:-1"},"canonical":"https:\/\/www.visit-ulcinj.com\/blog\/2009\/04\/02\/bika-sa-gabohesh-anjeza\/","og_locale":"en_US","og_type":"article","og_title":"Bika: Sa gabohesh Anjeza | Big Brother Albania 2","og_description":"Big Brother Albania 2 - Banor\u00c3\u00abt diskutojn\u00c3\u00ab p\u00c3\u00abr Bjordin si kryefamiljar. Republika thot\u00c3\u00ab q\u00c3\u00ab ishte m\u00c3\u00ab mir\u00c3\u00ab kur ishte Qetsori q\u00c3\u00ab menaxhonte buxhetin.","og_url":"https:\/\/www.visit-ulcinj.com\/blog\/2009\/04\/02\/bika-sa-gabohesh-anjeza\/","og_site_name":"Lajme nga Ulqini","article_published_time":"2009-04-02T20:07:20+00:00","og_image":[{"url":"http:\/\/www.visit-ulcinj.com\/blog\/wp-content\/uploads\/2009\/04\/bisede-per-bjordin.jpg"}],"twitter_misc":{"Written by":"ulqini","Est. reading time":"1 minute"},"schema":{"@context":"https:\/\/schema.org","@graph":[{"@type":"WebSite","@id":"https:\/\/www.visit-ulcinj.com\/blog\/#website","url":"https:\/\/www.visit-ulcinj.com\/blog\/","name":"Lajme nga Ulqini","description":"Lajme,Vijesti,Ulqini,Ulqin,Crna Gora,Mali i Zi","potentialAction":[{"@type":"SearchAction","target":{"@type":"EntryPoint","urlTemplate":"https:\/\/www.visit-ulcinj.com\/blog\/?s={search_term_string}"},"query-input":"required name=search_term_string"}],"inLanguage":"en-US"},{"@type":"ImageObject","inLanguage":"en-US","@id":"https:\/\/www.visit-ulcinj.com\/blog\/2009\/04\/02\/bika-sa-gabohesh-anjeza\/#primaryimage","url":"http:\/\/www.visit-ulcinj.com\/blog\/wp-content\/uploads\/2009\/04\/bisede-per-bjordin.jpg","contentUrl":"http:\/\/www.visit-ulcinj.com\/blog\/wp-content\/uploads\/2009\/04\/bisede-per-bjordin.jpg"},{"@type":"WebPage","@id":"https:\/\/www.visit-ulcinj.com\/blog\/2009\/04\/02\/bika-sa-gabohesh-anjeza\/#webpage","url":"https:\/\/www.visit-ulcinj.com\/blog\/2009\/04\/02\/bika-sa-gabohesh-anjeza\/","name":"Bika: Sa gabohesh Anjeza | Big Brother Albania 2","isPartOf":{"@id":"https:\/\/www.visit-ulcinj.com\/blog\/#website"},"primaryImageOfPage":{"@id":"https:\/\/www.visit-ulcinj.com\/blog\/2009\/04\/02\/bika-sa-gabohesh-anjeza\/#primaryimage"},"datePublished":"2009-04-02T20:07:20+00:00","dateModified":"2009-04-02T20:07:20+00:00","author":{"@id":"https:\/\/www.visit-ulcinj.com\/blog\/#\/schema\/person\/dcab619c614d3038751c63bc2aadc06d"},"description":"Big Brother Albania 2 - Banor\u00c3\u00abt diskutojn\u00c3\u00ab p\u00c3\u00abr Bjordin si kryefamiljar. Republika thot\u00c3\u00ab q\u00c3\u00ab ishte m\u00c3\u00ab mir\u00c3\u00ab kur ishte Qetsori q\u00c3\u00ab menaxhonte buxhetin.","breadcrumb":{"@id":"https:\/\/www.visit-ulcinj.com\/blog\/2009\/04\/02\/bika-sa-gabohesh-anjeza\/#breadcrumb"},"inLanguage":"en-US","potentialAction":[{"@type":"ReadAction","target":["https:\/\/www.visit-ulcinj.com\/blog\/2009\/04\/02\/bika-sa-gabohesh-anjeza\/"]}]},{"@type":"BreadcrumbList","@id":"https:\/\/www.visit-ulcinj.com\/blog\/2009\/04\/02\/bika-sa-gabohesh-anjeza\/#breadcrumb","itemListElement":[{"@type":"ListItem","position":1,"name":"Bika: Sa gabohesh Anjeza"}]},{"@type":"Person","@id":"https:\/\/www.visit-ulcinj.com\/blog\/#\/schema\/person\/dcab619c614d3038751c63bc2aadc06d","name":"ulqini","sameAs":["http:\/\/www.visit-ulcinj.com"],"url":"https:\/\/www.visit-ulcinj.com\/blog\/author\/admin\/"}]}},"jetpack_featured_media_url":"","jetpack_sharing_enabled":true,"jetpack_shortlink":"https:\/\/wp.me\/pe6lTn-4iA","_links":{"self":[{"href":"https:\/\/www.visit-ulcinj.com\/blog\/wp-json\/wp\/v2\/posts\/16528"}],"collection":[{"href":"https:\/\/www.visit-ulcinj.com\/blog\/wp-json\/wp\/v2\/posts"}],"about":[{"href":"https:\/\/www.visit-ulcinj.com\/blog\/wp-json\/wp\/v2\/types\/post"}],"author":[{"embeddable":true,"href":"https:\/\/www.visit-ulcinj.com\/blog\/wp-json\/wp\/v2\/users\/1"}],"replies":[{"embeddable":true,"href":"https:\/\/www.visit-ulcinj.com\/blog\/wp-json\/wp\/v2\/comments?post=16528"}],"version-history":[{"count":0,"href":"https:\/\/www.visit-ulcinj.com\/blog\/wp-json\/wp\/v2\/posts\/16528\/revisions"}],"wp:attachment":[{"href":"https:\/\/www.visit-ulcinj.com\/blog\/wp-json\/wp\/v2\/media?parent=16528"}],"wp:term":[{"taxonomy":"category","embeddable":true,"href":"https:\/\/www.visit-ulcinj.com\/blog\/wp-json\/wp\/v2\/categories?post=16528"},{"taxonomy":"post_tag","embeddable":true,"href":"https:\/\/www.visit-ulcinj.com\/blog\/wp-json\/wp\/v2\/tags?post=16528"}],"curies":[{"name":"wp","href":"https:\/\/api.w.org\/{rel}","templated":true}]}}