{"id":16537,"date":"2009-04-02T23:00:26","date_gmt":"2009-04-02T21:00:26","guid":{"rendered":"http:\/\/www.visit-ulcinj.com\/blog\/?p=16537"},"modified":"2009-04-02T23:00:26","modified_gmt":"2009-04-02T21:00:26","slug":"anjeza-i-kam-vezhguar-te-gjithe","status":"publish","type":"post","link":"https:\/\/www.visit-ulcinj.com\/blog\/2009\/04\/02\/anjeza-i-kam-vezhguar-te-gjithe\/","title":{"rendered":"Anjeza: I kam v\u00ebzhguar t\u00eb gjith\u00eb"},"content":{"rendered":"<p><em><span class=\"newsdate\"><a href=\"http:\/\/www.visit-ulcinj.com\/blog\/wp-content\/uploads\/2009\/04\/anjeza-diskutim-qetsorin.jpg\"><img loading=\"lazy\" class=\"alignleft size-full wp-image-16538\" title=\"anjeza-diskutim-qetsorin-big-brother-albania-2\" src=\"http:\/\/www.visit-ulcinj.com\/blog\/wp-content\/uploads\/2009\/04\/anjeza-diskutim-qetsorin.jpg\" alt=\"anjeza-diskutim-qetsorin-big-brother-albania-2\" width=\"300\" height=\"205\" \/><\/a>31\/03\/09 18:59<\/span><\/em><\/p>\n<p>Anjeza dhe Qetsori kapen me fjal\u00eb me nj\u00ebri-tjetrin. Ajo i thot\u00eb q\u00eb \u00ebsht\u00eb e bindur q\u00eb ai nuk e njeh aspak at\u00eb. Qetsori e pyet:-\u201c N\u00eb momentin q\u00eb je lodhur dhe t\u00eb \u2018shtyjn\u00eb\u2019 q\u00eb t\u00eb biesh, ke qejf q\u00eb t\u00eb jem un\u00eb, apo do q\u00eb t\u00eb jet\u00eb dikush tjet\u00ebr?\u201d Sipas saj nuk ka r\u00ebnd\u00ebsi kush do jet\u00eb, dhe shton:-\u201cKam qejf t\u00eb marrin at\u00eb zhg\u00ebnjimin q\u00eb nuk do e arrijn\u00eb dot!\u201d Sipas Anjez\u00ebs, Qetsori e mendon si ajo. Ai e kund\u00ebrshton duke i th\u00ebn\u00eb q\u00eb ai ndryshon m\u00ebnyr\u00ebn e loj\u00ebs duke ndryshuar k\u00ebndv\u00ebshtrimin e gj\u00ebrave. Qetsoti shton q\u00eb nuk q\u00ebndron n\u00eb nj\u00eb pozicion fiks. Anjeza i thot\u00eb q\u00eb e ka v\u00ebn\u00eb re k\u00ebt\u00eb gj\u00eb tek ai. Ai i kthehet:-\u201cTi m\u00eb ke ruajtur mua!\u201d Anjeza i thot\u00eb:-\u201cI kam v\u00ebzhguar t\u00eb gjith\u00eb!\u201d Qetsori i kund\u00ebrp\u00ebrgjigjet duke i th\u00ebn\u00eb q\u00eb ajo ndoshta ka kuptuar ato gj\u00ebra q\u00eb ai ka dashur t`i tregoj\u00eb. Ajo i thot\u00eb q\u00eb n\u00eb disa raste ka ndodhur, dhe shton:-\u201cUn\u00eb arrij t\u00eb kap aq sa mundem, dhe at\u00eb q\u00eb nuk e kap \u00ebsht\u00eb zot\u00ebsia jote!\u201d Ajo i thot\u00eb q\u00eb ai me Arjonin ngjajn\u00eb shum\u00eb, aq sa p\u00ebrdorin t\u00eb nj\u00ebjtat shprehje. Anjeza thot\u00eb:-\u201cNuk e kam kuptuar ke marr\u00eb ti nga Arjoni, apo ai nga ty!\u201d<\/p>\n","protected":false},"excerpt":{"rendered":"<p>31\/03\/09 18:59 Anjeza dhe Qetsori kapen me fjal\u00eb me nj\u00ebri-tjetrin. Ajo i thot\u00eb q\u00eb \u00ebsht\u00eb e bindur q\u00eb ai nuk e njeh aspak at\u00eb. Qetsori e pyet:-\u201c N\u00eb momentin q\u00eb je lodhur dhe t\u00eb \u2018shtyjn\u00eb\u2019 q\u00eb t\u00eb biesh, ke qejf q\u00eb t\u00eb jem un\u00eb, apo do q\u00eb t\u00eb jet\u00eb dikush tjet\u00ebr?\u201d Sipas saj nuk ka [&hellip;]<\/p>\n","protected":false},"author":1,"featured_media":0,"comment_status":"open","ping_status":"closed","sticky":false,"template":"","format":"standard","meta":{"spay_email":"","jetpack_publicize_message":"","jetpack_is_tweetstorm":false,"jetpack_publicize_feature_enabled":true},"categories":[6502],"tags":[6537,8289,5057,6506,6516,6712,7129,6900,6891,6693,6887],"jetpack_publicize_connections":[],"yoast_head":"<!-- This site is optimized with the Yoast SEO plugin v19.1 - https:\/\/yoast.com\/wordpress\/plugins\/seo\/ -->\n<title>Anjeza: I kam v\u00c3\u00abzhguar t\u00c3\u00ab gjith\u00c3\u00ab | Big Brother Albania 2<\/title>\n<meta name=\"description\" content=\"Big Brother Albania 2 - Anjeza dhe Qetsori kapen me fjal\u00c3\u00ab me nj\u00c3\u00abri-tjetrin. Ajo i thot\u00c3\u00ab q\u00c3\u00ab \u00c3\u00absht\u00c3\u00ab e bindur q\u00c3\u00ab ai nuk e njeh aspak at\u00c3\u00ab. Qetsori e pyet\" \/>\n<meta name=\"robots\" content=\"index, follow, max-snippet:-1, max-image-preview:large, max-video-preview:-1\" \/>\n<link rel=\"canonical\" href=\"https:\/\/www.visit-ulcinj.com\/blog\/2009\/04\/02\/anjeza-i-kam-vezhguar-te-gjithe\/\" \/>\n<meta property=\"og:locale\" content=\"en_US\" \/>\n<meta property=\"og:type\" content=\"article\" \/>\n<meta property=\"og:title\" content=\"Anjeza: I kam v\u00c3\u00abzhguar t\u00c3\u00ab gjith\u00c3\u00ab | Big Brother Albania 2\" \/>\n<meta property=\"og:description\" content=\"Big Brother Albania 2 - Anjeza dhe Qetsori kapen me fjal\u00c3\u00ab me nj\u00c3\u00abri-tjetrin. Ajo i thot\u00c3\u00ab q\u00c3\u00ab \u00c3\u00absht\u00c3\u00ab e bindur q\u00c3\u00ab ai nuk e njeh aspak at\u00c3\u00ab. Qetsori e pyet\" \/>\n<meta property=\"og:url\" content=\"https:\/\/www.visit-ulcinj.com\/blog\/2009\/04\/02\/anjeza-i-kam-vezhguar-te-gjithe\/\" \/>\n<meta property=\"og:site_name\" content=\"Lajme nga Ulqini\" \/>\n<meta property=\"article:published_time\" content=\"2009-04-02T21:00:26+00:00\" \/>\n<meta property=\"og:image\" content=\"http:\/\/www.visit-ulcinj.com\/blog\/wp-content\/uploads\/2009\/04\/anjeza-diskutim-qetsorin.jpg\" \/>\n<meta name=\"twitter:label1\" content=\"Written by\" \/>\n\t<meta name=\"twitter:data1\" content=\"ulqini\" \/>\n\t<meta name=\"twitter:label2\" content=\"Est. reading time\" \/>\n\t<meta name=\"twitter:data2\" content=\"1 minute\" \/>\n<script type=\"application\/ld+json\" class=\"yoast-schema-graph\">{\"@context\":\"https:\/\/schema.org\",\"@graph\":[{\"@type\":\"WebSite\",\"@id\":\"https:\/\/www.visit-ulcinj.com\/blog\/#website\",\"url\":\"https:\/\/www.visit-ulcinj.com\/blog\/\",\"name\":\"Lajme nga Ulqini\",\"description\":\"Lajme,Vijesti,Ulqini,Ulqin,Crna Gora,Mali i Zi\",\"potentialAction\":[{\"@type\":\"SearchAction\",\"target\":{\"@type\":\"EntryPoint\",\"urlTemplate\":\"https:\/\/www.visit-ulcinj.com\/blog\/?s={search_term_string}\"},\"query-input\":\"required name=search_term_string\"}],\"inLanguage\":\"en-US\"},{\"@type\":\"ImageObject\",\"inLanguage\":\"en-US\",\"@id\":\"https:\/\/www.visit-ulcinj.com\/blog\/2009\/04\/02\/anjeza-i-kam-vezhguar-te-gjithe\/#primaryimage\",\"url\":\"http:\/\/www.visit-ulcinj.com\/blog\/wp-content\/uploads\/2009\/04\/anjeza-diskutim-qetsorin.jpg\",\"contentUrl\":\"http:\/\/www.visit-ulcinj.com\/blog\/wp-content\/uploads\/2009\/04\/anjeza-diskutim-qetsorin.jpg\"},{\"@type\":\"WebPage\",\"@id\":\"https:\/\/www.visit-ulcinj.com\/blog\/2009\/04\/02\/anjeza-i-kam-vezhguar-te-gjithe\/#webpage\",\"url\":\"https:\/\/www.visit-ulcinj.com\/blog\/2009\/04\/02\/anjeza-i-kam-vezhguar-te-gjithe\/\",\"name\":\"Anjeza: I kam v\u00c3\u00abzhguar t\u00c3\u00ab gjith\u00c3\u00ab | Big Brother Albania 2\",\"isPartOf\":{\"@id\":\"https:\/\/www.visit-ulcinj.com\/blog\/#website\"},\"primaryImageOfPage\":{\"@id\":\"https:\/\/www.visit-ulcinj.com\/blog\/2009\/04\/02\/anjeza-i-kam-vezhguar-te-gjithe\/#primaryimage\"},\"datePublished\":\"2009-04-02T21:00:26+00:00\",\"dateModified\":\"2009-04-02T21:00:26+00:00\",\"author\":{\"@id\":\"https:\/\/www.visit-ulcinj.com\/blog\/#\/schema\/person\/dcab619c614d3038751c63bc2aadc06d\"},\"description\":\"Big Brother Albania 2 - Anjeza dhe Qetsori kapen me fjal\u00c3\u00ab me nj\u00c3\u00abri-tjetrin. Ajo i thot\u00c3\u00ab q\u00c3\u00ab \u00c3\u00absht\u00c3\u00ab e bindur q\u00c3\u00ab ai nuk e njeh aspak at\u00c3\u00ab. Qetsori e pyet\",\"breadcrumb\":{\"@id\":\"https:\/\/www.visit-ulcinj.com\/blog\/2009\/04\/02\/anjeza-i-kam-vezhguar-te-gjithe\/#breadcrumb\"},\"inLanguage\":\"en-US\",\"potentialAction\":[{\"@type\":\"ReadAction\",\"target\":[\"https:\/\/www.visit-ulcinj.com\/blog\/2009\/04\/02\/anjeza-i-kam-vezhguar-te-gjithe\/\"]}]},{\"@type\":\"BreadcrumbList\",\"@id\":\"https:\/\/www.visit-ulcinj.com\/blog\/2009\/04\/02\/anjeza-i-kam-vezhguar-te-gjithe\/#breadcrumb\",\"itemListElement\":[{\"@type\":\"ListItem\",\"position\":1,\"name\":\"Anjeza: I kam v\u00ebzhguar t\u00eb gjith\u00eb\"}]},{\"@type\":\"Person\",\"@id\":\"https:\/\/www.visit-ulcinj.com\/blog\/#\/schema\/person\/dcab619c614d3038751c63bc2aadc06d\",\"name\":\"ulqini\",\"sameAs\":[\"http:\/\/www.visit-ulcinj.com\"],\"url\":\"https:\/\/www.visit-ulcinj.com\/blog\/author\/admin\/\"}]}<\/script>\n<!-- \/ Yoast SEO plugin. -->","yoast_head_json":{"title":"Anjeza: I kam v\u00c3\u00abzhguar t\u00c3\u00ab gjith\u00c3\u00ab | Big Brother Albania 2","description":"Big Brother Albania 2 - Anjeza dhe Qetsori kapen me fjal\u00c3\u00ab me nj\u00c3\u00abri-tjetrin. Ajo i thot\u00c3\u00ab q\u00c3\u00ab \u00c3\u00absht\u00c3\u00ab e bindur q\u00c3\u00ab ai nuk e njeh aspak at\u00c3\u00ab. Qetsori e pyet","robots":{"index":"index","follow":"follow","max-snippet":"max-snippet:-1","max-image-preview":"max-image-preview:large","max-video-preview":"max-video-preview:-1"},"canonical":"https:\/\/www.visit-ulcinj.com\/blog\/2009\/04\/02\/anjeza-i-kam-vezhguar-te-gjithe\/","og_locale":"en_US","og_type":"article","og_title":"Anjeza: I kam v\u00c3\u00abzhguar t\u00c3\u00ab gjith\u00c3\u00ab | Big Brother Albania 2","og_description":"Big Brother Albania 2 - Anjeza dhe Qetsori kapen me fjal\u00c3\u00ab me nj\u00c3\u00abri-tjetrin. Ajo i thot\u00c3\u00ab q\u00c3\u00ab \u00c3\u00absht\u00c3\u00ab e bindur q\u00c3\u00ab ai nuk e njeh aspak at\u00c3\u00ab. Qetsori e pyet","og_url":"https:\/\/www.visit-ulcinj.com\/blog\/2009\/04\/02\/anjeza-i-kam-vezhguar-te-gjithe\/","og_site_name":"Lajme nga Ulqini","article_published_time":"2009-04-02T21:00:26+00:00","og_image":[{"url":"http:\/\/www.visit-ulcinj.com\/blog\/wp-content\/uploads\/2009\/04\/anjeza-diskutim-qetsorin.jpg"}],"twitter_misc":{"Written by":"ulqini","Est. reading time":"1 minute"},"schema":{"@context":"https:\/\/schema.org","@graph":[{"@type":"WebSite","@id":"https:\/\/www.visit-ulcinj.com\/blog\/#website","url":"https:\/\/www.visit-ulcinj.com\/blog\/","name":"Lajme nga Ulqini","description":"Lajme,Vijesti,Ulqini,Ulqin,Crna Gora,Mali i Zi","potentialAction":[{"@type":"SearchAction","target":{"@type":"EntryPoint","urlTemplate":"https:\/\/www.visit-ulcinj.com\/blog\/?s={search_term_string}"},"query-input":"required name=search_term_string"}],"inLanguage":"en-US"},{"@type":"ImageObject","inLanguage":"en-US","@id":"https:\/\/www.visit-ulcinj.com\/blog\/2009\/04\/02\/anjeza-i-kam-vezhguar-te-gjithe\/#primaryimage","url":"http:\/\/www.visit-ulcinj.com\/blog\/wp-content\/uploads\/2009\/04\/anjeza-diskutim-qetsorin.jpg","contentUrl":"http:\/\/www.visit-ulcinj.com\/blog\/wp-content\/uploads\/2009\/04\/anjeza-diskutim-qetsorin.jpg"},{"@type":"WebPage","@id":"https:\/\/www.visit-ulcinj.com\/blog\/2009\/04\/02\/anjeza-i-kam-vezhguar-te-gjithe\/#webpage","url":"https:\/\/www.visit-ulcinj.com\/blog\/2009\/04\/02\/anjeza-i-kam-vezhguar-te-gjithe\/","name":"Anjeza: I kam v\u00c3\u00abzhguar t\u00c3\u00ab gjith\u00c3\u00ab | Big Brother Albania 2","isPartOf":{"@id":"https:\/\/www.visit-ulcinj.com\/blog\/#website"},"primaryImageOfPage":{"@id":"https:\/\/www.visit-ulcinj.com\/blog\/2009\/04\/02\/anjeza-i-kam-vezhguar-te-gjithe\/#primaryimage"},"datePublished":"2009-04-02T21:00:26+00:00","dateModified":"2009-04-02T21:00:26+00:00","author":{"@id":"https:\/\/www.visit-ulcinj.com\/blog\/#\/schema\/person\/dcab619c614d3038751c63bc2aadc06d"},"description":"Big Brother Albania 2 - Anjeza dhe Qetsori kapen me fjal\u00c3\u00ab me nj\u00c3\u00abri-tjetrin. Ajo i thot\u00c3\u00ab q\u00c3\u00ab \u00c3\u00absht\u00c3\u00ab e bindur q\u00c3\u00ab ai nuk e njeh aspak at\u00c3\u00ab. Qetsori e pyet","breadcrumb":{"@id":"https:\/\/www.visit-ulcinj.com\/blog\/2009\/04\/02\/anjeza-i-kam-vezhguar-te-gjithe\/#breadcrumb"},"inLanguage":"en-US","potentialAction":[{"@type":"ReadAction","target":["https:\/\/www.visit-ulcinj.com\/blog\/2009\/04\/02\/anjeza-i-kam-vezhguar-te-gjithe\/"]}]},{"@type":"BreadcrumbList","@id":"https:\/\/www.visit-ulcinj.com\/blog\/2009\/04\/02\/anjeza-i-kam-vezhguar-te-gjithe\/#breadcrumb","itemListElement":[{"@type":"ListItem","position":1,"name":"Anjeza: I kam v\u00ebzhguar t\u00eb gjith\u00eb"}]},{"@type":"Person","@id":"https:\/\/www.visit-ulcinj.com\/blog\/#\/schema\/person\/dcab619c614d3038751c63bc2aadc06d","name":"ulqini","sameAs":["http:\/\/www.visit-ulcinj.com"],"url":"https:\/\/www.visit-ulcinj.com\/blog\/author\/admin\/"}]}},"jetpack_featured_media_url":"","jetpack_sharing_enabled":true,"jetpack_shortlink":"https:\/\/wp.me\/pe6lTn-4iJ","_links":{"self":[{"href":"https:\/\/www.visit-ulcinj.com\/blog\/wp-json\/wp\/v2\/posts\/16537"}],"collection":[{"href":"https:\/\/www.visit-ulcinj.com\/blog\/wp-json\/wp\/v2\/posts"}],"about":[{"href":"https:\/\/www.visit-ulcinj.com\/blog\/wp-json\/wp\/v2\/types\/post"}],"author":[{"embeddable":true,"href":"https:\/\/www.visit-ulcinj.com\/blog\/wp-json\/wp\/v2\/users\/1"}],"replies":[{"embeddable":true,"href":"https:\/\/www.visit-ulcinj.com\/blog\/wp-json\/wp\/v2\/comments?post=16537"}],"version-history":[{"count":0,"href":"https:\/\/www.visit-ulcinj.com\/blog\/wp-json\/wp\/v2\/posts\/16537\/revisions"}],"wp:attachment":[{"href":"https:\/\/www.visit-ulcinj.com\/blog\/wp-json\/wp\/v2\/media?parent=16537"}],"wp:term":[{"taxonomy":"category","embeddable":true,"href":"https:\/\/www.visit-ulcinj.com\/blog\/wp-json\/wp\/v2\/categories?post=16537"},{"taxonomy":"post_tag","embeddable":true,"href":"https:\/\/www.visit-ulcinj.com\/blog\/wp-json\/wp\/v2\/tags?post=16537"}],"curies":[{"name":"wp","href":"https:\/\/api.w.org\/{rel}","templated":true}]}}