{"id":16540,"date":"2009-04-02T23:03:18","date_gmt":"2009-04-02T21:03:18","guid":{"rendered":"http:\/\/www.visit-ulcinj.com\/blog\/?p=16540"},"modified":"2009-04-02T23:03:18","modified_gmt":"2009-04-02T21:03:18","slug":"aida-nuk-te-nxjer-ne-nominim","status":"publish","type":"post","link":"https:\/\/www.visit-ulcinj.com\/blog\/2009\/04\/02\/aida-nuk-te-nxjer-ne-nominim\/","title":{"rendered":"Aida: Nuk t\u00eb nxjer n\u00eb nominim"},"content":{"rendered":"<p><em><span class=\"newsdate\"><a href=\"http:\/\/www.visit-ulcinj.com\/blog\/wp-content\/uploads\/2009\/04\/aida-dhe-tani-bisede.jpg\"><img loading=\"lazy\" class=\"alignleft size-full wp-image-16541\" title=\"aida-dhe-tani-bisede-big-brother-albania-2\" src=\"http:\/\/www.visit-ulcinj.com\/blog\/wp-content\/uploads\/2009\/04\/aida-dhe-tani-bisede.jpg\" alt=\"aida-dhe-tani-bisede-big-brother-albania-2\" width=\"300\" height=\"205\" \/><\/a>31\/03\/09 20:49<\/span><\/em><\/p>\n<p>Aida p\u00ebrfiton nga momenti q\u00eb \u00ebsht\u00eb vet\u00ebm me Dritanin p\u00ebr ta pyetur n\u00eb lidhje me nominimin. Ajo e pyet:-\u201cTi v\u00ebrtet do t\u00eb jesh n\u00eb nominim?\u201d Dritani i p\u00ebrgjigjet q\u00eb \u00ebsht\u00eb vler\u00ebsim po t\u00eb jesh, dhe se mendon q\u00eb ai do dal\u00eb. Aida i thot\u00eb q\u00eb nominimi \u00ebsht\u00eb nj\u00eb lloj testimi. Dritani i thot\u00eb:-\u201cDuro dhe pak se do ta shuaj kuriozitetin n\u00ebse kam d\u00ebshir\u00eb t\u00eb jem n\u00eb nominim, apo jo!\u201d Aida i kthehet:-\u201cN\u00eb nominim dua t\u00eb jem vet\u00eb, nd\u00ebrsa ty nuk t\u00eb nxjerr!\u201d Sipas tij ai disa veprime i kthen n\u00eb favorin e tij. Ajo tregon q\u00eb kishte par\u00eb filxhan dhe shton:-\u201cM\u00eb tha rrug\u00eb t\u00eb mbar\u00eb!\u201d Ajo k\u00ebshillon Dritanin q\u00eb ngacmimet t`i b\u00ebj pak m\u00eb t\u00eb rafinuara, sepse sipas mendimit t\u00eb saj jan\u00eb t\u00eb turbullta. Dritani i thot\u00eb q\u00eb ka qejf ta ngacmoj\u00eb, por i vjen keq q\u00eb gjejn\u00eb terren t\u00eb tjer\u00ebt nga kjo gj\u00eb. Ai vazhdon diskuton p\u00ebr nominimet dhe shton:-\u201cK\u00ebt\u00eb jav\u00eb \u00ebsht\u00eb e fort\u00eb! P\u00ebrplasen kat\u00ebr veta dhe rrin\u00eb Antonini dhe Anjeza!\u201d Sipas Aid\u00ebs nga t\u00eb rinjt\u00eb priten \u2018fildisha\u2019. Dritanit thot\u00eb q\u00eb banor\u00ebt jan\u00eb lidhur shum\u00eb me nj\u00ebri-tjetrin, dhe u duket sikur humbasin dicka kur largohet dikush.<\/p>\n","protected":false},"excerpt":{"rendered":"<p>31\/03\/09 20:49 Aida p\u00ebrfiton nga momenti q\u00eb \u00ebsht\u00eb vet\u00ebm me Dritanin p\u00ebr ta pyetur n\u00eb lidhje me nominimin. Ajo e pyet:-\u201cTi v\u00ebrtet do t\u00eb jesh n\u00eb nominim?\u201d Dritani i p\u00ebrgjigjet q\u00eb \u00ebsht\u00eb vler\u00ebsim po t\u00eb jesh, dhe se mendon q\u00eb ai do dal\u00eb. Aida i thot\u00eb q\u00eb nominimi \u00ebsht\u00eb nj\u00eb lloj testimi. Dritani i thot\u00eb:-\u201cDuro [&hellip;]<\/p>\n","protected":false},"author":1,"featured_media":0,"comment_status":"open","ping_status":"closed","sticky":false,"template":"","format":"standard","meta":{"spay_email":"","jetpack_publicize_message":"","jetpack_is_tweetstorm":false,"jetpack_publicize_feature_enabled":true},"categories":[6502],"tags":[6537,8289,5057,6506,6516,6712,7129,6521,6891,6693,6887],"jetpack_publicize_connections":[],"yoast_head":"<!-- This site is optimized with the Yoast SEO plugin v19.1 - https:\/\/yoast.com\/wordpress\/plugins\/seo\/ -->\n<title>Aida: Nuk t\u00c3\u00ab nxjer n\u00c3\u00ab nominim | Big Brother Albania 2<\/title>\n<meta name=\"description\" content=\"Big Brother Albania 2 - Aida p\u00c3\u00abrfiton nga momenti q\u00c3\u00ab \u00c3\u00absht\u00c3\u00ab vet\u00c3\u00abm me Dritanin p\u00c3\u00abr ta pyetur n\u00c3\u00ab lidhje me nominimin. Ajo e pyet:-\u00e2\u20ac\u0153Ti v\u00c3\u00abrtet do t\u00c3\u00ab jesh n\u00c3\u00ab nominim?&quot;\" \/>\n<meta name=\"robots\" content=\"index, follow, max-snippet:-1, max-image-preview:large, max-video-preview:-1\" \/>\n<link rel=\"canonical\" href=\"https:\/\/www.visit-ulcinj.com\/blog\/2009\/04\/02\/aida-nuk-te-nxjer-ne-nominim\/\" \/>\n<meta property=\"og:locale\" content=\"en_US\" \/>\n<meta property=\"og:type\" content=\"article\" \/>\n<meta property=\"og:title\" content=\"Aida: Nuk t\u00c3\u00ab nxjer n\u00c3\u00ab nominim | Big Brother Albania 2\" \/>\n<meta property=\"og:description\" content=\"Big Brother Albania 2 - Aida p\u00c3\u00abrfiton nga momenti q\u00c3\u00ab \u00c3\u00absht\u00c3\u00ab vet\u00c3\u00abm me Dritanin p\u00c3\u00abr ta pyetur n\u00c3\u00ab lidhje me nominimin. Ajo e pyet:-\u00e2\u20ac\u0153Ti v\u00c3\u00abrtet do t\u00c3\u00ab jesh n\u00c3\u00ab nominim?&quot;\" \/>\n<meta property=\"og:url\" content=\"https:\/\/www.visit-ulcinj.com\/blog\/2009\/04\/02\/aida-nuk-te-nxjer-ne-nominim\/\" \/>\n<meta property=\"og:site_name\" content=\"Lajme nga Ulqini\" \/>\n<meta property=\"article:published_time\" content=\"2009-04-02T21:03:18+00:00\" \/>\n<meta property=\"og:image\" content=\"http:\/\/www.visit-ulcinj.com\/blog\/wp-content\/uploads\/2009\/04\/aida-dhe-tani-bisede.jpg\" \/>\n<meta name=\"twitter:label1\" content=\"Written by\" \/>\n\t<meta name=\"twitter:data1\" content=\"ulqini\" \/>\n\t<meta name=\"twitter:label2\" content=\"Est. reading time\" \/>\n\t<meta name=\"twitter:data2\" content=\"1 minute\" \/>\n<script type=\"application\/ld+json\" class=\"yoast-schema-graph\">{\"@context\":\"https:\/\/schema.org\",\"@graph\":[{\"@type\":\"WebSite\",\"@id\":\"https:\/\/www.visit-ulcinj.com\/blog\/#website\",\"url\":\"https:\/\/www.visit-ulcinj.com\/blog\/\",\"name\":\"Lajme nga Ulqini\",\"description\":\"Lajme,Vijesti,Ulqini,Ulqin,Crna Gora,Mali i Zi\",\"potentialAction\":[{\"@type\":\"SearchAction\",\"target\":{\"@type\":\"EntryPoint\",\"urlTemplate\":\"https:\/\/www.visit-ulcinj.com\/blog\/?s={search_term_string}\"},\"query-input\":\"required name=search_term_string\"}],\"inLanguage\":\"en-US\"},{\"@type\":\"ImageObject\",\"inLanguage\":\"en-US\",\"@id\":\"https:\/\/www.visit-ulcinj.com\/blog\/2009\/04\/02\/aida-nuk-te-nxjer-ne-nominim\/#primaryimage\",\"url\":\"http:\/\/www.visit-ulcinj.com\/blog\/wp-content\/uploads\/2009\/04\/aida-dhe-tani-bisede.jpg\",\"contentUrl\":\"http:\/\/www.visit-ulcinj.com\/blog\/wp-content\/uploads\/2009\/04\/aida-dhe-tani-bisede.jpg\"},{\"@type\":\"WebPage\",\"@id\":\"https:\/\/www.visit-ulcinj.com\/blog\/2009\/04\/02\/aida-nuk-te-nxjer-ne-nominim\/#webpage\",\"url\":\"https:\/\/www.visit-ulcinj.com\/blog\/2009\/04\/02\/aida-nuk-te-nxjer-ne-nominim\/\",\"name\":\"Aida: Nuk t\u00c3\u00ab nxjer n\u00c3\u00ab nominim | Big Brother Albania 2\",\"isPartOf\":{\"@id\":\"https:\/\/www.visit-ulcinj.com\/blog\/#website\"},\"primaryImageOfPage\":{\"@id\":\"https:\/\/www.visit-ulcinj.com\/blog\/2009\/04\/02\/aida-nuk-te-nxjer-ne-nominim\/#primaryimage\"},\"datePublished\":\"2009-04-02T21:03:18+00:00\",\"dateModified\":\"2009-04-02T21:03:18+00:00\",\"author\":{\"@id\":\"https:\/\/www.visit-ulcinj.com\/blog\/#\/schema\/person\/dcab619c614d3038751c63bc2aadc06d\"},\"description\":\"Big Brother Albania 2 - Aida p\u00c3\u00abrfiton nga momenti q\u00c3\u00ab \u00c3\u00absht\u00c3\u00ab vet\u00c3\u00abm me Dritanin p\u00c3\u00abr ta pyetur n\u00c3\u00ab lidhje me nominimin. Ajo e pyet:-\u00e2\u20ac\u0153Ti v\u00c3\u00abrtet do t\u00c3\u00ab jesh n\u00c3\u00ab nominim?\\\"\",\"breadcrumb\":{\"@id\":\"https:\/\/www.visit-ulcinj.com\/blog\/2009\/04\/02\/aida-nuk-te-nxjer-ne-nominim\/#breadcrumb\"},\"inLanguage\":\"en-US\",\"potentialAction\":[{\"@type\":\"ReadAction\",\"target\":[\"https:\/\/www.visit-ulcinj.com\/blog\/2009\/04\/02\/aida-nuk-te-nxjer-ne-nominim\/\"]}]},{\"@type\":\"BreadcrumbList\",\"@id\":\"https:\/\/www.visit-ulcinj.com\/blog\/2009\/04\/02\/aida-nuk-te-nxjer-ne-nominim\/#breadcrumb\",\"itemListElement\":[{\"@type\":\"ListItem\",\"position\":1,\"name\":\"Aida: Nuk t\u00eb nxjer n\u00eb nominim\"}]},{\"@type\":\"Person\",\"@id\":\"https:\/\/www.visit-ulcinj.com\/blog\/#\/schema\/person\/dcab619c614d3038751c63bc2aadc06d\",\"name\":\"ulqini\",\"sameAs\":[\"http:\/\/www.visit-ulcinj.com\"],\"url\":\"https:\/\/www.visit-ulcinj.com\/blog\/author\/admin\/\"}]}<\/script>\n<!-- \/ Yoast SEO plugin. -->","yoast_head_json":{"title":"Aida: Nuk t\u00c3\u00ab nxjer n\u00c3\u00ab nominim | Big Brother Albania 2","description":"Big Brother Albania 2 - Aida p\u00c3\u00abrfiton nga momenti q\u00c3\u00ab \u00c3\u00absht\u00c3\u00ab vet\u00c3\u00abm me Dritanin p\u00c3\u00abr ta pyetur n\u00c3\u00ab lidhje me nominimin. Ajo e pyet:-\u00e2\u20ac\u0153Ti v\u00c3\u00abrtet do t\u00c3\u00ab jesh n\u00c3\u00ab nominim?\"","robots":{"index":"index","follow":"follow","max-snippet":"max-snippet:-1","max-image-preview":"max-image-preview:large","max-video-preview":"max-video-preview:-1"},"canonical":"https:\/\/www.visit-ulcinj.com\/blog\/2009\/04\/02\/aida-nuk-te-nxjer-ne-nominim\/","og_locale":"en_US","og_type":"article","og_title":"Aida: Nuk t\u00c3\u00ab nxjer n\u00c3\u00ab nominim | Big Brother Albania 2","og_description":"Big Brother Albania 2 - Aida p\u00c3\u00abrfiton nga momenti q\u00c3\u00ab \u00c3\u00absht\u00c3\u00ab vet\u00c3\u00abm me Dritanin p\u00c3\u00abr ta pyetur n\u00c3\u00ab lidhje me nominimin. Ajo e pyet:-\u00e2\u20ac\u0153Ti v\u00c3\u00abrtet do t\u00c3\u00ab jesh n\u00c3\u00ab nominim?\"","og_url":"https:\/\/www.visit-ulcinj.com\/blog\/2009\/04\/02\/aida-nuk-te-nxjer-ne-nominim\/","og_site_name":"Lajme nga Ulqini","article_published_time":"2009-04-02T21:03:18+00:00","og_image":[{"url":"http:\/\/www.visit-ulcinj.com\/blog\/wp-content\/uploads\/2009\/04\/aida-dhe-tani-bisede.jpg"}],"twitter_misc":{"Written by":"ulqini","Est. reading time":"1 minute"},"schema":{"@context":"https:\/\/schema.org","@graph":[{"@type":"WebSite","@id":"https:\/\/www.visit-ulcinj.com\/blog\/#website","url":"https:\/\/www.visit-ulcinj.com\/blog\/","name":"Lajme nga Ulqini","description":"Lajme,Vijesti,Ulqini,Ulqin,Crna Gora,Mali i Zi","potentialAction":[{"@type":"SearchAction","target":{"@type":"EntryPoint","urlTemplate":"https:\/\/www.visit-ulcinj.com\/blog\/?s={search_term_string}"},"query-input":"required name=search_term_string"}],"inLanguage":"en-US"},{"@type":"ImageObject","inLanguage":"en-US","@id":"https:\/\/www.visit-ulcinj.com\/blog\/2009\/04\/02\/aida-nuk-te-nxjer-ne-nominim\/#primaryimage","url":"http:\/\/www.visit-ulcinj.com\/blog\/wp-content\/uploads\/2009\/04\/aida-dhe-tani-bisede.jpg","contentUrl":"http:\/\/www.visit-ulcinj.com\/blog\/wp-content\/uploads\/2009\/04\/aida-dhe-tani-bisede.jpg"},{"@type":"WebPage","@id":"https:\/\/www.visit-ulcinj.com\/blog\/2009\/04\/02\/aida-nuk-te-nxjer-ne-nominim\/#webpage","url":"https:\/\/www.visit-ulcinj.com\/blog\/2009\/04\/02\/aida-nuk-te-nxjer-ne-nominim\/","name":"Aida: Nuk t\u00c3\u00ab nxjer n\u00c3\u00ab nominim | Big Brother Albania 2","isPartOf":{"@id":"https:\/\/www.visit-ulcinj.com\/blog\/#website"},"primaryImageOfPage":{"@id":"https:\/\/www.visit-ulcinj.com\/blog\/2009\/04\/02\/aida-nuk-te-nxjer-ne-nominim\/#primaryimage"},"datePublished":"2009-04-02T21:03:18+00:00","dateModified":"2009-04-02T21:03:18+00:00","author":{"@id":"https:\/\/www.visit-ulcinj.com\/blog\/#\/schema\/person\/dcab619c614d3038751c63bc2aadc06d"},"description":"Big Brother Albania 2 - Aida p\u00c3\u00abrfiton nga momenti q\u00c3\u00ab \u00c3\u00absht\u00c3\u00ab vet\u00c3\u00abm me Dritanin p\u00c3\u00abr ta pyetur n\u00c3\u00ab lidhje me nominimin. Ajo e pyet:-\u00e2\u20ac\u0153Ti v\u00c3\u00abrtet do t\u00c3\u00ab jesh n\u00c3\u00ab nominim?\"","breadcrumb":{"@id":"https:\/\/www.visit-ulcinj.com\/blog\/2009\/04\/02\/aida-nuk-te-nxjer-ne-nominim\/#breadcrumb"},"inLanguage":"en-US","potentialAction":[{"@type":"ReadAction","target":["https:\/\/www.visit-ulcinj.com\/blog\/2009\/04\/02\/aida-nuk-te-nxjer-ne-nominim\/"]}]},{"@type":"BreadcrumbList","@id":"https:\/\/www.visit-ulcinj.com\/blog\/2009\/04\/02\/aida-nuk-te-nxjer-ne-nominim\/#breadcrumb","itemListElement":[{"@type":"ListItem","position":1,"name":"Aida: Nuk t\u00eb nxjer n\u00eb nominim"}]},{"@type":"Person","@id":"https:\/\/www.visit-ulcinj.com\/blog\/#\/schema\/person\/dcab619c614d3038751c63bc2aadc06d","name":"ulqini","sameAs":["http:\/\/www.visit-ulcinj.com"],"url":"https:\/\/www.visit-ulcinj.com\/blog\/author\/admin\/"}]}},"jetpack_featured_media_url":"","jetpack_sharing_enabled":true,"jetpack_shortlink":"https:\/\/wp.me\/pe6lTn-4iM","_links":{"self":[{"href":"https:\/\/www.visit-ulcinj.com\/blog\/wp-json\/wp\/v2\/posts\/16540"}],"collection":[{"href":"https:\/\/www.visit-ulcinj.com\/blog\/wp-json\/wp\/v2\/posts"}],"about":[{"href":"https:\/\/www.visit-ulcinj.com\/blog\/wp-json\/wp\/v2\/types\/post"}],"author":[{"embeddable":true,"href":"https:\/\/www.visit-ulcinj.com\/blog\/wp-json\/wp\/v2\/users\/1"}],"replies":[{"embeddable":true,"href":"https:\/\/www.visit-ulcinj.com\/blog\/wp-json\/wp\/v2\/comments?post=16540"}],"version-history":[{"count":0,"href":"https:\/\/www.visit-ulcinj.com\/blog\/wp-json\/wp\/v2\/posts\/16540\/revisions"}],"wp:attachment":[{"href":"https:\/\/www.visit-ulcinj.com\/blog\/wp-json\/wp\/v2\/media?parent=16540"}],"wp:term":[{"taxonomy":"category","embeddable":true,"href":"https:\/\/www.visit-ulcinj.com\/blog\/wp-json\/wp\/v2\/categories?post=16540"},{"taxonomy":"post_tag","embeddable":true,"href":"https:\/\/www.visit-ulcinj.com\/blog\/wp-json\/wp\/v2\/tags?post=16540"}],"curies":[{"name":"wp","href":"https:\/\/api.w.org\/{rel}","templated":true}]}}