{"id":16544,"date":"2009-04-02T23:06:39","date_gmt":"2009-04-02T21:06:39","guid":{"rendered":"http:\/\/www.visit-ulcinj.com\/blog\/?p=16544"},"modified":"2009-04-02T23:06:39","modified_gmt":"2009-04-02T21:06:39","slug":"dritan-ti-je-ndryshe-nga-c%e2%80%99dukesh","status":"publish","type":"post","link":"https:\/\/www.visit-ulcinj.com\/blog\/2009\/04\/02\/dritan-ti-je-ndryshe-nga-c%e2%80%99dukesh\/","title":{"rendered":"Dritan : Ti je ndryshe nga \u00e7\u2019dukesh"},"content":{"rendered":"<p><em><span class=\"newsdate\"><a href=\"http:\/\/www.visit-ulcinj.com\/blog\/wp-content\/uploads\/2009\/04\/dritan-per-aiden.jpg\"><img loading=\"lazy\" class=\"alignleft size-full wp-image-16545\" title=\"dritan-per-aiden-big-brother-albania-2\" src=\"http:\/\/www.visit-ulcinj.com\/blog\/wp-content\/uploads\/2009\/04\/dritan-per-aiden.jpg\" alt=\"dritan-per-aiden-big-brother-albania-2\" width=\"300\" height=\"205\" \/><\/a>31\/03\/09 21:30<\/span><\/em><\/p>\n<p>\u201cE ke pyetur ndonj\u00ebher\u00eb se cfar\u00eb imazhi p\u00ebrcjell ti?\u201d- e ka pyetur Dritani Adi\u00ebn. Ajo i ka th\u00ebn\u00eb se e dinte se cfar\u00eb imazhi p\u00ebrcillte. Dritani ka vazhduar duke i th\u00ebn\u00eb se kur e kishte par\u00eb n\u00eb fillim, nuk i kishte p\u00eblqyer aspak, pastaj kur e kishte njohur, kishte krijuar tjet\u00ebr p\u00ebrshtypje. \u201cTi je shum\u00eb ndryshe nga \u00e7\u2019dukesh!\u201d \u2013 i ka th\u00ebn\u00eb ai. Ai i ka th\u00ebn\u00eb gjithashtu se nuk i p\u00eblqente aspak q\u00ebndrimi i saj. \u201cM\u00ebnyra sesi mban cigaren, sesi flet, sesi v\u00ebshtron, p\u00ebrcjellin nj\u00eb imazh krejt tjet\u00ebr!\u201d- i ka th\u00ebn\u00eb Dritani duke shpjeguar se kjo nuk i p\u00eblqente. Ai nuk i p\u00eblqente aspak femrat q\u00eb pinin cigare, aq m\u00eb tep\u00ebr n\u00eb at\u00eb lloj m\u00ebnyre. Sipas Aid\u00ebs, meshkujt nuk i p\u00eblqenin femrat q\u00eb mund t\u00eb kishin pushtet, pasi kjo ishte nj\u00eb gj\u00eb q\u00eb i trembte ata. M\u00eb pas ajo ka shtuar se kjo fasad\u00eb , ky imazh, e ka mbrojtur dhe vazhdonte ta mbronte at\u00eb nga shum\u00eb gj\u00ebra, por ajo dinte edhe t\u2019u linte hap\u00ebsir\u00eb t\u00eb tjer\u00ebve p\u00ebr ta njohur m\u00eb thell\u00eb, p\u00ebrtej p\u00ebrshtypjes fillestare.<\/p>\n","protected":false},"excerpt":{"rendered":"<p>31\/03\/09 21:30 \u201cE ke pyetur ndonj\u00ebher\u00eb se cfar\u00eb imazhi p\u00ebrcjell ti?\u201d- e ka pyetur Dritani Adi\u00ebn. Ajo i ka th\u00ebn\u00eb se e dinte se cfar\u00eb imazhi p\u00ebrcillte. Dritani ka vazhduar duke i th\u00ebn\u00eb se kur e kishte par\u00eb n\u00eb fillim, nuk i kishte p\u00eblqyer aspak, pastaj kur e kishte njohur, kishte krijuar tjet\u00ebr p\u00ebrshtypje. \u201cTi [&hellip;]<\/p>\n","protected":false},"author":1,"featured_media":0,"comment_status":"open","ping_status":"closed","sticky":false,"template":"","format":"standard","meta":{"spay_email":"","jetpack_publicize_message":"","jetpack_is_tweetstorm":false,"jetpack_publicize_feature_enabled":true},"categories":[6502],"tags":[6537,5057,6506,6516,6712,7129,6521,8695,6891,6693,6887,8694],"jetpack_publicize_connections":[],"yoast_head":"<!-- This site is optimized with the Yoast SEO plugin v19.1 - https:\/\/yoast.com\/wordpress\/plugins\/seo\/ -->\n<title>Dritan : Ti je ndryshe nga \u00c3\u00a7\u00e2\u20ac\u2122dukesh | Big Brother Albania 2<\/title>\n<meta name=\"description\" content=\"Big Brother Albania 2 - \u00e2\u20ac\u0153E ke pyetur ndonj\u00c3\u00abher\u00c3\u00ab se cfar\u00c3\u00ab imazhi p\u00c3\u00abrcjell ti?\u00e2\u20ac\u009d- e ka pyetur Dritani Adi\u00c3\u00abn. Ajo i ka th\u00c3\u00abn\u00c3\u00ab se e dinte se cfar\u00c3\u00ab imazhi p\u00c3\u00abrcillte.\" \/>\n<meta name=\"robots\" content=\"index, follow, max-snippet:-1, max-image-preview:large, max-video-preview:-1\" \/>\n<link rel=\"canonical\" href=\"https:\/\/www.visit-ulcinj.com\/blog\/2009\/04\/02\/dritan-ti-je-ndryshe-nga-c\u2019dukesh\/\" \/>\n<meta property=\"og:locale\" content=\"en_US\" \/>\n<meta property=\"og:type\" content=\"article\" \/>\n<meta property=\"og:title\" content=\"Dritan : Ti je ndryshe nga \u00c3\u00a7\u00e2\u20ac\u2122dukesh | Big Brother Albania 2\" \/>\n<meta property=\"og:description\" content=\"Big Brother Albania 2 - \u00e2\u20ac\u0153E ke pyetur ndonj\u00c3\u00abher\u00c3\u00ab se cfar\u00c3\u00ab imazhi p\u00c3\u00abrcjell ti?\u00e2\u20ac\u009d- e ka pyetur Dritani Adi\u00c3\u00abn. Ajo i ka th\u00c3\u00abn\u00c3\u00ab se e dinte se cfar\u00c3\u00ab imazhi p\u00c3\u00abrcillte.\" \/>\n<meta property=\"og:url\" content=\"https:\/\/www.visit-ulcinj.com\/blog\/2009\/04\/02\/dritan-ti-je-ndryshe-nga-c\u2019dukesh\/\" \/>\n<meta property=\"og:site_name\" content=\"Lajme nga Ulqini\" \/>\n<meta property=\"article:published_time\" content=\"2009-04-02T21:06:39+00:00\" \/>\n<meta property=\"og:image\" content=\"http:\/\/www.visit-ulcinj.com\/blog\/wp-content\/uploads\/2009\/04\/dritan-per-aiden.jpg\" \/>\n<meta name=\"twitter:label1\" content=\"Written by\" \/>\n\t<meta name=\"twitter:data1\" content=\"ulqini\" \/>\n\t<meta name=\"twitter:label2\" content=\"Est. reading time\" \/>\n\t<meta name=\"twitter:data2\" content=\"1 minute\" \/>\n<script type=\"application\/ld+json\" class=\"yoast-schema-graph\">{\"@context\":\"https:\/\/schema.org\",\"@graph\":[{\"@type\":\"WebSite\",\"@id\":\"https:\/\/www.visit-ulcinj.com\/blog\/#website\",\"url\":\"https:\/\/www.visit-ulcinj.com\/blog\/\",\"name\":\"Lajme nga Ulqini\",\"description\":\"Lajme,Vijesti,Ulqini,Ulqin,Crna Gora,Mali i Zi\",\"potentialAction\":[{\"@type\":\"SearchAction\",\"target\":{\"@type\":\"EntryPoint\",\"urlTemplate\":\"https:\/\/www.visit-ulcinj.com\/blog\/?s={search_term_string}\"},\"query-input\":\"required name=search_term_string\"}],\"inLanguage\":\"en-US\"},{\"@type\":\"ImageObject\",\"inLanguage\":\"en-US\",\"@id\":\"https:\/\/www.visit-ulcinj.com\/blog\/2009\/04\/02\/dritan-ti-je-ndryshe-nga-c%e2%80%99dukesh\/#primaryimage\",\"url\":\"http:\/\/www.visit-ulcinj.com\/blog\/wp-content\/uploads\/2009\/04\/dritan-per-aiden.jpg\",\"contentUrl\":\"http:\/\/www.visit-ulcinj.com\/blog\/wp-content\/uploads\/2009\/04\/dritan-per-aiden.jpg\"},{\"@type\":\"WebPage\",\"@id\":\"https:\/\/www.visit-ulcinj.com\/blog\/2009\/04\/02\/dritan-ti-je-ndryshe-nga-c%e2%80%99dukesh\/#webpage\",\"url\":\"https:\/\/www.visit-ulcinj.com\/blog\/2009\/04\/02\/dritan-ti-je-ndryshe-nga-c%e2%80%99dukesh\/\",\"name\":\"Dritan : Ti je ndryshe nga \u00c3\u00a7\u00e2\u20ac\u2122dukesh | Big Brother Albania 2\",\"isPartOf\":{\"@id\":\"https:\/\/www.visit-ulcinj.com\/blog\/#website\"},\"primaryImageOfPage\":{\"@id\":\"https:\/\/www.visit-ulcinj.com\/blog\/2009\/04\/02\/dritan-ti-je-ndryshe-nga-c%e2%80%99dukesh\/#primaryimage\"},\"datePublished\":\"2009-04-02T21:06:39+00:00\",\"dateModified\":\"2009-04-02T21:06:39+00:00\",\"author\":{\"@id\":\"https:\/\/www.visit-ulcinj.com\/blog\/#\/schema\/person\/dcab619c614d3038751c63bc2aadc06d\"},\"description\":\"Big Brother Albania 2 - \u00e2\u20ac\u0153E ke pyetur ndonj\u00c3\u00abher\u00c3\u00ab se cfar\u00c3\u00ab imazhi p\u00c3\u00abrcjell ti?\u00e2\u20ac\u009d- e ka pyetur Dritani Adi\u00c3\u00abn. Ajo i ka th\u00c3\u00abn\u00c3\u00ab se e dinte se cfar\u00c3\u00ab imazhi p\u00c3\u00abrcillte.\",\"breadcrumb\":{\"@id\":\"https:\/\/www.visit-ulcinj.com\/blog\/2009\/04\/02\/dritan-ti-je-ndryshe-nga-c%e2%80%99dukesh\/#breadcrumb\"},\"inLanguage\":\"en-US\",\"potentialAction\":[{\"@type\":\"ReadAction\",\"target\":[\"https:\/\/www.visit-ulcinj.com\/blog\/2009\/04\/02\/dritan-ti-je-ndryshe-nga-c%e2%80%99dukesh\/\"]}]},{\"@type\":\"BreadcrumbList\",\"@id\":\"https:\/\/www.visit-ulcinj.com\/blog\/2009\/04\/02\/dritan-ti-je-ndryshe-nga-c%e2%80%99dukesh\/#breadcrumb\",\"itemListElement\":[{\"@type\":\"ListItem\",\"position\":1,\"name\":\"Dritan : Ti je ndryshe nga \u00e7\u2019dukesh\"}]},{\"@type\":\"Person\",\"@id\":\"https:\/\/www.visit-ulcinj.com\/blog\/#\/schema\/person\/dcab619c614d3038751c63bc2aadc06d\",\"name\":\"ulqini\",\"sameAs\":[\"http:\/\/www.visit-ulcinj.com\"],\"url\":\"https:\/\/www.visit-ulcinj.com\/blog\/author\/admin\/\"}]}<\/script>\n<!-- \/ Yoast SEO plugin. -->","yoast_head_json":{"title":"Dritan : Ti je ndryshe nga \u00c3\u00a7\u00e2\u20ac\u2122dukesh | Big Brother Albania 2","description":"Big Brother Albania 2 - \u00e2\u20ac\u0153E ke pyetur ndonj\u00c3\u00abher\u00c3\u00ab se cfar\u00c3\u00ab imazhi p\u00c3\u00abrcjell ti?\u00e2\u20ac\u009d- e ka pyetur Dritani Adi\u00c3\u00abn. Ajo i ka th\u00c3\u00abn\u00c3\u00ab se e dinte se cfar\u00c3\u00ab imazhi p\u00c3\u00abrcillte.","robots":{"index":"index","follow":"follow","max-snippet":"max-snippet:-1","max-image-preview":"max-image-preview:large","max-video-preview":"max-video-preview:-1"},"canonical":"https:\/\/www.visit-ulcinj.com\/blog\/2009\/04\/02\/dritan-ti-je-ndryshe-nga-c\u2019dukesh\/","og_locale":"en_US","og_type":"article","og_title":"Dritan : Ti je ndryshe nga \u00c3\u00a7\u00e2\u20ac\u2122dukesh | Big Brother Albania 2","og_description":"Big Brother Albania 2 - \u00e2\u20ac\u0153E ke pyetur ndonj\u00c3\u00abher\u00c3\u00ab se cfar\u00c3\u00ab imazhi p\u00c3\u00abrcjell ti?\u00e2\u20ac\u009d- e ka pyetur Dritani Adi\u00c3\u00abn. Ajo i ka th\u00c3\u00abn\u00c3\u00ab se e dinte se cfar\u00c3\u00ab imazhi p\u00c3\u00abrcillte.","og_url":"https:\/\/www.visit-ulcinj.com\/blog\/2009\/04\/02\/dritan-ti-je-ndryshe-nga-c\u2019dukesh\/","og_site_name":"Lajme nga Ulqini","article_published_time":"2009-04-02T21:06:39+00:00","og_image":[{"url":"http:\/\/www.visit-ulcinj.com\/blog\/wp-content\/uploads\/2009\/04\/dritan-per-aiden.jpg"}],"twitter_misc":{"Written by":"ulqini","Est. reading time":"1 minute"},"schema":{"@context":"https:\/\/schema.org","@graph":[{"@type":"WebSite","@id":"https:\/\/www.visit-ulcinj.com\/blog\/#website","url":"https:\/\/www.visit-ulcinj.com\/blog\/","name":"Lajme nga Ulqini","description":"Lajme,Vijesti,Ulqini,Ulqin,Crna Gora,Mali i Zi","potentialAction":[{"@type":"SearchAction","target":{"@type":"EntryPoint","urlTemplate":"https:\/\/www.visit-ulcinj.com\/blog\/?s={search_term_string}"},"query-input":"required name=search_term_string"}],"inLanguage":"en-US"},{"@type":"ImageObject","inLanguage":"en-US","@id":"https:\/\/www.visit-ulcinj.com\/blog\/2009\/04\/02\/dritan-ti-je-ndryshe-nga-c%e2%80%99dukesh\/#primaryimage","url":"http:\/\/www.visit-ulcinj.com\/blog\/wp-content\/uploads\/2009\/04\/dritan-per-aiden.jpg","contentUrl":"http:\/\/www.visit-ulcinj.com\/blog\/wp-content\/uploads\/2009\/04\/dritan-per-aiden.jpg"},{"@type":"WebPage","@id":"https:\/\/www.visit-ulcinj.com\/blog\/2009\/04\/02\/dritan-ti-je-ndryshe-nga-c%e2%80%99dukesh\/#webpage","url":"https:\/\/www.visit-ulcinj.com\/blog\/2009\/04\/02\/dritan-ti-je-ndryshe-nga-c%e2%80%99dukesh\/","name":"Dritan : Ti je ndryshe nga \u00c3\u00a7\u00e2\u20ac\u2122dukesh | Big Brother Albania 2","isPartOf":{"@id":"https:\/\/www.visit-ulcinj.com\/blog\/#website"},"primaryImageOfPage":{"@id":"https:\/\/www.visit-ulcinj.com\/blog\/2009\/04\/02\/dritan-ti-je-ndryshe-nga-c%e2%80%99dukesh\/#primaryimage"},"datePublished":"2009-04-02T21:06:39+00:00","dateModified":"2009-04-02T21:06:39+00:00","author":{"@id":"https:\/\/www.visit-ulcinj.com\/blog\/#\/schema\/person\/dcab619c614d3038751c63bc2aadc06d"},"description":"Big Brother Albania 2 - \u00e2\u20ac\u0153E ke pyetur ndonj\u00c3\u00abher\u00c3\u00ab se cfar\u00c3\u00ab imazhi p\u00c3\u00abrcjell ti?\u00e2\u20ac\u009d- e ka pyetur Dritani Adi\u00c3\u00abn. Ajo i ka th\u00c3\u00abn\u00c3\u00ab se e dinte se cfar\u00c3\u00ab imazhi p\u00c3\u00abrcillte.","breadcrumb":{"@id":"https:\/\/www.visit-ulcinj.com\/blog\/2009\/04\/02\/dritan-ti-je-ndryshe-nga-c%e2%80%99dukesh\/#breadcrumb"},"inLanguage":"en-US","potentialAction":[{"@type":"ReadAction","target":["https:\/\/www.visit-ulcinj.com\/blog\/2009\/04\/02\/dritan-ti-je-ndryshe-nga-c%e2%80%99dukesh\/"]}]},{"@type":"BreadcrumbList","@id":"https:\/\/www.visit-ulcinj.com\/blog\/2009\/04\/02\/dritan-ti-je-ndryshe-nga-c%e2%80%99dukesh\/#breadcrumb","itemListElement":[{"@type":"ListItem","position":1,"name":"Dritan : Ti je ndryshe nga \u00e7\u2019dukesh"}]},{"@type":"Person","@id":"https:\/\/www.visit-ulcinj.com\/blog\/#\/schema\/person\/dcab619c614d3038751c63bc2aadc06d","name":"ulqini","sameAs":["http:\/\/www.visit-ulcinj.com"],"url":"https:\/\/www.visit-ulcinj.com\/blog\/author\/admin\/"}]}},"jetpack_featured_media_url":"","jetpack_sharing_enabled":true,"jetpack_shortlink":"https:\/\/wp.me\/pe6lTn-4iQ","_links":{"self":[{"href":"https:\/\/www.visit-ulcinj.com\/blog\/wp-json\/wp\/v2\/posts\/16544"}],"collection":[{"href":"https:\/\/www.visit-ulcinj.com\/blog\/wp-json\/wp\/v2\/posts"}],"about":[{"href":"https:\/\/www.visit-ulcinj.com\/blog\/wp-json\/wp\/v2\/types\/post"}],"author":[{"embeddable":true,"href":"https:\/\/www.visit-ulcinj.com\/blog\/wp-json\/wp\/v2\/users\/1"}],"replies":[{"embeddable":true,"href":"https:\/\/www.visit-ulcinj.com\/blog\/wp-json\/wp\/v2\/comments?post=16544"}],"version-history":[{"count":0,"href":"https:\/\/www.visit-ulcinj.com\/blog\/wp-json\/wp\/v2\/posts\/16544\/revisions"}],"wp:attachment":[{"href":"https:\/\/www.visit-ulcinj.com\/blog\/wp-json\/wp\/v2\/media?parent=16544"}],"wp:term":[{"taxonomy":"category","embeddable":true,"href":"https:\/\/www.visit-ulcinj.com\/blog\/wp-json\/wp\/v2\/categories?post=16544"},{"taxonomy":"post_tag","embeddable":true,"href":"https:\/\/www.visit-ulcinj.com\/blog\/wp-json\/wp\/v2\/tags?post=16544"}],"curies":[{"name":"wp","href":"https:\/\/api.w.org\/{rel}","templated":true}]}}