{"id":16560,"date":"2009-04-02T23:40:59","date_gmt":"2009-04-02T21:40:59","guid":{"rendered":"http:\/\/www.visit-ulcinj.com\/blog\/?p=16560"},"modified":"2009-04-02T23:40:59","modified_gmt":"2009-04-02T21:40:59","slug":"aida-jam-shendoshur-shume","status":"publish","type":"post","link":"https:\/\/www.visit-ulcinj.com\/blog\/2009\/04\/02\/aida-jam-shendoshur-shume\/","title":{"rendered":"Aida : Jam sh\u00ebndoshur shum\u00eb"},"content":{"rendered":"<p><em><span class=\"newsdate\"><a href=\"http:\/\/www.visit-ulcinj.com\/blog\/wp-content\/uploads\/2009\/04\/aida.jpg\"><img loading=\"lazy\" class=\"alignleft size-full wp-image-16561\" title=\"aida-big-brother-albania-2\" src=\"http:\/\/www.visit-ulcinj.com\/blog\/wp-content\/uploads\/2009\/04\/aida.jpg\" alt=\"aida-big-brother-albania-2\" width=\"300\" height=\"205\" \/><\/a>01\/04\/09 01:50<\/span><\/em><\/p>\n<p>Aida ka th\u00ebn\u00eb se ishte sh\u00ebndoshur shum\u00eb dhe kishte arritur, tashm\u00eb, n\u00eb at\u00eb faz\u00eb q\u00eb nuk po e p\u00ebrballonte dot m\u00eb. Bika ka th\u00ebn\u00eb se dhe ajo nuk ishte m\u00eb pak. Sipas Dritanit, atyre vet\u00ebm Lirita \u201c u vinte hakut\u201d. \u201cAjo kur shihte gocat q\u00eb hanin, ishte gati t\u2019ua fuste me got\u00eb kok\u00ebs!\u201d- ka th\u00ebn\u00eb ai. Republika ka th\u00ebn\u00eb se q\u00eb kur kishte ikur Lirita, \u201ckishte b\u00ebr\u00eb fest\u00eb\u201d e s\u2019kishte l\u00ebn\u00eb gj\u00eb pa ngr\u00ebn\u00eb.<\/p>\n","protected":false},"excerpt":{"rendered":"<p>01\/04\/09 01:50 Aida ka th\u00ebn\u00eb se ishte sh\u00ebndoshur shum\u00eb dhe kishte arritur, tashm\u00eb, n\u00eb at\u00eb faz\u00eb q\u00eb nuk po e p\u00ebrballonte dot m\u00eb. Bika ka th\u00ebn\u00eb se dhe ajo nuk ishte m\u00eb pak. Sipas Dritanit, atyre vet\u00ebm Lirita \u201c u vinte hakut\u201d. \u201cAjo kur shihte gocat q\u00eb hanin, ishte gati t\u2019ua fuste me got\u00eb kok\u00ebs!\u201d- [&hellip;]<\/p>\n","protected":false},"author":1,"featured_media":0,"comment_status":"open","ping_status":"closed","sticky":false,"template":"","format":"standard","meta":{"spay_email":"","jetpack_publicize_message":"","jetpack_is_tweetstorm":false,"jetpack_publicize_feature_enabled":true},"categories":[6502],"tags":[6537,5057,6506,6516,6712,7129,6521,6542,262,6891,6693,6887],"jetpack_publicize_connections":[],"yoast_head":"<!-- This site is optimized with the Yoast SEO plugin v19.1 - https:\/\/yoast.com\/wordpress\/plugins\/seo\/ -->\n<title>Aida : Jam sh\u00c3\u00abndoshur shum\u00c3\u00ab | Big Brother Albania 2<\/title>\n<meta name=\"description\" content=\"Big Brother Albania 2 - Aida ka th\u00c3\u00abn\u00c3\u00ab se ishte sh\u00c3\u00abndoshur shum\u00c3\u00ab dhe kishte arritur, tashm\u00c3\u00ab, n\u00c3\u00ab at\u00c3\u00ab faz\u00c3\u00ab q\u00c3\u00ab nuk po e p\u00c3\u00abrballonte dot m\u00c3\u00ab. Bika ka th\u00c3\u00abn\u00c3\u00ab se dhe ajo nuk ishte m\u00c3\u00ab pak.\" \/>\n<meta name=\"robots\" content=\"index, follow, max-snippet:-1, max-image-preview:large, max-video-preview:-1\" \/>\n<link rel=\"canonical\" href=\"https:\/\/www.visit-ulcinj.com\/blog\/2009\/04\/02\/aida-jam-shendoshur-shume\/\" \/>\n<meta property=\"og:locale\" content=\"en_US\" \/>\n<meta property=\"og:type\" content=\"article\" \/>\n<meta property=\"og:title\" content=\"Aida : Jam sh\u00c3\u00abndoshur shum\u00c3\u00ab | Big Brother Albania 2\" \/>\n<meta property=\"og:description\" content=\"Big Brother Albania 2 - Aida ka th\u00c3\u00abn\u00c3\u00ab se ishte sh\u00c3\u00abndoshur shum\u00c3\u00ab dhe kishte arritur, tashm\u00c3\u00ab, n\u00c3\u00ab at\u00c3\u00ab faz\u00c3\u00ab q\u00c3\u00ab nuk po e p\u00c3\u00abrballonte dot m\u00c3\u00ab. Bika ka th\u00c3\u00abn\u00c3\u00ab se dhe ajo nuk ishte m\u00c3\u00ab pak.\" \/>\n<meta property=\"og:url\" content=\"https:\/\/www.visit-ulcinj.com\/blog\/2009\/04\/02\/aida-jam-shendoshur-shume\/\" \/>\n<meta property=\"og:site_name\" content=\"Lajme nga Ulqini\" \/>\n<meta property=\"article:published_time\" content=\"2009-04-02T21:40:59+00:00\" \/>\n<meta property=\"og:image\" content=\"http:\/\/www.visit-ulcinj.com\/blog\/wp-content\/uploads\/2009\/04\/aida.jpg\" \/>\n<meta name=\"twitter:label1\" content=\"Written by\" \/>\n\t<meta name=\"twitter:data1\" content=\"ulqini\" \/>\n<script type=\"application\/ld+json\" class=\"yoast-schema-graph\">{\"@context\":\"https:\/\/schema.org\",\"@graph\":[{\"@type\":\"WebSite\",\"@id\":\"https:\/\/www.visit-ulcinj.com\/blog\/#website\",\"url\":\"https:\/\/www.visit-ulcinj.com\/blog\/\",\"name\":\"Lajme nga Ulqini\",\"description\":\"Lajme,Vijesti,Ulqini,Ulqin,Crna Gora,Mali i Zi\",\"potentialAction\":[{\"@type\":\"SearchAction\",\"target\":{\"@type\":\"EntryPoint\",\"urlTemplate\":\"https:\/\/www.visit-ulcinj.com\/blog\/?s={search_term_string}\"},\"query-input\":\"required name=search_term_string\"}],\"inLanguage\":\"en-US\"},{\"@type\":\"ImageObject\",\"inLanguage\":\"en-US\",\"@id\":\"https:\/\/www.visit-ulcinj.com\/blog\/2009\/04\/02\/aida-jam-shendoshur-shume\/#primaryimage\",\"url\":\"http:\/\/www.visit-ulcinj.com\/blog\/wp-content\/uploads\/2009\/04\/aida.jpg\",\"contentUrl\":\"http:\/\/www.visit-ulcinj.com\/blog\/wp-content\/uploads\/2009\/04\/aida.jpg\"},{\"@type\":\"WebPage\",\"@id\":\"https:\/\/www.visit-ulcinj.com\/blog\/2009\/04\/02\/aida-jam-shendoshur-shume\/#webpage\",\"url\":\"https:\/\/www.visit-ulcinj.com\/blog\/2009\/04\/02\/aida-jam-shendoshur-shume\/\",\"name\":\"Aida : Jam sh\u00c3\u00abndoshur shum\u00c3\u00ab | Big Brother Albania 2\",\"isPartOf\":{\"@id\":\"https:\/\/www.visit-ulcinj.com\/blog\/#website\"},\"primaryImageOfPage\":{\"@id\":\"https:\/\/www.visit-ulcinj.com\/blog\/2009\/04\/02\/aida-jam-shendoshur-shume\/#primaryimage\"},\"datePublished\":\"2009-04-02T21:40:59+00:00\",\"dateModified\":\"2009-04-02T21:40:59+00:00\",\"author\":{\"@id\":\"https:\/\/www.visit-ulcinj.com\/blog\/#\/schema\/person\/dcab619c614d3038751c63bc2aadc06d\"},\"description\":\"Big Brother Albania 2 - Aida ka th\u00c3\u00abn\u00c3\u00ab se ishte sh\u00c3\u00abndoshur shum\u00c3\u00ab dhe kishte arritur, tashm\u00c3\u00ab, n\u00c3\u00ab at\u00c3\u00ab faz\u00c3\u00ab q\u00c3\u00ab nuk po e p\u00c3\u00abrballonte dot m\u00c3\u00ab. Bika ka th\u00c3\u00abn\u00c3\u00ab se dhe ajo nuk ishte m\u00c3\u00ab pak.\",\"breadcrumb\":{\"@id\":\"https:\/\/www.visit-ulcinj.com\/blog\/2009\/04\/02\/aida-jam-shendoshur-shume\/#breadcrumb\"},\"inLanguage\":\"en-US\",\"potentialAction\":[{\"@type\":\"ReadAction\",\"target\":[\"https:\/\/www.visit-ulcinj.com\/blog\/2009\/04\/02\/aida-jam-shendoshur-shume\/\"]}]},{\"@type\":\"BreadcrumbList\",\"@id\":\"https:\/\/www.visit-ulcinj.com\/blog\/2009\/04\/02\/aida-jam-shendoshur-shume\/#breadcrumb\",\"itemListElement\":[{\"@type\":\"ListItem\",\"position\":1,\"name\":\"Aida : Jam sh\u00ebndoshur shum\u00eb\"}]},{\"@type\":\"Person\",\"@id\":\"https:\/\/www.visit-ulcinj.com\/blog\/#\/schema\/person\/dcab619c614d3038751c63bc2aadc06d\",\"name\":\"ulqini\",\"sameAs\":[\"http:\/\/www.visit-ulcinj.com\"],\"url\":\"https:\/\/www.visit-ulcinj.com\/blog\/author\/admin\/\"}]}<\/script>\n<!-- \/ Yoast SEO plugin. -->","yoast_head_json":{"title":"Aida : Jam sh\u00c3\u00abndoshur shum\u00c3\u00ab | Big Brother Albania 2","description":"Big Brother Albania 2 - Aida ka th\u00c3\u00abn\u00c3\u00ab se ishte sh\u00c3\u00abndoshur shum\u00c3\u00ab dhe kishte arritur, tashm\u00c3\u00ab, n\u00c3\u00ab at\u00c3\u00ab faz\u00c3\u00ab q\u00c3\u00ab nuk po e p\u00c3\u00abrballonte dot m\u00c3\u00ab. Bika ka th\u00c3\u00abn\u00c3\u00ab se dhe ajo nuk ishte m\u00c3\u00ab pak.","robots":{"index":"index","follow":"follow","max-snippet":"max-snippet:-1","max-image-preview":"max-image-preview:large","max-video-preview":"max-video-preview:-1"},"canonical":"https:\/\/www.visit-ulcinj.com\/blog\/2009\/04\/02\/aida-jam-shendoshur-shume\/","og_locale":"en_US","og_type":"article","og_title":"Aida : Jam sh\u00c3\u00abndoshur shum\u00c3\u00ab | Big Brother Albania 2","og_description":"Big Brother Albania 2 - Aida ka th\u00c3\u00abn\u00c3\u00ab se ishte sh\u00c3\u00abndoshur shum\u00c3\u00ab dhe kishte arritur, tashm\u00c3\u00ab, n\u00c3\u00ab at\u00c3\u00ab faz\u00c3\u00ab q\u00c3\u00ab nuk po e p\u00c3\u00abrballonte dot m\u00c3\u00ab. Bika ka th\u00c3\u00abn\u00c3\u00ab se dhe ajo nuk ishte m\u00c3\u00ab pak.","og_url":"https:\/\/www.visit-ulcinj.com\/blog\/2009\/04\/02\/aida-jam-shendoshur-shume\/","og_site_name":"Lajme nga Ulqini","article_published_time":"2009-04-02T21:40:59+00:00","og_image":[{"url":"http:\/\/www.visit-ulcinj.com\/blog\/wp-content\/uploads\/2009\/04\/aida.jpg"}],"twitter_misc":{"Written by":"ulqini"},"schema":{"@context":"https:\/\/schema.org","@graph":[{"@type":"WebSite","@id":"https:\/\/www.visit-ulcinj.com\/blog\/#website","url":"https:\/\/www.visit-ulcinj.com\/blog\/","name":"Lajme nga Ulqini","description":"Lajme,Vijesti,Ulqini,Ulqin,Crna Gora,Mali i Zi","potentialAction":[{"@type":"SearchAction","target":{"@type":"EntryPoint","urlTemplate":"https:\/\/www.visit-ulcinj.com\/blog\/?s={search_term_string}"},"query-input":"required name=search_term_string"}],"inLanguage":"en-US"},{"@type":"ImageObject","inLanguage":"en-US","@id":"https:\/\/www.visit-ulcinj.com\/blog\/2009\/04\/02\/aida-jam-shendoshur-shume\/#primaryimage","url":"http:\/\/www.visit-ulcinj.com\/blog\/wp-content\/uploads\/2009\/04\/aida.jpg","contentUrl":"http:\/\/www.visit-ulcinj.com\/blog\/wp-content\/uploads\/2009\/04\/aida.jpg"},{"@type":"WebPage","@id":"https:\/\/www.visit-ulcinj.com\/blog\/2009\/04\/02\/aida-jam-shendoshur-shume\/#webpage","url":"https:\/\/www.visit-ulcinj.com\/blog\/2009\/04\/02\/aida-jam-shendoshur-shume\/","name":"Aida : Jam sh\u00c3\u00abndoshur shum\u00c3\u00ab | Big Brother Albania 2","isPartOf":{"@id":"https:\/\/www.visit-ulcinj.com\/blog\/#website"},"primaryImageOfPage":{"@id":"https:\/\/www.visit-ulcinj.com\/blog\/2009\/04\/02\/aida-jam-shendoshur-shume\/#primaryimage"},"datePublished":"2009-04-02T21:40:59+00:00","dateModified":"2009-04-02T21:40:59+00:00","author":{"@id":"https:\/\/www.visit-ulcinj.com\/blog\/#\/schema\/person\/dcab619c614d3038751c63bc2aadc06d"},"description":"Big Brother Albania 2 - Aida ka th\u00c3\u00abn\u00c3\u00ab se ishte sh\u00c3\u00abndoshur shum\u00c3\u00ab dhe kishte arritur, tashm\u00c3\u00ab, n\u00c3\u00ab at\u00c3\u00ab faz\u00c3\u00ab q\u00c3\u00ab nuk po e p\u00c3\u00abrballonte dot m\u00c3\u00ab. Bika ka th\u00c3\u00abn\u00c3\u00ab se dhe ajo nuk ishte m\u00c3\u00ab pak.","breadcrumb":{"@id":"https:\/\/www.visit-ulcinj.com\/blog\/2009\/04\/02\/aida-jam-shendoshur-shume\/#breadcrumb"},"inLanguage":"en-US","potentialAction":[{"@type":"ReadAction","target":["https:\/\/www.visit-ulcinj.com\/blog\/2009\/04\/02\/aida-jam-shendoshur-shume\/"]}]},{"@type":"BreadcrumbList","@id":"https:\/\/www.visit-ulcinj.com\/blog\/2009\/04\/02\/aida-jam-shendoshur-shume\/#breadcrumb","itemListElement":[{"@type":"ListItem","position":1,"name":"Aida : Jam sh\u00ebndoshur shum\u00eb"}]},{"@type":"Person","@id":"https:\/\/www.visit-ulcinj.com\/blog\/#\/schema\/person\/dcab619c614d3038751c63bc2aadc06d","name":"ulqini","sameAs":["http:\/\/www.visit-ulcinj.com"],"url":"https:\/\/www.visit-ulcinj.com\/blog\/author\/admin\/"}]}},"jetpack_featured_media_url":"","jetpack_sharing_enabled":true,"jetpack_shortlink":"https:\/\/wp.me\/pe6lTn-4j6","_links":{"self":[{"href":"https:\/\/www.visit-ulcinj.com\/blog\/wp-json\/wp\/v2\/posts\/16560"}],"collection":[{"href":"https:\/\/www.visit-ulcinj.com\/blog\/wp-json\/wp\/v2\/posts"}],"about":[{"href":"https:\/\/www.visit-ulcinj.com\/blog\/wp-json\/wp\/v2\/types\/post"}],"author":[{"embeddable":true,"href":"https:\/\/www.visit-ulcinj.com\/blog\/wp-json\/wp\/v2\/users\/1"}],"replies":[{"embeddable":true,"href":"https:\/\/www.visit-ulcinj.com\/blog\/wp-json\/wp\/v2\/comments?post=16560"}],"version-history":[{"count":0,"href":"https:\/\/www.visit-ulcinj.com\/blog\/wp-json\/wp\/v2\/posts\/16560\/revisions"}],"wp:attachment":[{"href":"https:\/\/www.visit-ulcinj.com\/blog\/wp-json\/wp\/v2\/media?parent=16560"}],"wp:term":[{"taxonomy":"category","embeddable":true,"href":"https:\/\/www.visit-ulcinj.com\/blog\/wp-json\/wp\/v2\/categories?post=16560"},{"taxonomy":"post_tag","embeddable":true,"href":"https:\/\/www.visit-ulcinj.com\/blog\/wp-json\/wp\/v2\/tags?post=16560"}],"curies":[{"name":"wp","href":"https:\/\/api.w.org\/{rel}","templated":true}]}}