{"id":16563,"date":"2009-04-02T23:44:18","date_gmt":"2009-04-02T21:44:18","guid":{"rendered":"http:\/\/www.visit-ulcinj.com\/blog\/?p=16563"},"modified":"2009-04-02T23:44:18","modified_gmt":"2009-04-02T21:44:18","slug":"femrat-dhe-meshkujt","status":"publish","type":"post","link":"https:\/\/www.visit-ulcinj.com\/blog\/2009\/04\/02\/femrat-dhe-meshkujt\/","title":{"rendered":"Femrat dhe meshkujt"},"content":{"rendered":"<p>\u00a0<\/p>\n<div id=\"content\"><em><span class=\"newsdate\"><a href=\"http:\/\/www.visit-ulcinj.com\/blog\/wp-content\/uploads\/2009\/04\/tani-me-tapa-ne-hunde-copy.jpg\"><img loading=\"lazy\" class=\"alignleft size-full wp-image-16564\" title=\"tani-me-tapa-ne-hunde-big-brother-albania-2\" src=\"http:\/\/www.visit-ulcinj.com\/blog\/wp-content\/uploads\/2009\/04\/tani-me-tapa-ne-hunde-copy.jpg\" alt=\"tani-me-tapa-ne-hunde-big-brother-albania-2\" width=\"300\" height=\"205\" \/><\/a>01\/04\/09 02:50<\/span><\/em><\/p>\n<p>Banor\u00ebt kan\u00eb zhvilluar nj\u00eb tjet\u00ebr debat, k\u00ebsaj here me tem\u00ebn: \u201cBota mashkullore dhe bota fem\u00ebrore\u201d Pyetja specifike p\u00ebr t\u2019u diskutuar ishte sa e v\u00ebrtet\u00eb ishte q\u00eb femrat vijn\u00eb nga Af\u00ebrdita dhe meshkujt nga Marsi. Tema \u00ebsht\u00eb propozuar nga Dritani dhe debati \u00ebsht\u00eb drejtuar nga kryefamiljari, Bjordi. Sipas Qetsorit meshkujt e kuptojn\u00eb shum\u00eb mir\u00eb nj\u00eb fem\u00ebr, nd\u00ebrsa demrat nuk e kuptojn\u00eb asnj\u00ebher\u00eb nj\u00eb mashkull. Dritani ka shpjeguar se sipas mitologjis\u00eb, Marsi ishte per\u00ebndia e luft\u00ebs, nd\u00ebsa Af\u00ebrdita ajo e dashuris\u00eb. Sipas djemve t\u00eb sht\u00ebpis\u00eb, meshkujt n\u00eb bot\u00ebn q\u00eb jetojm\u00eb jan\u00eb superior\u00eb ndaj femrave. Adi ka sjell\u00eb si prov\u00eb k\u00ebt\u00eb, faktin q\u00eb n\u00ebp\u00ebr shekuj ka patur m\u00eb shum\u00eb shkenc\u00ebtar\u00eb meshkuj sesa femra. Nd\u00ebrsa sipas Adelajdes jan\u00eb t\u00eb barabart\u00eb. Bjordi ka pyetur femrat sesi mund t\u2019i p\u00ebrgjigjeshin faktit q\u00eb truri i meshkujve \u00ebsht\u00eb 10 p\u00ebrqind m\u00eb i madh sesa i femrave. Aida i \u00ebsht\u00eb p\u00ebrgjigjur duke th\u00ebn\u00eb se truri i femrave punonte 10 p\u00ebrqind m\u00eb shum\u00eb. Qetsori dhe meshkujt e tjer\u00eb t\u00eb sht\u00ebpis\u00eb kan\u00eb kund\u00ebrshtuar. N\u00eb at\u00eb moment ka nd\u00ebrhyr\u00eb Dritani q\u00eb ka th\u00ebn\u00eb: \u201c\u00cbsht\u00eb e v\u00ebrtet\u00eb q\u00eb truri i femrave \u00ebsht\u00eb m\u00eb i zhvilluar, ka m\u00eb tep\u00ebr potencial&#8230;, por nuk gjen mor v\u00eblla!\u201d. Sipas vajzave, nuk si t\u00eb jet\u00eb mashkulli superior, kur fenrat jan\u00eb ato q\u00eb sjellin n\u00eb jet\u00eb q\u00ebnien njer\u00ebzore. Sipas Qetsorit, mashkulli \u00ebsht\u00eb ai q\u00eb u krijua i pari dhe \u00ebsht\u00eb p\u00ebrs\u00ebri mashkulli ai q\u00eb b\u00ebn t\u00eb mundur q\u00eb nj\u00eb fem\u00ebr t\u00eb kthehet n\u00eb n\u00ebn\u00eb. Debati ka vazhduar me nota t\u00eb forta kund\u00ebrshtimi mes t\u00eb dyja pal\u00ebve, me Bik\u00ebn q\u00eb nuk po i p\u00eblqente si po zhvillohej debati, me Tanin q\u00eb krijonte momente qesharake duke futur tapa vere n\u00eb vesh edhe hund\u00eb e plot situata t\u00eb tjera.<\/p><\/div>\n<div><\/div>\n","protected":false},"excerpt":{"rendered":"<p>\u00a0 01\/04\/09 02:50 Banor\u00ebt kan\u00eb zhvilluar nj\u00eb tjet\u00ebr debat, k\u00ebsaj here me tem\u00ebn: \u201cBota mashkullore dhe bota fem\u00ebrore\u201d Pyetja specifike p\u00ebr t\u2019u diskutuar ishte sa e v\u00ebrtet\u00eb ishte q\u00eb femrat vijn\u00eb nga Af\u00ebrdita dhe meshkujt nga Marsi. Tema \u00ebsht\u00eb propozuar nga Dritani dhe debati \u00ebsht\u00eb drejtuar nga kryefamiljari, Bjordi. Sipas Qetsorit meshkujt e kuptojn\u00eb shum\u00eb [&hellip;]<\/p>\n","protected":false},"author":1,"featured_media":0,"comment_status":"open","ping_status":"closed","sticky":false,"template":"","format":"standard","meta":{"spay_email":"","jetpack_publicize_message":"","jetpack_is_tweetstorm":false,"jetpack_publicize_feature_enabled":true},"categories":[6502],"tags":[8701,6883,6516,6712,6522,6521,8699,8700,6891],"jetpack_publicize_connections":[],"yoast_head":"<!-- This site is optimized with the Yoast SEO plugin v19.1 - https:\/\/yoast.com\/wordpress\/plugins\/seo\/ -->\n<title>Femrat dhe meshkujt | Big Brother Albania 2<\/title>\n<meta name=\"description\" content=\"Big Brother Albania 2 - Banor\u00c3\u00abt kan\u00c3\u00ab zhvilluar nj\u00c3\u00ab tjet\u00c3\u00abr debat, k\u00c3\u00absaj here me tem\u00c3\u00abn: \u00e2\u20ac\u0153Bota mashkullore dhe bota fem\u00c3\u00abrore\u00e2\u20ac\u009d Pyetja specifike p\u00c3\u00abr t\u00e2\u20ac\u2122u diskutuar ishte sa e v\u00c3\u00abrtet\u00c3\u00ab ishte q\u00c3\u00ab femrat vijn\u00c3\u00ab nga Af\u00c3\u00abrdita dhe meshkujt nga Marsi.\" \/>\n<meta name=\"robots\" content=\"index, follow, max-snippet:-1, max-image-preview:large, max-video-preview:-1\" \/>\n<link rel=\"canonical\" href=\"https:\/\/www.visit-ulcinj.com\/blog\/2009\/04\/02\/femrat-dhe-meshkujt\/\" \/>\n<meta property=\"og:locale\" content=\"en_US\" \/>\n<meta property=\"og:type\" content=\"article\" \/>\n<meta property=\"og:title\" content=\"Femrat dhe meshkujt | Big Brother Albania 2\" \/>\n<meta property=\"og:description\" content=\"Big Brother Albania 2 - Banor\u00c3\u00abt kan\u00c3\u00ab zhvilluar nj\u00c3\u00ab tjet\u00c3\u00abr debat, k\u00c3\u00absaj here me tem\u00c3\u00abn: \u00e2\u20ac\u0153Bota mashkullore dhe bota fem\u00c3\u00abrore\u00e2\u20ac\u009d Pyetja specifike p\u00c3\u00abr t\u00e2\u20ac\u2122u diskutuar ishte sa e v\u00c3\u00abrtet\u00c3\u00ab ishte q\u00c3\u00ab femrat vijn\u00c3\u00ab nga Af\u00c3\u00abrdita dhe meshkujt nga Marsi.\" \/>\n<meta property=\"og:url\" content=\"https:\/\/www.visit-ulcinj.com\/blog\/2009\/04\/02\/femrat-dhe-meshkujt\/\" \/>\n<meta property=\"og:site_name\" content=\"Lajme nga Ulqini\" \/>\n<meta property=\"article:published_time\" content=\"2009-04-02T21:44:18+00:00\" \/>\n<meta property=\"og:image\" content=\"http:\/\/www.visit-ulcinj.com\/blog\/wp-content\/uploads\/2009\/04\/tani-me-tapa-ne-hunde-copy.jpg\" \/>\n<meta name=\"twitter:label1\" content=\"Written by\" \/>\n\t<meta name=\"twitter:data1\" content=\"ulqini\" \/>\n\t<meta name=\"twitter:label2\" content=\"Est. reading time\" \/>\n\t<meta name=\"twitter:data2\" content=\"2 minutes\" \/>\n<script type=\"application\/ld+json\" class=\"yoast-schema-graph\">{\"@context\":\"https:\/\/schema.org\",\"@graph\":[{\"@type\":\"WebSite\",\"@id\":\"https:\/\/www.visit-ulcinj.com\/blog\/#website\",\"url\":\"https:\/\/www.visit-ulcinj.com\/blog\/\",\"name\":\"Lajme nga Ulqini\",\"description\":\"Lajme,Vijesti,Ulqini,Ulqin,Crna Gora,Mali i Zi\",\"potentialAction\":[{\"@type\":\"SearchAction\",\"target\":{\"@type\":\"EntryPoint\",\"urlTemplate\":\"https:\/\/www.visit-ulcinj.com\/blog\/?s={search_term_string}\"},\"query-input\":\"required name=search_term_string\"}],\"inLanguage\":\"en-US\"},{\"@type\":\"ImageObject\",\"inLanguage\":\"en-US\",\"@id\":\"https:\/\/www.visit-ulcinj.com\/blog\/2009\/04\/02\/femrat-dhe-meshkujt\/#primaryimage\",\"url\":\"http:\/\/www.visit-ulcinj.com\/blog\/wp-content\/uploads\/2009\/04\/tani-me-tapa-ne-hunde-copy.jpg\",\"contentUrl\":\"http:\/\/www.visit-ulcinj.com\/blog\/wp-content\/uploads\/2009\/04\/tani-me-tapa-ne-hunde-copy.jpg\"},{\"@type\":\"WebPage\",\"@id\":\"https:\/\/www.visit-ulcinj.com\/blog\/2009\/04\/02\/femrat-dhe-meshkujt\/#webpage\",\"url\":\"https:\/\/www.visit-ulcinj.com\/blog\/2009\/04\/02\/femrat-dhe-meshkujt\/\",\"name\":\"Femrat dhe meshkujt | Big Brother Albania 2\",\"isPartOf\":{\"@id\":\"https:\/\/www.visit-ulcinj.com\/blog\/#website\"},\"primaryImageOfPage\":{\"@id\":\"https:\/\/www.visit-ulcinj.com\/blog\/2009\/04\/02\/femrat-dhe-meshkujt\/#primaryimage\"},\"datePublished\":\"2009-04-02T21:44:18+00:00\",\"dateModified\":\"2009-04-02T21:44:18+00:00\",\"author\":{\"@id\":\"https:\/\/www.visit-ulcinj.com\/blog\/#\/schema\/person\/dcab619c614d3038751c63bc2aadc06d\"},\"description\":\"Big Brother Albania 2 - Banor\u00c3\u00abt kan\u00c3\u00ab zhvilluar nj\u00c3\u00ab tjet\u00c3\u00abr debat, k\u00c3\u00absaj here me tem\u00c3\u00abn: \u00e2\u20ac\u0153Bota mashkullore dhe bota fem\u00c3\u00abrore\u00e2\u20ac\u009d Pyetja specifike p\u00c3\u00abr t\u00e2\u20ac\u2122u diskutuar ishte sa e v\u00c3\u00abrtet\u00c3\u00ab ishte q\u00c3\u00ab femrat vijn\u00c3\u00ab nga Af\u00c3\u00abrdita dhe meshkujt nga Marsi.\",\"breadcrumb\":{\"@id\":\"https:\/\/www.visit-ulcinj.com\/blog\/2009\/04\/02\/femrat-dhe-meshkujt\/#breadcrumb\"},\"inLanguage\":\"en-US\",\"potentialAction\":[{\"@type\":\"ReadAction\",\"target\":[\"https:\/\/www.visit-ulcinj.com\/blog\/2009\/04\/02\/femrat-dhe-meshkujt\/\"]}]},{\"@type\":\"BreadcrumbList\",\"@id\":\"https:\/\/www.visit-ulcinj.com\/blog\/2009\/04\/02\/femrat-dhe-meshkujt\/#breadcrumb\",\"itemListElement\":[{\"@type\":\"ListItem\",\"position\":1,\"name\":\"Femrat dhe meshkujt\"}]},{\"@type\":\"Person\",\"@id\":\"https:\/\/www.visit-ulcinj.com\/blog\/#\/schema\/person\/dcab619c614d3038751c63bc2aadc06d\",\"name\":\"ulqini\",\"sameAs\":[\"http:\/\/www.visit-ulcinj.com\"],\"url\":\"https:\/\/www.visit-ulcinj.com\/blog\/author\/admin\/\"}]}<\/script>\n<!-- \/ Yoast SEO plugin. -->","yoast_head_json":{"title":"Femrat dhe meshkujt | Big Brother Albania 2","description":"Big Brother Albania 2 - Banor\u00c3\u00abt kan\u00c3\u00ab zhvilluar nj\u00c3\u00ab tjet\u00c3\u00abr debat, k\u00c3\u00absaj here me tem\u00c3\u00abn: \u00e2\u20ac\u0153Bota mashkullore dhe bota fem\u00c3\u00abrore\u00e2\u20ac\u009d Pyetja specifike p\u00c3\u00abr t\u00e2\u20ac\u2122u diskutuar ishte sa e v\u00c3\u00abrtet\u00c3\u00ab ishte q\u00c3\u00ab femrat vijn\u00c3\u00ab nga Af\u00c3\u00abrdita dhe meshkujt nga Marsi.","robots":{"index":"index","follow":"follow","max-snippet":"max-snippet:-1","max-image-preview":"max-image-preview:large","max-video-preview":"max-video-preview:-1"},"canonical":"https:\/\/www.visit-ulcinj.com\/blog\/2009\/04\/02\/femrat-dhe-meshkujt\/","og_locale":"en_US","og_type":"article","og_title":"Femrat dhe meshkujt | Big Brother Albania 2","og_description":"Big Brother Albania 2 - Banor\u00c3\u00abt kan\u00c3\u00ab zhvilluar nj\u00c3\u00ab tjet\u00c3\u00abr debat, k\u00c3\u00absaj here me tem\u00c3\u00abn: \u00e2\u20ac\u0153Bota mashkullore dhe bota fem\u00c3\u00abrore\u00e2\u20ac\u009d Pyetja specifike p\u00c3\u00abr t\u00e2\u20ac\u2122u diskutuar ishte sa e v\u00c3\u00abrtet\u00c3\u00ab ishte q\u00c3\u00ab femrat vijn\u00c3\u00ab nga Af\u00c3\u00abrdita dhe meshkujt nga Marsi.","og_url":"https:\/\/www.visit-ulcinj.com\/blog\/2009\/04\/02\/femrat-dhe-meshkujt\/","og_site_name":"Lajme nga Ulqini","article_published_time":"2009-04-02T21:44:18+00:00","og_image":[{"url":"http:\/\/www.visit-ulcinj.com\/blog\/wp-content\/uploads\/2009\/04\/tani-me-tapa-ne-hunde-copy.jpg"}],"twitter_misc":{"Written by":"ulqini","Est. reading time":"2 minutes"},"schema":{"@context":"https:\/\/schema.org","@graph":[{"@type":"WebSite","@id":"https:\/\/www.visit-ulcinj.com\/blog\/#website","url":"https:\/\/www.visit-ulcinj.com\/blog\/","name":"Lajme nga Ulqini","description":"Lajme,Vijesti,Ulqini,Ulqin,Crna Gora,Mali i Zi","potentialAction":[{"@type":"SearchAction","target":{"@type":"EntryPoint","urlTemplate":"https:\/\/www.visit-ulcinj.com\/blog\/?s={search_term_string}"},"query-input":"required name=search_term_string"}],"inLanguage":"en-US"},{"@type":"ImageObject","inLanguage":"en-US","@id":"https:\/\/www.visit-ulcinj.com\/blog\/2009\/04\/02\/femrat-dhe-meshkujt\/#primaryimage","url":"http:\/\/www.visit-ulcinj.com\/blog\/wp-content\/uploads\/2009\/04\/tani-me-tapa-ne-hunde-copy.jpg","contentUrl":"http:\/\/www.visit-ulcinj.com\/blog\/wp-content\/uploads\/2009\/04\/tani-me-tapa-ne-hunde-copy.jpg"},{"@type":"WebPage","@id":"https:\/\/www.visit-ulcinj.com\/blog\/2009\/04\/02\/femrat-dhe-meshkujt\/#webpage","url":"https:\/\/www.visit-ulcinj.com\/blog\/2009\/04\/02\/femrat-dhe-meshkujt\/","name":"Femrat dhe meshkujt | Big Brother Albania 2","isPartOf":{"@id":"https:\/\/www.visit-ulcinj.com\/blog\/#website"},"primaryImageOfPage":{"@id":"https:\/\/www.visit-ulcinj.com\/blog\/2009\/04\/02\/femrat-dhe-meshkujt\/#primaryimage"},"datePublished":"2009-04-02T21:44:18+00:00","dateModified":"2009-04-02T21:44:18+00:00","author":{"@id":"https:\/\/www.visit-ulcinj.com\/blog\/#\/schema\/person\/dcab619c614d3038751c63bc2aadc06d"},"description":"Big Brother Albania 2 - Banor\u00c3\u00abt kan\u00c3\u00ab zhvilluar nj\u00c3\u00ab tjet\u00c3\u00abr debat, k\u00c3\u00absaj here me tem\u00c3\u00abn: \u00e2\u20ac\u0153Bota mashkullore dhe bota fem\u00c3\u00abrore\u00e2\u20ac\u009d Pyetja specifike p\u00c3\u00abr t\u00e2\u20ac\u2122u diskutuar ishte sa e v\u00c3\u00abrtet\u00c3\u00ab ishte q\u00c3\u00ab femrat vijn\u00c3\u00ab nga Af\u00c3\u00abrdita dhe meshkujt nga Marsi.","breadcrumb":{"@id":"https:\/\/www.visit-ulcinj.com\/blog\/2009\/04\/02\/femrat-dhe-meshkujt\/#breadcrumb"},"inLanguage":"en-US","potentialAction":[{"@type":"ReadAction","target":["https:\/\/www.visit-ulcinj.com\/blog\/2009\/04\/02\/femrat-dhe-meshkujt\/"]}]},{"@type":"BreadcrumbList","@id":"https:\/\/www.visit-ulcinj.com\/blog\/2009\/04\/02\/femrat-dhe-meshkujt\/#breadcrumb","itemListElement":[{"@type":"ListItem","position":1,"name":"Femrat dhe meshkujt"}]},{"@type":"Person","@id":"https:\/\/www.visit-ulcinj.com\/blog\/#\/schema\/person\/dcab619c614d3038751c63bc2aadc06d","name":"ulqini","sameAs":["http:\/\/www.visit-ulcinj.com"],"url":"https:\/\/www.visit-ulcinj.com\/blog\/author\/admin\/"}]}},"jetpack_featured_media_url":"","jetpack_sharing_enabled":true,"jetpack_shortlink":"https:\/\/wp.me\/pe6lTn-4j9","_links":{"self":[{"href":"https:\/\/www.visit-ulcinj.com\/blog\/wp-json\/wp\/v2\/posts\/16563"}],"collection":[{"href":"https:\/\/www.visit-ulcinj.com\/blog\/wp-json\/wp\/v2\/posts"}],"about":[{"href":"https:\/\/www.visit-ulcinj.com\/blog\/wp-json\/wp\/v2\/types\/post"}],"author":[{"embeddable":true,"href":"https:\/\/www.visit-ulcinj.com\/blog\/wp-json\/wp\/v2\/users\/1"}],"replies":[{"embeddable":true,"href":"https:\/\/www.visit-ulcinj.com\/blog\/wp-json\/wp\/v2\/comments?post=16563"}],"version-history":[{"count":0,"href":"https:\/\/www.visit-ulcinj.com\/blog\/wp-json\/wp\/v2\/posts\/16563\/revisions"}],"wp:attachment":[{"href":"https:\/\/www.visit-ulcinj.com\/blog\/wp-json\/wp\/v2\/media?parent=16563"}],"wp:term":[{"taxonomy":"category","embeddable":true,"href":"https:\/\/www.visit-ulcinj.com\/blog\/wp-json\/wp\/v2\/categories?post=16563"},{"taxonomy":"post_tag","embeddable":true,"href":"https:\/\/www.visit-ulcinj.com\/blog\/wp-json\/wp\/v2\/tags?post=16563"}],"curies":[{"name":"wp","href":"https:\/\/api.w.org\/{rel}","templated":true}]}}