{"id":16566,"date":"2009-04-02T23:46:58","date_gmt":"2009-04-02T21:46:58","guid":{"rendered":"http:\/\/www.visit-ulcinj.com\/blog\/?p=16566"},"modified":"2009-04-02T23:46:58","modified_gmt":"2009-04-02T21:46:58","slug":"gezuar-1-prillin","status":"publish","type":"post","link":"https:\/\/www.visit-ulcinj.com\/blog\/2009\/04\/02\/gezuar-1-prillin\/","title":{"rendered":"G\u00ebzuar 1 Prillin"},"content":{"rendered":"<p><em><span class=\"newsdate\"><a href=\"http:\/\/www.visit-ulcinj.com\/blog\/wp-content\/uploads\/2009\/04\/tani-dhe-arjoni-ne-oborr-copy.jpg\"><img loading=\"lazy\" class=\"alignleft size-full wp-image-16567\" title=\"tani-dhe-arjoni-ne-oborr-big-brother-albania-2\" src=\"http:\/\/www.visit-ulcinj.com\/blog\/wp-content\/uploads\/2009\/04\/tani-dhe-arjoni-ne-oborr-copy.jpg\" alt=\"tani-dhe-arjoni-ne-oborr-big-brother-albania-2\" width=\"300\" height=\"205\" \/><\/a>01\/04\/09 10:50<\/span><\/em><\/p>\n<p>Arjoni, Dritani dhe Qetsori kan\u00eb qen\u00eb t\u00eb par\u00ebt q\u00eb jan\u00eb zgjuar nga meshkujt e sht\u00ebpis\u00eb nd\u00ebrsa nga vajzat, Adelajda. N\u00eb pritje t\u00eb zgjimit t\u00eb banor\u00ebve t\u00eb tjer\u00eb nga gjumi, Dritani dhe Arjoni kan\u00eb q\u00ebndruar n\u00eb oborr duke biseduar. Arjoni ka komentuar me t\u00eb, m\u00ebnyrat qesharake sesi flinte secila prej vajzave, q\u00eb ky i kishte par\u00eb kur kishte hyr\u00eb n\u00eb dhom\u00ebn e tyre p\u00ebr t\u2019u nd\u00ebrruar baterit\u00eb. M\u00eb pas, ata kan\u00eb diskutuar se \u00e7far\u00eb g\u00ebnjeshtre mund t\u2019u sajonin banor\u00ebve t\u00eb tjer\u00eb, meq\u00eb ishte 1 Prilli, dita e g\u00ebnjeshtrave. Arjoni ka propozuar q\u00eb sot t\u00eb gjith\u00eb djemt\u00eb, mos u flisnin fare vajzave edhe kur t\u2019u flisnin ato. Ata shkuan n\u00eb dhom\u00ebn e gjumit p\u00ebr t\u2019ua propozuar k\u00ebt\u00eb edhe djemve t\u00eb tjer\u00eb, q\u00eb e gjet\u00ebn iden\u00eb shum\u00eb interesante.<\/p>\n","protected":false},"excerpt":{"rendered":"<p>01\/04\/09 10:50 Arjoni, Dritani dhe Qetsori kan\u00eb qen\u00eb t\u00eb par\u00ebt q\u00eb jan\u00eb zgjuar nga meshkujt e sht\u00ebpis\u00eb nd\u00ebrsa nga vajzat, Adelajda. N\u00eb pritje t\u00eb zgjimit t\u00eb banor\u00ebve t\u00eb tjer\u00eb nga gjumi, Dritani dhe Arjoni kan\u00eb q\u00ebndruar n\u00eb oborr duke biseduar. Arjoni ka komentuar me t\u00eb, m\u00ebnyrat qesharake sesi flinte secila prej vajzave, q\u00eb ky i [&hellip;]<\/p>\n","protected":false},"author":1,"featured_media":0,"comment_status":"open","ping_status":"closed","sticky":false,"template":"","format":"standard","meta":{"spay_email":"","jetpack_publicize_message":"","jetpack_is_tweetstorm":false,"jetpack_publicize_feature_enabled":true},"categories":[6502],"tags":[6537,6525,5057,6506,6516,6712,7129,6521,8702,6900,6891,6693,6887,6773],"jetpack_publicize_connections":[],"yoast_head":"<!-- This site is optimized with the Yoast SEO plugin v19.1 - https:\/\/yoast.com\/wordpress\/plugins\/seo\/ -->\n<title>G\u00c3\u00abzuar 1 Prillin | Big Brother Albania 2<\/title>\n<meta name=\"description\" content=\"Big Brother Albania 2 - Arjoni, Dritani dhe Qetsori kan\u00c3\u00ab qen\u00c3\u00ab t\u00c3\u00ab par\u00c3\u00abt q\u00c3\u00ab jan\u00c3\u00ab zgjuar nga meshkujt e sht\u00c3\u00abpis\u00c3\u00ab nd\u00c3\u00abrsa nga vajzat, Adelajda. N\u00c3\u00ab pritje t\u00c3\u00ab zgjimit t\u00c3\u00ab banor\u00c3\u00abve t\u00c3\u00ab tjer\u00c3\u00ab nga gjumi, Dritani dhe Arjoni kan\u00c3\u00ab q\u00c3\u00abndruar n\u00c3\u00ab oborr duke biseduar.\" \/>\n<meta name=\"robots\" content=\"index, follow, max-snippet:-1, max-image-preview:large, max-video-preview:-1\" \/>\n<link rel=\"canonical\" href=\"https:\/\/www.visit-ulcinj.com\/blog\/2009\/04\/02\/gezuar-1-prillin\/\" \/>\n<meta property=\"og:locale\" content=\"en_US\" \/>\n<meta property=\"og:type\" content=\"article\" \/>\n<meta property=\"og:title\" content=\"G\u00c3\u00abzuar 1 Prillin | Big Brother Albania 2\" \/>\n<meta property=\"og:description\" content=\"Big Brother Albania 2 - Arjoni, Dritani dhe Qetsori kan\u00c3\u00ab qen\u00c3\u00ab t\u00c3\u00ab par\u00c3\u00abt q\u00c3\u00ab jan\u00c3\u00ab zgjuar nga meshkujt e sht\u00c3\u00abpis\u00c3\u00ab nd\u00c3\u00abrsa nga vajzat, Adelajda. N\u00c3\u00ab pritje t\u00c3\u00ab zgjimit t\u00c3\u00ab banor\u00c3\u00abve t\u00c3\u00ab tjer\u00c3\u00ab nga gjumi, Dritani dhe Arjoni kan\u00c3\u00ab q\u00c3\u00abndruar n\u00c3\u00ab oborr duke biseduar.\" \/>\n<meta property=\"og:url\" content=\"https:\/\/www.visit-ulcinj.com\/blog\/2009\/04\/02\/gezuar-1-prillin\/\" \/>\n<meta property=\"og:site_name\" content=\"Lajme nga Ulqini\" \/>\n<meta property=\"article:published_time\" content=\"2009-04-02T21:46:58+00:00\" \/>\n<meta property=\"og:image\" content=\"http:\/\/www.visit-ulcinj.com\/blog\/wp-content\/uploads\/2009\/04\/tani-dhe-arjoni-ne-oborr-copy.jpg\" \/>\n<meta name=\"twitter:label1\" content=\"Written by\" \/>\n\t<meta name=\"twitter:data1\" content=\"ulqini\" \/>\n\t<meta name=\"twitter:label2\" content=\"Est. reading time\" \/>\n\t<meta name=\"twitter:data2\" content=\"1 minute\" \/>\n<script type=\"application\/ld+json\" class=\"yoast-schema-graph\">{\"@context\":\"https:\/\/schema.org\",\"@graph\":[{\"@type\":\"WebSite\",\"@id\":\"https:\/\/www.visit-ulcinj.com\/blog\/#website\",\"url\":\"https:\/\/www.visit-ulcinj.com\/blog\/\",\"name\":\"Lajme nga Ulqini\",\"description\":\"Lajme,Vijesti,Ulqini,Ulqin,Crna Gora,Mali i Zi\",\"potentialAction\":[{\"@type\":\"SearchAction\",\"target\":{\"@type\":\"EntryPoint\",\"urlTemplate\":\"https:\/\/www.visit-ulcinj.com\/blog\/?s={search_term_string}\"},\"query-input\":\"required name=search_term_string\"}],\"inLanguage\":\"en-US\"},{\"@type\":\"ImageObject\",\"inLanguage\":\"en-US\",\"@id\":\"https:\/\/www.visit-ulcinj.com\/blog\/2009\/04\/02\/gezuar-1-prillin\/#primaryimage\",\"url\":\"http:\/\/www.visit-ulcinj.com\/blog\/wp-content\/uploads\/2009\/04\/tani-dhe-arjoni-ne-oborr-copy.jpg\",\"contentUrl\":\"http:\/\/www.visit-ulcinj.com\/blog\/wp-content\/uploads\/2009\/04\/tani-dhe-arjoni-ne-oborr-copy.jpg\"},{\"@type\":\"WebPage\",\"@id\":\"https:\/\/www.visit-ulcinj.com\/blog\/2009\/04\/02\/gezuar-1-prillin\/#webpage\",\"url\":\"https:\/\/www.visit-ulcinj.com\/blog\/2009\/04\/02\/gezuar-1-prillin\/\",\"name\":\"G\u00c3\u00abzuar 1 Prillin | Big Brother Albania 2\",\"isPartOf\":{\"@id\":\"https:\/\/www.visit-ulcinj.com\/blog\/#website\"},\"primaryImageOfPage\":{\"@id\":\"https:\/\/www.visit-ulcinj.com\/blog\/2009\/04\/02\/gezuar-1-prillin\/#primaryimage\"},\"datePublished\":\"2009-04-02T21:46:58+00:00\",\"dateModified\":\"2009-04-02T21:46:58+00:00\",\"author\":{\"@id\":\"https:\/\/www.visit-ulcinj.com\/blog\/#\/schema\/person\/dcab619c614d3038751c63bc2aadc06d\"},\"description\":\"Big Brother Albania 2 - Arjoni, Dritani dhe Qetsori kan\u00c3\u00ab qen\u00c3\u00ab t\u00c3\u00ab par\u00c3\u00abt q\u00c3\u00ab jan\u00c3\u00ab zgjuar nga meshkujt e sht\u00c3\u00abpis\u00c3\u00ab nd\u00c3\u00abrsa nga vajzat, Adelajda. N\u00c3\u00ab pritje t\u00c3\u00ab zgjimit t\u00c3\u00ab banor\u00c3\u00abve t\u00c3\u00ab tjer\u00c3\u00ab nga gjumi, Dritani dhe Arjoni kan\u00c3\u00ab q\u00c3\u00abndruar n\u00c3\u00ab oborr duke biseduar.\",\"breadcrumb\":{\"@id\":\"https:\/\/www.visit-ulcinj.com\/blog\/2009\/04\/02\/gezuar-1-prillin\/#breadcrumb\"},\"inLanguage\":\"en-US\",\"potentialAction\":[{\"@type\":\"ReadAction\",\"target\":[\"https:\/\/www.visit-ulcinj.com\/blog\/2009\/04\/02\/gezuar-1-prillin\/\"]}]},{\"@type\":\"BreadcrumbList\",\"@id\":\"https:\/\/www.visit-ulcinj.com\/blog\/2009\/04\/02\/gezuar-1-prillin\/#breadcrumb\",\"itemListElement\":[{\"@type\":\"ListItem\",\"position\":1,\"name\":\"G\u00ebzuar 1 Prillin\"}]},{\"@type\":\"Person\",\"@id\":\"https:\/\/www.visit-ulcinj.com\/blog\/#\/schema\/person\/dcab619c614d3038751c63bc2aadc06d\",\"name\":\"ulqini\",\"sameAs\":[\"http:\/\/www.visit-ulcinj.com\"],\"url\":\"https:\/\/www.visit-ulcinj.com\/blog\/author\/admin\/\"}]}<\/script>\n<!-- \/ Yoast SEO plugin. -->","yoast_head_json":{"title":"G\u00c3\u00abzuar 1 Prillin | Big Brother Albania 2","description":"Big Brother Albania 2 - Arjoni, Dritani dhe Qetsori kan\u00c3\u00ab qen\u00c3\u00ab t\u00c3\u00ab par\u00c3\u00abt q\u00c3\u00ab jan\u00c3\u00ab zgjuar nga meshkujt e sht\u00c3\u00abpis\u00c3\u00ab nd\u00c3\u00abrsa nga vajzat, Adelajda. N\u00c3\u00ab pritje t\u00c3\u00ab zgjimit t\u00c3\u00ab banor\u00c3\u00abve t\u00c3\u00ab tjer\u00c3\u00ab nga gjumi, Dritani dhe Arjoni kan\u00c3\u00ab q\u00c3\u00abndruar n\u00c3\u00ab oborr duke biseduar.","robots":{"index":"index","follow":"follow","max-snippet":"max-snippet:-1","max-image-preview":"max-image-preview:large","max-video-preview":"max-video-preview:-1"},"canonical":"https:\/\/www.visit-ulcinj.com\/blog\/2009\/04\/02\/gezuar-1-prillin\/","og_locale":"en_US","og_type":"article","og_title":"G\u00c3\u00abzuar 1 Prillin | Big Brother Albania 2","og_description":"Big Brother Albania 2 - Arjoni, Dritani dhe Qetsori kan\u00c3\u00ab qen\u00c3\u00ab t\u00c3\u00ab par\u00c3\u00abt q\u00c3\u00ab jan\u00c3\u00ab zgjuar nga meshkujt e sht\u00c3\u00abpis\u00c3\u00ab nd\u00c3\u00abrsa nga vajzat, Adelajda. N\u00c3\u00ab pritje t\u00c3\u00ab zgjimit t\u00c3\u00ab banor\u00c3\u00abve t\u00c3\u00ab tjer\u00c3\u00ab nga gjumi, Dritani dhe Arjoni kan\u00c3\u00ab q\u00c3\u00abndruar n\u00c3\u00ab oborr duke biseduar.","og_url":"https:\/\/www.visit-ulcinj.com\/blog\/2009\/04\/02\/gezuar-1-prillin\/","og_site_name":"Lajme nga Ulqini","article_published_time":"2009-04-02T21:46:58+00:00","og_image":[{"url":"http:\/\/www.visit-ulcinj.com\/blog\/wp-content\/uploads\/2009\/04\/tani-dhe-arjoni-ne-oborr-copy.jpg"}],"twitter_misc":{"Written by":"ulqini","Est. reading time":"1 minute"},"schema":{"@context":"https:\/\/schema.org","@graph":[{"@type":"WebSite","@id":"https:\/\/www.visit-ulcinj.com\/blog\/#website","url":"https:\/\/www.visit-ulcinj.com\/blog\/","name":"Lajme nga Ulqini","description":"Lajme,Vijesti,Ulqini,Ulqin,Crna Gora,Mali i Zi","potentialAction":[{"@type":"SearchAction","target":{"@type":"EntryPoint","urlTemplate":"https:\/\/www.visit-ulcinj.com\/blog\/?s={search_term_string}"},"query-input":"required name=search_term_string"}],"inLanguage":"en-US"},{"@type":"ImageObject","inLanguage":"en-US","@id":"https:\/\/www.visit-ulcinj.com\/blog\/2009\/04\/02\/gezuar-1-prillin\/#primaryimage","url":"http:\/\/www.visit-ulcinj.com\/blog\/wp-content\/uploads\/2009\/04\/tani-dhe-arjoni-ne-oborr-copy.jpg","contentUrl":"http:\/\/www.visit-ulcinj.com\/blog\/wp-content\/uploads\/2009\/04\/tani-dhe-arjoni-ne-oborr-copy.jpg"},{"@type":"WebPage","@id":"https:\/\/www.visit-ulcinj.com\/blog\/2009\/04\/02\/gezuar-1-prillin\/#webpage","url":"https:\/\/www.visit-ulcinj.com\/blog\/2009\/04\/02\/gezuar-1-prillin\/","name":"G\u00c3\u00abzuar 1 Prillin | Big Brother Albania 2","isPartOf":{"@id":"https:\/\/www.visit-ulcinj.com\/blog\/#website"},"primaryImageOfPage":{"@id":"https:\/\/www.visit-ulcinj.com\/blog\/2009\/04\/02\/gezuar-1-prillin\/#primaryimage"},"datePublished":"2009-04-02T21:46:58+00:00","dateModified":"2009-04-02T21:46:58+00:00","author":{"@id":"https:\/\/www.visit-ulcinj.com\/blog\/#\/schema\/person\/dcab619c614d3038751c63bc2aadc06d"},"description":"Big Brother Albania 2 - Arjoni, Dritani dhe Qetsori kan\u00c3\u00ab qen\u00c3\u00ab t\u00c3\u00ab par\u00c3\u00abt q\u00c3\u00ab jan\u00c3\u00ab zgjuar nga meshkujt e sht\u00c3\u00abpis\u00c3\u00ab nd\u00c3\u00abrsa nga vajzat, Adelajda. N\u00c3\u00ab pritje t\u00c3\u00ab zgjimit t\u00c3\u00ab banor\u00c3\u00abve t\u00c3\u00ab tjer\u00c3\u00ab nga gjumi, Dritani dhe Arjoni kan\u00c3\u00ab q\u00c3\u00abndruar n\u00c3\u00ab oborr duke biseduar.","breadcrumb":{"@id":"https:\/\/www.visit-ulcinj.com\/blog\/2009\/04\/02\/gezuar-1-prillin\/#breadcrumb"},"inLanguage":"en-US","potentialAction":[{"@type":"ReadAction","target":["https:\/\/www.visit-ulcinj.com\/blog\/2009\/04\/02\/gezuar-1-prillin\/"]}]},{"@type":"BreadcrumbList","@id":"https:\/\/www.visit-ulcinj.com\/blog\/2009\/04\/02\/gezuar-1-prillin\/#breadcrumb","itemListElement":[{"@type":"ListItem","position":1,"name":"G\u00ebzuar 1 Prillin"}]},{"@type":"Person","@id":"https:\/\/www.visit-ulcinj.com\/blog\/#\/schema\/person\/dcab619c614d3038751c63bc2aadc06d","name":"ulqini","sameAs":["http:\/\/www.visit-ulcinj.com"],"url":"https:\/\/www.visit-ulcinj.com\/blog\/author\/admin\/"}]}},"jetpack_featured_media_url":"","jetpack_sharing_enabled":true,"jetpack_shortlink":"https:\/\/wp.me\/pe6lTn-4jc","_links":{"self":[{"href":"https:\/\/www.visit-ulcinj.com\/blog\/wp-json\/wp\/v2\/posts\/16566"}],"collection":[{"href":"https:\/\/www.visit-ulcinj.com\/blog\/wp-json\/wp\/v2\/posts"}],"about":[{"href":"https:\/\/www.visit-ulcinj.com\/blog\/wp-json\/wp\/v2\/types\/post"}],"author":[{"embeddable":true,"href":"https:\/\/www.visit-ulcinj.com\/blog\/wp-json\/wp\/v2\/users\/1"}],"replies":[{"embeddable":true,"href":"https:\/\/www.visit-ulcinj.com\/blog\/wp-json\/wp\/v2\/comments?post=16566"}],"version-history":[{"count":0,"href":"https:\/\/www.visit-ulcinj.com\/blog\/wp-json\/wp\/v2\/posts\/16566\/revisions"}],"wp:attachment":[{"href":"https:\/\/www.visit-ulcinj.com\/blog\/wp-json\/wp\/v2\/media?parent=16566"}],"wp:term":[{"taxonomy":"category","embeddable":true,"href":"https:\/\/www.visit-ulcinj.com\/blog\/wp-json\/wp\/v2\/categories?post=16566"},{"taxonomy":"post_tag","embeddable":true,"href":"https:\/\/www.visit-ulcinj.com\/blog\/wp-json\/wp\/v2\/tags?post=16566"}],"curies":[{"name":"wp","href":"https:\/\/api.w.org\/{rel}","templated":true}]}}