{"id":16569,"date":"2009-04-02T23:49:51","date_gmt":"2009-04-02T21:49:51","guid":{"rendered":"http:\/\/www.visit-ulcinj.com\/blog\/?p=16569"},"modified":"2009-04-02T23:49:51","modified_gmt":"2009-04-02T21:49:51","slug":"loja-e-djemve-ndaj-vajzave","status":"publish","type":"post","link":"https:\/\/www.visit-ulcinj.com\/blog\/2009\/04\/02\/loja-e-djemve-ndaj-vajzave\/","title":{"rendered":"Loja e djemve ndaj vajzave"},"content":{"rendered":"<p><em><span class=\"newsdate\"><a href=\"http:\/\/www.visit-ulcinj.com\/blog\/wp-content\/uploads\/2009\/04\/anjeza-ne-loje.jpg\"><img loading=\"lazy\" class=\"alignleft size-full wp-image-16570\" title=\"anjeza-ne-loje-big-brother-albania-2\" src=\"http:\/\/www.visit-ulcinj.com\/blog\/wp-content\/uploads\/2009\/04\/anjeza-ne-loje.jpg\" alt=\"anjeza-ne-loje-big-brother-albania-2\" width=\"300\" height=\"205\" \/><\/a>01\/04\/09 12:00<\/span><\/em><\/p>\n<p>Djemt\u00eb vazhdojn\u00eb t\u00eb mbajn\u00eb loj\u00ebn q\u00eb kan\u00eb nisur me vajzat. Ata nuk do t\u2019u flasin atyre p\u00ebrgjat\u00eb gjith\u00eb dit\u00ebs, nd\u00ebrkoh\u00eb q\u00eb ato nuk din\u00eb asgj\u00eb dhe shpesh her\u00eb mbeten t\u00eb habitura se p\u00ebrse ata nuk u kthejn\u00eb p\u00ebrsh\u00ebndetjet apo p\u00ebrgjigje. Ata kujtojn\u00eb njeri-tjetrin me shenja n\u00ebse dikush prej tyre harron dhe u flet vajzave. Djemt\u00eb q\u00ebndrojn\u00eb n\u00eb kop\u00ebsht dhe me ta bashkohet edhe Anjeza. Ata e trajtojn\u00eb at\u00eb sikur ajo t\u00eb mos ishte fare aty dhe nuk i kthejn\u00eb as p\u00ebrsh\u00ebndetjen e as mundohen q\u00eb ta futin n\u00eb bashk\u00ebbisedim. Edhe Anjeza nuk u flet m\u00eb, por vet\u00ebm rri e d\u00ebgjon bisedat e tyre. Bisedat q\u00eb b\u00ebjn\u00eb ata jan\u00eb t\u00eb temave t\u00eb ndryshme, ku ajo t\u00eb mos ket\u00eb mund\u00ebsi q\u00eb t\u00eb flas\u00eb.<\/p>\n","protected":false},"excerpt":{"rendered":"<p>01\/04\/09 12:00 Djemt\u00eb vazhdojn\u00eb t\u00eb mbajn\u00eb loj\u00ebn q\u00eb kan\u00eb nisur me vajzat. Ata nuk do t\u2019u flasin atyre p\u00ebrgjat\u00eb gjith\u00eb dit\u00ebs, nd\u00ebrkoh\u00eb q\u00eb ato nuk din\u00eb asgj\u00eb dhe shpesh her\u00eb mbeten t\u00eb habitura se p\u00ebrse ata nuk u kthejn\u00eb p\u00ebrsh\u00ebndetjet apo p\u00ebrgjigje. Ata kujtojn\u00eb njeri-tjetrin me shenja n\u00ebse dikush prej tyre harron dhe u flet [&hellip;]<\/p>\n","protected":false},"author":1,"featured_media":0,"comment_status":"open","ping_status":"closed","sticky":false,"template":"","format":"standard","meta":{"spay_email":"","jetpack_publicize_message":"","jetpack_is_tweetstorm":false,"jetpack_publicize_feature_enabled":true},"categories":[6502],"tags":[8289,5057,6506,6516,6712,7129,8680,6513,6891,6693,6887,8703],"jetpack_publicize_connections":[],"yoast_head":"<!-- This site is optimized with the Yoast SEO plugin v19.1 - https:\/\/yoast.com\/wordpress\/plugins\/seo\/ -->\n<title>Loja e djemve ndaj vajzave | Big Brother Albania 2<\/title>\n<meta name=\"description\" content=\"Big Brother Albania 2 - Djemt\u00c3\u00ab vazhdojn\u00c3\u00ab t\u00c3\u00ab mbajn\u00c3\u00ab loj\u00c3\u00abn q\u00c3\u00ab kan\u00c3\u00ab nisur me vajzat. Ata nuk do t\u00e2\u20ac\u2122u flasin atyre p\u00c3\u00abrgjat\u00c3\u00ab gjith\u00c3\u00ab dit\u00c3\u00abs, nd\u00c3\u00abrkoh\u00c3\u00ab q\u00c3\u00ab ato nuk din\u00c3\u00ab asgj\u00c3\u00ab dhe shpesh her\u00c3\u00ab mbeten t\u00c3\u00ab habitura se p\u00c3\u00abrse ata nuk u kthejn\u00c3\u00ab p\u00c3\u00abrsh\u00c3\u00abndetjet apo p\u00c3\u00abrgjigje\" \/>\n<meta name=\"robots\" content=\"index, follow, max-snippet:-1, max-image-preview:large, max-video-preview:-1\" \/>\n<link rel=\"canonical\" href=\"https:\/\/www.visit-ulcinj.com\/blog\/2009\/04\/02\/loja-e-djemve-ndaj-vajzave\/\" \/>\n<meta property=\"og:locale\" content=\"en_US\" \/>\n<meta property=\"og:type\" content=\"article\" \/>\n<meta property=\"og:title\" content=\"Loja e djemve ndaj vajzave | Big Brother Albania 2\" \/>\n<meta property=\"og:description\" content=\"Big Brother Albania 2 - Djemt\u00c3\u00ab vazhdojn\u00c3\u00ab t\u00c3\u00ab mbajn\u00c3\u00ab loj\u00c3\u00abn q\u00c3\u00ab kan\u00c3\u00ab nisur me vajzat. Ata nuk do t\u00e2\u20ac\u2122u flasin atyre p\u00c3\u00abrgjat\u00c3\u00ab gjith\u00c3\u00ab dit\u00c3\u00abs, nd\u00c3\u00abrkoh\u00c3\u00ab q\u00c3\u00ab ato nuk din\u00c3\u00ab asgj\u00c3\u00ab dhe shpesh her\u00c3\u00ab mbeten t\u00c3\u00ab habitura se p\u00c3\u00abrse ata nuk u kthejn\u00c3\u00ab p\u00c3\u00abrsh\u00c3\u00abndetjet apo p\u00c3\u00abrgjigje\" \/>\n<meta property=\"og:url\" content=\"https:\/\/www.visit-ulcinj.com\/blog\/2009\/04\/02\/loja-e-djemve-ndaj-vajzave\/\" \/>\n<meta property=\"og:site_name\" content=\"Lajme nga Ulqini\" \/>\n<meta property=\"article:published_time\" content=\"2009-04-02T21:49:51+00:00\" \/>\n<meta property=\"og:image\" content=\"http:\/\/www.visit-ulcinj.com\/blog\/wp-content\/uploads\/2009\/04\/anjeza-ne-loje.jpg\" \/>\n<meta name=\"twitter:label1\" content=\"Written by\" \/>\n\t<meta name=\"twitter:data1\" content=\"ulqini\" \/>\n\t<meta name=\"twitter:label2\" content=\"Est. reading time\" \/>\n\t<meta name=\"twitter:data2\" content=\"1 minute\" \/>\n<script type=\"application\/ld+json\" class=\"yoast-schema-graph\">{\"@context\":\"https:\/\/schema.org\",\"@graph\":[{\"@type\":\"WebSite\",\"@id\":\"https:\/\/www.visit-ulcinj.com\/blog\/#website\",\"url\":\"https:\/\/www.visit-ulcinj.com\/blog\/\",\"name\":\"Lajme nga Ulqini\",\"description\":\"Lajme,Vijesti,Ulqini,Ulqin,Crna Gora,Mali i Zi\",\"potentialAction\":[{\"@type\":\"SearchAction\",\"target\":{\"@type\":\"EntryPoint\",\"urlTemplate\":\"https:\/\/www.visit-ulcinj.com\/blog\/?s={search_term_string}\"},\"query-input\":\"required name=search_term_string\"}],\"inLanguage\":\"en-US\"},{\"@type\":\"ImageObject\",\"inLanguage\":\"en-US\",\"@id\":\"https:\/\/www.visit-ulcinj.com\/blog\/2009\/04\/02\/loja-e-djemve-ndaj-vajzave\/#primaryimage\",\"url\":\"http:\/\/www.visit-ulcinj.com\/blog\/wp-content\/uploads\/2009\/04\/anjeza-ne-loje.jpg\",\"contentUrl\":\"http:\/\/www.visit-ulcinj.com\/blog\/wp-content\/uploads\/2009\/04\/anjeza-ne-loje.jpg\"},{\"@type\":\"WebPage\",\"@id\":\"https:\/\/www.visit-ulcinj.com\/blog\/2009\/04\/02\/loja-e-djemve-ndaj-vajzave\/#webpage\",\"url\":\"https:\/\/www.visit-ulcinj.com\/blog\/2009\/04\/02\/loja-e-djemve-ndaj-vajzave\/\",\"name\":\"Loja e djemve ndaj vajzave | Big Brother Albania 2\",\"isPartOf\":{\"@id\":\"https:\/\/www.visit-ulcinj.com\/blog\/#website\"},\"primaryImageOfPage\":{\"@id\":\"https:\/\/www.visit-ulcinj.com\/blog\/2009\/04\/02\/loja-e-djemve-ndaj-vajzave\/#primaryimage\"},\"datePublished\":\"2009-04-02T21:49:51+00:00\",\"dateModified\":\"2009-04-02T21:49:51+00:00\",\"author\":{\"@id\":\"https:\/\/www.visit-ulcinj.com\/blog\/#\/schema\/person\/dcab619c614d3038751c63bc2aadc06d\"},\"description\":\"Big Brother Albania 2 - Djemt\u00c3\u00ab vazhdojn\u00c3\u00ab t\u00c3\u00ab mbajn\u00c3\u00ab loj\u00c3\u00abn q\u00c3\u00ab kan\u00c3\u00ab nisur me vajzat. Ata nuk do t\u00e2\u20ac\u2122u flasin atyre p\u00c3\u00abrgjat\u00c3\u00ab gjith\u00c3\u00ab dit\u00c3\u00abs, nd\u00c3\u00abrkoh\u00c3\u00ab q\u00c3\u00ab ato nuk din\u00c3\u00ab asgj\u00c3\u00ab dhe shpesh her\u00c3\u00ab mbeten t\u00c3\u00ab habitura se p\u00c3\u00abrse ata nuk u kthejn\u00c3\u00ab p\u00c3\u00abrsh\u00c3\u00abndetjet apo p\u00c3\u00abrgjigje\",\"breadcrumb\":{\"@id\":\"https:\/\/www.visit-ulcinj.com\/blog\/2009\/04\/02\/loja-e-djemve-ndaj-vajzave\/#breadcrumb\"},\"inLanguage\":\"en-US\",\"potentialAction\":[{\"@type\":\"ReadAction\",\"target\":[\"https:\/\/www.visit-ulcinj.com\/blog\/2009\/04\/02\/loja-e-djemve-ndaj-vajzave\/\"]}]},{\"@type\":\"BreadcrumbList\",\"@id\":\"https:\/\/www.visit-ulcinj.com\/blog\/2009\/04\/02\/loja-e-djemve-ndaj-vajzave\/#breadcrumb\",\"itemListElement\":[{\"@type\":\"ListItem\",\"position\":1,\"name\":\"Loja e djemve ndaj vajzave\"}]},{\"@type\":\"Person\",\"@id\":\"https:\/\/www.visit-ulcinj.com\/blog\/#\/schema\/person\/dcab619c614d3038751c63bc2aadc06d\",\"name\":\"ulqini\",\"sameAs\":[\"http:\/\/www.visit-ulcinj.com\"],\"url\":\"https:\/\/www.visit-ulcinj.com\/blog\/author\/admin\/\"}]}<\/script>\n<!-- \/ Yoast SEO plugin. -->","yoast_head_json":{"title":"Loja e djemve ndaj vajzave | Big Brother Albania 2","description":"Big Brother Albania 2 - Djemt\u00c3\u00ab vazhdojn\u00c3\u00ab t\u00c3\u00ab mbajn\u00c3\u00ab loj\u00c3\u00abn q\u00c3\u00ab kan\u00c3\u00ab nisur me vajzat. Ata nuk do t\u00e2\u20ac\u2122u flasin atyre p\u00c3\u00abrgjat\u00c3\u00ab gjith\u00c3\u00ab dit\u00c3\u00abs, nd\u00c3\u00abrkoh\u00c3\u00ab q\u00c3\u00ab ato nuk din\u00c3\u00ab asgj\u00c3\u00ab dhe shpesh her\u00c3\u00ab mbeten t\u00c3\u00ab habitura se p\u00c3\u00abrse ata nuk u kthejn\u00c3\u00ab p\u00c3\u00abrsh\u00c3\u00abndetjet apo p\u00c3\u00abrgjigje","robots":{"index":"index","follow":"follow","max-snippet":"max-snippet:-1","max-image-preview":"max-image-preview:large","max-video-preview":"max-video-preview:-1"},"canonical":"https:\/\/www.visit-ulcinj.com\/blog\/2009\/04\/02\/loja-e-djemve-ndaj-vajzave\/","og_locale":"en_US","og_type":"article","og_title":"Loja e djemve ndaj vajzave | Big Brother Albania 2","og_description":"Big Brother Albania 2 - Djemt\u00c3\u00ab vazhdojn\u00c3\u00ab t\u00c3\u00ab mbajn\u00c3\u00ab loj\u00c3\u00abn q\u00c3\u00ab kan\u00c3\u00ab nisur me vajzat. Ata nuk do t\u00e2\u20ac\u2122u flasin atyre p\u00c3\u00abrgjat\u00c3\u00ab gjith\u00c3\u00ab dit\u00c3\u00abs, nd\u00c3\u00abrkoh\u00c3\u00ab q\u00c3\u00ab ato nuk din\u00c3\u00ab asgj\u00c3\u00ab dhe shpesh her\u00c3\u00ab mbeten t\u00c3\u00ab habitura se p\u00c3\u00abrse ata nuk u kthejn\u00c3\u00ab p\u00c3\u00abrsh\u00c3\u00abndetjet apo p\u00c3\u00abrgjigje","og_url":"https:\/\/www.visit-ulcinj.com\/blog\/2009\/04\/02\/loja-e-djemve-ndaj-vajzave\/","og_site_name":"Lajme nga Ulqini","article_published_time":"2009-04-02T21:49:51+00:00","og_image":[{"url":"http:\/\/www.visit-ulcinj.com\/blog\/wp-content\/uploads\/2009\/04\/anjeza-ne-loje.jpg"}],"twitter_misc":{"Written by":"ulqini","Est. reading time":"1 minute"},"schema":{"@context":"https:\/\/schema.org","@graph":[{"@type":"WebSite","@id":"https:\/\/www.visit-ulcinj.com\/blog\/#website","url":"https:\/\/www.visit-ulcinj.com\/blog\/","name":"Lajme nga Ulqini","description":"Lajme,Vijesti,Ulqini,Ulqin,Crna Gora,Mali i Zi","potentialAction":[{"@type":"SearchAction","target":{"@type":"EntryPoint","urlTemplate":"https:\/\/www.visit-ulcinj.com\/blog\/?s={search_term_string}"},"query-input":"required name=search_term_string"}],"inLanguage":"en-US"},{"@type":"ImageObject","inLanguage":"en-US","@id":"https:\/\/www.visit-ulcinj.com\/blog\/2009\/04\/02\/loja-e-djemve-ndaj-vajzave\/#primaryimage","url":"http:\/\/www.visit-ulcinj.com\/blog\/wp-content\/uploads\/2009\/04\/anjeza-ne-loje.jpg","contentUrl":"http:\/\/www.visit-ulcinj.com\/blog\/wp-content\/uploads\/2009\/04\/anjeza-ne-loje.jpg"},{"@type":"WebPage","@id":"https:\/\/www.visit-ulcinj.com\/blog\/2009\/04\/02\/loja-e-djemve-ndaj-vajzave\/#webpage","url":"https:\/\/www.visit-ulcinj.com\/blog\/2009\/04\/02\/loja-e-djemve-ndaj-vajzave\/","name":"Loja e djemve ndaj vajzave | Big Brother Albania 2","isPartOf":{"@id":"https:\/\/www.visit-ulcinj.com\/blog\/#website"},"primaryImageOfPage":{"@id":"https:\/\/www.visit-ulcinj.com\/blog\/2009\/04\/02\/loja-e-djemve-ndaj-vajzave\/#primaryimage"},"datePublished":"2009-04-02T21:49:51+00:00","dateModified":"2009-04-02T21:49:51+00:00","author":{"@id":"https:\/\/www.visit-ulcinj.com\/blog\/#\/schema\/person\/dcab619c614d3038751c63bc2aadc06d"},"description":"Big Brother Albania 2 - Djemt\u00c3\u00ab vazhdojn\u00c3\u00ab t\u00c3\u00ab mbajn\u00c3\u00ab loj\u00c3\u00abn q\u00c3\u00ab kan\u00c3\u00ab nisur me vajzat. Ata nuk do t\u00e2\u20ac\u2122u flasin atyre p\u00c3\u00abrgjat\u00c3\u00ab gjith\u00c3\u00ab dit\u00c3\u00abs, nd\u00c3\u00abrkoh\u00c3\u00ab q\u00c3\u00ab ato nuk din\u00c3\u00ab asgj\u00c3\u00ab dhe shpesh her\u00c3\u00ab mbeten t\u00c3\u00ab habitura se p\u00c3\u00abrse ata nuk u kthejn\u00c3\u00ab p\u00c3\u00abrsh\u00c3\u00abndetjet apo p\u00c3\u00abrgjigje","breadcrumb":{"@id":"https:\/\/www.visit-ulcinj.com\/blog\/2009\/04\/02\/loja-e-djemve-ndaj-vajzave\/#breadcrumb"},"inLanguage":"en-US","potentialAction":[{"@type":"ReadAction","target":["https:\/\/www.visit-ulcinj.com\/blog\/2009\/04\/02\/loja-e-djemve-ndaj-vajzave\/"]}]},{"@type":"BreadcrumbList","@id":"https:\/\/www.visit-ulcinj.com\/blog\/2009\/04\/02\/loja-e-djemve-ndaj-vajzave\/#breadcrumb","itemListElement":[{"@type":"ListItem","position":1,"name":"Loja e djemve ndaj vajzave"}]},{"@type":"Person","@id":"https:\/\/www.visit-ulcinj.com\/blog\/#\/schema\/person\/dcab619c614d3038751c63bc2aadc06d","name":"ulqini","sameAs":["http:\/\/www.visit-ulcinj.com"],"url":"https:\/\/www.visit-ulcinj.com\/blog\/author\/admin\/"}]}},"jetpack_featured_media_url":"","jetpack_sharing_enabled":true,"jetpack_shortlink":"https:\/\/wp.me\/pe6lTn-4jf","_links":{"self":[{"href":"https:\/\/www.visit-ulcinj.com\/blog\/wp-json\/wp\/v2\/posts\/16569"}],"collection":[{"href":"https:\/\/www.visit-ulcinj.com\/blog\/wp-json\/wp\/v2\/posts"}],"about":[{"href":"https:\/\/www.visit-ulcinj.com\/blog\/wp-json\/wp\/v2\/types\/post"}],"author":[{"embeddable":true,"href":"https:\/\/www.visit-ulcinj.com\/blog\/wp-json\/wp\/v2\/users\/1"}],"replies":[{"embeddable":true,"href":"https:\/\/www.visit-ulcinj.com\/blog\/wp-json\/wp\/v2\/comments?post=16569"}],"version-history":[{"count":0,"href":"https:\/\/www.visit-ulcinj.com\/blog\/wp-json\/wp\/v2\/posts\/16569\/revisions"}],"wp:attachment":[{"href":"https:\/\/www.visit-ulcinj.com\/blog\/wp-json\/wp\/v2\/media?parent=16569"}],"wp:term":[{"taxonomy":"category","embeddable":true,"href":"https:\/\/www.visit-ulcinj.com\/blog\/wp-json\/wp\/v2\/categories?post=16569"},{"taxonomy":"post_tag","embeddable":true,"href":"https:\/\/www.visit-ulcinj.com\/blog\/wp-json\/wp\/v2\/tags?post=16569"}],"curies":[{"name":"wp","href":"https:\/\/api.w.org\/{rel}","templated":true}]}}