{"id":16578,"date":"2009-04-02T23:56:18","date_gmt":"2009-04-02T21:56:18","guid":{"rendered":"http:\/\/www.visit-ulcinj.com\/blog\/?p=16578"},"modified":"2009-04-02T23:56:18","modified_gmt":"2009-04-02T21:56:18","slug":"adelajda-me-ke-vene-ne-rrezik","status":"publish","type":"post","link":"https:\/\/www.visit-ulcinj.com\/blog\/2009\/04\/02\/adelajda-me-ke-vene-ne-rrezik\/","title":{"rendered":"Adelajda : M\u00eb ke v\u00ebn\u00eb n\u00eb rrezik"},"content":{"rendered":"<p><em><span class=\"newsdate\"><a href=\"http:\/\/www.visit-ulcinj.com\/blog\/wp-content\/uploads\/2009\/04\/adela-per-nomin-e-anit.jpg\"><img loading=\"lazy\" class=\"alignleft size-full wp-image-16579\" title=\"adela-per-nomin-e-anit-big-brother-albania-2\" src=\"http:\/\/www.visit-ulcinj.com\/blog\/wp-content\/uploads\/2009\/04\/adela-per-nomin-e-anit.jpg\" alt=\"adela-per-nomin-e-anit-big-brother-albania-2\" width=\"300\" height=\"205\" \/><\/a>01\/04\/09 13:35<\/span><\/em><\/p>\n<p>Adela i b\u00ebn t\u00eb ditur Antoninit se e di q\u00eb ai e ka nominuar dhe ajo e pyet p\u00ebrse ai e ka b\u00ebr\u00eb k\u00ebt\u00eb gj\u00eb. Ajo i thot\u00eb se n\u00eb rast se ai nuk e di, nominimet b\u00ebhen me arsyen q\u00eb nj\u00eb banor t\u00eb dal\u00eb nga sht\u00ebpia, dometh\u00ebn\u00eb se d\u00ebshiron q\u00eb ai banor t\u00eb largohet. N\u00eb k\u00ebt\u00eb rast, ai ka d\u00ebshiruar q\u00eb ajo t\u00eb largohet duke e b\u00ebr\u00eb k\u00ebshtu q\u00eb ajo t\u00eb rrezikoj\u00eb k\u00ebt\u00eb t\u00eb shtun\u00eb. Adela e pyet n\u00ebse ai do t\u00eb ndjehej m\u00eb mir\u00eb n\u00ebse ajo do t\u00eb largohej nga sht\u00ebpia apo jo. Ani i p\u00ebrgjigjet se ishte thjesht\u00eb nj\u00eb arsye q\u00eb i erdhi p\u00ebr momentin. Adela e sqaron se arsyeja se p\u00ebrse b\u00ebhet nominimi, \u00ebsht\u00eb se ai p\u00ebrson t\u00eb shqet\u00ebson. Ajo i thot\u00eb se e kupton faktin q\u00eb ai kishte vet\u00ebm nj\u00eb jav\u00eb n\u00eb sht\u00ebpi, por do t\u00eb dij\u00eb n\u00ebse ai mendon se do t\u00eb ndjehej m\u00eb mir\u00eb n\u00ebse ajo nuk do t\u00eb ishte n\u00eb sht\u00ebpi. \u201cNdoshta\u201d- ka kthyer p\u00ebrgjigje Ani. Adela i thot\u00eb se kaq donte t\u00eb dinte prej tij dhe Ani largohet, nd\u00ebrsa Adela q\u00ebndron e menduar n\u00eb dhom\u00eb.<\/p>\n","protected":false},"excerpt":{"rendered":"<p>01\/04\/09 13:35 Adela i b\u00ebn t\u00eb ditur Antoninit se e di q\u00eb ai e ka nominuar dhe ajo e pyet p\u00ebrse ai e ka b\u00ebr\u00eb k\u00ebt\u00eb gj\u00eb. Ajo i thot\u00eb se n\u00eb rast se ai nuk e di, nominimet b\u00ebhen me arsyen q\u00eb nj\u00eb banor t\u00eb dal\u00eb nga sht\u00ebpia, dometh\u00ebn\u00eb se d\u00ebshiron q\u00eb ai banor [&hellip;]<\/p>\n","protected":false},"author":1,"featured_media":0,"comment_status":"open","ping_status":"closed","sticky":false,"template":"","format":"standard","meta":{"spay_email":"","jetpack_publicize_message":"","jetpack_is_tweetstorm":false,"jetpack_publicize_feature_enabled":true},"categories":[6502],"tags":[6529,5057,6506,6516,6712,7129,8705,8704,6891,6693,6887],"jetpack_publicize_connections":[],"yoast_head":"<!-- This site is optimized with the Yoast SEO plugin v19.1 - https:\/\/yoast.com\/wordpress\/plugins\/seo\/ -->\n<title>Adelajda : M\u00c3\u00ab ke v\u00c3\u00abn\u00c3\u00ab n\u00c3\u00ab rrezik | Big Brother Albania 2<\/title>\n<meta name=\"description\" content=\"Big Brother Albania 2 - Adela i b\u00c3\u00abn t\u00c3\u00ab ditur Antoninit se e di q\u00c3\u00ab ai e ka nominuar dhe ajo e pyet p\u00c3\u00abrse ai e ka b\u00c3\u00abr\u00c3\u00ab k\u00c3\u00abt\u00c3\u00ab gj\u00c3\u00ab. Ajo i thot\u00c3\u00ab se n\u00c3\u00ab rast se ai nuk e di, nominimet b\u00c3\u00abhen me arsyen q\u00c3\u00ab nj\u00c3\u00ab banor t\u00c3\u00ab dal\u00c3\u00ab nga sht\u00c3\u00abpia\" \/>\n<meta name=\"robots\" content=\"index, follow, max-snippet:-1, max-image-preview:large, max-video-preview:-1\" \/>\n<link rel=\"canonical\" href=\"https:\/\/www.visit-ulcinj.com\/blog\/2009\/04\/02\/adelajda-me-ke-vene-ne-rrezik\/\" \/>\n<meta property=\"og:locale\" content=\"en_US\" \/>\n<meta property=\"og:type\" content=\"article\" \/>\n<meta property=\"og:title\" content=\"Adelajda : M\u00c3\u00ab ke v\u00c3\u00abn\u00c3\u00ab n\u00c3\u00ab rrezik | Big Brother Albania 2\" \/>\n<meta property=\"og:description\" content=\"Big Brother Albania 2 - Adela i b\u00c3\u00abn t\u00c3\u00ab ditur Antoninit se e di q\u00c3\u00ab ai e ka nominuar dhe ajo e pyet p\u00c3\u00abrse ai e ka b\u00c3\u00abr\u00c3\u00ab k\u00c3\u00abt\u00c3\u00ab gj\u00c3\u00ab. Ajo i thot\u00c3\u00ab se n\u00c3\u00ab rast se ai nuk e di, nominimet b\u00c3\u00abhen me arsyen q\u00c3\u00ab nj\u00c3\u00ab banor t\u00c3\u00ab dal\u00c3\u00ab nga sht\u00c3\u00abpia\" \/>\n<meta property=\"og:url\" content=\"https:\/\/www.visit-ulcinj.com\/blog\/2009\/04\/02\/adelajda-me-ke-vene-ne-rrezik\/\" \/>\n<meta property=\"og:site_name\" content=\"Lajme nga Ulqini\" \/>\n<meta property=\"article:published_time\" content=\"2009-04-02T21:56:18+00:00\" \/>\n<meta property=\"og:image\" content=\"http:\/\/www.visit-ulcinj.com\/blog\/wp-content\/uploads\/2009\/04\/adela-per-nomin-e-anit.jpg\" \/>\n<meta name=\"twitter:label1\" content=\"Written by\" \/>\n\t<meta name=\"twitter:data1\" content=\"ulqini\" \/>\n\t<meta name=\"twitter:label2\" content=\"Est. reading time\" \/>\n\t<meta name=\"twitter:data2\" content=\"1 minute\" \/>\n<script type=\"application\/ld+json\" class=\"yoast-schema-graph\">{\"@context\":\"https:\/\/schema.org\",\"@graph\":[{\"@type\":\"WebSite\",\"@id\":\"https:\/\/www.visit-ulcinj.com\/blog\/#website\",\"url\":\"https:\/\/www.visit-ulcinj.com\/blog\/\",\"name\":\"Lajme nga Ulqini\",\"description\":\"Lajme,Vijesti,Ulqini,Ulqin,Crna Gora,Mali i Zi\",\"potentialAction\":[{\"@type\":\"SearchAction\",\"target\":{\"@type\":\"EntryPoint\",\"urlTemplate\":\"https:\/\/www.visit-ulcinj.com\/blog\/?s={search_term_string}\"},\"query-input\":\"required name=search_term_string\"}],\"inLanguage\":\"en-US\"},{\"@type\":\"ImageObject\",\"inLanguage\":\"en-US\",\"@id\":\"https:\/\/www.visit-ulcinj.com\/blog\/2009\/04\/02\/adelajda-me-ke-vene-ne-rrezik\/#primaryimage\",\"url\":\"http:\/\/www.visit-ulcinj.com\/blog\/wp-content\/uploads\/2009\/04\/adela-per-nomin-e-anit.jpg\",\"contentUrl\":\"http:\/\/www.visit-ulcinj.com\/blog\/wp-content\/uploads\/2009\/04\/adela-per-nomin-e-anit.jpg\"},{\"@type\":\"WebPage\",\"@id\":\"https:\/\/www.visit-ulcinj.com\/blog\/2009\/04\/02\/adelajda-me-ke-vene-ne-rrezik\/#webpage\",\"url\":\"https:\/\/www.visit-ulcinj.com\/blog\/2009\/04\/02\/adelajda-me-ke-vene-ne-rrezik\/\",\"name\":\"Adelajda : M\u00c3\u00ab ke v\u00c3\u00abn\u00c3\u00ab n\u00c3\u00ab rrezik | Big Brother Albania 2\",\"isPartOf\":{\"@id\":\"https:\/\/www.visit-ulcinj.com\/blog\/#website\"},\"primaryImageOfPage\":{\"@id\":\"https:\/\/www.visit-ulcinj.com\/blog\/2009\/04\/02\/adelajda-me-ke-vene-ne-rrezik\/#primaryimage\"},\"datePublished\":\"2009-04-02T21:56:18+00:00\",\"dateModified\":\"2009-04-02T21:56:18+00:00\",\"author\":{\"@id\":\"https:\/\/www.visit-ulcinj.com\/blog\/#\/schema\/person\/dcab619c614d3038751c63bc2aadc06d\"},\"description\":\"Big Brother Albania 2 - Adela i b\u00c3\u00abn t\u00c3\u00ab ditur Antoninit se e di q\u00c3\u00ab ai e ka nominuar dhe ajo e pyet p\u00c3\u00abrse ai e ka b\u00c3\u00abr\u00c3\u00ab k\u00c3\u00abt\u00c3\u00ab gj\u00c3\u00ab. Ajo i thot\u00c3\u00ab se n\u00c3\u00ab rast se ai nuk e di, nominimet b\u00c3\u00abhen me arsyen q\u00c3\u00ab nj\u00c3\u00ab banor t\u00c3\u00ab dal\u00c3\u00ab nga sht\u00c3\u00abpia\",\"breadcrumb\":{\"@id\":\"https:\/\/www.visit-ulcinj.com\/blog\/2009\/04\/02\/adelajda-me-ke-vene-ne-rrezik\/#breadcrumb\"},\"inLanguage\":\"en-US\",\"potentialAction\":[{\"@type\":\"ReadAction\",\"target\":[\"https:\/\/www.visit-ulcinj.com\/blog\/2009\/04\/02\/adelajda-me-ke-vene-ne-rrezik\/\"]}]},{\"@type\":\"BreadcrumbList\",\"@id\":\"https:\/\/www.visit-ulcinj.com\/blog\/2009\/04\/02\/adelajda-me-ke-vene-ne-rrezik\/#breadcrumb\",\"itemListElement\":[{\"@type\":\"ListItem\",\"position\":1,\"name\":\"Adelajda : M\u00eb ke v\u00ebn\u00eb n\u00eb rrezik\"}]},{\"@type\":\"Person\",\"@id\":\"https:\/\/www.visit-ulcinj.com\/blog\/#\/schema\/person\/dcab619c614d3038751c63bc2aadc06d\",\"name\":\"ulqini\",\"sameAs\":[\"http:\/\/www.visit-ulcinj.com\"],\"url\":\"https:\/\/www.visit-ulcinj.com\/blog\/author\/admin\/\"}]}<\/script>\n<!-- \/ Yoast SEO plugin. -->","yoast_head_json":{"title":"Adelajda : M\u00c3\u00ab ke v\u00c3\u00abn\u00c3\u00ab n\u00c3\u00ab rrezik | Big Brother Albania 2","description":"Big Brother Albania 2 - Adela i b\u00c3\u00abn t\u00c3\u00ab ditur Antoninit se e di q\u00c3\u00ab ai e ka nominuar dhe ajo e pyet p\u00c3\u00abrse ai e ka b\u00c3\u00abr\u00c3\u00ab k\u00c3\u00abt\u00c3\u00ab gj\u00c3\u00ab. Ajo i thot\u00c3\u00ab se n\u00c3\u00ab rast se ai nuk e di, nominimet b\u00c3\u00abhen me arsyen q\u00c3\u00ab nj\u00c3\u00ab banor t\u00c3\u00ab dal\u00c3\u00ab nga sht\u00c3\u00abpia","robots":{"index":"index","follow":"follow","max-snippet":"max-snippet:-1","max-image-preview":"max-image-preview:large","max-video-preview":"max-video-preview:-1"},"canonical":"https:\/\/www.visit-ulcinj.com\/blog\/2009\/04\/02\/adelajda-me-ke-vene-ne-rrezik\/","og_locale":"en_US","og_type":"article","og_title":"Adelajda : M\u00c3\u00ab ke v\u00c3\u00abn\u00c3\u00ab n\u00c3\u00ab rrezik | Big Brother Albania 2","og_description":"Big Brother Albania 2 - Adela i b\u00c3\u00abn t\u00c3\u00ab ditur Antoninit se e di q\u00c3\u00ab ai e ka nominuar dhe ajo e pyet p\u00c3\u00abrse ai e ka b\u00c3\u00abr\u00c3\u00ab k\u00c3\u00abt\u00c3\u00ab gj\u00c3\u00ab. Ajo i thot\u00c3\u00ab se n\u00c3\u00ab rast se ai nuk e di, nominimet b\u00c3\u00abhen me arsyen q\u00c3\u00ab nj\u00c3\u00ab banor t\u00c3\u00ab dal\u00c3\u00ab nga sht\u00c3\u00abpia","og_url":"https:\/\/www.visit-ulcinj.com\/blog\/2009\/04\/02\/adelajda-me-ke-vene-ne-rrezik\/","og_site_name":"Lajme nga Ulqini","article_published_time":"2009-04-02T21:56:18+00:00","og_image":[{"url":"http:\/\/www.visit-ulcinj.com\/blog\/wp-content\/uploads\/2009\/04\/adela-per-nomin-e-anit.jpg"}],"twitter_misc":{"Written by":"ulqini","Est. reading time":"1 minute"},"schema":{"@context":"https:\/\/schema.org","@graph":[{"@type":"WebSite","@id":"https:\/\/www.visit-ulcinj.com\/blog\/#website","url":"https:\/\/www.visit-ulcinj.com\/blog\/","name":"Lajme nga Ulqini","description":"Lajme,Vijesti,Ulqini,Ulqin,Crna Gora,Mali i Zi","potentialAction":[{"@type":"SearchAction","target":{"@type":"EntryPoint","urlTemplate":"https:\/\/www.visit-ulcinj.com\/blog\/?s={search_term_string}"},"query-input":"required name=search_term_string"}],"inLanguage":"en-US"},{"@type":"ImageObject","inLanguage":"en-US","@id":"https:\/\/www.visit-ulcinj.com\/blog\/2009\/04\/02\/adelajda-me-ke-vene-ne-rrezik\/#primaryimage","url":"http:\/\/www.visit-ulcinj.com\/blog\/wp-content\/uploads\/2009\/04\/adela-per-nomin-e-anit.jpg","contentUrl":"http:\/\/www.visit-ulcinj.com\/blog\/wp-content\/uploads\/2009\/04\/adela-per-nomin-e-anit.jpg"},{"@type":"WebPage","@id":"https:\/\/www.visit-ulcinj.com\/blog\/2009\/04\/02\/adelajda-me-ke-vene-ne-rrezik\/#webpage","url":"https:\/\/www.visit-ulcinj.com\/blog\/2009\/04\/02\/adelajda-me-ke-vene-ne-rrezik\/","name":"Adelajda : M\u00c3\u00ab ke v\u00c3\u00abn\u00c3\u00ab n\u00c3\u00ab rrezik | Big Brother Albania 2","isPartOf":{"@id":"https:\/\/www.visit-ulcinj.com\/blog\/#website"},"primaryImageOfPage":{"@id":"https:\/\/www.visit-ulcinj.com\/blog\/2009\/04\/02\/adelajda-me-ke-vene-ne-rrezik\/#primaryimage"},"datePublished":"2009-04-02T21:56:18+00:00","dateModified":"2009-04-02T21:56:18+00:00","author":{"@id":"https:\/\/www.visit-ulcinj.com\/blog\/#\/schema\/person\/dcab619c614d3038751c63bc2aadc06d"},"description":"Big Brother Albania 2 - Adela i b\u00c3\u00abn t\u00c3\u00ab ditur Antoninit se e di q\u00c3\u00ab ai e ka nominuar dhe ajo e pyet p\u00c3\u00abrse ai e ka b\u00c3\u00abr\u00c3\u00ab k\u00c3\u00abt\u00c3\u00ab gj\u00c3\u00ab. Ajo i thot\u00c3\u00ab se n\u00c3\u00ab rast se ai nuk e di, nominimet b\u00c3\u00abhen me arsyen q\u00c3\u00ab nj\u00c3\u00ab banor t\u00c3\u00ab dal\u00c3\u00ab nga sht\u00c3\u00abpia","breadcrumb":{"@id":"https:\/\/www.visit-ulcinj.com\/blog\/2009\/04\/02\/adelajda-me-ke-vene-ne-rrezik\/#breadcrumb"},"inLanguage":"en-US","potentialAction":[{"@type":"ReadAction","target":["https:\/\/www.visit-ulcinj.com\/blog\/2009\/04\/02\/adelajda-me-ke-vene-ne-rrezik\/"]}]},{"@type":"BreadcrumbList","@id":"https:\/\/www.visit-ulcinj.com\/blog\/2009\/04\/02\/adelajda-me-ke-vene-ne-rrezik\/#breadcrumb","itemListElement":[{"@type":"ListItem","position":1,"name":"Adelajda : M\u00eb ke v\u00ebn\u00eb n\u00eb rrezik"}]},{"@type":"Person","@id":"https:\/\/www.visit-ulcinj.com\/blog\/#\/schema\/person\/dcab619c614d3038751c63bc2aadc06d","name":"ulqini","sameAs":["http:\/\/www.visit-ulcinj.com"],"url":"https:\/\/www.visit-ulcinj.com\/blog\/author\/admin\/"}]}},"jetpack_featured_media_url":"","jetpack_sharing_enabled":true,"jetpack_shortlink":"https:\/\/wp.me\/pe6lTn-4jo","_links":{"self":[{"href":"https:\/\/www.visit-ulcinj.com\/blog\/wp-json\/wp\/v2\/posts\/16578"}],"collection":[{"href":"https:\/\/www.visit-ulcinj.com\/blog\/wp-json\/wp\/v2\/posts"}],"about":[{"href":"https:\/\/www.visit-ulcinj.com\/blog\/wp-json\/wp\/v2\/types\/post"}],"author":[{"embeddable":true,"href":"https:\/\/www.visit-ulcinj.com\/blog\/wp-json\/wp\/v2\/users\/1"}],"replies":[{"embeddable":true,"href":"https:\/\/www.visit-ulcinj.com\/blog\/wp-json\/wp\/v2\/comments?post=16578"}],"version-history":[{"count":0,"href":"https:\/\/www.visit-ulcinj.com\/blog\/wp-json\/wp\/v2\/posts\/16578\/revisions"}],"wp:attachment":[{"href":"https:\/\/www.visit-ulcinj.com\/blog\/wp-json\/wp\/v2\/media?parent=16578"}],"wp:term":[{"taxonomy":"category","embeddable":true,"href":"https:\/\/www.visit-ulcinj.com\/blog\/wp-json\/wp\/v2\/categories?post=16578"},{"taxonomy":"post_tag","embeddable":true,"href":"https:\/\/www.visit-ulcinj.com\/blog\/wp-json\/wp\/v2\/tags?post=16578"}],"curies":[{"name":"wp","href":"https:\/\/api.w.org\/{rel}","templated":true}]}}