{"id":16588,"date":"2009-04-03T01:03:35","date_gmt":"2009-04-02T23:03:35","guid":{"rendered":"http:\/\/www.visit-ulcinj.com\/blog\/?p=16588"},"modified":"2009-04-03T01:03:35","modified_gmt":"2009-04-02T23:03:35","slug":"adelajda-pse-erdhi-tek-mua","status":"publish","type":"post","link":"https:\/\/www.visit-ulcinj.com\/blog\/2009\/04\/03\/adelajda-pse-erdhi-tek-mua\/","title":{"rendered":"Adelajda : Pse erdhi tek mua?!"},"content":{"rendered":"<p><em><span class=\"newsdate\"><a href=\"http:\/\/www.visit-ulcinj.com\/blog\/wp-content\/uploads\/2009\/04\/adela-dhe-dritani.jpg\"><img loading=\"lazy\" class=\"alignleft size-full wp-image-16589\" title=\"adela-dhe-dritani-big-brother-albania-2\" src=\"http:\/\/www.visit-ulcinj.com\/blog\/wp-content\/uploads\/2009\/04\/adela-dhe-dritani.jpg\" alt=\"adela-dhe-dritani-big-brother-albania-2\" width=\"300\" height=\"205\" \/><\/a>01\/04\/09 17:59<\/span><\/em><\/p>\n<p>Biseda e dit\u00ebs \u00ebsht\u00eb kthyer debati i Adit me Qetsorin. Adelajda e diskuton me Dritanin k\u00ebt\u00eb debat. Adelajda e pyet n\u00ebse ai e di arsyen se pse jan\u00eb kapur ata t\u00eb dy. Dritani i thot\u00eb q\u00eb ai nuk ka qen\u00eb prezent, por q\u00eb di vet\u00ebm faktin q\u00eb u kap\u00ebn q\u00eb n\u00eb m\u00ebngjes n\u00eb lidhje me zgjimin. Adelajda i thot\u00eb q\u00eb ajo mendoi q\u00eb ato po b\u00ebnin loj\u00eb, meq\u00eb \u00ebsht\u00eb dhe dita e 1 Prillit. Ajo i thot\u00eb q\u00eb Qetsori i kishte th\u00ebn\u00eb q\u00eb ai kishte d\u00ebshir\u00eb ta ngacmonte Adin dhe shton:-\u201cUn\u00eb nuk kuptova pse erdhi dhe m\u00eb tha mua!\u201d Dritani ia kthen:-\u201cM\u00eb p\u00eblqen t\u00eb merrem me veten dhe nuk kam iden\u00eb se pse mund ta ket\u00eb b\u00ebr\u00eb k\u00ebt\u00eb gj\u00eb!\u201d<\/p>\n","protected":false},"excerpt":{"rendered":"<p>01\/04\/09 17:59 Biseda e dit\u00ebs \u00ebsht\u00eb kthyer debati i Adit me Qetsorin. Adelajda e diskuton me Dritanin k\u00ebt\u00eb debat. Adelajda e pyet n\u00ebse ai e di arsyen se pse jan\u00eb kapur ata t\u00eb dy. Dritani i thot\u00eb q\u00eb ai nuk ka qen\u00eb prezent, por q\u00eb di vet\u00ebm faktin q\u00eb u kap\u00ebn q\u00eb n\u00eb m\u00ebngjes n\u00eb [&hellip;]<\/p>\n","protected":false},"author":1,"featured_media":0,"comment_status":"open","ping_status":"closed","sticky":false,"template":"","format":"standard","meta":{"spay_email":"","jetpack_publicize_message":"","jetpack_is_tweetstorm":false,"jetpack_publicize_feature_enabled":true},"categories":[6502],"tags":[6529,7956,6537,5057,6506,6516,6712,7129,8181,6521,6544,6900,6891,6693,6887],"jetpack_publicize_connections":[],"yoast_head":"<!-- This site is optimized with the Yoast SEO plugin v19.1 - https:\/\/yoast.com\/wordpress\/plugins\/seo\/ -->\n<title>Adelajda : Pse erdhi tek mua?! | Big Brother Albania 2<\/title>\n<meta name=\"description\" content=\"Big Brother Albania 2 - Biseda e dit\u00c3\u00abs \u00c3\u00absht\u00c3\u00ab kthyer debati i Adit me Qetsorin. Adelajda e diskuton me Dritanin k\u00c3\u00abt\u00c3\u00ab debat. Adelajda e pyet n\u00c3\u00abse ai e di arsyen se pse jan\u00c3\u00ab kapur ata t\u00c3\u00ab dy.\" \/>\n<meta name=\"robots\" content=\"index, follow, max-snippet:-1, max-image-preview:large, max-video-preview:-1\" \/>\n<link rel=\"canonical\" href=\"https:\/\/www.visit-ulcinj.com\/blog\/2009\/04\/03\/adelajda-pse-erdhi-tek-mua\/\" \/>\n<meta property=\"og:locale\" content=\"en_US\" \/>\n<meta property=\"og:type\" content=\"article\" \/>\n<meta property=\"og:title\" content=\"Adelajda : Pse erdhi tek mua?! | Big Brother Albania 2\" \/>\n<meta property=\"og:description\" content=\"Big Brother Albania 2 - Biseda e dit\u00c3\u00abs \u00c3\u00absht\u00c3\u00ab kthyer debati i Adit me Qetsorin. Adelajda e diskuton me Dritanin k\u00c3\u00abt\u00c3\u00ab debat. Adelajda e pyet n\u00c3\u00abse ai e di arsyen se pse jan\u00c3\u00ab kapur ata t\u00c3\u00ab dy.\" \/>\n<meta property=\"og:url\" content=\"https:\/\/www.visit-ulcinj.com\/blog\/2009\/04\/03\/adelajda-pse-erdhi-tek-mua\/\" \/>\n<meta property=\"og:site_name\" content=\"Lajme nga Ulqini\" \/>\n<meta property=\"article:published_time\" content=\"2009-04-02T23:03:35+00:00\" \/>\n<meta property=\"og:image\" content=\"http:\/\/www.visit-ulcinj.com\/blog\/wp-content\/uploads\/2009\/04\/adela-dhe-dritani.jpg\" \/>\n<meta name=\"twitter:label1\" content=\"Written by\" \/>\n\t<meta name=\"twitter:data1\" content=\"ulqini\" \/>\n\t<meta name=\"twitter:label2\" content=\"Est. reading time\" \/>\n\t<meta name=\"twitter:data2\" content=\"1 minute\" \/>\n<script type=\"application\/ld+json\" class=\"yoast-schema-graph\">{\"@context\":\"https:\/\/schema.org\",\"@graph\":[{\"@type\":\"WebSite\",\"@id\":\"https:\/\/www.visit-ulcinj.com\/blog\/#website\",\"url\":\"https:\/\/www.visit-ulcinj.com\/blog\/\",\"name\":\"Lajme nga Ulqini\",\"description\":\"Lajme,Vijesti,Ulqini,Ulqin,Crna Gora,Mali i Zi\",\"potentialAction\":[{\"@type\":\"SearchAction\",\"target\":{\"@type\":\"EntryPoint\",\"urlTemplate\":\"https:\/\/www.visit-ulcinj.com\/blog\/?s={search_term_string}\"},\"query-input\":\"required name=search_term_string\"}],\"inLanguage\":\"en-US\"},{\"@type\":\"ImageObject\",\"inLanguage\":\"en-US\",\"@id\":\"https:\/\/www.visit-ulcinj.com\/blog\/2009\/04\/03\/adelajda-pse-erdhi-tek-mua\/#primaryimage\",\"url\":\"http:\/\/www.visit-ulcinj.com\/blog\/wp-content\/uploads\/2009\/04\/adela-dhe-dritani.jpg\",\"contentUrl\":\"http:\/\/www.visit-ulcinj.com\/blog\/wp-content\/uploads\/2009\/04\/adela-dhe-dritani.jpg\"},{\"@type\":\"WebPage\",\"@id\":\"https:\/\/www.visit-ulcinj.com\/blog\/2009\/04\/03\/adelajda-pse-erdhi-tek-mua\/#webpage\",\"url\":\"https:\/\/www.visit-ulcinj.com\/blog\/2009\/04\/03\/adelajda-pse-erdhi-tek-mua\/\",\"name\":\"Adelajda : Pse erdhi tek mua?! | Big Brother Albania 2\",\"isPartOf\":{\"@id\":\"https:\/\/www.visit-ulcinj.com\/blog\/#website\"},\"primaryImageOfPage\":{\"@id\":\"https:\/\/www.visit-ulcinj.com\/blog\/2009\/04\/03\/adelajda-pse-erdhi-tek-mua\/#primaryimage\"},\"datePublished\":\"2009-04-02T23:03:35+00:00\",\"dateModified\":\"2009-04-02T23:03:35+00:00\",\"author\":{\"@id\":\"https:\/\/www.visit-ulcinj.com\/blog\/#\/schema\/person\/dcab619c614d3038751c63bc2aadc06d\"},\"description\":\"Big Brother Albania 2 - Biseda e dit\u00c3\u00abs \u00c3\u00absht\u00c3\u00ab kthyer debati i Adit me Qetsorin. Adelajda e diskuton me Dritanin k\u00c3\u00abt\u00c3\u00ab debat. Adelajda e pyet n\u00c3\u00abse ai e di arsyen se pse jan\u00c3\u00ab kapur ata t\u00c3\u00ab dy.\",\"breadcrumb\":{\"@id\":\"https:\/\/www.visit-ulcinj.com\/blog\/2009\/04\/03\/adelajda-pse-erdhi-tek-mua\/#breadcrumb\"},\"inLanguage\":\"en-US\",\"potentialAction\":[{\"@type\":\"ReadAction\",\"target\":[\"https:\/\/www.visit-ulcinj.com\/blog\/2009\/04\/03\/adelajda-pse-erdhi-tek-mua\/\"]}]},{\"@type\":\"BreadcrumbList\",\"@id\":\"https:\/\/www.visit-ulcinj.com\/blog\/2009\/04\/03\/adelajda-pse-erdhi-tek-mua\/#breadcrumb\",\"itemListElement\":[{\"@type\":\"ListItem\",\"position\":1,\"name\":\"Adelajda : Pse erdhi tek mua?!\"}]},{\"@type\":\"Person\",\"@id\":\"https:\/\/www.visit-ulcinj.com\/blog\/#\/schema\/person\/dcab619c614d3038751c63bc2aadc06d\",\"name\":\"ulqini\",\"sameAs\":[\"http:\/\/www.visit-ulcinj.com\"],\"url\":\"https:\/\/www.visit-ulcinj.com\/blog\/author\/admin\/\"}]}<\/script>\n<!-- \/ Yoast SEO plugin. -->","yoast_head_json":{"title":"Adelajda : Pse erdhi tek mua?! | Big Brother Albania 2","description":"Big Brother Albania 2 - Biseda e dit\u00c3\u00abs \u00c3\u00absht\u00c3\u00ab kthyer debati i Adit me Qetsorin. Adelajda e diskuton me Dritanin k\u00c3\u00abt\u00c3\u00ab debat. Adelajda e pyet n\u00c3\u00abse ai e di arsyen se pse jan\u00c3\u00ab kapur ata t\u00c3\u00ab dy.","robots":{"index":"index","follow":"follow","max-snippet":"max-snippet:-1","max-image-preview":"max-image-preview:large","max-video-preview":"max-video-preview:-1"},"canonical":"https:\/\/www.visit-ulcinj.com\/blog\/2009\/04\/03\/adelajda-pse-erdhi-tek-mua\/","og_locale":"en_US","og_type":"article","og_title":"Adelajda : Pse erdhi tek mua?! | Big Brother Albania 2","og_description":"Big Brother Albania 2 - Biseda e dit\u00c3\u00abs \u00c3\u00absht\u00c3\u00ab kthyer debati i Adit me Qetsorin. Adelajda e diskuton me Dritanin k\u00c3\u00abt\u00c3\u00ab debat. Adelajda e pyet n\u00c3\u00abse ai e di arsyen se pse jan\u00c3\u00ab kapur ata t\u00c3\u00ab dy.","og_url":"https:\/\/www.visit-ulcinj.com\/blog\/2009\/04\/03\/adelajda-pse-erdhi-tek-mua\/","og_site_name":"Lajme nga Ulqini","article_published_time":"2009-04-02T23:03:35+00:00","og_image":[{"url":"http:\/\/www.visit-ulcinj.com\/blog\/wp-content\/uploads\/2009\/04\/adela-dhe-dritani.jpg"}],"twitter_misc":{"Written by":"ulqini","Est. reading time":"1 minute"},"schema":{"@context":"https:\/\/schema.org","@graph":[{"@type":"WebSite","@id":"https:\/\/www.visit-ulcinj.com\/blog\/#website","url":"https:\/\/www.visit-ulcinj.com\/blog\/","name":"Lajme nga Ulqini","description":"Lajme,Vijesti,Ulqini,Ulqin,Crna Gora,Mali i Zi","potentialAction":[{"@type":"SearchAction","target":{"@type":"EntryPoint","urlTemplate":"https:\/\/www.visit-ulcinj.com\/blog\/?s={search_term_string}"},"query-input":"required name=search_term_string"}],"inLanguage":"en-US"},{"@type":"ImageObject","inLanguage":"en-US","@id":"https:\/\/www.visit-ulcinj.com\/blog\/2009\/04\/03\/adelajda-pse-erdhi-tek-mua\/#primaryimage","url":"http:\/\/www.visit-ulcinj.com\/blog\/wp-content\/uploads\/2009\/04\/adela-dhe-dritani.jpg","contentUrl":"http:\/\/www.visit-ulcinj.com\/blog\/wp-content\/uploads\/2009\/04\/adela-dhe-dritani.jpg"},{"@type":"WebPage","@id":"https:\/\/www.visit-ulcinj.com\/blog\/2009\/04\/03\/adelajda-pse-erdhi-tek-mua\/#webpage","url":"https:\/\/www.visit-ulcinj.com\/blog\/2009\/04\/03\/adelajda-pse-erdhi-tek-mua\/","name":"Adelajda : Pse erdhi tek mua?! | Big Brother Albania 2","isPartOf":{"@id":"https:\/\/www.visit-ulcinj.com\/blog\/#website"},"primaryImageOfPage":{"@id":"https:\/\/www.visit-ulcinj.com\/blog\/2009\/04\/03\/adelajda-pse-erdhi-tek-mua\/#primaryimage"},"datePublished":"2009-04-02T23:03:35+00:00","dateModified":"2009-04-02T23:03:35+00:00","author":{"@id":"https:\/\/www.visit-ulcinj.com\/blog\/#\/schema\/person\/dcab619c614d3038751c63bc2aadc06d"},"description":"Big Brother Albania 2 - Biseda e dit\u00c3\u00abs \u00c3\u00absht\u00c3\u00ab kthyer debati i Adit me Qetsorin. Adelajda e diskuton me Dritanin k\u00c3\u00abt\u00c3\u00ab debat. Adelajda e pyet n\u00c3\u00abse ai e di arsyen se pse jan\u00c3\u00ab kapur ata t\u00c3\u00ab dy.","breadcrumb":{"@id":"https:\/\/www.visit-ulcinj.com\/blog\/2009\/04\/03\/adelajda-pse-erdhi-tek-mua\/#breadcrumb"},"inLanguage":"en-US","potentialAction":[{"@type":"ReadAction","target":["https:\/\/www.visit-ulcinj.com\/blog\/2009\/04\/03\/adelajda-pse-erdhi-tek-mua\/"]}]},{"@type":"BreadcrumbList","@id":"https:\/\/www.visit-ulcinj.com\/blog\/2009\/04\/03\/adelajda-pse-erdhi-tek-mua\/#breadcrumb","itemListElement":[{"@type":"ListItem","position":1,"name":"Adelajda : Pse erdhi tek mua?!"}]},{"@type":"Person","@id":"https:\/\/www.visit-ulcinj.com\/blog\/#\/schema\/person\/dcab619c614d3038751c63bc2aadc06d","name":"ulqini","sameAs":["http:\/\/www.visit-ulcinj.com"],"url":"https:\/\/www.visit-ulcinj.com\/blog\/author\/admin\/"}]}},"jetpack_featured_media_url":"","jetpack_sharing_enabled":true,"jetpack_shortlink":"https:\/\/wp.me\/pe6lTn-4jy","_links":{"self":[{"href":"https:\/\/www.visit-ulcinj.com\/blog\/wp-json\/wp\/v2\/posts\/16588"}],"collection":[{"href":"https:\/\/www.visit-ulcinj.com\/blog\/wp-json\/wp\/v2\/posts"}],"about":[{"href":"https:\/\/www.visit-ulcinj.com\/blog\/wp-json\/wp\/v2\/types\/post"}],"author":[{"embeddable":true,"href":"https:\/\/www.visit-ulcinj.com\/blog\/wp-json\/wp\/v2\/users\/1"}],"replies":[{"embeddable":true,"href":"https:\/\/www.visit-ulcinj.com\/blog\/wp-json\/wp\/v2\/comments?post=16588"}],"version-history":[{"count":0,"href":"https:\/\/www.visit-ulcinj.com\/blog\/wp-json\/wp\/v2\/posts\/16588\/revisions"}],"wp:attachment":[{"href":"https:\/\/www.visit-ulcinj.com\/blog\/wp-json\/wp\/v2\/media?parent=16588"}],"wp:term":[{"taxonomy":"category","embeddable":true,"href":"https:\/\/www.visit-ulcinj.com\/blog\/wp-json\/wp\/v2\/categories?post=16588"},{"taxonomy":"post_tag","embeddable":true,"href":"https:\/\/www.visit-ulcinj.com\/blog\/wp-json\/wp\/v2\/tags?post=16588"}],"curies":[{"name":"wp","href":"https:\/\/api.w.org\/{rel}","templated":true}]}}