{"id":16592,"date":"2009-04-03T16:13:32","date_gmt":"2009-04-03T14:13:32","guid":{"rendered":"http:\/\/www.visit-ulcinj.com\/blog\/?p=16592"},"modified":"2009-04-03T16:15:56","modified_gmt":"2009-04-03T14:15:56","slug":"gezim-hajdinaga-beri-takimi-me-perfaqesuesit-e-ekipeve-sportive","status":"publish","type":"post","link":"https:\/\/www.visit-ulcinj.com\/blog\/2009\/04\/03\/gezim-hajdinaga-beri-takimi-me-perfaqesuesit-e-ekipeve-sportive\/","title":{"rendered":"G\u00ebzim Hajdinaga b\u00ebri takimi me perfaqesuesit e ekipeve sportive"},"content":{"rendered":"<p><a href=\"http:\/\/www.visit-ulcinj.com\/blog\/wp-content\/uploads\/2009\/04\/gezim-hajdinaga-beri-takimi-me-perfaqesuesit-e-ekipeve-sportive-te-ulqinit11.jpg\"><img loading=\"lazy\" class=\"alignleft size-full wp-image-16602\" title=\"gezim-hajdinaga-beri-takimi-me-perfaqesuesit-e-ekipeve-sportive-te-ulqinit11\" src=\"http:\/\/www.visit-ulcinj.com\/blog\/wp-content\/uploads\/2009\/04\/gezim-hajdinaga-beri-takimi-me-perfaqesuesit-e-ekipeve-sportive-te-ulqinit11.jpg\" alt=\"gezim-hajdinaga-beri-takimi-me-perfaqesuesit-e-ekipeve-sportive-te-ulqinit11\" width=\"570\" height=\"400\" \/><\/a>G\u00ebzim Hajdinaga b\u00ebri takimi me perfaqesuesit e ekipeve sportive nga Komuna e Ulqinit.Ato biseduan p\u00ebr sukseset q\u00eb arrit\u00ebn dhe medalet e shumta q\u00eb i fituan.<\/p>\n<p><strong>Ju lutem klikoni 2-3 her\u00eb n\u00eb Fotografi me e zmadhu&#8230;&#8230;&#8230;..<\/strong><\/p>\n\n\t\t<style type=\"text\/css\">\n\t\t\t#gallery-1 {\n\t\t\t\tmargin: auto;\n\t\t\t}\n\t\t\t#gallery-1 .gallery-item {\n\t\t\t\tfloat: left;\n\t\t\t\tmargin-top: 10px;\n\t\t\t\ttext-align: center;\n\t\t\t\twidth: 33%;\n\t\t\t}\n\t\t\t#gallery-1 img {\n\t\t\t\tborder: 2px solid #cfcfcf;\n\t\t\t}\n\t\t\t#gallery-1 .gallery-caption {\n\t\t\t\tmargin-left: 0;\n\t\t\t}\n\t\t\t\/* see gallery_shortcode() in wp-includes\/media.php *\/\n\t\t<\/style>\n\t\t<div id='gallery-1' class='gallery galleryid-16592 gallery-columns-3 gallery-size-thumbnail'><dl class='gallery-item'>\n\t\t\t<dt class='gallery-icon landscape'>\n\t\t\t\t<a href='https:\/\/www.visit-ulcinj.com\/blog\/2009\/04\/03\/gezim-hajdinaga-beri-takimi-me-perfaqesuesit-e-ekipeve-sportive\/gezim-hajdinaga-beri-takimi-me-perfaqesuesit-e-ekipeve-sportive-te-ulqinit1\/'><img width=\"150\" height=\"150\" src=\"https:\/\/www.visit-ulcinj.com\/blog\/wp-content\/uploads\/2009\/04\/gezim-hajdinaga-beri-takimi-me-perfaqesuesit-e-ekipeve-sportive-te-ulqinit1-150x150.jpg\" class=\"attachment-thumbnail size-thumbnail\" alt=\"\" loading=\"lazy\" \/><\/a>\n\t\t\t<\/dt><\/dl><dl class='gallery-item'>\n\t\t\t<dt class='gallery-icon landscape'>\n\t\t\t\t<a href='https:\/\/www.visit-ulcinj.com\/blog\/2009\/04\/03\/gezim-hajdinaga-beri-takimi-me-perfaqesuesit-e-ekipeve-sportive\/gezim-hajdinaga-beri-takimi-me-perfaqesuesit-e-ekipeve-sportive-te-ulqinit2\/'><img width=\"150\" height=\"150\" src=\"https:\/\/www.visit-ulcinj.com\/blog\/wp-content\/uploads\/2009\/04\/gezim-hajdinaga-beri-takimi-me-perfaqesuesit-e-ekipeve-sportive-te-ulqinit2-150x150.jpg\" class=\"attachment-thumbnail size-thumbnail\" alt=\"\" loading=\"lazy\" \/><\/a>\n\t\t\t<\/dt><\/dl><dl class='gallery-item'>\n\t\t\t<dt class='gallery-icon landscape'>\n\t\t\t\t<a href='https:\/\/www.visit-ulcinj.com\/blog\/2009\/04\/03\/gezim-hajdinaga-beri-takimi-me-perfaqesuesit-e-ekipeve-sportive\/gezim-hajdinaga-beri-takimi-me-perfaqesuesit-e-ekipeve-sportive-te-ulqinit3\/'><img width=\"150\" height=\"150\" src=\"https:\/\/www.visit-ulcinj.com\/blog\/wp-content\/uploads\/2009\/04\/gezim-hajdinaga-beri-takimi-me-perfaqesuesit-e-ekipeve-sportive-te-ulqinit3-150x150.jpg\" class=\"attachment-thumbnail size-thumbnail\" alt=\"\" loading=\"lazy\" \/><\/a>\n\t\t\t<\/dt><\/dl><br style=\"clear: both\" \/><dl class='gallery-item'>\n\t\t\t<dt class='gallery-icon landscape'>\n\t\t\t\t<a href='https:\/\/www.visit-ulcinj.com\/blog\/2009\/04\/03\/gezim-hajdinaga-beri-takimi-me-perfaqesuesit-e-ekipeve-sportive\/gezim-hajdinaga-beri-takimi-me-perfaqesuesit-e-ekipeve-sportive-te-ulqinit4\/'><img width=\"150\" height=\"150\" src=\"https:\/\/www.visit-ulcinj.com\/blog\/wp-content\/uploads\/2009\/04\/gezim-hajdinaga-beri-takimi-me-perfaqesuesit-e-ekipeve-sportive-te-ulqinit4-150x150.jpg\" class=\"attachment-thumbnail size-thumbnail\" alt=\"\" loading=\"lazy\" \/><\/a>\n\t\t\t<\/dt><\/dl><dl class='gallery-item'>\n\t\t\t<dt class='gallery-icon landscape'>\n\t\t\t\t<a href='https:\/\/www.visit-ulcinj.com\/blog\/2009\/04\/03\/gezim-hajdinaga-beri-takimi-me-perfaqesuesit-e-ekipeve-sportive\/gezim-hajdinaga-beri-takimi-me-perfaqesuesit-e-ekipeve-sportive-te-ulqinit5\/'><img width=\"150\" height=\"150\" src=\"https:\/\/www.visit-ulcinj.com\/blog\/wp-content\/uploads\/2009\/04\/gezim-hajdinaga-beri-takimi-me-perfaqesuesit-e-ekipeve-sportive-te-ulqinit5-150x150.jpg\" class=\"attachment-thumbnail size-thumbnail\" alt=\"\" loading=\"lazy\" \/><\/a>\n\t\t\t<\/dt><\/dl><dl class='gallery-item'>\n\t\t\t<dt class='gallery-icon landscape'>\n\t\t\t\t<a href='https:\/\/www.visit-ulcinj.com\/blog\/2009\/04\/03\/gezim-hajdinaga-beri-takimi-me-perfaqesuesit-e-ekipeve-sportive\/gezim-hajdinaga-beri-takimi-me-perfaqesuesit-e-ekipeve-sportive-te-ulqinit6\/'><img width=\"150\" height=\"150\" src=\"https:\/\/www.visit-ulcinj.com\/blog\/wp-content\/uploads\/2009\/04\/gezim-hajdinaga-beri-takimi-me-perfaqesuesit-e-ekipeve-sportive-te-ulqinit6-150x150.jpg\" class=\"attachment-thumbnail size-thumbnail\" alt=\"\" loading=\"lazy\" \/><\/a>\n\t\t\t<\/dt><\/dl><br style=\"clear: both\" \/><dl class='gallery-item'>\n\t\t\t<dt class='gallery-icon landscape'>\n\t\t\t\t<a href='https:\/\/www.visit-ulcinj.com\/blog\/2009\/04\/03\/gezim-hajdinaga-beri-takimi-me-perfaqesuesit-e-ekipeve-sportive\/gezim-hajdinaga-beri-takimi-me-perfaqesuesit-e-ekipeve-sportive-te-ulqinit7\/'><img width=\"150\" height=\"150\" src=\"https:\/\/www.visit-ulcinj.com\/blog\/wp-content\/uploads\/2009\/04\/gezim-hajdinaga-beri-takimi-me-perfaqesuesit-e-ekipeve-sportive-te-ulqinit7-150x150.jpg\" class=\"attachment-thumbnail size-thumbnail\" alt=\"\" loading=\"lazy\" \/><\/a>\n\t\t\t<\/dt><\/dl><dl class='gallery-item'>\n\t\t\t<dt class='gallery-icon landscape'>\n\t\t\t\t<a href='https:\/\/www.visit-ulcinj.com\/blog\/2009\/04\/03\/gezim-hajdinaga-beri-takimi-me-perfaqesuesit-e-ekipeve-sportive\/gezim-hajdinaga-beri-takimi-me-perfaqesuesit-e-ekipeve-sportive-te-ulqinit8\/'><img width=\"150\" height=\"150\" src=\"https:\/\/www.visit-ulcinj.com\/blog\/wp-content\/uploads\/2009\/04\/gezim-hajdinaga-beri-takimi-me-perfaqesuesit-e-ekipeve-sportive-te-ulqinit8-150x150.jpg\" class=\"attachment-thumbnail size-thumbnail\" alt=\"\" loading=\"lazy\" \/><\/a>\n\t\t\t<\/dt><\/dl><dl class='gallery-item'>\n\t\t\t<dt class='gallery-icon landscape'>\n\t\t\t\t<a href='https:\/\/www.visit-ulcinj.com\/blog\/2009\/04\/03\/gezim-hajdinaga-beri-takimi-me-perfaqesuesit-e-ekipeve-sportive\/gezim-hajdinaga-beri-takimi-me-perfaqesuesit-e-ekipeve-sportive-te-ulqinit10\/'><img width=\"150\" height=\"150\" src=\"https:\/\/www.visit-ulcinj.com\/blog\/wp-content\/uploads\/2009\/04\/gezim-hajdinaga-beri-takimi-me-perfaqesuesit-e-ekipeve-sportive-te-ulqinit10-150x150.jpg\" class=\"attachment-thumbnail size-thumbnail\" alt=\"\" loading=\"lazy\" \/><\/a>\n\t\t\t<\/dt><\/dl><br style=\"clear: both\" \/><dl class='gallery-item'>\n\t\t\t<dt class='gallery-icon landscape'>\n\t\t\t\t<a href='https:\/\/www.visit-ulcinj.com\/blog\/2009\/04\/03\/gezim-hajdinaga-beri-takimi-me-perfaqesuesit-e-ekipeve-sportive\/gezim-hajdinaga-beri-takimi-me-perfaqesuesit-e-ekipeve-sportive-te-ulqinit11\/'><img width=\"150\" height=\"150\" src=\"https:\/\/www.visit-ulcinj.com\/blog\/wp-content\/uploads\/2009\/04\/gezim-hajdinaga-beri-takimi-me-perfaqesuesit-e-ekipeve-sportive-te-ulqinit11-150x150.jpg\" class=\"attachment-thumbnail size-thumbnail\" alt=\"\" loading=\"lazy\" \/><\/a>\n\t\t\t<\/dt><\/dl><dl class='gallery-item'>\n\t\t\t<dt class='gallery-icon landscape'>\n\t\t\t\t<a href='https:\/\/www.visit-ulcinj.com\/blog\/2009\/04\/03\/gezim-hajdinaga-beri-takimi-me-perfaqesuesit-e-ekipeve-sportive\/gezim-hajdinaga-beri-takimi-me-perfaqesuesit-e-ekipeve-sportive-te-ulqinit12\/'><img width=\"150\" height=\"150\" src=\"https:\/\/www.visit-ulcinj.com\/blog\/wp-content\/uploads\/2009\/04\/gezim-hajdinaga-beri-takimi-me-perfaqesuesit-e-ekipeve-sportive-te-ulqinit12-150x150.jpg\" class=\"attachment-thumbnail size-thumbnail\" alt=\"\" loading=\"lazy\" \/><\/a>\n\t\t\t<\/dt><\/dl><dl class='gallery-item'>\n\t\t\t<dt class='gallery-icon landscape'>\n\t\t\t\t<a href='https:\/\/www.visit-ulcinj.com\/blog\/2009\/04\/03\/gezim-hajdinaga-beri-takimi-me-perfaqesuesit-e-ekipeve-sportive\/gezim-hajdinaga-beri-takimi-me-perfaqesuesit-e-ekipeve-sportive-te-ulqinit13\/'><img width=\"150\" height=\"150\" src=\"https:\/\/www.visit-ulcinj.com\/blog\/wp-content\/uploads\/2009\/04\/gezim-hajdinaga-beri-takimi-me-perfaqesuesit-e-ekipeve-sportive-te-ulqinit13-150x150.jpg\" class=\"attachment-thumbnail size-thumbnail\" alt=\"\" loading=\"lazy\" \/><\/a>\n\t\t\t<\/dt><\/dl><br style=\"clear: both\" \/><dl class='gallery-item'>\n\t\t\t<dt class='gallery-icon landscape'>\n\t\t\t\t<a href='https:\/\/www.visit-ulcinj.com\/blog\/2009\/04\/03\/gezim-hajdinaga-beri-takimi-me-perfaqesuesit-e-ekipeve-sportive\/gezim-hajdinaga-beri-takimi-me-perfaqesuesit-e-ekipeve-sportive-te-ulqinit14\/'><img width=\"150\" height=\"150\" src=\"https:\/\/www.visit-ulcinj.com\/blog\/wp-content\/uploads\/2009\/04\/gezim-hajdinaga-beri-takimi-me-perfaqesuesit-e-ekipeve-sportive-te-ulqinit14-150x150.jpg\" class=\"attachment-thumbnail size-thumbnail\" alt=\"\" loading=\"lazy\" \/><\/a>\n\t\t\t<\/dt><\/dl><dl class='gallery-item'>\n\t\t\t<dt class='gallery-icon landscape'>\n\t\t\t\t<a href='https:\/\/www.visit-ulcinj.com\/blog\/2009\/04\/03\/gezim-hajdinaga-beri-takimi-me-perfaqesuesit-e-ekipeve-sportive\/gezim-hajdinaga-beri-takimi-me-perfaqesuesit-e-ekipeve-sportive-te-ulqinit15\/'><img width=\"150\" height=\"150\" src=\"https:\/\/www.visit-ulcinj.com\/blog\/wp-content\/uploads\/2009\/04\/gezim-hajdinaga-beri-takimi-me-perfaqesuesit-e-ekipeve-sportive-te-ulqinit15-150x150.jpg\" class=\"attachment-thumbnail size-thumbnail\" alt=\"\" loading=\"lazy\" \/><\/a>\n\t\t\t<\/dt><\/dl><dl class='gallery-item'>\n\t\t\t<dt class='gallery-icon landscape'>\n\t\t\t\t<a href='https:\/\/www.visit-ulcinj.com\/blog\/2009\/04\/03\/gezim-hajdinaga-beri-takimi-me-perfaqesuesit-e-ekipeve-sportive\/gezim-hajdinaga-beri-takimi-me-perfaqesuesit-e-ekipeve-sportive-te-ulqinit\/'><img width=\"150\" height=\"150\" src=\"https:\/\/www.visit-ulcinj.com\/blog\/wp-content\/uploads\/2009\/04\/gezim-hajdinaga-beri-takimi-me-perfaqesuesit-e-ekipeve-sportive-te-ulqinit-150x150.jpg\" class=\"attachment-thumbnail size-thumbnail\" alt=\"\" loading=\"lazy\" \/><\/a>\n\t\t\t<\/dt><\/dl><br style=\"clear: both\" \/>\n\t\t<\/div>\n\n","protected":false},"excerpt":{"rendered":"<p>G\u00ebzim Hajdinaga b\u00ebri takimi me perfaqesuesit e ekipeve sportive nga Komuna e Ulqinit.Ato biseduan p\u00ebr sukseset q\u00eb arrit\u00ebn dhe medalet e shumta q\u00eb i fituan. Ju lutem klikoni 2-3 her\u00eb n\u00eb Fotografi me e zmadhu&#8230;&#8230;&#8230;..<\/p>\n","protected":false},"author":1,"featured_media":0,"comment_status":"open","ping_status":"closed","sticky":false,"template":"","format":"standard","meta":{"spay_email":"","jetpack_publicize_message":"","jetpack_is_tweetstorm":false,"jetpack_publicize_feature_enabled":true},"categories":[3],"tags":[8707,8706,297],"jetpack_publicize_connections":[],"yoast_head":"<!-- This site is optimized with the Yoast SEO plugin v19.1 - https:\/\/yoast.com\/wordpress\/plugins\/seo\/ -->\n<title>G\u00ebzim Hajdinaga b\u00ebri takimi me perfaqesuesit e ekipeve sportive - Lajme nga Ulqini<\/title>\n<meta name=\"description\" content=\"G\u00ebzim Hajdinaga b\u00ebri takimi me perfaqesuesit e ekipeve sportive nga Komuna e Ulqinit.Ato biseduan p\u00ebr sukseset q\u00eb arrit\u00ebn dhe medalet e shumta q\u00eb i\" \/>\n<meta name=\"robots\" content=\"index, follow, max-snippet:-1, max-image-preview:large, max-video-preview:-1\" \/>\n<link rel=\"canonical\" href=\"https:\/\/www.visit-ulcinj.com\/blog\/2009\/04\/03\/gezim-hajdinaga-beri-takimi-me-perfaqesuesit-e-ekipeve-sportive\/\" \/>\n<meta property=\"og:locale\" content=\"en_US\" \/>\n<meta property=\"og:type\" content=\"article\" \/>\n<meta property=\"og:title\" content=\"G\u00ebzim Hajdinaga b\u00ebri takimi me perfaqesuesit e ekipeve sportive - Lajme nga Ulqini\" \/>\n<meta property=\"og:description\" content=\"G\u00ebzim Hajdinaga b\u00ebri takimi me perfaqesuesit e ekipeve sportive nga Komuna e Ulqinit.Ato biseduan p\u00ebr sukseset q\u00eb arrit\u00ebn dhe medalet e shumta q\u00eb i\" \/>\n<meta property=\"og:url\" content=\"https:\/\/www.visit-ulcinj.com\/blog\/2009\/04\/03\/gezim-hajdinaga-beri-takimi-me-perfaqesuesit-e-ekipeve-sportive\/\" \/>\n<meta property=\"og:site_name\" content=\"Lajme nga Ulqini\" \/>\n<meta property=\"article:published_time\" content=\"2009-04-03T14:13:32+00:00\" \/>\n<meta property=\"article:modified_time\" content=\"2009-04-03T14:15:56+00:00\" \/>\n<meta property=\"og:image\" content=\"https:\/\/www.visit-ulcinj.com\/blog\/wp-content\/uploads\/2009\/04\/gezim-hajdinaga-beri-takimi-me-perfaqesuesit-e-ekipeve-sportive-te-ulqinit1-150x150.jpg\" \/>\n<meta name=\"twitter:label1\" content=\"Written by\" \/>\n\t<meta name=\"twitter:data1\" content=\"ulqini\" \/>\n<script type=\"application\/ld+json\" class=\"yoast-schema-graph\">{\"@context\":\"https:\/\/schema.org\",\"@graph\":[{\"@type\":\"WebSite\",\"@id\":\"https:\/\/www.visit-ulcinj.com\/blog\/#website\",\"url\":\"https:\/\/www.visit-ulcinj.com\/blog\/\",\"name\":\"Lajme nga Ulqini\",\"description\":\"Lajme,Vijesti,Ulqini,Ulqin,Crna Gora,Mali i Zi\",\"potentialAction\":[{\"@type\":\"SearchAction\",\"target\":{\"@type\":\"EntryPoint\",\"urlTemplate\":\"https:\/\/www.visit-ulcinj.com\/blog\/?s={search_term_string}\"},\"query-input\":\"required name=search_term_string\"}],\"inLanguage\":\"en-US\"},{\"@type\":\"ImageObject\",\"inLanguage\":\"en-US\",\"@id\":\"https:\/\/www.visit-ulcinj.com\/blog\/2009\/04\/03\/gezim-hajdinaga-beri-takimi-me-perfaqesuesit-e-ekipeve-sportive\/#primaryimage\",\"url\":\"https:\/\/www.visit-ulcinj.com\/blog\/wp-content\/uploads\/2009\/04\/gezim-hajdinaga-beri-takimi-me-perfaqesuesit-e-ekipeve-sportive-te-ulqinit11.jpg\",\"contentUrl\":\"https:\/\/www.visit-ulcinj.com\/blog\/wp-content\/uploads\/2009\/04\/gezim-hajdinaga-beri-takimi-me-perfaqesuesit-e-ekipeve-sportive-te-ulqinit11.jpg\",\"width\":\"1024\",\"height\":\"683\"},{\"@type\":\"WebPage\",\"@id\":\"https:\/\/www.visit-ulcinj.com\/blog\/2009\/04\/03\/gezim-hajdinaga-beri-takimi-me-perfaqesuesit-e-ekipeve-sportive\/#webpage\",\"url\":\"https:\/\/www.visit-ulcinj.com\/blog\/2009\/04\/03\/gezim-hajdinaga-beri-takimi-me-perfaqesuesit-e-ekipeve-sportive\/\",\"name\":\"G\u00ebzim Hajdinaga b\u00ebri takimi me perfaqesuesit e ekipeve sportive - Lajme nga Ulqini\",\"isPartOf\":{\"@id\":\"https:\/\/www.visit-ulcinj.com\/blog\/#website\"},\"primaryImageOfPage\":{\"@id\":\"https:\/\/www.visit-ulcinj.com\/blog\/2009\/04\/03\/gezim-hajdinaga-beri-takimi-me-perfaqesuesit-e-ekipeve-sportive\/#primaryimage\"},\"datePublished\":\"2009-04-03T14:13:32+00:00\",\"dateModified\":\"2009-04-03T14:15:56+00:00\",\"author\":{\"@id\":\"https:\/\/www.visit-ulcinj.com\/blog\/#\/schema\/person\/dcab619c614d3038751c63bc2aadc06d\"},\"description\":\"G\u00ebzim Hajdinaga b\u00ebri takimi me perfaqesuesit e ekipeve sportive nga Komuna e Ulqinit.Ato biseduan p\u00ebr sukseset q\u00eb arrit\u00ebn dhe medalet e shumta q\u00eb i\",\"breadcrumb\":{\"@id\":\"https:\/\/www.visit-ulcinj.com\/blog\/2009\/04\/03\/gezim-hajdinaga-beri-takimi-me-perfaqesuesit-e-ekipeve-sportive\/#breadcrumb\"},\"inLanguage\":\"en-US\",\"potentialAction\":[{\"@type\":\"ReadAction\",\"target\":[\"https:\/\/www.visit-ulcinj.com\/blog\/2009\/04\/03\/gezim-hajdinaga-beri-takimi-me-perfaqesuesit-e-ekipeve-sportive\/\"]}]},{\"@type\":\"BreadcrumbList\",\"@id\":\"https:\/\/www.visit-ulcinj.com\/blog\/2009\/04\/03\/gezim-hajdinaga-beri-takimi-me-perfaqesuesit-e-ekipeve-sportive\/#breadcrumb\",\"itemListElement\":[{\"@type\":\"ListItem\",\"position\":1,\"name\":\"G\u00ebzim Hajdinaga b\u00ebri takimi me perfaqesuesit e ekipeve sportive\"}]},{\"@type\":\"Person\",\"@id\":\"https:\/\/www.visit-ulcinj.com\/blog\/#\/schema\/person\/dcab619c614d3038751c63bc2aadc06d\",\"name\":\"ulqini\",\"sameAs\":[\"http:\/\/www.visit-ulcinj.com\"],\"url\":\"https:\/\/www.visit-ulcinj.com\/blog\/author\/admin\/\"}]}<\/script>\n<!-- \/ Yoast SEO plugin. -->","yoast_head_json":{"title":"G\u00ebzim Hajdinaga b\u00ebri takimi me perfaqesuesit e ekipeve sportive - Lajme nga Ulqini","description":"G\u00ebzim Hajdinaga b\u00ebri takimi me perfaqesuesit e ekipeve sportive nga Komuna e Ulqinit.Ato biseduan p\u00ebr sukseset q\u00eb arrit\u00ebn dhe medalet e shumta q\u00eb i","robots":{"index":"index","follow":"follow","max-snippet":"max-snippet:-1","max-image-preview":"max-image-preview:large","max-video-preview":"max-video-preview:-1"},"canonical":"https:\/\/www.visit-ulcinj.com\/blog\/2009\/04\/03\/gezim-hajdinaga-beri-takimi-me-perfaqesuesit-e-ekipeve-sportive\/","og_locale":"en_US","og_type":"article","og_title":"G\u00ebzim Hajdinaga b\u00ebri takimi me perfaqesuesit e ekipeve sportive - Lajme nga Ulqini","og_description":"G\u00ebzim Hajdinaga b\u00ebri takimi me perfaqesuesit e ekipeve sportive nga Komuna e Ulqinit.Ato biseduan p\u00ebr sukseset q\u00eb arrit\u00ebn dhe medalet e shumta q\u00eb i","og_url":"https:\/\/www.visit-ulcinj.com\/blog\/2009\/04\/03\/gezim-hajdinaga-beri-takimi-me-perfaqesuesit-e-ekipeve-sportive\/","og_site_name":"Lajme nga Ulqini","article_published_time":"2009-04-03T14:13:32+00:00","article_modified_time":"2009-04-03T14:15:56+00:00","og_image":[{"url":"https:\/\/www.visit-ulcinj.com\/blog\/wp-content\/uploads\/2009\/04\/gezim-hajdinaga-beri-takimi-me-perfaqesuesit-e-ekipeve-sportive-te-ulqinit1-150x150.jpg"}],"twitter_misc":{"Written by":"ulqini"},"schema":{"@context":"https:\/\/schema.org","@graph":[{"@type":"WebSite","@id":"https:\/\/www.visit-ulcinj.com\/blog\/#website","url":"https:\/\/www.visit-ulcinj.com\/blog\/","name":"Lajme nga Ulqini","description":"Lajme,Vijesti,Ulqini,Ulqin,Crna Gora,Mali i Zi","potentialAction":[{"@type":"SearchAction","target":{"@type":"EntryPoint","urlTemplate":"https:\/\/www.visit-ulcinj.com\/blog\/?s={search_term_string}"},"query-input":"required name=search_term_string"}],"inLanguage":"en-US"},{"@type":"ImageObject","inLanguage":"en-US","@id":"https:\/\/www.visit-ulcinj.com\/blog\/2009\/04\/03\/gezim-hajdinaga-beri-takimi-me-perfaqesuesit-e-ekipeve-sportive\/#primaryimage","url":"https:\/\/www.visit-ulcinj.com\/blog\/wp-content\/uploads\/2009\/04\/gezim-hajdinaga-beri-takimi-me-perfaqesuesit-e-ekipeve-sportive-te-ulqinit11.jpg","contentUrl":"https:\/\/www.visit-ulcinj.com\/blog\/wp-content\/uploads\/2009\/04\/gezim-hajdinaga-beri-takimi-me-perfaqesuesit-e-ekipeve-sportive-te-ulqinit11.jpg","width":"1024","height":"683"},{"@type":"WebPage","@id":"https:\/\/www.visit-ulcinj.com\/blog\/2009\/04\/03\/gezim-hajdinaga-beri-takimi-me-perfaqesuesit-e-ekipeve-sportive\/#webpage","url":"https:\/\/www.visit-ulcinj.com\/blog\/2009\/04\/03\/gezim-hajdinaga-beri-takimi-me-perfaqesuesit-e-ekipeve-sportive\/","name":"G\u00ebzim Hajdinaga b\u00ebri takimi me perfaqesuesit e ekipeve sportive - Lajme nga Ulqini","isPartOf":{"@id":"https:\/\/www.visit-ulcinj.com\/blog\/#website"},"primaryImageOfPage":{"@id":"https:\/\/www.visit-ulcinj.com\/blog\/2009\/04\/03\/gezim-hajdinaga-beri-takimi-me-perfaqesuesit-e-ekipeve-sportive\/#primaryimage"},"datePublished":"2009-04-03T14:13:32+00:00","dateModified":"2009-04-03T14:15:56+00:00","author":{"@id":"https:\/\/www.visit-ulcinj.com\/blog\/#\/schema\/person\/dcab619c614d3038751c63bc2aadc06d"},"description":"G\u00ebzim Hajdinaga b\u00ebri takimi me perfaqesuesit e ekipeve sportive nga Komuna e Ulqinit.Ato biseduan p\u00ebr sukseset q\u00eb arrit\u00ebn dhe medalet e shumta q\u00eb i","breadcrumb":{"@id":"https:\/\/www.visit-ulcinj.com\/blog\/2009\/04\/03\/gezim-hajdinaga-beri-takimi-me-perfaqesuesit-e-ekipeve-sportive\/#breadcrumb"},"inLanguage":"en-US","potentialAction":[{"@type":"ReadAction","target":["https:\/\/www.visit-ulcinj.com\/blog\/2009\/04\/03\/gezim-hajdinaga-beri-takimi-me-perfaqesuesit-e-ekipeve-sportive\/"]}]},{"@type":"BreadcrumbList","@id":"https:\/\/www.visit-ulcinj.com\/blog\/2009\/04\/03\/gezim-hajdinaga-beri-takimi-me-perfaqesuesit-e-ekipeve-sportive\/#breadcrumb","itemListElement":[{"@type":"ListItem","position":1,"name":"G\u00ebzim Hajdinaga b\u00ebri takimi me perfaqesuesit e ekipeve sportive"}]},{"@type":"Person","@id":"https:\/\/www.visit-ulcinj.com\/blog\/#\/schema\/person\/dcab619c614d3038751c63bc2aadc06d","name":"ulqini","sameAs":["http:\/\/www.visit-ulcinj.com"],"url":"https:\/\/www.visit-ulcinj.com\/blog\/author\/admin\/"}]}},"jetpack_featured_media_url":"","jetpack_sharing_enabled":true,"jetpack_shortlink":"https:\/\/wp.me\/pe6lTn-4jC","_links":{"self":[{"href":"https:\/\/www.visit-ulcinj.com\/blog\/wp-json\/wp\/v2\/posts\/16592"}],"collection":[{"href":"https:\/\/www.visit-ulcinj.com\/blog\/wp-json\/wp\/v2\/posts"}],"about":[{"href":"https:\/\/www.visit-ulcinj.com\/blog\/wp-json\/wp\/v2\/types\/post"}],"author":[{"embeddable":true,"href":"https:\/\/www.visit-ulcinj.com\/blog\/wp-json\/wp\/v2\/users\/1"}],"replies":[{"embeddable":true,"href":"https:\/\/www.visit-ulcinj.com\/blog\/wp-json\/wp\/v2\/comments?post=16592"}],"version-history":[{"count":0,"href":"https:\/\/www.visit-ulcinj.com\/blog\/wp-json\/wp\/v2\/posts\/16592\/revisions"}],"wp:attachment":[{"href":"https:\/\/www.visit-ulcinj.com\/blog\/wp-json\/wp\/v2\/media?parent=16592"}],"wp:term":[{"taxonomy":"category","embeddable":true,"href":"https:\/\/www.visit-ulcinj.com\/blog\/wp-json\/wp\/v2\/categories?post=16592"},{"taxonomy":"post_tag","embeddable":true,"href":"https:\/\/www.visit-ulcinj.com\/blog\/wp-json\/wp\/v2\/tags?post=16592"}],"curies":[{"name":"wp","href":"https:\/\/api.w.org\/{rel}","templated":true}]}}