{"id":166,"date":"2008-01-16T14:13:25","date_gmt":"2008-01-16T19:13:25","guid":{"rendered":"http:\/\/www.visit-ulcinj.com\/blog\/2008\/01\/16\/baraka-u-plamenu\/"},"modified":"2008-02-12T18:43:00","modified_gmt":"2008-02-12T23:43:00","slug":"baraka-u-plamenu","status":"publish","type":"post","link":"https:\/\/www.visit-ulcinj.com\/blog\/2008\/01\/16\/baraka-u-plamenu\/","title":{"rendered":"Baraka u plamenu"},"content":{"rendered":"<p><img loading=\"lazy\" src=\"http:\/\/www.visit-ulcinj.com\/blog\/wp-content\/uploads\/2008\/01\/pozar.jpg\" align=\"left\" height=\"102\" hspace=\"2\" vspace=\"2\" width=\"134\" \/>Ulcinj &#8211; U po\u017earu koji je ju?e oko podne izbio u domu ?etvoro?lane porodice Hazira Zumberovi?a u naselju kod repetitora na Pinje\u0161u u Ulcinju, pri?injena je velika materijalna \u0161teta, ali na svu sre?u nije bilo<!--more--> \u017ertava niti povrije?enih.<br \/>\nMonta\u017ena baraka Zumberovi?a sa svim poku?stvom izgorjela je u vatrenoj stihiji za svega nekoliko minuta, a samo zahvaljuju?i pravovremenoj intervenciji vatrogasaca, po\u017ear nije zahvatio i ostale objekte u blizini.<br \/>\n&#8211; Prava je sre?a \u0161to u trenutku kada je izbio po\u017ear u baraci nije bilo nikoga. Vatra je munjevito zahvatila cijeli objekat i kada smo, samo nekoliko minuta nakon dojave, stigli na lice mjesta, zatekli smo zgari\u0161te. Ipak, sprije?ili smo da se po\u017ear ra\u0161iri i na ostale objekte u blizini i izazove haos &#8211; kazao je ju?e za &#8220;Vijesti&#8221; na?elnik op\u0161tinske vatrogasne slu\u017ebe Fljamur Selovi?.<br \/>\nOn je naglasio da je istraga u toku, ali da sve upu?uje na zaklju?ak da je po\u017ear izazvala iskra ili ugarak iz \u0161poreta na drva.<br \/>\nU trenutku kada je izbio po\u017ear, Zumberovi?i su bili u Domu zdravlja odakle su nemo?no gledali kako vatrena stihija guta njihov dom. Kada su stigli na lice mjesta sve je ve? bilo gotovo. Osim bez krova nad glavom, Hazir se ju?e po\u017ealio vatrogascima da je ostao i bez zlatnog nakita i ne\u0161to novca.<br \/>\n&#8211; Dobro je \u0161to djeca nijesu bila tu, a za ostalo ?emo se ve? nekako sna?i. Zna se da nevolja ide na sirotinju, ali vjerujem da postoji jo\u0161 dobrih i plemenitih ljudi spremnih da pomognu &#8211; kazao je Hazirov brat.<br \/>\nUlcinj &#8211; U po\u017earu koji je ju?e oko podne izbio u domu ?etvoro?lane porodice Hazira Zumberovi?a u naselju kod repetitora na Pinje\u0161u u Ulcinju, pri?injena je velika materijalna \u0161teta, ali na svu sre?u nije bilo \u017ertava niti povrije?enih.<br \/>\nwww.vijesti.cg.yu<\/p>\n","protected":false},"excerpt":{"rendered":"<p><img loading=\"lazy\" src=\"http:\/\/www.visit-ulcinj.com\/blog\/wp-content\/uploads\/2008\/01\/pozar.jpg\" height=\"140\" width=\"140\" \/><\/p>\n","protected":false},"author":1,"featured_media":0,"comment_status":"open","ping_status":"closed","sticky":false,"template":"","format":"standard","meta":{"spay_email":"","jetpack_publicize_message":"","jetpack_is_tweetstorm":false,"jetpack_publicize_feature_enabled":true},"categories":[1],"tags":[],"jetpack_publicize_connections":[],"yoast_head":"<!-- This site is optimized with the Yoast SEO plugin v19.1 - https:\/\/yoast.com\/wordpress\/plugins\/seo\/ -->\n<title>Baraka u plamenu - Lajme nga Ulqini<\/title>\n<meta name=\"robots\" content=\"index, follow, max-snippet:-1, max-image-preview:large, max-video-preview:-1\" \/>\n<link rel=\"canonical\" href=\"https:\/\/www.visit-ulcinj.com\/blog\/2008\/01\/16\/baraka-u-plamenu\/\" \/>\n<meta property=\"og:locale\" content=\"en_US\" \/>\n<meta property=\"og:type\" content=\"article\" \/>\n<meta property=\"og:title\" content=\"Baraka u plamenu - Lajme nga Ulqini\" \/>\n<meta property=\"og:url\" content=\"https:\/\/www.visit-ulcinj.com\/blog\/2008\/01\/16\/baraka-u-plamenu\/\" \/>\n<meta property=\"og:site_name\" content=\"Lajme nga Ulqini\" \/>\n<meta property=\"article:published_time\" content=\"2008-01-16T19:13:25+00:00\" \/>\n<meta property=\"article:modified_time\" content=\"2008-02-12T23:43:00+00:00\" \/>\n<meta property=\"og:image\" content=\"http:\/\/www.visit-ulcinj.com\/blog\/wp-content\/uploads\/2008\/01\/pozar.jpg\" \/>\n<meta name=\"twitter:label1\" content=\"Written by\" \/>\n\t<meta name=\"twitter:data1\" content=\"ulqini\" \/>\n\t<meta name=\"twitter:label2\" content=\"Est. reading time\" \/>\n\t<meta name=\"twitter:data2\" content=\"2 minutes\" \/>\n<script type=\"application\/ld+json\" class=\"yoast-schema-graph\">{\"@context\":\"https:\/\/schema.org\",\"@graph\":[{\"@type\":\"WebSite\",\"@id\":\"https:\/\/www.visit-ulcinj.com\/blog\/#website\",\"url\":\"https:\/\/www.visit-ulcinj.com\/blog\/\",\"name\":\"Lajme nga Ulqini\",\"description\":\"Lajme,Vijesti,Ulqini,Ulqin,Crna Gora,Mali i Zi\",\"potentialAction\":[{\"@type\":\"SearchAction\",\"target\":{\"@type\":\"EntryPoint\",\"urlTemplate\":\"https:\/\/www.visit-ulcinj.com\/blog\/?s={search_term_string}\"},\"query-input\":\"required name=search_term_string\"}],\"inLanguage\":\"en-US\"},{\"@type\":\"ImageObject\",\"inLanguage\":\"en-US\",\"@id\":\"https:\/\/www.visit-ulcinj.com\/blog\/2008\/01\/16\/baraka-u-plamenu\/#primaryimage\",\"url\":\"http:\/\/www.visit-ulcinj.com\/blog\/wp-content\/uploads\/2008\/01\/pozar.jpg\",\"contentUrl\":\"http:\/\/www.visit-ulcinj.com\/blog\/wp-content\/uploads\/2008\/01\/pozar.jpg\"},{\"@type\":\"WebPage\",\"@id\":\"https:\/\/www.visit-ulcinj.com\/blog\/2008\/01\/16\/baraka-u-plamenu\/#webpage\",\"url\":\"https:\/\/www.visit-ulcinj.com\/blog\/2008\/01\/16\/baraka-u-plamenu\/\",\"name\":\"Baraka u plamenu - Lajme nga Ulqini\",\"isPartOf\":{\"@id\":\"https:\/\/www.visit-ulcinj.com\/blog\/#website\"},\"primaryImageOfPage\":{\"@id\":\"https:\/\/www.visit-ulcinj.com\/blog\/2008\/01\/16\/baraka-u-plamenu\/#primaryimage\"},\"datePublished\":\"2008-01-16T19:13:25+00:00\",\"dateModified\":\"2008-02-12T23:43:00+00:00\",\"author\":{\"@id\":\"https:\/\/www.visit-ulcinj.com\/blog\/#\/schema\/person\/dcab619c614d3038751c63bc2aadc06d\"},\"breadcrumb\":{\"@id\":\"https:\/\/www.visit-ulcinj.com\/blog\/2008\/01\/16\/baraka-u-plamenu\/#breadcrumb\"},\"inLanguage\":\"en-US\",\"potentialAction\":[{\"@type\":\"ReadAction\",\"target\":[\"https:\/\/www.visit-ulcinj.com\/blog\/2008\/01\/16\/baraka-u-plamenu\/\"]}]},{\"@type\":\"BreadcrumbList\",\"@id\":\"https:\/\/www.visit-ulcinj.com\/blog\/2008\/01\/16\/baraka-u-plamenu\/#breadcrumb\",\"itemListElement\":[{\"@type\":\"ListItem\",\"position\":1,\"name\":\"Baraka u plamenu\"}]},{\"@type\":\"Person\",\"@id\":\"https:\/\/www.visit-ulcinj.com\/blog\/#\/schema\/person\/dcab619c614d3038751c63bc2aadc06d\",\"name\":\"ulqini\",\"sameAs\":[\"http:\/\/www.visit-ulcinj.com\"],\"url\":\"https:\/\/www.visit-ulcinj.com\/blog\/author\/admin\/\"}]}<\/script>\n<!-- \/ Yoast SEO plugin. -->","yoast_head_json":{"title":"Baraka u plamenu - Lajme nga Ulqini","robots":{"index":"index","follow":"follow","max-snippet":"max-snippet:-1","max-image-preview":"max-image-preview:large","max-video-preview":"max-video-preview:-1"},"canonical":"https:\/\/www.visit-ulcinj.com\/blog\/2008\/01\/16\/baraka-u-plamenu\/","og_locale":"en_US","og_type":"article","og_title":"Baraka u plamenu - Lajme nga Ulqini","og_url":"https:\/\/www.visit-ulcinj.com\/blog\/2008\/01\/16\/baraka-u-plamenu\/","og_site_name":"Lajme nga Ulqini","article_published_time":"2008-01-16T19:13:25+00:00","article_modified_time":"2008-02-12T23:43:00+00:00","og_image":[{"url":"http:\/\/www.visit-ulcinj.com\/blog\/wp-content\/uploads\/2008\/01\/pozar.jpg"}],"twitter_misc":{"Written by":"ulqini","Est. reading time":"2 minutes"},"schema":{"@context":"https:\/\/schema.org","@graph":[{"@type":"WebSite","@id":"https:\/\/www.visit-ulcinj.com\/blog\/#website","url":"https:\/\/www.visit-ulcinj.com\/blog\/","name":"Lajme nga Ulqini","description":"Lajme,Vijesti,Ulqini,Ulqin,Crna Gora,Mali i Zi","potentialAction":[{"@type":"SearchAction","target":{"@type":"EntryPoint","urlTemplate":"https:\/\/www.visit-ulcinj.com\/blog\/?s={search_term_string}"},"query-input":"required name=search_term_string"}],"inLanguage":"en-US"},{"@type":"ImageObject","inLanguage":"en-US","@id":"https:\/\/www.visit-ulcinj.com\/blog\/2008\/01\/16\/baraka-u-plamenu\/#primaryimage","url":"http:\/\/www.visit-ulcinj.com\/blog\/wp-content\/uploads\/2008\/01\/pozar.jpg","contentUrl":"http:\/\/www.visit-ulcinj.com\/blog\/wp-content\/uploads\/2008\/01\/pozar.jpg"},{"@type":"WebPage","@id":"https:\/\/www.visit-ulcinj.com\/blog\/2008\/01\/16\/baraka-u-plamenu\/#webpage","url":"https:\/\/www.visit-ulcinj.com\/blog\/2008\/01\/16\/baraka-u-plamenu\/","name":"Baraka u plamenu - Lajme nga Ulqini","isPartOf":{"@id":"https:\/\/www.visit-ulcinj.com\/blog\/#website"},"primaryImageOfPage":{"@id":"https:\/\/www.visit-ulcinj.com\/blog\/2008\/01\/16\/baraka-u-plamenu\/#primaryimage"},"datePublished":"2008-01-16T19:13:25+00:00","dateModified":"2008-02-12T23:43:00+00:00","author":{"@id":"https:\/\/www.visit-ulcinj.com\/blog\/#\/schema\/person\/dcab619c614d3038751c63bc2aadc06d"},"breadcrumb":{"@id":"https:\/\/www.visit-ulcinj.com\/blog\/2008\/01\/16\/baraka-u-plamenu\/#breadcrumb"},"inLanguage":"en-US","potentialAction":[{"@type":"ReadAction","target":["https:\/\/www.visit-ulcinj.com\/blog\/2008\/01\/16\/baraka-u-plamenu\/"]}]},{"@type":"BreadcrumbList","@id":"https:\/\/www.visit-ulcinj.com\/blog\/2008\/01\/16\/baraka-u-plamenu\/#breadcrumb","itemListElement":[{"@type":"ListItem","position":1,"name":"Baraka u plamenu"}]},{"@type":"Person","@id":"https:\/\/www.visit-ulcinj.com\/blog\/#\/schema\/person\/dcab619c614d3038751c63bc2aadc06d","name":"ulqini","sameAs":["http:\/\/www.visit-ulcinj.com"],"url":"https:\/\/www.visit-ulcinj.com\/blog\/author\/admin\/"}]}},"jetpack_featured_media_url":"","jetpack_sharing_enabled":true,"jetpack_shortlink":"https:\/\/wp.me\/pe6lTn-2G","_links":{"self":[{"href":"https:\/\/www.visit-ulcinj.com\/blog\/wp-json\/wp\/v2\/posts\/166"}],"collection":[{"href":"https:\/\/www.visit-ulcinj.com\/blog\/wp-json\/wp\/v2\/posts"}],"about":[{"href":"https:\/\/www.visit-ulcinj.com\/blog\/wp-json\/wp\/v2\/types\/post"}],"author":[{"embeddable":true,"href":"https:\/\/www.visit-ulcinj.com\/blog\/wp-json\/wp\/v2\/users\/1"}],"replies":[{"embeddable":true,"href":"https:\/\/www.visit-ulcinj.com\/blog\/wp-json\/wp\/v2\/comments?post=166"}],"version-history":[{"count":0,"href":"https:\/\/www.visit-ulcinj.com\/blog\/wp-json\/wp\/v2\/posts\/166\/revisions"}],"wp:attachment":[{"href":"https:\/\/www.visit-ulcinj.com\/blog\/wp-json\/wp\/v2\/media?parent=166"}],"wp:term":[{"taxonomy":"category","embeddable":true,"href":"https:\/\/www.visit-ulcinj.com\/blog\/wp-json\/wp\/v2\/categories?post=166"},{"taxonomy":"post_tag","embeddable":true,"href":"https:\/\/www.visit-ulcinj.com\/blog\/wp-json\/wp\/v2\/tags?post=166"}],"curies":[{"name":"wp","href":"https:\/\/api.w.org\/{rel}","templated":true}]}}