{"id":16623,"date":"2009-04-05T00:02:14","date_gmt":"2009-04-04T22:02:14","guid":{"rendered":"http:\/\/www.visit-ulcinj.com\/blog\/?p=16623"},"modified":"2009-04-05T00:25:22","modified_gmt":"2009-04-04T22:25:22","slug":"fjalimi-i-kryetarit-ne-ekspoziten-e-ish-kryetareve","status":"publish","type":"post","link":"https:\/\/www.visit-ulcinj.com\/blog\/2009\/04\/05\/fjalimi-i-kryetarit-ne-ekspoziten-e-ish-kryetareve\/","title":{"rendered":"Fjalimi i kryetarit ne ekspoziten e ish kryetareve"},"content":{"rendered":"<p><a href=\"http:\/\/www.visit-ulcinj.com\/blog\/wp-content\/uploads\/2009\/04\/gezim-hajdinaga_dita-e-ulqinit6.jpg\"><img loading=\"lazy\" class=\"alignleft size-full wp-image-16647\" title=\"gezim-hajdinaga_dita-e-ulqinit6\" src=\"http:\/\/www.visit-ulcinj.com\/blog\/wp-content\/uploads\/2009\/04\/gezim-hajdinaga_dita-e-ulqinit6.jpg\" alt=\"gezim-hajdinaga_dita-e-ulqinit6\" width=\"570\" height=\"400\" \/><\/a>T\u00eb nderuara zonja dhe zot\u00ebrinj, ju p\u00ebrsh\u00ebndes t\u00eb gjith\u00ebve n\u00eb em\u00ebr t\u00eb Komun\u00ebs s\u00eb Ulqinit dhe n\u00eb emrin tim personal.<\/p>\n<p>N\u00eb rrug\u00ebtimin e gjat\u00eb historik t\u00eb \u00e7do qyteti ka disa stacione t\u00eb<\/p>\n<p>r\u00ebnd\u00ebsishme prej nga l\u00ebvizja drejt s\u00eb ardhmes merr nxitje, impuls dhe p\u00ebrshpejtim<\/p>\n<p>Ndihem i g\u00ebzuar se pas nj\u00eb pune disa mujore ia dol\u00ebm mban\u00eb q\u00eb sonte t\u00eb hapim ekspozit\u00ebn e ish kryetar\u00ebve t\u00eb Komun\u00ebs s\u00eb Ulqinit, dhe t\u00eb shetisim n\u00eb vite, dekada dhe shekuj.<\/p>\n<p>D\u00ebshiroj fillimisht t\u00eb falenderoj an\u00ebtar\u00ebt e komisionit t\u00eb cil\u00ebt pat\u00ebn nj\u00eb pun\u00eb t\u00eb r\u00ebnd\u00eb por besoj mjaft interesante.<\/p>\n<p>Fal\u00eb pun\u00ebs s\u00eb tyre u marr n\u00eb shqyrtim nj\u00eb material i madh arkivor i koh\u00ebs, u shfryt\u00ebzuan burime t\u00eb shumta dhe nj\u00eb dokumentacion i pasur.<\/p>\n<p>Q\u00eb nga idea, t\u00eb cil\u00ebn e kam shpaluar, kam qen\u00eb n\u00eb kontakt t\u00eb vazhduesh\u00ebm me an\u00ebtar\u00ebt e komisionit dhe kam p\u00ebrcjellur pun\u00ebn e tyre. Ata m\u00eb kan\u00eb njoftuar p\u00ebr gadishm\u00ebrin\u00eb e familjar\u00ebve p\u00ebr t\u00eb ofruar ndihm\u00eb dhe materiale t\u00eb tjera. Me k\u00ebt\u00eb rast i shpreh falenderime t\u00eb sinqerta t\u00eb gjith\u00eb familjar\u00ebve t\u00eb ish kryetar\u00ebve t\u00eb Komun\u00ebs s\u00eb Ulqinit t\u00eb ekspozuar n\u00eb k\u00ebt\u00eb ekspozit\u00eb.<\/p>\n<p>Zonja dhe zot\u00ebrinj, sonte nuk do t\u00eb flas p\u00ebr sukseset dhe d\u00ebshtimet e personaliteteve t\u00eb ekspozuara, nuk do t\u00eb flas p\u00ebr meritat dhe t\u00eb metat e tyre, nuk do t\u00eb ve\u00e7oj maturin\u00eb, apo at\u00eb se cili nga ta e njihte m\u00eb mir\u00eb psikologjin\u00eb e banor\u00ebve t\u00eb Ulqinit apo ai q\u00eb d\u00ebshmohet p\u00ebr progres t\u00eb sh\u00ebnuar drejt\u00eb nj\u00eb rendi demokratik.<\/p>\n<p><strong>Ky nuk \u00ebsht\u00eb q\u00ebllimi i ekspozit\u00ebs n\u00eb fjal\u00eb. <\/strong><\/p>\n<p>Mund t\u00eb them lirisht se sejcila nga fotografit\u00eb e ekspozuara bart nj\u00eb histori me vete. Dhe e njejta flet p\u00ebr pun\u00ebn e sejcilit gjat\u00eb mandatit q\u00eb kan\u00eb pasur.<\/p>\n<p>P\u00ebr sejcil\u00ebn nga ta mundet t\u00eb flitet gjat\u00eb, por mund t\u00eb them me p\u00ebrgjegj\u00ebsi se sejcili nga kryetar\u00ebt e kishte p\u00ebr nder t\u00eb ishte n\u00eb krye t\u00eb k\u00ebtij qyteti t\u00eb lasht\u00eb e me tradita.<\/p>\n<p>Ekspozita p\u00ebrfshin nj\u00eb periudhe mbi nj\u00eb shekull, ne nuk do t\u00eb ndalemi k\u00ebtu. Mbetet detyr\u00eb e komisionit t\u00eb ngritur, detyr\u00eb e ekspert\u00ebve dhe e studiuesve q\u00eb t\u00eb hulumtojn\u00eb dhe ta pasurojn\u00eb k\u00ebt\u00eb ekspozit\u00eb me fotografi t\u00eb tjera t\u00eb atyre q\u00eb kan\u00eb qen\u00eb n\u00eb krye t\u00eb Ulqinit para k\u00ebsaj periudhe.<\/p>\n<p><strong>Faleminderit!<\/strong><\/p>\n<p><span style=\"color: #000000;\"><strong><span class=\"gI\"><span class=\"gD\">Municipality of Ulcinj \/ Ulqin -Montenegro<\/span><\/span><\/strong><\/span><\/p>\n<p><span style=\"color: #000000;\"><strong><span class=\"gI\"><span class=\"gD\">Arsllan Hajdinaga<\/span><\/span><\/strong><\/span><\/p>\n<p><span style=\"color: #000000;\"><strong><span class=\"gI\"><span class=\"gD\">KLIKONI 2-3 HER P\u00cbR MU ZMADHU FOTOGRAFIJA<\/p>\n<p><\/span><\/span><\/strong><\/span><\/p>\n<p><span style=\"color: #000000;\"><strong><span class=\"gI\"><span class=\"gD\">\n\t\t<style type=\"text\/css\">\n\t\t\t#gallery-1 {\n\t\t\t\tmargin: auto;\n\t\t\t}\n\t\t\t#gallery-1 .gallery-item {\n\t\t\t\tfloat: left;\n\t\t\t\tmargin-top: 10px;\n\t\t\t\ttext-align: center;\n\t\t\t\twidth: 33%;\n\t\t\t}\n\t\t\t#gallery-1 img {\n\t\t\t\tborder: 2px solid #cfcfcf;\n\t\t\t}\n\t\t\t#gallery-1 .gallery-caption {\n\t\t\t\tmargin-left: 0;\n\t\t\t}\n\t\t\t\/* see gallery_shortcode() in wp-includes\/media.php *\/\n\t\t<\/style>\n\t\t<div id='gallery-1' class='gallery galleryid-16623 gallery-columns-3 gallery-size-thumbnail'><dl class='gallery-item'>\n\t\t\t<dt class='gallery-icon landscape'>\n\t\t\t\t<a href='https:\/\/www.visit-ulcinj.com\/blog\/2009\/04\/05\/fjalimi-i-kryetarit-ne-ekspoziten-e-ish-kryetareve\/dita-e-komunes-se-ulqinit1\/'><img width=\"150\" height=\"150\" src=\"https:\/\/www.visit-ulcinj.com\/blog\/wp-content\/uploads\/2009\/04\/dita-e-komunes-se-ulqinit1-150x150.jpg\" class=\"attachment-thumbnail size-thumbnail\" alt=\"\" loading=\"lazy\" \/><\/a>\n\t\t\t<\/dt><\/dl><dl class='gallery-item'>\n\t\t\t<dt class='gallery-icon landscape'>\n\t\t\t\t<a href='https:\/\/www.visit-ulcinj.com\/blog\/2009\/04\/05\/fjalimi-i-kryetarit-ne-ekspoziten-e-ish-kryetareve\/dita-e-komunes-se-ulqinit2\/'><img width=\"150\" height=\"150\" src=\"https:\/\/www.visit-ulcinj.com\/blog\/wp-content\/uploads\/2009\/04\/dita-e-komunes-se-ulqinit2-150x150.jpg\" class=\"attachment-thumbnail size-thumbnail\" alt=\"\" loading=\"lazy\" \/><\/a>\n\t\t\t<\/dt><\/dl><dl class='gallery-item'>\n\t\t\t<dt class='gallery-icon portrait'>\n\t\t\t\t<a href='https:\/\/www.visit-ulcinj.com\/blog\/2009\/04\/05\/fjalimi-i-kryetarit-ne-ekspoziten-e-ish-kryetareve\/dita-e-komunes-se-ulqinit3\/'><img width=\"150\" height=\"150\" src=\"https:\/\/www.visit-ulcinj.com\/blog\/wp-content\/uploads\/2009\/04\/dita-e-komunes-se-ulqinit3-150x150.jpg\" class=\"attachment-thumbnail size-thumbnail\" alt=\"\" loading=\"lazy\" \/><\/a>\n\t\t\t<\/dt><\/dl><br style=\"clear: both\" \/><dl class='gallery-item'>\n\t\t\t<dt class='gallery-icon landscape'>\n\t\t\t\t<a href='https:\/\/www.visit-ulcinj.com\/blog\/2009\/04\/05\/fjalimi-i-kryetarit-ne-ekspoziten-e-ish-kryetareve\/dita-e-komunes-se-ulqinit4\/'><img width=\"150\" height=\"150\" src=\"https:\/\/www.visit-ulcinj.com\/blog\/wp-content\/uploads\/2009\/04\/dita-e-komunes-se-ulqinit4-150x150.jpg\" class=\"attachment-thumbnail size-thumbnail\" alt=\"\" loading=\"lazy\" \/><\/a>\n\t\t\t<\/dt><\/dl><dl class='gallery-item'>\n\t\t\t<dt class='gallery-icon portrait'>\n\t\t\t\t<a href='https:\/\/www.visit-ulcinj.com\/blog\/2009\/04\/05\/fjalimi-i-kryetarit-ne-ekspoziten-e-ish-kryetareve\/dita-e-komunes-se-ulqinit5\/'><img width=\"150\" height=\"150\" src=\"https:\/\/www.visit-ulcinj.com\/blog\/wp-content\/uploads\/2009\/04\/dita-e-komunes-se-ulqinit5-150x150.jpg\" class=\"attachment-thumbnail size-thumbnail\" alt=\"\" loading=\"lazy\" \/><\/a>\n\t\t\t<\/dt><\/dl><dl class='gallery-item'>\n\t\t\t<dt class='gallery-icon landscape'>\n\t\t\t\t<a href='https:\/\/www.visit-ulcinj.com\/blog\/2009\/04\/05\/fjalimi-i-kryetarit-ne-ekspoziten-e-ish-kryetareve\/dita-e-komunes-se-ulqinit6\/'><img width=\"150\" height=\"150\" src=\"https:\/\/www.visit-ulcinj.com\/blog\/wp-content\/uploads\/2009\/04\/dita-e-komunes-se-ulqinit6-150x150.jpg\" class=\"attachment-thumbnail size-thumbnail\" alt=\"\" loading=\"lazy\" \/><\/a>\n\t\t\t<\/dt><\/dl><br style=\"clear: both\" \/><dl class='gallery-item'>\n\t\t\t<dt class='gallery-icon portrait'>\n\t\t\t\t<a href='https:\/\/www.visit-ulcinj.com\/blog\/2009\/04\/05\/fjalimi-i-kryetarit-ne-ekspoziten-e-ish-kryetareve\/dita-e-komunes-se-ulqinit7\/'><img width=\"150\" height=\"150\" src=\"https:\/\/www.visit-ulcinj.com\/blog\/wp-content\/uploads\/2009\/04\/dita-e-komunes-se-ulqinit7-150x150.jpg\" class=\"attachment-thumbnail size-thumbnail\" alt=\"\" loading=\"lazy\" \/><\/a>\n\t\t\t<\/dt><\/dl><dl class='gallery-item'>\n\t\t\t<dt class='gallery-icon landscape'>\n\t\t\t\t<a href='https:\/\/www.visit-ulcinj.com\/blog\/2009\/04\/05\/fjalimi-i-kryetarit-ne-ekspoziten-e-ish-kryetareve\/dita-e-komunes-se-ulqinit8\/'><img width=\"150\" height=\"150\" src=\"https:\/\/www.visit-ulcinj.com\/blog\/wp-content\/uploads\/2009\/04\/dita-e-komunes-se-ulqinit8-150x150.jpg\" class=\"attachment-thumbnail size-thumbnail\" alt=\"\" loading=\"lazy\" \/><\/a>\n\t\t\t<\/dt><\/dl><dl class='gallery-item'>\n\t\t\t<dt class='gallery-icon landscape'>\n\t\t\t\t<a href='https:\/\/www.visit-ulcinj.com\/blog\/2009\/04\/05\/fjalimi-i-kryetarit-ne-ekspoziten-e-ish-kryetareve\/dita-e-komunes-se-ulqinit9\/'><img width=\"150\" height=\"150\" src=\"https:\/\/www.visit-ulcinj.com\/blog\/wp-content\/uploads\/2009\/04\/dita-e-komunes-se-ulqinit9-150x150.jpg\" class=\"attachment-thumbnail size-thumbnail\" alt=\"\" loading=\"lazy\" \/><\/a>\n\t\t\t<\/dt><\/dl><br style=\"clear: both\" \/><dl class='gallery-item'>\n\t\t\t<dt class='gallery-icon landscape'>\n\t\t\t\t<a href='https:\/\/www.visit-ulcinj.com\/blog\/2009\/04\/05\/fjalimi-i-kryetarit-ne-ekspoziten-e-ish-kryetareve\/dita-e-komunes-se-ulqinit10\/'><img width=\"150\" height=\"150\" src=\"https:\/\/www.visit-ulcinj.com\/blog\/wp-content\/uploads\/2009\/04\/dita-e-komunes-se-ulqinit10-150x150.jpg\" class=\"attachment-thumbnail size-thumbnail\" alt=\"\" loading=\"lazy\" \/><\/a>\n\t\t\t<\/dt><\/dl><dl class='gallery-item'>\n\t\t\t<dt class='gallery-icon landscape'>\n\t\t\t\t<a href='https:\/\/www.visit-ulcinj.com\/blog\/2009\/04\/05\/fjalimi-i-kryetarit-ne-ekspoziten-e-ish-kryetareve\/dita-e-komunes-se-ulqinit11\/'><img width=\"150\" height=\"150\" src=\"https:\/\/www.visit-ulcinj.com\/blog\/wp-content\/uploads\/2009\/04\/dita-e-komunes-se-ulqinit11-150x150.jpg\" class=\"attachment-thumbnail size-thumbnail\" alt=\"\" loading=\"lazy\" \/><\/a>\n\t\t\t<\/dt><\/dl><dl class='gallery-item'>\n\t\t\t<dt class='gallery-icon landscape'>\n\t\t\t\t<a href='https:\/\/www.visit-ulcinj.com\/blog\/2009\/04\/05\/fjalimi-i-kryetarit-ne-ekspoziten-e-ish-kryetareve\/dita-e-komunes-se-ulqinit\/'><img width=\"150\" height=\"150\" src=\"https:\/\/www.visit-ulcinj.com\/blog\/wp-content\/uploads\/2009\/04\/dita-e-komunes-se-ulqinit-150x150.jpg\" class=\"attachment-thumbnail size-thumbnail\" alt=\"\" loading=\"lazy\" \/><\/a>\n\t\t\t<\/dt><\/dl><br style=\"clear: both\" \/><dl class='gallery-item'>\n\t\t\t<dt class='gallery-icon landscape'>\n\t\t\t\t<a href='https:\/\/www.visit-ulcinj.com\/blog\/2009\/04\/05\/fjalimi-i-kryetarit-ne-ekspoziten-e-ish-kryetareve\/ekspozita-e-ish-kryetareve-te-ulqinit\/'><img width=\"150\" height=\"150\" src=\"https:\/\/www.visit-ulcinj.com\/blog\/wp-content\/uploads\/2009\/04\/ekspozita-e-ish-kryetareve-te-ulqinit-150x150.jpg\" class=\"attachment-thumbnail size-thumbnail\" alt=\"\" loading=\"lazy\" \/><\/a>\n\t\t\t<\/dt><\/dl><dl class='gallery-item'>\n\t\t\t<dt class='gallery-icon landscape'>\n\t\t\t\t<a href='https:\/\/www.visit-ulcinj.com\/blog\/2009\/04\/05\/fjalimi-i-kryetarit-ne-ekspoziten-e-ish-kryetareve\/gezim-hajdinaga-me-sportistet1\/'><img width=\"150\" height=\"150\" src=\"https:\/\/www.visit-ulcinj.com\/blog\/wp-content\/uploads\/2009\/04\/gezim-hajdinaga-me-sportistet1-150x150.jpg\" class=\"attachment-thumbnail size-thumbnail\" alt=\"\" loading=\"lazy\" \/><\/a>\n\t\t\t<\/dt><\/dl><dl class='gallery-item'>\n\t\t\t<dt class='gallery-icon landscape'>\n\t\t\t\t<a href='https:\/\/www.visit-ulcinj.com\/blog\/2009\/04\/05\/fjalimi-i-kryetarit-ne-ekspoziten-e-ish-kryetareve\/gezim-hajdinaga-me-sportistet2\/'><img width=\"150\" height=\"150\" src=\"https:\/\/www.visit-ulcinj.com\/blog\/wp-content\/uploads\/2009\/04\/gezim-hajdinaga-me-sportistet2-150x150.jpg\" class=\"attachment-thumbnail size-thumbnail\" alt=\"\" loading=\"lazy\" \/><\/a>\n\t\t\t<\/dt><\/dl><br style=\"clear: both\" \/><dl class='gallery-item'>\n\t\t\t<dt class='gallery-icon landscape'>\n\t\t\t\t<a href='https:\/\/www.visit-ulcinj.com\/blog\/2009\/04\/05\/fjalimi-i-kryetarit-ne-ekspoziten-e-ish-kryetareve\/gezim-hajdinaga-me-sportistet3\/'><img width=\"150\" height=\"150\" src=\"https:\/\/www.visit-ulcinj.com\/blog\/wp-content\/uploads\/2009\/04\/gezim-hajdinaga-me-sportistet3-150x150.jpg\" class=\"attachment-thumbnail size-thumbnail\" alt=\"\" loading=\"lazy\" \/><\/a>\n\t\t\t<\/dt><\/dl><dl class='gallery-item'>\n\t\t\t<dt class='gallery-icon landscape'>\n\t\t\t\t<a href='https:\/\/www.visit-ulcinj.com\/blog\/2009\/04\/05\/fjalimi-i-kryetarit-ne-ekspoziten-e-ish-kryetareve\/gezim-hajdinaga-me-sportistet\/'><img width=\"150\" height=\"150\" src=\"https:\/\/www.visit-ulcinj.com\/blog\/wp-content\/uploads\/2009\/04\/gezim-hajdinaga-me-sportistet-150x150.jpg\" class=\"attachment-thumbnail size-thumbnail\" alt=\"\" loading=\"lazy\" \/><\/a>\n\t\t\t<\/dt><\/dl><dl class='gallery-item'>\n\t\t\t<dt class='gallery-icon portrait'>\n\t\t\t\t<a href='https:\/\/www.visit-ulcinj.com\/blog\/2009\/04\/05\/fjalimi-i-kryetarit-ne-ekspoziten-e-ish-kryetareve\/gezim-hajdinaga_dita-e-ulqinit1\/'><img width=\"150\" height=\"150\" src=\"https:\/\/www.visit-ulcinj.com\/blog\/wp-content\/uploads\/2009\/04\/gezim-hajdinaga_dita-e-ulqinit1-150x150.jpg\" class=\"attachment-thumbnail size-thumbnail\" alt=\"\" loading=\"lazy\" \/><\/a>\n\t\t\t<\/dt><\/dl><br style=\"clear: both\" \/><dl class='gallery-item'>\n\t\t\t<dt class='gallery-icon portrait'>\n\t\t\t\t<a href='https:\/\/www.visit-ulcinj.com\/blog\/2009\/04\/05\/fjalimi-i-kryetarit-ne-ekspoziten-e-ish-kryetareve\/gezim-hajdinaga_dita-e-ulqinit2\/'><img width=\"150\" height=\"150\" src=\"https:\/\/www.visit-ulcinj.com\/blog\/wp-content\/uploads\/2009\/04\/gezim-hajdinaga_dita-e-ulqinit2-150x150.jpg\" class=\"attachment-thumbnail size-thumbnail\" alt=\"\" loading=\"lazy\" \/><\/a>\n\t\t\t<\/dt><\/dl><dl class='gallery-item'>\n\t\t\t<dt class='gallery-icon portrait'>\n\t\t\t\t<a href='https:\/\/www.visit-ulcinj.com\/blog\/2009\/04\/05\/fjalimi-i-kryetarit-ne-ekspoziten-e-ish-kryetareve\/gezim-hajdinaga_dita-e-ulqinit3\/'><img width=\"150\" height=\"150\" src=\"https:\/\/www.visit-ulcinj.com\/blog\/wp-content\/uploads\/2009\/04\/gezim-hajdinaga_dita-e-ulqinit3-150x150.jpg\" class=\"attachment-thumbnail size-thumbnail\" alt=\"\" loading=\"lazy\" \/><\/a>\n\t\t\t<\/dt><\/dl><dl class='gallery-item'>\n\t\t\t<dt class='gallery-icon portrait'>\n\t\t\t\t<a href='https:\/\/www.visit-ulcinj.com\/blog\/2009\/04\/05\/fjalimi-i-kryetarit-ne-ekspoziten-e-ish-kryetareve\/gezim-hajdinaga_dita-e-ulqinit4\/'><img width=\"150\" height=\"150\" src=\"https:\/\/www.visit-ulcinj.com\/blog\/wp-content\/uploads\/2009\/04\/gezim-hajdinaga_dita-e-ulqinit4-150x150.jpg\" class=\"attachment-thumbnail size-thumbnail\" alt=\"\" loading=\"lazy\" \/><\/a>\n\t\t\t<\/dt><\/dl><br style=\"clear: both\" \/><dl class='gallery-item'>\n\t\t\t<dt class='gallery-icon landscape'>\n\t\t\t\t<a href='https:\/\/www.visit-ulcinj.com\/blog\/2009\/04\/05\/fjalimi-i-kryetarit-ne-ekspoziten-e-ish-kryetareve\/gezim-hajdinaga_dita-e-ulqinit5\/'><img width=\"150\" height=\"150\" src=\"https:\/\/www.visit-ulcinj.com\/blog\/wp-content\/uploads\/2009\/04\/gezim-hajdinaga_dita-e-ulqinit5-150x150.jpg\" class=\"attachment-thumbnail size-thumbnail\" alt=\"\" loading=\"lazy\" \/><\/a>\n\t\t\t<\/dt><\/dl><dl class='gallery-item'>\n\t\t\t<dt class='gallery-icon landscape'>\n\t\t\t\t<a href='https:\/\/www.visit-ulcinj.com\/blog\/2009\/04\/05\/fjalimi-i-kryetarit-ne-ekspoziten-e-ish-kryetareve\/gezim-hajdinaga_dita-e-ulqinit6\/'><img width=\"150\" height=\"150\" src=\"https:\/\/www.visit-ulcinj.com\/blog\/wp-content\/uploads\/2009\/04\/gezim-hajdinaga_dita-e-ulqinit6-150x150.jpg\" class=\"attachment-thumbnail size-thumbnail\" alt=\"\" loading=\"lazy\" \/><\/a>\n\t\t\t<\/dt><\/dl><dl class='gallery-item'>\n\t\t\t<dt class='gallery-icon landscape'>\n\t\t\t\t<a href='https:\/\/www.visit-ulcinj.com\/blog\/2009\/04\/05\/fjalimi-i-kryetarit-ne-ekspoziten-e-ish-kryetareve\/gezim-hajdinaga_dita-e-ulqinit7\/'><img width=\"150\" height=\"150\" src=\"https:\/\/www.visit-ulcinj.com\/blog\/wp-content\/uploads\/2009\/04\/gezim-hajdinaga_dita-e-ulqinit7-150x150.jpg\" class=\"attachment-thumbnail size-thumbnail\" alt=\"\" loading=\"lazy\" \/><\/a>\n\t\t\t<\/dt><\/dl><br style=\"clear: both\" \/><dl class='gallery-item'>\n\t\t\t<dt class='gallery-icon landscape'>\n\t\t\t\t<a href='https:\/\/www.visit-ulcinj.com\/blog\/2009\/04\/05\/fjalimi-i-kryetarit-ne-ekspoziten-e-ish-kryetareve\/gezim-hajdinaga_dita-e-ulqinit\/'><img width=\"150\" height=\"150\" src=\"https:\/\/www.visit-ulcinj.com\/blog\/wp-content\/uploads\/2009\/04\/gezim-hajdinaga_dita-e-ulqinit-150x150.jpg\" class=\"attachment-thumbnail size-thumbnail\" alt=\"\" loading=\"lazy\" \/><\/a>\n\t\t\t<\/dt><\/dl><dl class='gallery-item'>\n\t\t\t<dt class='gallery-icon landscape'>\n\t\t\t\t<a href='https:\/\/www.visit-ulcinj.com\/blog\/2009\/04\/05\/fjalimi-i-kryetarit-ne-ekspoziten-e-ish-kryetareve\/gezim-hajdinaga_dita-e-ulqinit8\/'><img width=\"150\" height=\"150\" src=\"https:\/\/www.visit-ulcinj.com\/blog\/wp-content\/uploads\/2009\/04\/gezim-hajdinaga_dita-e-ulqinit8-150x150.jpg\" class=\"attachment-thumbnail size-thumbnail\" alt=\"\" loading=\"lazy\" \/><\/a>\n\t\t\t<\/dt><\/dl><dl class='gallery-item'>\n\t\t\t<dt class='gallery-icon landscape'>\n\t\t\t\t<a href='https:\/\/www.visit-ulcinj.com\/blog\/2009\/04\/05\/fjalimi-i-kryetarit-ne-ekspoziten-e-ish-kryetareve\/gezim-hajdinaga_dita-e-ulqinit9\/'><img width=\"150\" height=\"150\" src=\"https:\/\/www.visit-ulcinj.com\/blog\/wp-content\/uploads\/2009\/04\/gezim-hajdinaga_dita-e-ulqinit9-150x150.jpg\" class=\"attachment-thumbnail size-thumbnail\" alt=\"\" loading=\"lazy\" \/><\/a>\n\t\t\t<\/dt><\/dl><br style=\"clear: both\" \/><dl class='gallery-item'>\n\t\t\t<dt class='gallery-icon landscape'>\n\t\t\t\t<a href='https:\/\/www.visit-ulcinj.com\/blog\/2009\/04\/05\/fjalimi-i-kryetarit-ne-ekspoziten-e-ish-kryetareve\/gezim-hajdinaga_filip-vujanovic1jpg\/'><img width=\"150\" height=\"150\" src=\"https:\/\/www.visit-ulcinj.com\/blog\/wp-content\/uploads\/2009\/04\/gezim-hajdinaga_filip-vujanovic1jpg-150x150.jpg\" class=\"attachment-thumbnail size-thumbnail\" alt=\"\" loading=\"lazy\" \/><\/a>\n\t\t\t<\/dt><\/dl><dl class='gallery-item'>\n\t\t\t<dt class='gallery-icon landscape'>\n\t\t\t\t<a href='https:\/\/www.visit-ulcinj.com\/blog\/2009\/04\/05\/fjalimi-i-kryetarit-ne-ekspoziten-e-ish-kryetareve\/gezim-hajdinaga_filip-vujanovic2\/'><img width=\"150\" height=\"150\" src=\"https:\/\/www.visit-ulcinj.com\/blog\/wp-content\/uploads\/2009\/04\/gezim-hajdinaga_filip-vujanovic2-150x150.jpg\" class=\"attachment-thumbnail size-thumbnail\" alt=\"\" loading=\"lazy\" \/><\/a>\n\t\t\t<\/dt><\/dl><dl class='gallery-item'>\n\t\t\t<dt class='gallery-icon portrait'>\n\t\t\t\t<a href='https:\/\/www.visit-ulcinj.com\/blog\/2009\/04\/05\/fjalimi-i-kryetarit-ne-ekspoziten-e-ish-kryetareve\/gezim-hajdinaga_filip-vujanovic3\/'><img width=\"150\" height=\"150\" src=\"https:\/\/www.visit-ulcinj.com\/blog\/wp-content\/uploads\/2009\/04\/gezim-hajdinaga_filip-vujanovic3-150x150.jpg\" class=\"attachment-thumbnail size-thumbnail\" alt=\"\" loading=\"lazy\" \/><\/a>\n\t\t\t<\/dt><\/dl><br style=\"clear: both\" \/><dl class='gallery-item'>\n\t\t\t<dt class='gallery-icon landscape'>\n\t\t\t\t<a href='https:\/\/www.visit-ulcinj.com\/blog\/2009\/04\/05\/fjalimi-i-kryetarit-ne-ekspoziten-e-ish-kryetareve\/gezim-hajdinaga_filip-vujanovic4\/'><img width=\"150\" height=\"150\" src=\"https:\/\/www.visit-ulcinj.com\/blog\/wp-content\/uploads\/2009\/04\/gezim-hajdinaga_filip-vujanovic4-150x150.jpg\" class=\"attachment-thumbnail size-thumbnail\" alt=\"\" loading=\"lazy\" \/><\/a>\n\t\t\t<\/dt><\/dl><dl class='gallery-item'>\n\t\t\t<dt class='gallery-icon landscape'>\n\t\t\t\t<a href='https:\/\/www.visit-ulcinj.com\/blog\/2009\/04\/05\/fjalimi-i-kryetarit-ne-ekspoziten-e-ish-kryetareve\/gezim-hajdinaga_filip-vujanovic5\/'><img width=\"150\" height=\"150\" src=\"https:\/\/www.visit-ulcinj.com\/blog\/wp-content\/uploads\/2009\/04\/gezim-hajdinaga_filip-vujanovic5-150x150.jpg\" class=\"attachment-thumbnail size-thumbnail\" alt=\"\" loading=\"lazy\" \/><\/a>\n\t\t\t<\/dt><\/dl><dl class='gallery-item'>\n\t\t\t<dt class='gallery-icon landscape'>\n\t\t\t\t<a href='https:\/\/www.visit-ulcinj.com\/blog\/2009\/04\/05\/fjalimi-i-kryetarit-ne-ekspoziten-e-ish-kryetareve\/gezim-hajdinaga_filip-vujanovic6\/'><img width=\"150\" height=\"150\" src=\"https:\/\/www.visit-ulcinj.com\/blog\/wp-content\/uploads\/2009\/04\/gezim-hajdinaga_filip-vujanovic6-150x150.jpg\" class=\"attachment-thumbnail size-thumbnail\" alt=\"\" loading=\"lazy\" \/><\/a>\n\t\t\t<\/dt><\/dl><br style=\"clear: both\" \/><dl class='gallery-item'>\n\t\t\t<dt class='gallery-icon landscape'>\n\t\t\t\t<a href='https:\/\/www.visit-ulcinj.com\/blog\/2009\/04\/05\/fjalimi-i-kryetarit-ne-ekspoziten-e-ish-kryetareve\/gezim-hajdinaga_filip-vujanovic\/'><img width=\"150\" height=\"150\" src=\"https:\/\/www.visit-ulcinj.com\/blog\/wp-content\/uploads\/2009\/04\/gezim-hajdinaga_filip-vujanovic-150x150.jpg\" class=\"attachment-thumbnail size-thumbnail\" alt=\"\" loading=\"lazy\" \/><\/a>\n\t\t\t<\/dt><\/dl><dl class='gallery-item'>\n\t\t\t<dt class='gallery-icon landscape'>\n\t\t\t\t<a href='https:\/\/www.visit-ulcinj.com\/blog\/2009\/04\/05\/fjalimi-i-kryetarit-ne-ekspoziten-e-ish-kryetareve\/hajdinaga_vujanovic_shkreli1jpg\/'><img width=\"150\" height=\"150\" src=\"https:\/\/www.visit-ulcinj.com\/blog\/wp-content\/uploads\/2009\/04\/hajdinaga_vujanovic_shkreli1jpg-150x150.jpg\" class=\"attachment-thumbnail size-thumbnail\" alt=\"\" loading=\"lazy\" \/><\/a>\n\t\t\t<\/dt><\/dl><dl class='gallery-item'>\n\t\t\t<dt class='gallery-icon landscape'>\n\t\t\t\t<a href='https:\/\/www.visit-ulcinj.com\/blog\/2009\/04\/05\/fjalimi-i-kryetarit-ne-ekspoziten-e-ish-kryetareve\/hajdinaga_vujanovic_shkreli\/'><img width=\"150\" height=\"150\" src=\"https:\/\/www.visit-ulcinj.com\/blog\/wp-content\/uploads\/2009\/04\/hajdinaga_vujanovic_shkreli-150x150.jpg\" class=\"attachment-thumbnail size-thumbnail\" alt=\"\" loading=\"lazy\" \/><\/a>\n\t\t\t<\/dt><\/dl><br style=\"clear: both\" \/><dl class='gallery-item'>\n\t\t\t<dt class='gallery-icon landscape'>\n\t\t\t\t<a href='https:\/\/www.visit-ulcinj.com\/blog\/2009\/04\/05\/fjalimi-i-kryetarit-ne-ekspoziten-e-ish-kryetareve\/presednik-filip-vujanovic-za-dan-ulcinja1\/'><img width=\"150\" height=\"150\" src=\"https:\/\/www.visit-ulcinj.com\/blog\/wp-content\/uploads\/2009\/04\/presednik-filip-vujanovic-za-dan-ulcinja1-150x150.jpg\" class=\"attachment-thumbnail size-thumbnail\" alt=\"\" loading=\"lazy\" \/><\/a>\n\t\t\t<\/dt><\/dl><dl class='gallery-item'>\n\t\t\t<dt class='gallery-icon landscape'>\n\t\t\t\t<a href='https:\/\/www.visit-ulcinj.com\/blog\/2009\/04\/05\/fjalimi-i-kryetarit-ne-ekspoziten-e-ish-kryetareve\/presednik-filip-vujanovic-za-dan-ulcinja\/'><img width=\"150\" height=\"150\" src=\"https:\/\/www.visit-ulcinj.com\/blog\/wp-content\/uploads\/2009\/04\/presednik-filip-vujanovic-za-dan-ulcinja-150x150.jpg\" class=\"attachment-thumbnail size-thumbnail\" alt=\"\" loading=\"lazy\" \/><\/a>\n\t\t\t<\/dt><\/dl>\n\t\t\t<br style='clear: both' \/>\n\t\t<\/div>\n<\/p>\n<p><\/span><\/span><\/strong><\/span><\/p>\n<p><strong><\/strong><\/p>\n","protected":false},"excerpt":{"rendered":"<p>T\u00eb nderuara zonja dhe zot\u00ebrinj, ju p\u00ebrsh\u00ebndes t\u00eb gjith\u00ebve n\u00eb em\u00ebr t\u00eb Komun\u00ebs s\u00eb Ulqinit dhe n\u00eb emrin tim personal. N\u00eb rrug\u00ebtimin e gjat\u00eb historik t\u00eb \u00e7do qyteti ka disa stacione t\u00eb r\u00ebnd\u00ebsishme prej nga l\u00ebvizja drejt s\u00eb ardhmes merr nxitje, impuls dhe p\u00ebrshpejtim Ndihem i g\u00ebzuar se pas nj\u00eb pune disa mujore ia dol\u00ebm [&hellip;]<\/p>\n","protected":false},"author":1,"featured_media":0,"comment_status":"open","ping_status":"closed","sticky":false,"template":"","format":"standard","meta":{"spay_email":"","jetpack_publicize_message":"","jetpack_is_tweetstorm":false,"jetpack_publicize_feature_enabled":true},"categories":[1],"tags":[20,8714,7358,8713,8712,222,95,19],"jetpack_publicize_connections":[],"yoast_head":"<!-- This site is optimized with the Yoast SEO plugin v19.1 - https:\/\/yoast.com\/wordpress\/plugins\/seo\/ -->\n<title>Fjalimi i kryetarit ne ekspoziten e ish kryetareve - Lajme nga Ulqini<\/title>\n<meta name=\"description\" content=\"T\u00eb nderuara zonja dhe zot\u00ebrinj, ju p\u00ebrsh\u00ebndes t\u00eb gjith\u00ebve n\u00eb em\u00ebr t\u00eb Komun\u00ebs s\u00eb Ulqinit dhe n\u00eb emrin tim personal. N\u00eb rrug\u00ebtimin e gjat\u00eb historik t\u00eb \u00e7do\" \/>\n<meta name=\"robots\" content=\"index, follow, max-snippet:-1, max-image-preview:large, max-video-preview:-1\" \/>\n<link rel=\"canonical\" href=\"https:\/\/www.visit-ulcinj.com\/blog\/2009\/04\/05\/fjalimi-i-kryetarit-ne-ekspoziten-e-ish-kryetareve\/\" \/>\n<meta property=\"og:locale\" content=\"en_US\" \/>\n<meta property=\"og:type\" content=\"article\" \/>\n<meta property=\"og:title\" content=\"Fjalimi i kryetarit ne ekspoziten e ish kryetareve - Lajme nga Ulqini\" \/>\n<meta property=\"og:description\" content=\"T\u00eb nderuara zonja dhe zot\u00ebrinj, ju p\u00ebrsh\u00ebndes t\u00eb gjith\u00ebve n\u00eb em\u00ebr t\u00eb Komun\u00ebs s\u00eb Ulqinit dhe n\u00eb emrin tim personal. N\u00eb rrug\u00ebtimin e gjat\u00eb historik t\u00eb \u00e7do\" \/>\n<meta property=\"og:url\" content=\"https:\/\/www.visit-ulcinj.com\/blog\/2009\/04\/05\/fjalimi-i-kryetarit-ne-ekspoziten-e-ish-kryetareve\/\" \/>\n<meta property=\"og:site_name\" content=\"Lajme nga Ulqini\" \/>\n<meta property=\"article:published_time\" content=\"2009-04-04T22:02:14+00:00\" \/>\n<meta property=\"article:modified_time\" content=\"2009-04-04T22:25:22+00:00\" \/>\n<meta property=\"og:image\" content=\"https:\/\/www.visit-ulcinj.com\/blog\/wp-content\/uploads\/2009\/04\/dita-e-komunes-se-ulqinit1-150x150.jpg\" \/>\n<meta name=\"twitter:label1\" content=\"Written by\" \/>\n\t<meta name=\"twitter:data1\" content=\"ulqini\" \/>\n\t<meta name=\"twitter:label2\" content=\"Est. reading time\" \/>\n\t<meta name=\"twitter:data2\" content=\"2 minutes\" \/>\n<script type=\"application\/ld+json\" class=\"yoast-schema-graph\">{\"@context\":\"https:\/\/schema.org\",\"@graph\":[{\"@type\":\"WebSite\",\"@id\":\"https:\/\/www.visit-ulcinj.com\/blog\/#website\",\"url\":\"https:\/\/www.visit-ulcinj.com\/blog\/\",\"name\":\"Lajme nga Ulqini\",\"description\":\"Lajme,Vijesti,Ulqini,Ulqin,Crna Gora,Mali i Zi\",\"potentialAction\":[{\"@type\":\"SearchAction\",\"target\":{\"@type\":\"EntryPoint\",\"urlTemplate\":\"https:\/\/www.visit-ulcinj.com\/blog\/?s={search_term_string}\"},\"query-input\":\"required name=search_term_string\"}],\"inLanguage\":\"en-US\"},{\"@type\":\"ImageObject\",\"inLanguage\":\"en-US\",\"@id\":\"https:\/\/www.visit-ulcinj.com\/blog\/2009\/04\/05\/fjalimi-i-kryetarit-ne-ekspoziten-e-ish-kryetareve\/#primaryimage\",\"url\":\"https:\/\/www.visit-ulcinj.com\/blog\/wp-content\/uploads\/2009\/04\/gezim-hajdinaga_dita-e-ulqinit6.jpg\",\"contentUrl\":\"https:\/\/www.visit-ulcinj.com\/blog\/wp-content\/uploads\/2009\/04\/gezim-hajdinaga_dita-e-ulqinit6.jpg\",\"width\":\"800\",\"height\":\"533\"},{\"@type\":\"WebPage\",\"@id\":\"https:\/\/www.visit-ulcinj.com\/blog\/2009\/04\/05\/fjalimi-i-kryetarit-ne-ekspoziten-e-ish-kryetareve\/#webpage\",\"url\":\"https:\/\/www.visit-ulcinj.com\/blog\/2009\/04\/05\/fjalimi-i-kryetarit-ne-ekspoziten-e-ish-kryetareve\/\",\"name\":\"Fjalimi i kryetarit ne ekspoziten e ish kryetareve - Lajme nga Ulqini\",\"isPartOf\":{\"@id\":\"https:\/\/www.visit-ulcinj.com\/blog\/#website\"},\"primaryImageOfPage\":{\"@id\":\"https:\/\/www.visit-ulcinj.com\/blog\/2009\/04\/05\/fjalimi-i-kryetarit-ne-ekspoziten-e-ish-kryetareve\/#primaryimage\"},\"datePublished\":\"2009-04-04T22:02:14+00:00\",\"dateModified\":\"2009-04-04T22:25:22+00:00\",\"author\":{\"@id\":\"https:\/\/www.visit-ulcinj.com\/blog\/#\/schema\/person\/dcab619c614d3038751c63bc2aadc06d\"},\"description\":\"T\u00eb nderuara zonja dhe zot\u00ebrinj, ju p\u00ebrsh\u00ebndes t\u00eb gjith\u00ebve n\u00eb em\u00ebr t\u00eb Komun\u00ebs s\u00eb Ulqinit dhe n\u00eb emrin tim personal. N\u00eb rrug\u00ebtimin e gjat\u00eb historik t\u00eb \u00e7do\",\"breadcrumb\":{\"@id\":\"https:\/\/www.visit-ulcinj.com\/blog\/2009\/04\/05\/fjalimi-i-kryetarit-ne-ekspoziten-e-ish-kryetareve\/#breadcrumb\"},\"inLanguage\":\"en-US\",\"potentialAction\":[{\"@type\":\"ReadAction\",\"target\":[\"https:\/\/www.visit-ulcinj.com\/blog\/2009\/04\/05\/fjalimi-i-kryetarit-ne-ekspoziten-e-ish-kryetareve\/\"]}]},{\"@type\":\"BreadcrumbList\",\"@id\":\"https:\/\/www.visit-ulcinj.com\/blog\/2009\/04\/05\/fjalimi-i-kryetarit-ne-ekspoziten-e-ish-kryetareve\/#breadcrumb\",\"itemListElement\":[{\"@type\":\"ListItem\",\"position\":1,\"name\":\"Fjalimi i kryetarit ne ekspoziten e ish kryetareve\"}]},{\"@type\":\"Person\",\"@id\":\"https:\/\/www.visit-ulcinj.com\/blog\/#\/schema\/person\/dcab619c614d3038751c63bc2aadc06d\",\"name\":\"ulqini\",\"sameAs\":[\"http:\/\/www.visit-ulcinj.com\"],\"url\":\"https:\/\/www.visit-ulcinj.com\/blog\/author\/admin\/\"}]}<\/script>\n<!-- \/ Yoast SEO plugin. -->","yoast_head_json":{"title":"Fjalimi i kryetarit ne ekspoziten e ish kryetareve - Lajme nga Ulqini","description":"T\u00eb nderuara zonja dhe zot\u00ebrinj, ju p\u00ebrsh\u00ebndes t\u00eb gjith\u00ebve n\u00eb em\u00ebr t\u00eb Komun\u00ebs s\u00eb Ulqinit dhe n\u00eb emrin tim personal. N\u00eb rrug\u00ebtimin e gjat\u00eb historik t\u00eb \u00e7do","robots":{"index":"index","follow":"follow","max-snippet":"max-snippet:-1","max-image-preview":"max-image-preview:large","max-video-preview":"max-video-preview:-1"},"canonical":"https:\/\/www.visit-ulcinj.com\/blog\/2009\/04\/05\/fjalimi-i-kryetarit-ne-ekspoziten-e-ish-kryetareve\/","og_locale":"en_US","og_type":"article","og_title":"Fjalimi i kryetarit ne ekspoziten e ish kryetareve - Lajme nga Ulqini","og_description":"T\u00eb nderuara zonja dhe zot\u00ebrinj, ju p\u00ebrsh\u00ebndes t\u00eb gjith\u00ebve n\u00eb em\u00ebr t\u00eb Komun\u00ebs s\u00eb Ulqinit dhe n\u00eb emrin tim personal. N\u00eb rrug\u00ebtimin e gjat\u00eb historik t\u00eb \u00e7do","og_url":"https:\/\/www.visit-ulcinj.com\/blog\/2009\/04\/05\/fjalimi-i-kryetarit-ne-ekspoziten-e-ish-kryetareve\/","og_site_name":"Lajme nga Ulqini","article_published_time":"2009-04-04T22:02:14+00:00","article_modified_time":"2009-04-04T22:25:22+00:00","og_image":[{"url":"https:\/\/www.visit-ulcinj.com\/blog\/wp-content\/uploads\/2009\/04\/dita-e-komunes-se-ulqinit1-150x150.jpg"}],"twitter_misc":{"Written by":"ulqini","Est. reading time":"2 minutes"},"schema":{"@context":"https:\/\/schema.org","@graph":[{"@type":"WebSite","@id":"https:\/\/www.visit-ulcinj.com\/blog\/#website","url":"https:\/\/www.visit-ulcinj.com\/blog\/","name":"Lajme nga Ulqini","description":"Lajme,Vijesti,Ulqini,Ulqin,Crna Gora,Mali i Zi","potentialAction":[{"@type":"SearchAction","target":{"@type":"EntryPoint","urlTemplate":"https:\/\/www.visit-ulcinj.com\/blog\/?s={search_term_string}"},"query-input":"required name=search_term_string"}],"inLanguage":"en-US"},{"@type":"ImageObject","inLanguage":"en-US","@id":"https:\/\/www.visit-ulcinj.com\/blog\/2009\/04\/05\/fjalimi-i-kryetarit-ne-ekspoziten-e-ish-kryetareve\/#primaryimage","url":"https:\/\/www.visit-ulcinj.com\/blog\/wp-content\/uploads\/2009\/04\/gezim-hajdinaga_dita-e-ulqinit6.jpg","contentUrl":"https:\/\/www.visit-ulcinj.com\/blog\/wp-content\/uploads\/2009\/04\/gezim-hajdinaga_dita-e-ulqinit6.jpg","width":"800","height":"533"},{"@type":"WebPage","@id":"https:\/\/www.visit-ulcinj.com\/blog\/2009\/04\/05\/fjalimi-i-kryetarit-ne-ekspoziten-e-ish-kryetareve\/#webpage","url":"https:\/\/www.visit-ulcinj.com\/blog\/2009\/04\/05\/fjalimi-i-kryetarit-ne-ekspoziten-e-ish-kryetareve\/","name":"Fjalimi i kryetarit ne ekspoziten e ish kryetareve - Lajme nga Ulqini","isPartOf":{"@id":"https:\/\/www.visit-ulcinj.com\/blog\/#website"},"primaryImageOfPage":{"@id":"https:\/\/www.visit-ulcinj.com\/blog\/2009\/04\/05\/fjalimi-i-kryetarit-ne-ekspoziten-e-ish-kryetareve\/#primaryimage"},"datePublished":"2009-04-04T22:02:14+00:00","dateModified":"2009-04-04T22:25:22+00:00","author":{"@id":"https:\/\/www.visit-ulcinj.com\/blog\/#\/schema\/person\/dcab619c614d3038751c63bc2aadc06d"},"description":"T\u00eb nderuara zonja dhe zot\u00ebrinj, ju p\u00ebrsh\u00ebndes t\u00eb gjith\u00ebve n\u00eb em\u00ebr t\u00eb Komun\u00ebs s\u00eb Ulqinit dhe n\u00eb emrin tim personal. N\u00eb rrug\u00ebtimin e gjat\u00eb historik t\u00eb \u00e7do","breadcrumb":{"@id":"https:\/\/www.visit-ulcinj.com\/blog\/2009\/04\/05\/fjalimi-i-kryetarit-ne-ekspoziten-e-ish-kryetareve\/#breadcrumb"},"inLanguage":"en-US","potentialAction":[{"@type":"ReadAction","target":["https:\/\/www.visit-ulcinj.com\/blog\/2009\/04\/05\/fjalimi-i-kryetarit-ne-ekspoziten-e-ish-kryetareve\/"]}]},{"@type":"BreadcrumbList","@id":"https:\/\/www.visit-ulcinj.com\/blog\/2009\/04\/05\/fjalimi-i-kryetarit-ne-ekspoziten-e-ish-kryetareve\/#breadcrumb","itemListElement":[{"@type":"ListItem","position":1,"name":"Fjalimi i kryetarit ne ekspoziten e ish kryetareve"}]},{"@type":"Person","@id":"https:\/\/www.visit-ulcinj.com\/blog\/#\/schema\/person\/dcab619c614d3038751c63bc2aadc06d","name":"ulqini","sameAs":["http:\/\/www.visit-ulcinj.com"],"url":"https:\/\/www.visit-ulcinj.com\/blog\/author\/admin\/"}]}},"jetpack_featured_media_url":"","jetpack_sharing_enabled":true,"jetpack_shortlink":"https:\/\/wp.me\/pe6lTn-4k7","_links":{"self":[{"href":"https:\/\/www.visit-ulcinj.com\/blog\/wp-json\/wp\/v2\/posts\/16623"}],"collection":[{"href":"https:\/\/www.visit-ulcinj.com\/blog\/wp-json\/wp\/v2\/posts"}],"about":[{"href":"https:\/\/www.visit-ulcinj.com\/blog\/wp-json\/wp\/v2\/types\/post"}],"author":[{"embeddable":true,"href":"https:\/\/www.visit-ulcinj.com\/blog\/wp-json\/wp\/v2\/users\/1"}],"replies":[{"embeddable":true,"href":"https:\/\/www.visit-ulcinj.com\/blog\/wp-json\/wp\/v2\/comments?post=16623"}],"version-history":[{"count":0,"href":"https:\/\/www.visit-ulcinj.com\/blog\/wp-json\/wp\/v2\/posts\/16623\/revisions"}],"wp:attachment":[{"href":"https:\/\/www.visit-ulcinj.com\/blog\/wp-json\/wp\/v2\/media?parent=16623"}],"wp:term":[{"taxonomy":"category","embeddable":true,"href":"https:\/\/www.visit-ulcinj.com\/blog\/wp-json\/wp\/v2\/categories?post=16623"},{"taxonomy":"post_tag","embeddable":true,"href":"https:\/\/www.visit-ulcinj.com\/blog\/wp-json\/wp\/v2\/tags?post=16623"}],"curies":[{"name":"wp","href":"https:\/\/api.w.org\/{rel}","templated":true}]}}