{"id":16672,"date":"2009-04-05T09:47:56","date_gmt":"2009-04-05T07:47:56","guid":{"rendered":"http:\/\/www.visit-ulcinj.com\/blog\/?p=16672"},"modified":"2009-04-05T09:47:56","modified_gmt":"2009-04-05T07:47:56","slug":"adelajda-xhamani-nuk-kam-ardhur-per-t%e2%80%99u-lidhur","status":"publish","type":"post","link":"https:\/\/www.visit-ulcinj.com\/blog\/2009\/04\/05\/adelajda-xhamani-nuk-kam-ardhur-per-t%e2%80%99u-lidhur\/","title":{"rendered":"Adelajda Xhamani : Nuk kam ardhur p\u00ebr t\u2019u lidhur"},"content":{"rendered":"<p><em><span class=\"newsdate\"><a href=\"http:\/\/www.visit-ulcinj.com\/blog\/wp-content\/uploads\/2009\/04\/adela-per-bjordin2-copy.jpg\"><img loading=\"lazy\" class=\"alignleft size-full wp-image-16673\" title=\"adela-per-bjordin-big-brother-albania-2\" src=\"http:\/\/www.visit-ulcinj.com\/blog\/wp-content\/uploads\/2009\/04\/adela-per-bjordin2-copy.jpg\" alt=\"adela-per-bjordin-big-brother-albania-2\" width=\"300\" height=\"205\" \/><\/a>02\/04\/09 01:18<\/span><\/em><\/p>\n<p>\u201cNuk di si t\u00eb sillem me Bjordin!\u201d- i ka th\u00ebn\u00eb Adelajda Adit. \u201cPo ti a e do?\u201d- e ka pyetur ai. Adelajda i \u00ebsht\u00eb p\u00ebrgjigjur se ky ishte budall\u00ebku m\u00eb i madh q\u00eb ai mund t\u00eb kishte th\u00ebn\u00eb. Por sipas Adit nuk ishte aspak k\u00ebshtu, mbase i vetmi gabim ishte q\u00eb e kishte th\u00ebn\u00eb kaq drejtp\u00ebrdrejt. Adelajda i ka shpjeguar se sikur t\u00eb kishin qen\u00eb jasht\u00eb dhe dikush ta kishte prezantuar me Bjordin, me k\u00ebt\u00eb m\u00ebnyr\u00eb t\u00eb sjelluri, ai nuk do t\u00eb kishte patur asnj\u00eb mund\u00ebsi t\u2019i afrohej, por meq\u00eb ajo e njihte dhe e kuptonte q\u00eb kjo ishte pjes\u00eb e karakterit t\u00eb tij e meq\u00eb ishin 24 or\u00eb bashk\u00eb, ajo ia lejonte k\u00ebto veprime. Ajo ka shtuar se ai e vinte shum\u00eb n\u00eb siklet, por po t\u2019i thoshte prapr\u00eb t\u00eb largohej, do t\u00eb p\u00ebrs\u00ebritej e nj\u00ebjta histori dhe e gjith\u00eb kjo nuk kishte fare lidhje me dashurin\u00eb q\u00eb thoshte Adi. \u201cUn\u00eb nuk kam ardhur k\u00ebtu p\u00ebr t\u2019u lidhur!\u201d \u2013 i ka th\u00ebn\u00eb ajo.<\/p>\n","protected":false},"excerpt":{"rendered":"<p>02\/04\/09 01:18 \u201cNuk di si t\u00eb sillem me Bjordin!\u201d- i ka th\u00ebn\u00eb Adelajda Adit. \u201cPo ti a e do?\u201d- e ka pyetur ai. Adelajda i \u00ebsht\u00eb p\u00ebrgjigjur se ky ishte budall\u00ebku m\u00eb i madh q\u00eb ai mund t\u00eb kishte th\u00ebn\u00eb. Por sipas Adit nuk ishte aspak k\u00ebshtu, mbase i vetmi gabim ishte q\u00eb e kishte [&hellip;]<\/p>\n","protected":false},"author":1,"featured_media":0,"comment_status":"open","ping_status":"closed","sticky":false,"template":"","format":"standard","meta":{"spay_email":"","jetpack_publicize_message":"","jetpack_is_tweetstorm":false,"jetpack_publicize_feature_enabled":true},"categories":[6502],"tags":[6529,5057,6506,6516,6712,7129,6522,6544,6891,6693,6887],"jetpack_publicize_connections":[],"yoast_head":"<!-- This site is optimized with the Yoast SEO plugin v19.1 - https:\/\/yoast.com\/wordpress\/plugins\/seo\/ -->\n<title>Adelajda Xhamani : Nuk kam ardhur p\u00c3\u00abr t\u00e2\u20ac\u2122u lidhur<\/title>\n<meta name=\"description\" content=\"Big Brother Albania 2 - \u00e2\u20ac\u0153Nuk di si t\u00c3\u00ab sillem me Bjordin!\u00e2\u20ac\u009d- i ka th\u00c3\u00abn\u00c3\u00ab Adelajda Adit. \u00e2\u20ac\u0153Po ti a e do?\u00e2\u20ac\u009d- e ka pyetur ai. Adelajda i \u00c3\u00absht\u00c3\u00ab p\u00c3\u00abrgjigjur se ky ishte budall\u00c3\u00abku m\u00c3\u00ab i madh q\u00c3\u00ab ai mund t\u00c3\u00ab kishte th\u00c3\u00abn\u00c3\u00ab.\" \/>\n<meta name=\"robots\" content=\"index, follow, max-snippet:-1, max-image-preview:large, max-video-preview:-1\" \/>\n<link rel=\"canonical\" href=\"https:\/\/www.visit-ulcinj.com\/blog\/2009\/04\/05\/adelajda-xhamani-nuk-kam-ardhur-per-t\u2019u-lidhur\/\" \/>\n<meta property=\"og:locale\" content=\"en_US\" \/>\n<meta property=\"og:type\" content=\"article\" \/>\n<meta property=\"og:title\" content=\"Adelajda Xhamani : Nuk kam ardhur p\u00c3\u00abr t\u00e2\u20ac\u2122u lidhur\" \/>\n<meta property=\"og:description\" content=\"Big Brother Albania 2 - \u00e2\u20ac\u0153Nuk di si t\u00c3\u00ab sillem me Bjordin!\u00e2\u20ac\u009d- i ka th\u00c3\u00abn\u00c3\u00ab Adelajda Adit. \u00e2\u20ac\u0153Po ti a e do?\u00e2\u20ac\u009d- e ka pyetur ai. Adelajda i \u00c3\u00absht\u00c3\u00ab p\u00c3\u00abrgjigjur se ky ishte budall\u00c3\u00abku m\u00c3\u00ab i madh q\u00c3\u00ab ai mund t\u00c3\u00ab kishte th\u00c3\u00abn\u00c3\u00ab.\" \/>\n<meta property=\"og:url\" content=\"https:\/\/www.visit-ulcinj.com\/blog\/2009\/04\/05\/adelajda-xhamani-nuk-kam-ardhur-per-t\u2019u-lidhur\/\" \/>\n<meta property=\"og:site_name\" content=\"Lajme nga Ulqini\" \/>\n<meta property=\"article:published_time\" content=\"2009-04-05T07:47:56+00:00\" \/>\n<meta property=\"og:image\" content=\"http:\/\/www.visit-ulcinj.com\/blog\/wp-content\/uploads\/2009\/04\/adela-per-bjordin2-copy.jpg\" \/>\n<meta name=\"twitter:label1\" content=\"Written by\" \/>\n\t<meta name=\"twitter:data1\" content=\"ulqini\" \/>\n\t<meta name=\"twitter:label2\" content=\"Est. reading time\" \/>\n\t<meta name=\"twitter:data2\" content=\"1 minute\" \/>\n<script type=\"application\/ld+json\" class=\"yoast-schema-graph\">{\"@context\":\"https:\/\/schema.org\",\"@graph\":[{\"@type\":\"WebSite\",\"@id\":\"https:\/\/www.visit-ulcinj.com\/blog\/#website\",\"url\":\"https:\/\/www.visit-ulcinj.com\/blog\/\",\"name\":\"Lajme nga Ulqini\",\"description\":\"Lajme,Vijesti,Ulqini,Ulqin,Crna Gora,Mali i Zi\",\"potentialAction\":[{\"@type\":\"SearchAction\",\"target\":{\"@type\":\"EntryPoint\",\"urlTemplate\":\"https:\/\/www.visit-ulcinj.com\/blog\/?s={search_term_string}\"},\"query-input\":\"required name=search_term_string\"}],\"inLanguage\":\"en-US\"},{\"@type\":\"ImageObject\",\"inLanguage\":\"en-US\",\"@id\":\"https:\/\/www.visit-ulcinj.com\/blog\/2009\/04\/05\/adelajda-xhamani-nuk-kam-ardhur-per-t%e2%80%99u-lidhur\/#primaryimage\",\"url\":\"http:\/\/www.visit-ulcinj.com\/blog\/wp-content\/uploads\/2009\/04\/adela-per-bjordin2-copy.jpg\",\"contentUrl\":\"http:\/\/www.visit-ulcinj.com\/blog\/wp-content\/uploads\/2009\/04\/adela-per-bjordin2-copy.jpg\"},{\"@type\":\"WebPage\",\"@id\":\"https:\/\/www.visit-ulcinj.com\/blog\/2009\/04\/05\/adelajda-xhamani-nuk-kam-ardhur-per-t%e2%80%99u-lidhur\/#webpage\",\"url\":\"https:\/\/www.visit-ulcinj.com\/blog\/2009\/04\/05\/adelajda-xhamani-nuk-kam-ardhur-per-t%e2%80%99u-lidhur\/\",\"name\":\"Adelajda Xhamani : Nuk kam ardhur p\u00c3\u00abr t\u00e2\u20ac\u2122u lidhur\",\"isPartOf\":{\"@id\":\"https:\/\/www.visit-ulcinj.com\/blog\/#website\"},\"primaryImageOfPage\":{\"@id\":\"https:\/\/www.visit-ulcinj.com\/blog\/2009\/04\/05\/adelajda-xhamani-nuk-kam-ardhur-per-t%e2%80%99u-lidhur\/#primaryimage\"},\"datePublished\":\"2009-04-05T07:47:56+00:00\",\"dateModified\":\"2009-04-05T07:47:56+00:00\",\"author\":{\"@id\":\"https:\/\/www.visit-ulcinj.com\/blog\/#\/schema\/person\/dcab619c614d3038751c63bc2aadc06d\"},\"description\":\"Big Brother Albania 2 - \u00e2\u20ac\u0153Nuk di si t\u00c3\u00ab sillem me Bjordin!\u00e2\u20ac\u009d- i ka th\u00c3\u00abn\u00c3\u00ab Adelajda Adit. \u00e2\u20ac\u0153Po ti a e do?\u00e2\u20ac\u009d- e ka pyetur ai. Adelajda i \u00c3\u00absht\u00c3\u00ab p\u00c3\u00abrgjigjur se ky ishte budall\u00c3\u00abku m\u00c3\u00ab i madh q\u00c3\u00ab ai mund t\u00c3\u00ab kishte th\u00c3\u00abn\u00c3\u00ab.\",\"breadcrumb\":{\"@id\":\"https:\/\/www.visit-ulcinj.com\/blog\/2009\/04\/05\/adelajda-xhamani-nuk-kam-ardhur-per-t%e2%80%99u-lidhur\/#breadcrumb\"},\"inLanguage\":\"en-US\",\"potentialAction\":[{\"@type\":\"ReadAction\",\"target\":[\"https:\/\/www.visit-ulcinj.com\/blog\/2009\/04\/05\/adelajda-xhamani-nuk-kam-ardhur-per-t%e2%80%99u-lidhur\/\"]}]},{\"@type\":\"BreadcrumbList\",\"@id\":\"https:\/\/www.visit-ulcinj.com\/blog\/2009\/04\/05\/adelajda-xhamani-nuk-kam-ardhur-per-t%e2%80%99u-lidhur\/#breadcrumb\",\"itemListElement\":[{\"@type\":\"ListItem\",\"position\":1,\"name\":\"Adelajda Xhamani : Nuk kam ardhur p\u00ebr t\u2019u lidhur\"}]},{\"@type\":\"Person\",\"@id\":\"https:\/\/www.visit-ulcinj.com\/blog\/#\/schema\/person\/dcab619c614d3038751c63bc2aadc06d\",\"name\":\"ulqini\",\"sameAs\":[\"http:\/\/www.visit-ulcinj.com\"],\"url\":\"https:\/\/www.visit-ulcinj.com\/blog\/author\/admin\/\"}]}<\/script>\n<!-- \/ Yoast SEO plugin. -->","yoast_head_json":{"title":"Adelajda Xhamani : Nuk kam ardhur p\u00c3\u00abr t\u00e2\u20ac\u2122u lidhur","description":"Big Brother Albania 2 - \u00e2\u20ac\u0153Nuk di si t\u00c3\u00ab sillem me Bjordin!\u00e2\u20ac\u009d- i ka th\u00c3\u00abn\u00c3\u00ab Adelajda Adit. \u00e2\u20ac\u0153Po ti a e do?\u00e2\u20ac\u009d- e ka pyetur ai. Adelajda i \u00c3\u00absht\u00c3\u00ab p\u00c3\u00abrgjigjur se ky ishte budall\u00c3\u00abku m\u00c3\u00ab i madh q\u00c3\u00ab ai mund t\u00c3\u00ab kishte th\u00c3\u00abn\u00c3\u00ab.","robots":{"index":"index","follow":"follow","max-snippet":"max-snippet:-1","max-image-preview":"max-image-preview:large","max-video-preview":"max-video-preview:-1"},"canonical":"https:\/\/www.visit-ulcinj.com\/blog\/2009\/04\/05\/adelajda-xhamani-nuk-kam-ardhur-per-t\u2019u-lidhur\/","og_locale":"en_US","og_type":"article","og_title":"Adelajda Xhamani : Nuk kam ardhur p\u00c3\u00abr t\u00e2\u20ac\u2122u lidhur","og_description":"Big Brother Albania 2 - \u00e2\u20ac\u0153Nuk di si t\u00c3\u00ab sillem me Bjordin!\u00e2\u20ac\u009d- i ka th\u00c3\u00abn\u00c3\u00ab Adelajda Adit. \u00e2\u20ac\u0153Po ti a e do?\u00e2\u20ac\u009d- e ka pyetur ai. Adelajda i \u00c3\u00absht\u00c3\u00ab p\u00c3\u00abrgjigjur se ky ishte budall\u00c3\u00abku m\u00c3\u00ab i madh q\u00c3\u00ab ai mund t\u00c3\u00ab kishte th\u00c3\u00abn\u00c3\u00ab.","og_url":"https:\/\/www.visit-ulcinj.com\/blog\/2009\/04\/05\/adelajda-xhamani-nuk-kam-ardhur-per-t\u2019u-lidhur\/","og_site_name":"Lajme nga Ulqini","article_published_time":"2009-04-05T07:47:56+00:00","og_image":[{"url":"http:\/\/www.visit-ulcinj.com\/blog\/wp-content\/uploads\/2009\/04\/adela-per-bjordin2-copy.jpg"}],"twitter_misc":{"Written by":"ulqini","Est. reading time":"1 minute"},"schema":{"@context":"https:\/\/schema.org","@graph":[{"@type":"WebSite","@id":"https:\/\/www.visit-ulcinj.com\/blog\/#website","url":"https:\/\/www.visit-ulcinj.com\/blog\/","name":"Lajme nga Ulqini","description":"Lajme,Vijesti,Ulqini,Ulqin,Crna Gora,Mali i Zi","potentialAction":[{"@type":"SearchAction","target":{"@type":"EntryPoint","urlTemplate":"https:\/\/www.visit-ulcinj.com\/blog\/?s={search_term_string}"},"query-input":"required name=search_term_string"}],"inLanguage":"en-US"},{"@type":"ImageObject","inLanguage":"en-US","@id":"https:\/\/www.visit-ulcinj.com\/blog\/2009\/04\/05\/adelajda-xhamani-nuk-kam-ardhur-per-t%e2%80%99u-lidhur\/#primaryimage","url":"http:\/\/www.visit-ulcinj.com\/blog\/wp-content\/uploads\/2009\/04\/adela-per-bjordin2-copy.jpg","contentUrl":"http:\/\/www.visit-ulcinj.com\/blog\/wp-content\/uploads\/2009\/04\/adela-per-bjordin2-copy.jpg"},{"@type":"WebPage","@id":"https:\/\/www.visit-ulcinj.com\/blog\/2009\/04\/05\/adelajda-xhamani-nuk-kam-ardhur-per-t%e2%80%99u-lidhur\/#webpage","url":"https:\/\/www.visit-ulcinj.com\/blog\/2009\/04\/05\/adelajda-xhamani-nuk-kam-ardhur-per-t%e2%80%99u-lidhur\/","name":"Adelajda Xhamani : Nuk kam ardhur p\u00c3\u00abr t\u00e2\u20ac\u2122u lidhur","isPartOf":{"@id":"https:\/\/www.visit-ulcinj.com\/blog\/#website"},"primaryImageOfPage":{"@id":"https:\/\/www.visit-ulcinj.com\/blog\/2009\/04\/05\/adelajda-xhamani-nuk-kam-ardhur-per-t%e2%80%99u-lidhur\/#primaryimage"},"datePublished":"2009-04-05T07:47:56+00:00","dateModified":"2009-04-05T07:47:56+00:00","author":{"@id":"https:\/\/www.visit-ulcinj.com\/blog\/#\/schema\/person\/dcab619c614d3038751c63bc2aadc06d"},"description":"Big Brother Albania 2 - \u00e2\u20ac\u0153Nuk di si t\u00c3\u00ab sillem me Bjordin!\u00e2\u20ac\u009d- i ka th\u00c3\u00abn\u00c3\u00ab Adelajda Adit. \u00e2\u20ac\u0153Po ti a e do?\u00e2\u20ac\u009d- e ka pyetur ai. Adelajda i \u00c3\u00absht\u00c3\u00ab p\u00c3\u00abrgjigjur se ky ishte budall\u00c3\u00abku m\u00c3\u00ab i madh q\u00c3\u00ab ai mund t\u00c3\u00ab kishte th\u00c3\u00abn\u00c3\u00ab.","breadcrumb":{"@id":"https:\/\/www.visit-ulcinj.com\/blog\/2009\/04\/05\/adelajda-xhamani-nuk-kam-ardhur-per-t%e2%80%99u-lidhur\/#breadcrumb"},"inLanguage":"en-US","potentialAction":[{"@type":"ReadAction","target":["https:\/\/www.visit-ulcinj.com\/blog\/2009\/04\/05\/adelajda-xhamani-nuk-kam-ardhur-per-t%e2%80%99u-lidhur\/"]}]},{"@type":"BreadcrumbList","@id":"https:\/\/www.visit-ulcinj.com\/blog\/2009\/04\/05\/adelajda-xhamani-nuk-kam-ardhur-per-t%e2%80%99u-lidhur\/#breadcrumb","itemListElement":[{"@type":"ListItem","position":1,"name":"Adelajda Xhamani : Nuk kam ardhur p\u00ebr t\u2019u lidhur"}]},{"@type":"Person","@id":"https:\/\/www.visit-ulcinj.com\/blog\/#\/schema\/person\/dcab619c614d3038751c63bc2aadc06d","name":"ulqini","sameAs":["http:\/\/www.visit-ulcinj.com"],"url":"https:\/\/www.visit-ulcinj.com\/blog\/author\/admin\/"}]}},"jetpack_featured_media_url":"","jetpack_sharing_enabled":true,"jetpack_shortlink":"https:\/\/wp.me\/pe6lTn-4kU","_links":{"self":[{"href":"https:\/\/www.visit-ulcinj.com\/blog\/wp-json\/wp\/v2\/posts\/16672"}],"collection":[{"href":"https:\/\/www.visit-ulcinj.com\/blog\/wp-json\/wp\/v2\/posts"}],"about":[{"href":"https:\/\/www.visit-ulcinj.com\/blog\/wp-json\/wp\/v2\/types\/post"}],"author":[{"embeddable":true,"href":"https:\/\/www.visit-ulcinj.com\/blog\/wp-json\/wp\/v2\/users\/1"}],"replies":[{"embeddable":true,"href":"https:\/\/www.visit-ulcinj.com\/blog\/wp-json\/wp\/v2\/comments?post=16672"}],"version-history":[{"count":0,"href":"https:\/\/www.visit-ulcinj.com\/blog\/wp-json\/wp\/v2\/posts\/16672\/revisions"}],"wp:attachment":[{"href":"https:\/\/www.visit-ulcinj.com\/blog\/wp-json\/wp\/v2\/media?parent=16672"}],"wp:term":[{"taxonomy":"category","embeddable":true,"href":"https:\/\/www.visit-ulcinj.com\/blog\/wp-json\/wp\/v2\/categories?post=16672"},{"taxonomy":"post_tag","embeddable":true,"href":"https:\/\/www.visit-ulcinj.com\/blog\/wp-json\/wp\/v2\/tags?post=16672"}],"curies":[{"name":"wp","href":"https:\/\/api.w.org\/{rel}","templated":true}]}}