{"id":16675,"date":"2009-04-05T09:50:24","date_gmt":"2009-04-05T07:50:24","guid":{"rendered":"http:\/\/www.visit-ulcinj.com\/blog\/?p=16675"},"modified":"2009-04-05T09:50:24","modified_gmt":"2009-04-05T07:50:24","slug":"mimoza-pse-moza-diti-ta-largoje-bjordin","status":"publish","type":"post","link":"https:\/\/www.visit-ulcinj.com\/blog\/2009\/04\/05\/mimoza-pse-moza-diti-ta-largoje-bjordin\/","title":{"rendered":"Mimoza : Pse Moza diti ta largoj\u00eb Bjordin?!"},"content":{"rendered":"<p><em><span class=\"newsdate\"><a href=\"http:\/\/www.visit-ulcinj.com\/blog\/wp-content\/uploads\/2009\/04\/moza-adiadela2-copy.jpg\"><img loading=\"lazy\" class=\"alignleft size-full wp-image-16676\" title=\"moza-adiadela2-copy-biig-brother-albania-2\" src=\"http:\/\/www.visit-ulcinj.com\/blog\/wp-content\/uploads\/2009\/04\/moza-adiadela2-copy.jpg\" alt=\"moza-adiadela2-copy-biig-brother-albania-2\" width=\"300\" height=\"205\" \/><\/a>02\/04\/09 01:23<\/span><\/em><\/p>\n<p>\u201cTi asnj\u00ebher\u00eb s\u2019m\u00eb ke treguar asgj\u00eb!\u201d \u2013 i ka th\u00ebn\u00eb Mimoza Adel\u00ebs, kur Adi i ka th\u00ebn\u00eb asaj (Moz\u00ebs) q\u00eb t\u2019i fliste dhe ajo n\u00eb lidhje me Bjordin. Adelajda i ka th\u00ebn\u00eb se nuk ishte e v\u00ebrtet\u00eb ajo q\u00eb thoshte Mimoza, por edhe n\u00ebse nuk e kishte b\u00ebr\u00eb, arsyeja ishte se Mimoza nuk i merrte seriozisht fjal\u00ebt e saj, por fillonte ngacmonte. At\u00ebher\u00eb Adi ka nd\u00ebrhyr\u00eb duke th\u00ebn\u00eb: \u201cPse Moza diti ta largoj\u00eb Bjordin?! Kjo tregon q\u00eb ti e do!\u201d Adelajda ka th\u00ebn\u00eb se nuk e kuptonte si mund t\u00eb thoshin t\u00eb tjer\u00ebt p\u00ebr at\u00eb, gj\u00ebra q\u00eb ajo nuk i dinte akoma vet. Nd\u00ebrsa p\u00ebr pyetjen e Adit q\u00eb pse Moza diti ta largoj\u00eb Bjordin, ajo ka th\u00ebn\u00eb se mes tij dhe Moz\u00ebs gj\u00ebrat ishin shum\u00eb ndryshe dhe ajo dinte m\u00eb tep\u00ebr n\u00eb lidhje me k\u00ebt\u00eb, sesa mund t\u00eb dinin ata. \u201cKjo nuk \u00ebsht\u00eb e v\u00ebrtet\u00eb, gj\u00ebrat varen nga ti!\u201d \u2013 ka th\u00ebn\u00eb Mimoza. \u201cTi p\u00ebr cfar\u00eb ke hyr\u00eb? \u2013 e ka pyetur Adi Adel\u00ebn, duke shtuar se ajo ishte vajz\u00eb e zgjuar dhe e kuptonte fort mir\u00eb se n\u00eb k\u00ebt\u00eb loj\u00eb, protagonizmi luante rolin kryesor.<\/p>\n","protected":false},"excerpt":{"rendered":"<p>02\/04\/09 01:23 \u201cTi asnj\u00ebher\u00eb s\u2019m\u00eb ke treguar asgj\u00eb!\u201d \u2013 i ka th\u00ebn\u00eb Mimoza Adel\u00ebs, kur Adi i ka th\u00ebn\u00eb asaj (Moz\u00ebs) q\u00eb t\u2019i fliste dhe ajo n\u00eb lidhje me Bjordin. Adelajda i ka th\u00ebn\u00eb se nuk ishte e v\u00ebrtet\u00eb ajo q\u00eb thoshte Mimoza, por edhe n\u00ebse nuk e kishte b\u00ebr\u00eb, arsyeja ishte se Mimoza nuk [&hellip;]<\/p>\n","protected":false},"author":1,"featured_media":0,"comment_status":"open","ping_status":"closed","sticky":false,"template":"","format":"standard","meta":{"spay_email":"","jetpack_publicize_message":"","jetpack_is_tweetstorm":false,"jetpack_publicize_feature_enabled":true},"categories":[6502],"tags":[6529,1414,5057,6506,6516,6712,7129,6522,6544,6891,6693,6887],"jetpack_publicize_connections":[],"yoast_head":"<!-- This site is optimized with the Yoast SEO plugin v19.1 - https:\/\/yoast.com\/wordpress\/plugins\/seo\/ -->\n<title>Mimoza : Pse Moza diti ta largoj\u00c3\u00ab Bjordin?! | Big Brother Albania 2<\/title>\n<meta name=\"description\" content=\"Big Brother Albania 2 - \u00e2\u20ac\u0153Ti asnj\u00c3\u00abher\u00c3\u00ab s\u00e2\u20ac\u2122m\u00c3\u00ab ke treguar asgj\u00c3\u00ab!\u00e2\u20ac\u009d \u00e2\u20ac\u201c i ka th\u00c3\u00abn\u00c3\u00ab Mimoza Adel\u00c3\u00abs, kur Adi i ka th\u00c3\u00abn\u00c3\u00ab asaj (Moz\u00c3\u00abs) q\u00c3\u00ab t\u00e2\u20ac\u2122i fliste dhe ajo n\u00c3\u00ab lidhje me Bjordin\" \/>\n<meta name=\"robots\" content=\"index, follow, max-snippet:-1, max-image-preview:large, max-video-preview:-1\" \/>\n<link rel=\"canonical\" href=\"https:\/\/www.visit-ulcinj.com\/blog\/2009\/04\/05\/mimoza-pse-moza-diti-ta-largoje-bjordin\/\" \/>\n<meta property=\"og:locale\" content=\"en_US\" \/>\n<meta property=\"og:type\" content=\"article\" \/>\n<meta property=\"og:title\" content=\"Mimoza : Pse Moza diti ta largoj\u00c3\u00ab Bjordin?! | Big Brother Albania 2\" \/>\n<meta property=\"og:description\" content=\"Big Brother Albania 2 - \u00e2\u20ac\u0153Ti asnj\u00c3\u00abher\u00c3\u00ab s\u00e2\u20ac\u2122m\u00c3\u00ab ke treguar asgj\u00c3\u00ab!\u00e2\u20ac\u009d \u00e2\u20ac\u201c i ka th\u00c3\u00abn\u00c3\u00ab Mimoza Adel\u00c3\u00abs, kur Adi i ka th\u00c3\u00abn\u00c3\u00ab asaj (Moz\u00c3\u00abs) q\u00c3\u00ab t\u00e2\u20ac\u2122i fliste dhe ajo n\u00c3\u00ab lidhje me Bjordin\" \/>\n<meta property=\"og:url\" content=\"https:\/\/www.visit-ulcinj.com\/blog\/2009\/04\/05\/mimoza-pse-moza-diti-ta-largoje-bjordin\/\" \/>\n<meta property=\"og:site_name\" content=\"Lajme nga Ulqini\" \/>\n<meta property=\"article:published_time\" content=\"2009-04-05T07:50:24+00:00\" \/>\n<meta property=\"og:image\" content=\"http:\/\/www.visit-ulcinj.com\/blog\/wp-content\/uploads\/2009\/04\/moza-adiadela2-copy.jpg\" \/>\n<meta name=\"twitter:label1\" content=\"Written by\" \/>\n\t<meta name=\"twitter:data1\" content=\"ulqini\" \/>\n\t<meta name=\"twitter:label2\" content=\"Est. reading time\" \/>\n\t<meta name=\"twitter:data2\" content=\"1 minute\" \/>\n<script type=\"application\/ld+json\" class=\"yoast-schema-graph\">{\"@context\":\"https:\/\/schema.org\",\"@graph\":[{\"@type\":\"WebSite\",\"@id\":\"https:\/\/www.visit-ulcinj.com\/blog\/#website\",\"url\":\"https:\/\/www.visit-ulcinj.com\/blog\/\",\"name\":\"Lajme nga Ulqini\",\"description\":\"Lajme,Vijesti,Ulqini,Ulqin,Crna Gora,Mali i Zi\",\"potentialAction\":[{\"@type\":\"SearchAction\",\"target\":{\"@type\":\"EntryPoint\",\"urlTemplate\":\"https:\/\/www.visit-ulcinj.com\/blog\/?s={search_term_string}\"},\"query-input\":\"required name=search_term_string\"}],\"inLanguage\":\"en-US\"},{\"@type\":\"ImageObject\",\"inLanguage\":\"en-US\",\"@id\":\"https:\/\/www.visit-ulcinj.com\/blog\/2009\/04\/05\/mimoza-pse-moza-diti-ta-largoje-bjordin\/#primaryimage\",\"url\":\"http:\/\/www.visit-ulcinj.com\/blog\/wp-content\/uploads\/2009\/04\/moza-adiadela2-copy.jpg\",\"contentUrl\":\"http:\/\/www.visit-ulcinj.com\/blog\/wp-content\/uploads\/2009\/04\/moza-adiadela2-copy.jpg\"},{\"@type\":\"WebPage\",\"@id\":\"https:\/\/www.visit-ulcinj.com\/blog\/2009\/04\/05\/mimoza-pse-moza-diti-ta-largoje-bjordin\/#webpage\",\"url\":\"https:\/\/www.visit-ulcinj.com\/blog\/2009\/04\/05\/mimoza-pse-moza-diti-ta-largoje-bjordin\/\",\"name\":\"Mimoza : Pse Moza diti ta largoj\u00c3\u00ab Bjordin?! | Big Brother Albania 2\",\"isPartOf\":{\"@id\":\"https:\/\/www.visit-ulcinj.com\/blog\/#website\"},\"primaryImageOfPage\":{\"@id\":\"https:\/\/www.visit-ulcinj.com\/blog\/2009\/04\/05\/mimoza-pse-moza-diti-ta-largoje-bjordin\/#primaryimage\"},\"datePublished\":\"2009-04-05T07:50:24+00:00\",\"dateModified\":\"2009-04-05T07:50:24+00:00\",\"author\":{\"@id\":\"https:\/\/www.visit-ulcinj.com\/blog\/#\/schema\/person\/dcab619c614d3038751c63bc2aadc06d\"},\"description\":\"Big Brother Albania 2 - \u00e2\u20ac\u0153Ti asnj\u00c3\u00abher\u00c3\u00ab s\u00e2\u20ac\u2122m\u00c3\u00ab ke treguar asgj\u00c3\u00ab!\u00e2\u20ac\u009d \u00e2\u20ac\u201c i ka th\u00c3\u00abn\u00c3\u00ab Mimoza Adel\u00c3\u00abs, kur Adi i ka th\u00c3\u00abn\u00c3\u00ab asaj (Moz\u00c3\u00abs) q\u00c3\u00ab t\u00e2\u20ac\u2122i fliste dhe ajo n\u00c3\u00ab lidhje me Bjordin\",\"breadcrumb\":{\"@id\":\"https:\/\/www.visit-ulcinj.com\/blog\/2009\/04\/05\/mimoza-pse-moza-diti-ta-largoje-bjordin\/#breadcrumb\"},\"inLanguage\":\"en-US\",\"potentialAction\":[{\"@type\":\"ReadAction\",\"target\":[\"https:\/\/www.visit-ulcinj.com\/blog\/2009\/04\/05\/mimoza-pse-moza-diti-ta-largoje-bjordin\/\"]}]},{\"@type\":\"BreadcrumbList\",\"@id\":\"https:\/\/www.visit-ulcinj.com\/blog\/2009\/04\/05\/mimoza-pse-moza-diti-ta-largoje-bjordin\/#breadcrumb\",\"itemListElement\":[{\"@type\":\"ListItem\",\"position\":1,\"name\":\"Mimoza : Pse Moza diti ta largoj\u00eb Bjordin?!\"}]},{\"@type\":\"Person\",\"@id\":\"https:\/\/www.visit-ulcinj.com\/blog\/#\/schema\/person\/dcab619c614d3038751c63bc2aadc06d\",\"name\":\"ulqini\",\"sameAs\":[\"http:\/\/www.visit-ulcinj.com\"],\"url\":\"https:\/\/www.visit-ulcinj.com\/blog\/author\/admin\/\"}]}<\/script>\n<!-- \/ Yoast SEO plugin. -->","yoast_head_json":{"title":"Mimoza : Pse Moza diti ta largoj\u00c3\u00ab Bjordin?! | Big Brother Albania 2","description":"Big Brother Albania 2 - \u00e2\u20ac\u0153Ti asnj\u00c3\u00abher\u00c3\u00ab s\u00e2\u20ac\u2122m\u00c3\u00ab ke treguar asgj\u00c3\u00ab!\u00e2\u20ac\u009d \u00e2\u20ac\u201c i ka th\u00c3\u00abn\u00c3\u00ab Mimoza Adel\u00c3\u00abs, kur Adi i ka th\u00c3\u00abn\u00c3\u00ab asaj (Moz\u00c3\u00abs) q\u00c3\u00ab t\u00e2\u20ac\u2122i fliste dhe ajo n\u00c3\u00ab lidhje me Bjordin","robots":{"index":"index","follow":"follow","max-snippet":"max-snippet:-1","max-image-preview":"max-image-preview:large","max-video-preview":"max-video-preview:-1"},"canonical":"https:\/\/www.visit-ulcinj.com\/blog\/2009\/04\/05\/mimoza-pse-moza-diti-ta-largoje-bjordin\/","og_locale":"en_US","og_type":"article","og_title":"Mimoza : Pse Moza diti ta largoj\u00c3\u00ab Bjordin?! | Big Brother Albania 2","og_description":"Big Brother Albania 2 - \u00e2\u20ac\u0153Ti asnj\u00c3\u00abher\u00c3\u00ab s\u00e2\u20ac\u2122m\u00c3\u00ab ke treguar asgj\u00c3\u00ab!\u00e2\u20ac\u009d \u00e2\u20ac\u201c i ka th\u00c3\u00abn\u00c3\u00ab Mimoza Adel\u00c3\u00abs, kur Adi i ka th\u00c3\u00abn\u00c3\u00ab asaj (Moz\u00c3\u00abs) q\u00c3\u00ab t\u00e2\u20ac\u2122i fliste dhe ajo n\u00c3\u00ab lidhje me Bjordin","og_url":"https:\/\/www.visit-ulcinj.com\/blog\/2009\/04\/05\/mimoza-pse-moza-diti-ta-largoje-bjordin\/","og_site_name":"Lajme nga Ulqini","article_published_time":"2009-04-05T07:50:24+00:00","og_image":[{"url":"http:\/\/www.visit-ulcinj.com\/blog\/wp-content\/uploads\/2009\/04\/moza-adiadela2-copy.jpg"}],"twitter_misc":{"Written by":"ulqini","Est. reading time":"1 minute"},"schema":{"@context":"https:\/\/schema.org","@graph":[{"@type":"WebSite","@id":"https:\/\/www.visit-ulcinj.com\/blog\/#website","url":"https:\/\/www.visit-ulcinj.com\/blog\/","name":"Lajme nga Ulqini","description":"Lajme,Vijesti,Ulqini,Ulqin,Crna Gora,Mali i Zi","potentialAction":[{"@type":"SearchAction","target":{"@type":"EntryPoint","urlTemplate":"https:\/\/www.visit-ulcinj.com\/blog\/?s={search_term_string}"},"query-input":"required name=search_term_string"}],"inLanguage":"en-US"},{"@type":"ImageObject","inLanguage":"en-US","@id":"https:\/\/www.visit-ulcinj.com\/blog\/2009\/04\/05\/mimoza-pse-moza-diti-ta-largoje-bjordin\/#primaryimage","url":"http:\/\/www.visit-ulcinj.com\/blog\/wp-content\/uploads\/2009\/04\/moza-adiadela2-copy.jpg","contentUrl":"http:\/\/www.visit-ulcinj.com\/blog\/wp-content\/uploads\/2009\/04\/moza-adiadela2-copy.jpg"},{"@type":"WebPage","@id":"https:\/\/www.visit-ulcinj.com\/blog\/2009\/04\/05\/mimoza-pse-moza-diti-ta-largoje-bjordin\/#webpage","url":"https:\/\/www.visit-ulcinj.com\/blog\/2009\/04\/05\/mimoza-pse-moza-diti-ta-largoje-bjordin\/","name":"Mimoza : Pse Moza diti ta largoj\u00c3\u00ab Bjordin?! | Big Brother Albania 2","isPartOf":{"@id":"https:\/\/www.visit-ulcinj.com\/blog\/#website"},"primaryImageOfPage":{"@id":"https:\/\/www.visit-ulcinj.com\/blog\/2009\/04\/05\/mimoza-pse-moza-diti-ta-largoje-bjordin\/#primaryimage"},"datePublished":"2009-04-05T07:50:24+00:00","dateModified":"2009-04-05T07:50:24+00:00","author":{"@id":"https:\/\/www.visit-ulcinj.com\/blog\/#\/schema\/person\/dcab619c614d3038751c63bc2aadc06d"},"description":"Big Brother Albania 2 - \u00e2\u20ac\u0153Ti asnj\u00c3\u00abher\u00c3\u00ab s\u00e2\u20ac\u2122m\u00c3\u00ab ke treguar asgj\u00c3\u00ab!\u00e2\u20ac\u009d \u00e2\u20ac\u201c i ka th\u00c3\u00abn\u00c3\u00ab Mimoza Adel\u00c3\u00abs, kur Adi i ka th\u00c3\u00abn\u00c3\u00ab asaj (Moz\u00c3\u00abs) q\u00c3\u00ab t\u00e2\u20ac\u2122i fliste dhe ajo n\u00c3\u00ab lidhje me Bjordin","breadcrumb":{"@id":"https:\/\/www.visit-ulcinj.com\/blog\/2009\/04\/05\/mimoza-pse-moza-diti-ta-largoje-bjordin\/#breadcrumb"},"inLanguage":"en-US","potentialAction":[{"@type":"ReadAction","target":["https:\/\/www.visit-ulcinj.com\/blog\/2009\/04\/05\/mimoza-pse-moza-diti-ta-largoje-bjordin\/"]}]},{"@type":"BreadcrumbList","@id":"https:\/\/www.visit-ulcinj.com\/blog\/2009\/04\/05\/mimoza-pse-moza-diti-ta-largoje-bjordin\/#breadcrumb","itemListElement":[{"@type":"ListItem","position":1,"name":"Mimoza : Pse Moza diti ta largoj\u00eb Bjordin?!"}]},{"@type":"Person","@id":"https:\/\/www.visit-ulcinj.com\/blog\/#\/schema\/person\/dcab619c614d3038751c63bc2aadc06d","name":"ulqini","sameAs":["http:\/\/www.visit-ulcinj.com"],"url":"https:\/\/www.visit-ulcinj.com\/blog\/author\/admin\/"}]}},"jetpack_featured_media_url":"","jetpack_sharing_enabled":true,"jetpack_shortlink":"https:\/\/wp.me\/pe6lTn-4kX","_links":{"self":[{"href":"https:\/\/www.visit-ulcinj.com\/blog\/wp-json\/wp\/v2\/posts\/16675"}],"collection":[{"href":"https:\/\/www.visit-ulcinj.com\/blog\/wp-json\/wp\/v2\/posts"}],"about":[{"href":"https:\/\/www.visit-ulcinj.com\/blog\/wp-json\/wp\/v2\/types\/post"}],"author":[{"embeddable":true,"href":"https:\/\/www.visit-ulcinj.com\/blog\/wp-json\/wp\/v2\/users\/1"}],"replies":[{"embeddable":true,"href":"https:\/\/www.visit-ulcinj.com\/blog\/wp-json\/wp\/v2\/comments?post=16675"}],"version-history":[{"count":0,"href":"https:\/\/www.visit-ulcinj.com\/blog\/wp-json\/wp\/v2\/posts\/16675\/revisions"}],"wp:attachment":[{"href":"https:\/\/www.visit-ulcinj.com\/blog\/wp-json\/wp\/v2\/media?parent=16675"}],"wp:term":[{"taxonomy":"category","embeddable":true,"href":"https:\/\/www.visit-ulcinj.com\/blog\/wp-json\/wp\/v2\/categories?post=16675"},{"taxonomy":"post_tag","embeddable":true,"href":"https:\/\/www.visit-ulcinj.com\/blog\/wp-json\/wp\/v2\/tags?post=16675"}],"curies":[{"name":"wp","href":"https:\/\/api.w.org\/{rel}","templated":true}]}}