{"id":16678,"date":"2009-04-05T09:52:16","date_gmt":"2009-04-05T07:52:16","guid":{"rendered":"http:\/\/www.visit-ulcinj.com\/blog\/?p=16678"},"modified":"2009-04-05T09:52:16","modified_gmt":"2009-04-05T07:52:16","slug":"bjordi%e2%80%9cune-do-te-martoje-ty","status":"publish","type":"post","link":"https:\/\/www.visit-ulcinj.com\/blog\/2009\/04\/05\/bjordi%e2%80%9cune-do-te-martoje-ty\/","title":{"rendered":"Bjordi:\u201cUn\u00eb do t\u00eb martoj\u00eb ty"},"content":{"rendered":"<p>\u00a0<\/p>\n<p><em><a href=\"http:\/\/www.visit-ulcinj.com\/blog\/wp-content\/uploads\/2009\/04\/bjordi-me-adelen-12.jpg\"><img loading=\"lazy\" class=\"alignleft size-full wp-image-16679\" title=\"bjordi-me-adelen-big-brother-albania-2\" src=\"http:\/\/www.visit-ulcinj.com\/blog\/wp-content\/uploads\/2009\/04\/bjordi-me-adelen-12.jpg\" alt=\"bjordi-me-adelen-big-brother-albania-2\" width=\"300\" height=\"205\" \/><\/a>01\/04\/09 18:41<\/em><\/p>\n<p>\u00a0<\/p>\n<p>Adelajda \u00ebsht\u00eb shtrir\u00eb n\u00eb dhom\u00eb dhe Bjordi shkon p\u00ebr t\u00eb q\u00ebndruar me t\u00eb. Ajo i thot\u00eb:-\u201cNuk m`u ndave , gjith\u00eb dit\u00ebn pas meje!\u201d Bjordi ia kthen:-\u201cJe ti q\u00eb vdes t\u00eb rrish pas meje!\u201d Ato ngacmohen me nj\u00ebri-tjetrin. Adelajda fillon diskuton n\u00eb lidhje me nominimet dhe thot\u00eb:-\u201cN\u00ebse nuk dal, do t\u00eb nominoj at\u00eb q\u00eb nuk m\u00eb p\u00eblqen\u201d. Ajo e pyet:-\u201cMendon q\u00eb do t\u00eb iki k\u00ebt\u00eb jav\u00eb un\u00eb?\u201d Ai i thot\u00eb q\u00eb n\u00ebse ajo del ,ai nuk ka cfar\u00eb t\u00eb b\u00ebj. Adelajda ia kthen:-\u201cHajde me mua!\u201d Bjordi i thot\u00eb:-\u201cD.m.th ,jemi lidhur ne t\u00eb dy!\u201d Adelajda i thot\u00eb q\u00eb n\u00eb Shqip\u00ebri koncepti \u2018i lidhur\u2019 p\u00ebrdoret p\u00ebr lidhje dashurie midis dy njer\u00ebzve, sipas saj ato t\u00eb dy jan\u00eb vet\u00ebm miq. Bjordi e pyet se si e shprehin ato miq\u00ebsin\u00eb. Ai thot\u00eb:-\u201cA thuhet q\u00eb ne kemi nj\u00eb relat\u00eb?\u201d Sipas Adelajd\u00ebs m\u00ebnyra e t\u00eb shprehurit t\u00eb Bjordit keqkuptohet nga publiku, dhe shton:-\u201cPo t\u00eb thuash ti q\u00eb ne kemi lidhje, t\u00eb gjith\u00eb do e kuptojn\u00eb sikur ne dashurohemi dhe jemi betuar q\u00eb do martohemi!\u201d Bjordi ia kthen:-\u201cUn\u00eb do t\u00eb martoj\u00eb ty!\u201d Ajo b\u00ebn sikur nuk e kupton dhe e pyet:-\u201cMe k\u00eb do t\u00eb m\u00eb martosh?\u201d Bjordi e kalon me shaka duke i th\u00ebn\u00eb q\u00eb ai do e martoj\u00eb me nj\u00eb shokun e tij italian.<\/p>\n","protected":false},"excerpt":{"rendered":"<p>\u00a0 01\/04\/09 18:41 \u00a0 Adelajda \u00ebsht\u00eb shtrir\u00eb n\u00eb dhom\u00eb dhe Bjordi shkon p\u00ebr t\u00eb q\u00ebndruar me t\u00eb. Ajo i thot\u00eb:-\u201cNuk m`u ndave , gjith\u00eb dit\u00ebn pas meje!\u201d Bjordi ia kthen:-\u201cJe ti q\u00eb vdes t\u00eb rrish pas meje!\u201d Ato ngacmohen me nj\u00ebri-tjetrin. Adelajda fillon diskuton n\u00eb lidhje me nominimet dhe thot\u00eb:-\u201cN\u00ebse nuk dal, do t\u00eb nominoj [&hellip;]<\/p>\n","protected":false},"author":1,"featured_media":0,"comment_status":"open","ping_status":"closed","sticky":false,"template":"","format":"standard","meta":{"spay_email":"","jetpack_publicize_message":"","jetpack_is_tweetstorm":false,"jetpack_publicize_feature_enabled":true},"categories":[6502],"tags":[6529,5057,6506,6516,6712,7129,6522,6891,6693,6887],"jetpack_publicize_connections":[],"yoast_head":"<!-- This site is optimized with the Yoast SEO plugin v19.1 - https:\/\/yoast.com\/wordpress\/plugins\/seo\/ -->\n<title>Bjordi:\u00e2\u20ac\u0153Un\u00c3\u00ab do t\u00c3\u00ab martoj\u00c3\u00ab ty | Big Brother Albania 2<\/title>\n<meta name=\"description\" content=\"Big Brother Albania 2 - Adelajda \u00c3\u00absht\u00c3\u00ab shtrir\u00c3\u00ab n\u00c3\u00ab dhom\u00c3\u00ab dhe Bjordi shkon p\u00c3\u00abr t\u00c3\u00ab q\u00c3\u00abndruar me t\u00c3\u00ab.\" \/>\n<meta name=\"robots\" content=\"index, follow, max-snippet:-1, max-image-preview:large, max-video-preview:-1\" \/>\n<link rel=\"canonical\" href=\"https:\/\/www.visit-ulcinj.com\/blog\/2009\/04\/05\/bjordi\u201cune-do-te-martoje-ty\/\" \/>\n<meta property=\"og:locale\" content=\"en_US\" \/>\n<meta property=\"og:type\" content=\"article\" \/>\n<meta property=\"og:title\" content=\"Bjordi:\u00e2\u20ac\u0153Un\u00c3\u00ab do t\u00c3\u00ab martoj\u00c3\u00ab ty | Big Brother Albania 2\" \/>\n<meta property=\"og:description\" content=\"Big Brother Albania 2 - Adelajda \u00c3\u00absht\u00c3\u00ab shtrir\u00c3\u00ab n\u00c3\u00ab dhom\u00c3\u00ab dhe Bjordi shkon p\u00c3\u00abr t\u00c3\u00ab q\u00c3\u00abndruar me t\u00c3\u00ab.\" \/>\n<meta property=\"og:url\" content=\"https:\/\/www.visit-ulcinj.com\/blog\/2009\/04\/05\/bjordi\u201cune-do-te-martoje-ty\/\" \/>\n<meta property=\"og:site_name\" content=\"Lajme nga Ulqini\" \/>\n<meta property=\"article:published_time\" content=\"2009-04-05T07:52:16+00:00\" \/>\n<meta property=\"og:image\" content=\"http:\/\/www.visit-ulcinj.com\/blog\/wp-content\/uploads\/2009\/04\/bjordi-me-adelen-12.jpg\" \/>\n<meta name=\"twitter:label1\" content=\"Written by\" \/>\n\t<meta name=\"twitter:data1\" content=\"ulqini\" \/>\n\t<meta name=\"twitter:label2\" content=\"Est. reading time\" \/>\n\t<meta name=\"twitter:data2\" content=\"1 minute\" \/>\n<script type=\"application\/ld+json\" class=\"yoast-schema-graph\">{\"@context\":\"https:\/\/schema.org\",\"@graph\":[{\"@type\":\"WebSite\",\"@id\":\"https:\/\/www.visit-ulcinj.com\/blog\/#website\",\"url\":\"https:\/\/www.visit-ulcinj.com\/blog\/\",\"name\":\"Lajme nga Ulqini\",\"description\":\"Lajme,Vijesti,Ulqini,Ulqin,Crna Gora,Mali i Zi\",\"potentialAction\":[{\"@type\":\"SearchAction\",\"target\":{\"@type\":\"EntryPoint\",\"urlTemplate\":\"https:\/\/www.visit-ulcinj.com\/blog\/?s={search_term_string}\"},\"query-input\":\"required name=search_term_string\"}],\"inLanguage\":\"en-US\"},{\"@type\":\"ImageObject\",\"inLanguage\":\"en-US\",\"@id\":\"https:\/\/www.visit-ulcinj.com\/blog\/2009\/04\/05\/bjordi%e2%80%9cune-do-te-martoje-ty\/#primaryimage\",\"url\":\"http:\/\/www.visit-ulcinj.com\/blog\/wp-content\/uploads\/2009\/04\/bjordi-me-adelen-12.jpg\",\"contentUrl\":\"http:\/\/www.visit-ulcinj.com\/blog\/wp-content\/uploads\/2009\/04\/bjordi-me-adelen-12.jpg\"},{\"@type\":\"WebPage\",\"@id\":\"https:\/\/www.visit-ulcinj.com\/blog\/2009\/04\/05\/bjordi%e2%80%9cune-do-te-martoje-ty\/#webpage\",\"url\":\"https:\/\/www.visit-ulcinj.com\/blog\/2009\/04\/05\/bjordi%e2%80%9cune-do-te-martoje-ty\/\",\"name\":\"Bjordi:\u00e2\u20ac\u0153Un\u00c3\u00ab do t\u00c3\u00ab martoj\u00c3\u00ab ty | Big Brother Albania 2\",\"isPartOf\":{\"@id\":\"https:\/\/www.visit-ulcinj.com\/blog\/#website\"},\"primaryImageOfPage\":{\"@id\":\"https:\/\/www.visit-ulcinj.com\/blog\/2009\/04\/05\/bjordi%e2%80%9cune-do-te-martoje-ty\/#primaryimage\"},\"datePublished\":\"2009-04-05T07:52:16+00:00\",\"dateModified\":\"2009-04-05T07:52:16+00:00\",\"author\":{\"@id\":\"https:\/\/www.visit-ulcinj.com\/blog\/#\/schema\/person\/dcab619c614d3038751c63bc2aadc06d\"},\"description\":\"Big Brother Albania 2 - Adelajda \u00c3\u00absht\u00c3\u00ab shtrir\u00c3\u00ab n\u00c3\u00ab dhom\u00c3\u00ab dhe Bjordi shkon p\u00c3\u00abr t\u00c3\u00ab q\u00c3\u00abndruar me t\u00c3\u00ab.\",\"breadcrumb\":{\"@id\":\"https:\/\/www.visit-ulcinj.com\/blog\/2009\/04\/05\/bjordi%e2%80%9cune-do-te-martoje-ty\/#breadcrumb\"},\"inLanguage\":\"en-US\",\"potentialAction\":[{\"@type\":\"ReadAction\",\"target\":[\"https:\/\/www.visit-ulcinj.com\/blog\/2009\/04\/05\/bjordi%e2%80%9cune-do-te-martoje-ty\/\"]}]},{\"@type\":\"BreadcrumbList\",\"@id\":\"https:\/\/www.visit-ulcinj.com\/blog\/2009\/04\/05\/bjordi%e2%80%9cune-do-te-martoje-ty\/#breadcrumb\",\"itemListElement\":[{\"@type\":\"ListItem\",\"position\":1,\"name\":\"Bjordi:\u201cUn\u00eb do t\u00eb martoj\u00eb ty\"}]},{\"@type\":\"Person\",\"@id\":\"https:\/\/www.visit-ulcinj.com\/blog\/#\/schema\/person\/dcab619c614d3038751c63bc2aadc06d\",\"name\":\"ulqini\",\"sameAs\":[\"http:\/\/www.visit-ulcinj.com\"],\"url\":\"https:\/\/www.visit-ulcinj.com\/blog\/author\/admin\/\"}]}<\/script>\n<!-- \/ Yoast SEO plugin. -->","yoast_head_json":{"title":"Bjordi:\u00e2\u20ac\u0153Un\u00c3\u00ab do t\u00c3\u00ab martoj\u00c3\u00ab ty | Big Brother Albania 2","description":"Big Brother Albania 2 - Adelajda \u00c3\u00absht\u00c3\u00ab shtrir\u00c3\u00ab n\u00c3\u00ab dhom\u00c3\u00ab dhe Bjordi shkon p\u00c3\u00abr t\u00c3\u00ab q\u00c3\u00abndruar me t\u00c3\u00ab.","robots":{"index":"index","follow":"follow","max-snippet":"max-snippet:-1","max-image-preview":"max-image-preview:large","max-video-preview":"max-video-preview:-1"},"canonical":"https:\/\/www.visit-ulcinj.com\/blog\/2009\/04\/05\/bjordi\u201cune-do-te-martoje-ty\/","og_locale":"en_US","og_type":"article","og_title":"Bjordi:\u00e2\u20ac\u0153Un\u00c3\u00ab do t\u00c3\u00ab martoj\u00c3\u00ab ty | Big Brother Albania 2","og_description":"Big Brother Albania 2 - Adelajda \u00c3\u00absht\u00c3\u00ab shtrir\u00c3\u00ab n\u00c3\u00ab dhom\u00c3\u00ab dhe Bjordi shkon p\u00c3\u00abr t\u00c3\u00ab q\u00c3\u00abndruar me t\u00c3\u00ab.","og_url":"https:\/\/www.visit-ulcinj.com\/blog\/2009\/04\/05\/bjordi\u201cune-do-te-martoje-ty\/","og_site_name":"Lajme nga Ulqini","article_published_time":"2009-04-05T07:52:16+00:00","og_image":[{"url":"http:\/\/www.visit-ulcinj.com\/blog\/wp-content\/uploads\/2009\/04\/bjordi-me-adelen-12.jpg"}],"twitter_misc":{"Written by":"ulqini","Est. reading time":"1 minute"},"schema":{"@context":"https:\/\/schema.org","@graph":[{"@type":"WebSite","@id":"https:\/\/www.visit-ulcinj.com\/blog\/#website","url":"https:\/\/www.visit-ulcinj.com\/blog\/","name":"Lajme nga Ulqini","description":"Lajme,Vijesti,Ulqini,Ulqin,Crna Gora,Mali i Zi","potentialAction":[{"@type":"SearchAction","target":{"@type":"EntryPoint","urlTemplate":"https:\/\/www.visit-ulcinj.com\/blog\/?s={search_term_string}"},"query-input":"required name=search_term_string"}],"inLanguage":"en-US"},{"@type":"ImageObject","inLanguage":"en-US","@id":"https:\/\/www.visit-ulcinj.com\/blog\/2009\/04\/05\/bjordi%e2%80%9cune-do-te-martoje-ty\/#primaryimage","url":"http:\/\/www.visit-ulcinj.com\/blog\/wp-content\/uploads\/2009\/04\/bjordi-me-adelen-12.jpg","contentUrl":"http:\/\/www.visit-ulcinj.com\/blog\/wp-content\/uploads\/2009\/04\/bjordi-me-adelen-12.jpg"},{"@type":"WebPage","@id":"https:\/\/www.visit-ulcinj.com\/blog\/2009\/04\/05\/bjordi%e2%80%9cune-do-te-martoje-ty\/#webpage","url":"https:\/\/www.visit-ulcinj.com\/blog\/2009\/04\/05\/bjordi%e2%80%9cune-do-te-martoje-ty\/","name":"Bjordi:\u00e2\u20ac\u0153Un\u00c3\u00ab do t\u00c3\u00ab martoj\u00c3\u00ab ty | Big Brother Albania 2","isPartOf":{"@id":"https:\/\/www.visit-ulcinj.com\/blog\/#website"},"primaryImageOfPage":{"@id":"https:\/\/www.visit-ulcinj.com\/blog\/2009\/04\/05\/bjordi%e2%80%9cune-do-te-martoje-ty\/#primaryimage"},"datePublished":"2009-04-05T07:52:16+00:00","dateModified":"2009-04-05T07:52:16+00:00","author":{"@id":"https:\/\/www.visit-ulcinj.com\/blog\/#\/schema\/person\/dcab619c614d3038751c63bc2aadc06d"},"description":"Big Brother Albania 2 - Adelajda \u00c3\u00absht\u00c3\u00ab shtrir\u00c3\u00ab n\u00c3\u00ab dhom\u00c3\u00ab dhe Bjordi shkon p\u00c3\u00abr t\u00c3\u00ab q\u00c3\u00abndruar me t\u00c3\u00ab.","breadcrumb":{"@id":"https:\/\/www.visit-ulcinj.com\/blog\/2009\/04\/05\/bjordi%e2%80%9cune-do-te-martoje-ty\/#breadcrumb"},"inLanguage":"en-US","potentialAction":[{"@type":"ReadAction","target":["https:\/\/www.visit-ulcinj.com\/blog\/2009\/04\/05\/bjordi%e2%80%9cune-do-te-martoje-ty\/"]}]},{"@type":"BreadcrumbList","@id":"https:\/\/www.visit-ulcinj.com\/blog\/2009\/04\/05\/bjordi%e2%80%9cune-do-te-martoje-ty\/#breadcrumb","itemListElement":[{"@type":"ListItem","position":1,"name":"Bjordi:\u201cUn\u00eb do t\u00eb martoj\u00eb ty"}]},{"@type":"Person","@id":"https:\/\/www.visit-ulcinj.com\/blog\/#\/schema\/person\/dcab619c614d3038751c63bc2aadc06d","name":"ulqini","sameAs":["http:\/\/www.visit-ulcinj.com"],"url":"https:\/\/www.visit-ulcinj.com\/blog\/author\/admin\/"}]}},"jetpack_featured_media_url":"","jetpack_sharing_enabled":true,"jetpack_shortlink":"https:\/\/wp.me\/pe6lTn-4l0","_links":{"self":[{"href":"https:\/\/www.visit-ulcinj.com\/blog\/wp-json\/wp\/v2\/posts\/16678"}],"collection":[{"href":"https:\/\/www.visit-ulcinj.com\/blog\/wp-json\/wp\/v2\/posts"}],"about":[{"href":"https:\/\/www.visit-ulcinj.com\/blog\/wp-json\/wp\/v2\/types\/post"}],"author":[{"embeddable":true,"href":"https:\/\/www.visit-ulcinj.com\/blog\/wp-json\/wp\/v2\/users\/1"}],"replies":[{"embeddable":true,"href":"https:\/\/www.visit-ulcinj.com\/blog\/wp-json\/wp\/v2\/comments?post=16678"}],"version-history":[{"count":0,"href":"https:\/\/www.visit-ulcinj.com\/blog\/wp-json\/wp\/v2\/posts\/16678\/revisions"}],"wp:attachment":[{"href":"https:\/\/www.visit-ulcinj.com\/blog\/wp-json\/wp\/v2\/media?parent=16678"}],"wp:term":[{"taxonomy":"category","embeddable":true,"href":"https:\/\/www.visit-ulcinj.com\/blog\/wp-json\/wp\/v2\/categories?post=16678"},{"taxonomy":"post_tag","embeddable":true,"href":"https:\/\/www.visit-ulcinj.com\/blog\/wp-json\/wp\/v2\/tags?post=16678"}],"curies":[{"name":"wp","href":"https:\/\/api.w.org\/{rel}","templated":true}]}}