{"id":16684,"date":"2009-04-05T09:57:07","date_gmt":"2009-04-05T07:57:07","guid":{"rendered":"http:\/\/www.visit-ulcinj.com\/blog\/?p=16684"},"modified":"2009-04-05T09:57:07","modified_gmt":"2009-04-05T07:57:07","slug":"aida-ju-me-kenaqni","status":"publish","type":"post","link":"https:\/\/www.visit-ulcinj.com\/blog\/2009\/04\/05\/aida-ju-me-kenaqni\/","title":{"rendered":"Aida : Ju m\u00eb k\u00ebnaqni"},"content":{"rendered":"<p><em><span class=\"newsdate\"><a href=\"http:\/\/www.visit-ulcinj.com\/blog\/wp-content\/uploads\/2009\/04\/aida1.jpg\"><img loading=\"lazy\" class=\"alignleft size-full wp-image-16685\" title=\"aida1-big-brother-albania-2\" src=\"http:\/\/www.visit-ulcinj.com\/blog\/wp-content\/uploads\/2009\/04\/aida1.jpg\" alt=\"aida1-big-brother-albania-2\" width=\"300\" height=\"205\" \/><\/a>01\/04\/09 15:50<\/span><\/em><\/p>\n<p>Adela afrohet tek Bjordi i cili \u00ebsht\u00eb duke biseduar me Dritanin, Aid\u00ebn dhe Bik\u00ebn dhe ai e puth dhe e p\u00ebrqafon. Adela mundohet ta shtyj\u00eb edhe pse pak m\u00eb par\u00eb ata u p\u00ebrqafuan. Ajo i thot\u00eb se mund t\u00eb bisedojn\u00eb edhe pa b\u00ebr\u00eb k\u00ebto veprime shpesh. Aida nd\u00ebrhyn dhe i thot\u00eb se i vjen inat kur ajo b\u00ebn sikur nuk do. Adela ia kthen se ajo mund t\u00eb merret me t\u00eb tjera gj\u00ebra e jo se cfar\u00eb b\u00ebn ajo me Bjordin. Por, Aida i thot\u00eb se nuk ka me cfar\u00eb t\u00eb merret tjet\u00ebr p\u00ebrvec se me ata, pasi edhe i p\u00eblqen kjo gj\u00eb, apo me Tanin apo Bik\u00ebn. Bika ia kthen se k\u00ebnaq\u00ebsit\u00eb e saja mund t\u2019i bezdisin t\u00eb tjer\u00ebt, ndaj ajo duhet ta l\u00ebr\u00eb k\u00ebt\u00eb bised\u00eb, nd\u00ebrsa Tani i thot\u00eb me shaka se do ta bisedojn\u00eb k\u00ebt\u00eb gj\u00eb t\u00eb dy.<\/p>\n","protected":false},"excerpt":{"rendered":"<p>01\/04\/09 15:50 Adela afrohet tek Bjordi i cili \u00ebsht\u00eb duke biseduar me Dritanin, Aid\u00ebn dhe Bik\u00ebn dhe ai e puth dhe e p\u00ebrqafon. Adela mundohet ta shtyj\u00eb edhe pse pak m\u00eb par\u00eb ata u p\u00ebrqafuan. Ajo i thot\u00eb se mund t\u00eb bisedojn\u00eb edhe pa b\u00ebr\u00eb k\u00ebto veprime shpesh. Aida nd\u00ebrhyn dhe i thot\u00eb se i [&hellip;]<\/p>\n","protected":false},"author":1,"featured_media":0,"comment_status":"open","ping_status":"closed","sticky":false,"template":"","format":"standard","meta":{"spay_email":"","jetpack_publicize_message":"","jetpack_is_tweetstorm":false,"jetpack_publicize_feature_enabled":true},"categories":[6502],"tags":[6529,6537,5057,6506,6516,6712,7129,6740,6521,262,6891,6693,6887],"jetpack_publicize_connections":[],"yoast_head":"<!-- This site is optimized with the Yoast SEO plugin v19.1 - https:\/\/yoast.com\/wordpress\/plugins\/seo\/ -->\n<title>Aida : Ju m\u00c3\u00ab k\u00c3\u00abnaqni | Big Brother Albania 2<\/title>\n<meta name=\"description\" content=\"Big Brother Albania 2 - Adela afrohet tek Bjordi i cili \u00c3\u00absht\u00c3\u00ab duke biseduar me Dritanin, Aid\u00c3\u00abn dhe Bik\u00c3\u00abn dhe ai e puth dhe e p\u00c3\u00abrqafon. Adela mundohet ta shtyj\u00c3\u00ab edhe pse pak m\u00c3\u00ab par\u00c3\u00ab ata u p\u00c3\u00abrqafuan.\" \/>\n<meta name=\"robots\" content=\"index, follow, max-snippet:-1, max-image-preview:large, max-video-preview:-1\" \/>\n<link rel=\"canonical\" href=\"https:\/\/www.visit-ulcinj.com\/blog\/2009\/04\/05\/aida-ju-me-kenaqni\/\" \/>\n<meta property=\"og:locale\" content=\"en_US\" \/>\n<meta property=\"og:type\" content=\"article\" \/>\n<meta property=\"og:title\" content=\"Aida : Ju m\u00c3\u00ab k\u00c3\u00abnaqni | Big Brother Albania 2\" \/>\n<meta property=\"og:description\" content=\"Big Brother Albania 2 - Adela afrohet tek Bjordi i cili \u00c3\u00absht\u00c3\u00ab duke biseduar me Dritanin, Aid\u00c3\u00abn dhe Bik\u00c3\u00abn dhe ai e puth dhe e p\u00c3\u00abrqafon. Adela mundohet ta shtyj\u00c3\u00ab edhe pse pak m\u00c3\u00ab par\u00c3\u00ab ata u p\u00c3\u00abrqafuan.\" \/>\n<meta property=\"og:url\" content=\"https:\/\/www.visit-ulcinj.com\/blog\/2009\/04\/05\/aida-ju-me-kenaqni\/\" \/>\n<meta property=\"og:site_name\" content=\"Lajme nga Ulqini\" \/>\n<meta property=\"article:published_time\" content=\"2009-04-05T07:57:07+00:00\" \/>\n<meta property=\"og:image\" content=\"http:\/\/www.visit-ulcinj.com\/blog\/wp-content\/uploads\/2009\/04\/aida1.jpg\" \/>\n<meta name=\"twitter:label1\" content=\"Written by\" \/>\n\t<meta name=\"twitter:data1\" content=\"ulqini\" \/>\n\t<meta name=\"twitter:label2\" content=\"Est. reading time\" \/>\n\t<meta name=\"twitter:data2\" content=\"1 minute\" \/>\n<script type=\"application\/ld+json\" class=\"yoast-schema-graph\">{\"@context\":\"https:\/\/schema.org\",\"@graph\":[{\"@type\":\"WebSite\",\"@id\":\"https:\/\/www.visit-ulcinj.com\/blog\/#website\",\"url\":\"https:\/\/www.visit-ulcinj.com\/blog\/\",\"name\":\"Lajme nga Ulqini\",\"description\":\"Lajme,Vijesti,Ulqini,Ulqin,Crna Gora,Mali i Zi\",\"potentialAction\":[{\"@type\":\"SearchAction\",\"target\":{\"@type\":\"EntryPoint\",\"urlTemplate\":\"https:\/\/www.visit-ulcinj.com\/blog\/?s={search_term_string}\"},\"query-input\":\"required name=search_term_string\"}],\"inLanguage\":\"en-US\"},{\"@type\":\"ImageObject\",\"inLanguage\":\"en-US\",\"@id\":\"https:\/\/www.visit-ulcinj.com\/blog\/2009\/04\/05\/aida-ju-me-kenaqni\/#primaryimage\",\"url\":\"http:\/\/www.visit-ulcinj.com\/blog\/wp-content\/uploads\/2009\/04\/aida1.jpg\",\"contentUrl\":\"http:\/\/www.visit-ulcinj.com\/blog\/wp-content\/uploads\/2009\/04\/aida1.jpg\"},{\"@type\":\"WebPage\",\"@id\":\"https:\/\/www.visit-ulcinj.com\/blog\/2009\/04\/05\/aida-ju-me-kenaqni\/#webpage\",\"url\":\"https:\/\/www.visit-ulcinj.com\/blog\/2009\/04\/05\/aida-ju-me-kenaqni\/\",\"name\":\"Aida : Ju m\u00c3\u00ab k\u00c3\u00abnaqni | Big Brother Albania 2\",\"isPartOf\":{\"@id\":\"https:\/\/www.visit-ulcinj.com\/blog\/#website\"},\"primaryImageOfPage\":{\"@id\":\"https:\/\/www.visit-ulcinj.com\/blog\/2009\/04\/05\/aida-ju-me-kenaqni\/#primaryimage\"},\"datePublished\":\"2009-04-05T07:57:07+00:00\",\"dateModified\":\"2009-04-05T07:57:07+00:00\",\"author\":{\"@id\":\"https:\/\/www.visit-ulcinj.com\/blog\/#\/schema\/person\/dcab619c614d3038751c63bc2aadc06d\"},\"description\":\"Big Brother Albania 2 - Adela afrohet tek Bjordi i cili \u00c3\u00absht\u00c3\u00ab duke biseduar me Dritanin, Aid\u00c3\u00abn dhe Bik\u00c3\u00abn dhe ai e puth dhe e p\u00c3\u00abrqafon. Adela mundohet ta shtyj\u00c3\u00ab edhe pse pak m\u00c3\u00ab par\u00c3\u00ab ata u p\u00c3\u00abrqafuan.\",\"breadcrumb\":{\"@id\":\"https:\/\/www.visit-ulcinj.com\/blog\/2009\/04\/05\/aida-ju-me-kenaqni\/#breadcrumb\"},\"inLanguage\":\"en-US\",\"potentialAction\":[{\"@type\":\"ReadAction\",\"target\":[\"https:\/\/www.visit-ulcinj.com\/blog\/2009\/04\/05\/aida-ju-me-kenaqni\/\"]}]},{\"@type\":\"BreadcrumbList\",\"@id\":\"https:\/\/www.visit-ulcinj.com\/blog\/2009\/04\/05\/aida-ju-me-kenaqni\/#breadcrumb\",\"itemListElement\":[{\"@type\":\"ListItem\",\"position\":1,\"name\":\"Aida : Ju m\u00eb k\u00ebnaqni\"}]},{\"@type\":\"Person\",\"@id\":\"https:\/\/www.visit-ulcinj.com\/blog\/#\/schema\/person\/dcab619c614d3038751c63bc2aadc06d\",\"name\":\"ulqini\",\"sameAs\":[\"http:\/\/www.visit-ulcinj.com\"],\"url\":\"https:\/\/www.visit-ulcinj.com\/blog\/author\/admin\/\"}]}<\/script>\n<!-- \/ Yoast SEO plugin. -->","yoast_head_json":{"title":"Aida : Ju m\u00c3\u00ab k\u00c3\u00abnaqni | Big Brother Albania 2","description":"Big Brother Albania 2 - Adela afrohet tek Bjordi i cili \u00c3\u00absht\u00c3\u00ab duke biseduar me Dritanin, Aid\u00c3\u00abn dhe Bik\u00c3\u00abn dhe ai e puth dhe e p\u00c3\u00abrqafon. Adela mundohet ta shtyj\u00c3\u00ab edhe pse pak m\u00c3\u00ab par\u00c3\u00ab ata u p\u00c3\u00abrqafuan.","robots":{"index":"index","follow":"follow","max-snippet":"max-snippet:-1","max-image-preview":"max-image-preview:large","max-video-preview":"max-video-preview:-1"},"canonical":"https:\/\/www.visit-ulcinj.com\/blog\/2009\/04\/05\/aida-ju-me-kenaqni\/","og_locale":"en_US","og_type":"article","og_title":"Aida : Ju m\u00c3\u00ab k\u00c3\u00abnaqni | Big Brother Albania 2","og_description":"Big Brother Albania 2 - Adela afrohet tek Bjordi i cili \u00c3\u00absht\u00c3\u00ab duke biseduar me Dritanin, Aid\u00c3\u00abn dhe Bik\u00c3\u00abn dhe ai e puth dhe e p\u00c3\u00abrqafon. Adela mundohet ta shtyj\u00c3\u00ab edhe pse pak m\u00c3\u00ab par\u00c3\u00ab ata u p\u00c3\u00abrqafuan.","og_url":"https:\/\/www.visit-ulcinj.com\/blog\/2009\/04\/05\/aida-ju-me-kenaqni\/","og_site_name":"Lajme nga Ulqini","article_published_time":"2009-04-05T07:57:07+00:00","og_image":[{"url":"http:\/\/www.visit-ulcinj.com\/blog\/wp-content\/uploads\/2009\/04\/aida1.jpg"}],"twitter_misc":{"Written by":"ulqini","Est. reading time":"1 minute"},"schema":{"@context":"https:\/\/schema.org","@graph":[{"@type":"WebSite","@id":"https:\/\/www.visit-ulcinj.com\/blog\/#website","url":"https:\/\/www.visit-ulcinj.com\/blog\/","name":"Lajme nga Ulqini","description":"Lajme,Vijesti,Ulqini,Ulqin,Crna Gora,Mali i Zi","potentialAction":[{"@type":"SearchAction","target":{"@type":"EntryPoint","urlTemplate":"https:\/\/www.visit-ulcinj.com\/blog\/?s={search_term_string}"},"query-input":"required name=search_term_string"}],"inLanguage":"en-US"},{"@type":"ImageObject","inLanguage":"en-US","@id":"https:\/\/www.visit-ulcinj.com\/blog\/2009\/04\/05\/aida-ju-me-kenaqni\/#primaryimage","url":"http:\/\/www.visit-ulcinj.com\/blog\/wp-content\/uploads\/2009\/04\/aida1.jpg","contentUrl":"http:\/\/www.visit-ulcinj.com\/blog\/wp-content\/uploads\/2009\/04\/aida1.jpg"},{"@type":"WebPage","@id":"https:\/\/www.visit-ulcinj.com\/blog\/2009\/04\/05\/aida-ju-me-kenaqni\/#webpage","url":"https:\/\/www.visit-ulcinj.com\/blog\/2009\/04\/05\/aida-ju-me-kenaqni\/","name":"Aida : Ju m\u00c3\u00ab k\u00c3\u00abnaqni | Big Brother Albania 2","isPartOf":{"@id":"https:\/\/www.visit-ulcinj.com\/blog\/#website"},"primaryImageOfPage":{"@id":"https:\/\/www.visit-ulcinj.com\/blog\/2009\/04\/05\/aida-ju-me-kenaqni\/#primaryimage"},"datePublished":"2009-04-05T07:57:07+00:00","dateModified":"2009-04-05T07:57:07+00:00","author":{"@id":"https:\/\/www.visit-ulcinj.com\/blog\/#\/schema\/person\/dcab619c614d3038751c63bc2aadc06d"},"description":"Big Brother Albania 2 - Adela afrohet tek Bjordi i cili \u00c3\u00absht\u00c3\u00ab duke biseduar me Dritanin, Aid\u00c3\u00abn dhe Bik\u00c3\u00abn dhe ai e puth dhe e p\u00c3\u00abrqafon. Adela mundohet ta shtyj\u00c3\u00ab edhe pse pak m\u00c3\u00ab par\u00c3\u00ab ata u p\u00c3\u00abrqafuan.","breadcrumb":{"@id":"https:\/\/www.visit-ulcinj.com\/blog\/2009\/04\/05\/aida-ju-me-kenaqni\/#breadcrumb"},"inLanguage":"en-US","potentialAction":[{"@type":"ReadAction","target":["https:\/\/www.visit-ulcinj.com\/blog\/2009\/04\/05\/aida-ju-me-kenaqni\/"]}]},{"@type":"BreadcrumbList","@id":"https:\/\/www.visit-ulcinj.com\/blog\/2009\/04\/05\/aida-ju-me-kenaqni\/#breadcrumb","itemListElement":[{"@type":"ListItem","position":1,"name":"Aida : Ju m\u00eb k\u00ebnaqni"}]},{"@type":"Person","@id":"https:\/\/www.visit-ulcinj.com\/blog\/#\/schema\/person\/dcab619c614d3038751c63bc2aadc06d","name":"ulqini","sameAs":["http:\/\/www.visit-ulcinj.com"],"url":"https:\/\/www.visit-ulcinj.com\/blog\/author\/admin\/"}]}},"jetpack_featured_media_url":"","jetpack_sharing_enabled":true,"jetpack_shortlink":"https:\/\/wp.me\/pe6lTn-4l6","_links":{"self":[{"href":"https:\/\/www.visit-ulcinj.com\/blog\/wp-json\/wp\/v2\/posts\/16684"}],"collection":[{"href":"https:\/\/www.visit-ulcinj.com\/blog\/wp-json\/wp\/v2\/posts"}],"about":[{"href":"https:\/\/www.visit-ulcinj.com\/blog\/wp-json\/wp\/v2\/types\/post"}],"author":[{"embeddable":true,"href":"https:\/\/www.visit-ulcinj.com\/blog\/wp-json\/wp\/v2\/users\/1"}],"replies":[{"embeddable":true,"href":"https:\/\/www.visit-ulcinj.com\/blog\/wp-json\/wp\/v2\/comments?post=16684"}],"version-history":[{"count":0,"href":"https:\/\/www.visit-ulcinj.com\/blog\/wp-json\/wp\/v2\/posts\/16684\/revisions"}],"wp:attachment":[{"href":"https:\/\/www.visit-ulcinj.com\/blog\/wp-json\/wp\/v2\/media?parent=16684"}],"wp:term":[{"taxonomy":"category","embeddable":true,"href":"https:\/\/www.visit-ulcinj.com\/blog\/wp-json\/wp\/v2\/categories?post=16684"},{"taxonomy":"post_tag","embeddable":true,"href":"https:\/\/www.visit-ulcinj.com\/blog\/wp-json\/wp\/v2\/tags?post=16684"}],"curies":[{"name":"wp","href":"https:\/\/api.w.org\/{rel}","templated":true}]}}