{"id":16687,"date":"2009-04-05T09:59:17","date_gmt":"2009-04-05T07:59:17","guid":{"rendered":"http:\/\/www.visit-ulcinj.com\/blog\/?p=16687"},"modified":"2009-04-05T09:59:17","modified_gmt":"2009-04-05T07:59:17","slug":"bjordi-dhe-adela-ti-nuk-je-per-ketu","status":"publish","type":"post","link":"https:\/\/www.visit-ulcinj.com\/blog\/2009\/04\/05\/bjordi-dhe-adela-ti-nuk-je-per-ketu\/","title":{"rendered":"Bjordi dhe Adela : Ti nuk je p\u00ebr k\u00ebtu"},"content":{"rendered":"<p>\u00a0<\/p>\n<div id=\"content\"><em><span class=\"newsdate\"><a href=\"http:\/\/www.visit-ulcinj.com\/blog\/wp-content\/uploads\/2009\/04\/bjordidheadelajda-copy.jpg\"><img loading=\"lazy\" class=\"alignleft size-full wp-image-16688\" title=\"bjordidheadelajda-big-brother-albania-2\" src=\"http:\/\/www.visit-ulcinj.com\/blog\/wp-content\/uploads\/2009\/04\/bjordidheadelajda-copy.jpg\" alt=\"bjordidheadelajda-big-brother-albania-2\" width=\"300\" height=\"205\" \/><\/a>02\/04\/09 01:50<\/span><\/em><\/p>\n<p>Adelajda i ka treguar Bjordit p\u00ebr familjen e tezes q\u00eb ka n\u00eb Itali. \u201cShoqet e tezes m\u00eb thonin ti nuk je p\u00ebr k\u00ebtu. Eja atje, jeto atje, puno atje!\u201d \u2013 ka treguar ajo. \u201cPse nuk e b\u00ebre?\u201d \u2013 e ka pyetur Bjordi. Ajo i ka th\u00ebn\u00eb se \u201ci kishte gj\u00ebrat shum\u00eb rr\u00ebmuj\u00eb\u201d n\u00eb jet\u00ebn e saj.Ajo ka shtuar se kur e kishin marr\u00eb vesh se do t\u00eb hynte n\u00eb Big Bother, ishin g\u00ebzuar shum\u00eb se m\u00eb n\u00eb fund po ikte prej andej. \u201cDo t\u00eb vish me mua nj\u00eb jav\u00eb n\u00eb Itali, kur t\u00eb dalim?- e ka pyetur Bjordi Adel\u00ebn. Ajo i ka th\u00ebn\u00eb se k\u00ebto nuk ishin pyetje q\u00eb b\u00ebheshin tani, kishin edhe nj\u00eb muaj p\u00ebrpara, brenda t\u00eb cilit mund t\u00eb ndryshonin shum\u00eb gj\u00ebra.<\/p><\/div>\n<div><\/div>\n","protected":false},"excerpt":{"rendered":"<p>\u00a0 02\/04\/09 01:50 Adelajda i ka treguar Bjordit p\u00ebr familjen e tezes q\u00eb ka n\u00eb Itali. \u201cShoqet e tezes m\u00eb thonin ti nuk je p\u00ebr k\u00ebtu. Eja atje, jeto atje, puno atje!\u201d \u2013 ka treguar ajo. \u201cPse nuk e b\u00ebre?\u201d \u2013 e ka pyetur Bjordi. Ajo i ka th\u00ebn\u00eb se \u201ci kishte gj\u00ebrat shum\u00eb rr\u00ebmuj\u00eb\u201d [&hellip;]<\/p>\n","protected":false},"author":1,"featured_media":0,"comment_status":"open","ping_status":"closed","sticky":false,"template":"","format":"standard","meta":{"spay_email":"","jetpack_publicize_message":"","jetpack_is_tweetstorm":false,"jetpack_publicize_feature_enabled":true},"categories":[6502],"tags":[6529,5057,6506,6516,6712,7129,6522,8716,6891,6693,6887],"jetpack_publicize_connections":[],"yoast_head":"<!-- This site is optimized with the Yoast SEO plugin v19.1 - https:\/\/yoast.com\/wordpress\/plugins\/seo\/ -->\n<title>Bjordi dhe Adela : Ti nuk je p\u00c3\u00abr k\u00c3\u00abtu | Big Brother Albania 2<\/title>\n<meta name=\"description\" content=\"Big Brother Albania 2 - Adelajda i ka treguar Bjordit p\u00c3\u00abr familjen e tezes q\u00c3\u00ab ka n\u00c3\u00ab Itali. \u00e2\u20ac\u0153Shoqet e tezes m\u00c3\u00ab thonin ti nuk je p\u00c3\u00abr k\u00c3\u00abtu. Eja atje, jeto atje, puno atje!\u00e2\u20ac\u009d\" \/>\n<meta name=\"robots\" content=\"index, follow, max-snippet:-1, max-image-preview:large, max-video-preview:-1\" \/>\n<link rel=\"canonical\" href=\"https:\/\/www.visit-ulcinj.com\/blog\/2009\/04\/05\/bjordi-dhe-adela-ti-nuk-je-per-ketu\/\" \/>\n<meta property=\"og:locale\" content=\"en_US\" \/>\n<meta property=\"og:type\" content=\"article\" \/>\n<meta property=\"og:title\" content=\"Bjordi dhe Adela : Ti nuk je p\u00c3\u00abr k\u00c3\u00abtu | Big Brother Albania 2\" \/>\n<meta property=\"og:description\" content=\"Big Brother Albania 2 - Adelajda i ka treguar Bjordit p\u00c3\u00abr familjen e tezes q\u00c3\u00ab ka n\u00c3\u00ab Itali. \u00e2\u20ac\u0153Shoqet e tezes m\u00c3\u00ab thonin ti nuk je p\u00c3\u00abr k\u00c3\u00abtu. Eja atje, jeto atje, puno atje!\u00e2\u20ac\u009d\" \/>\n<meta property=\"og:url\" content=\"https:\/\/www.visit-ulcinj.com\/blog\/2009\/04\/05\/bjordi-dhe-adela-ti-nuk-je-per-ketu\/\" \/>\n<meta property=\"og:site_name\" content=\"Lajme nga Ulqini\" \/>\n<meta property=\"article:published_time\" content=\"2009-04-05T07:59:17+00:00\" \/>\n<meta property=\"og:image\" content=\"http:\/\/www.visit-ulcinj.com\/blog\/wp-content\/uploads\/2009\/04\/bjordidheadelajda-copy.jpg\" \/>\n<meta name=\"twitter:label1\" content=\"Written by\" \/>\n\t<meta name=\"twitter:data1\" content=\"ulqini\" \/>\n\t<meta name=\"twitter:label2\" content=\"Est. reading time\" \/>\n\t<meta name=\"twitter:data2\" content=\"1 minute\" \/>\n<script type=\"application\/ld+json\" class=\"yoast-schema-graph\">{\"@context\":\"https:\/\/schema.org\",\"@graph\":[{\"@type\":\"WebSite\",\"@id\":\"https:\/\/www.visit-ulcinj.com\/blog\/#website\",\"url\":\"https:\/\/www.visit-ulcinj.com\/blog\/\",\"name\":\"Lajme nga Ulqini\",\"description\":\"Lajme,Vijesti,Ulqini,Ulqin,Crna Gora,Mali i Zi\",\"potentialAction\":[{\"@type\":\"SearchAction\",\"target\":{\"@type\":\"EntryPoint\",\"urlTemplate\":\"https:\/\/www.visit-ulcinj.com\/blog\/?s={search_term_string}\"},\"query-input\":\"required name=search_term_string\"}],\"inLanguage\":\"en-US\"},{\"@type\":\"ImageObject\",\"inLanguage\":\"en-US\",\"@id\":\"https:\/\/www.visit-ulcinj.com\/blog\/2009\/04\/05\/bjordi-dhe-adela-ti-nuk-je-per-ketu\/#primaryimage\",\"url\":\"http:\/\/www.visit-ulcinj.com\/blog\/wp-content\/uploads\/2009\/04\/bjordidheadelajda-copy.jpg\",\"contentUrl\":\"http:\/\/www.visit-ulcinj.com\/blog\/wp-content\/uploads\/2009\/04\/bjordidheadelajda-copy.jpg\"},{\"@type\":\"WebPage\",\"@id\":\"https:\/\/www.visit-ulcinj.com\/blog\/2009\/04\/05\/bjordi-dhe-adela-ti-nuk-je-per-ketu\/#webpage\",\"url\":\"https:\/\/www.visit-ulcinj.com\/blog\/2009\/04\/05\/bjordi-dhe-adela-ti-nuk-je-per-ketu\/\",\"name\":\"Bjordi dhe Adela : Ti nuk je p\u00c3\u00abr k\u00c3\u00abtu | Big Brother Albania 2\",\"isPartOf\":{\"@id\":\"https:\/\/www.visit-ulcinj.com\/blog\/#website\"},\"primaryImageOfPage\":{\"@id\":\"https:\/\/www.visit-ulcinj.com\/blog\/2009\/04\/05\/bjordi-dhe-adela-ti-nuk-je-per-ketu\/#primaryimage\"},\"datePublished\":\"2009-04-05T07:59:17+00:00\",\"dateModified\":\"2009-04-05T07:59:17+00:00\",\"author\":{\"@id\":\"https:\/\/www.visit-ulcinj.com\/blog\/#\/schema\/person\/dcab619c614d3038751c63bc2aadc06d\"},\"description\":\"Big Brother Albania 2 - Adelajda i ka treguar Bjordit p\u00c3\u00abr familjen e tezes q\u00c3\u00ab ka n\u00c3\u00ab Itali. \u00e2\u20ac\u0153Shoqet e tezes m\u00c3\u00ab thonin ti nuk je p\u00c3\u00abr k\u00c3\u00abtu. Eja atje, jeto atje, puno atje!\u00e2\u20ac\u009d\",\"breadcrumb\":{\"@id\":\"https:\/\/www.visit-ulcinj.com\/blog\/2009\/04\/05\/bjordi-dhe-adela-ti-nuk-je-per-ketu\/#breadcrumb\"},\"inLanguage\":\"en-US\",\"potentialAction\":[{\"@type\":\"ReadAction\",\"target\":[\"https:\/\/www.visit-ulcinj.com\/blog\/2009\/04\/05\/bjordi-dhe-adela-ti-nuk-je-per-ketu\/\"]}]},{\"@type\":\"BreadcrumbList\",\"@id\":\"https:\/\/www.visit-ulcinj.com\/blog\/2009\/04\/05\/bjordi-dhe-adela-ti-nuk-je-per-ketu\/#breadcrumb\",\"itemListElement\":[{\"@type\":\"ListItem\",\"position\":1,\"name\":\"Bjordi dhe Adela : Ti nuk je p\u00ebr k\u00ebtu\"}]},{\"@type\":\"Person\",\"@id\":\"https:\/\/www.visit-ulcinj.com\/blog\/#\/schema\/person\/dcab619c614d3038751c63bc2aadc06d\",\"name\":\"ulqini\",\"sameAs\":[\"http:\/\/www.visit-ulcinj.com\"],\"url\":\"https:\/\/www.visit-ulcinj.com\/blog\/author\/admin\/\"}]}<\/script>\n<!-- \/ Yoast SEO plugin. -->","yoast_head_json":{"title":"Bjordi dhe Adela : Ti nuk je p\u00c3\u00abr k\u00c3\u00abtu | Big Brother Albania 2","description":"Big Brother Albania 2 - Adelajda i ka treguar Bjordit p\u00c3\u00abr familjen e tezes q\u00c3\u00ab ka n\u00c3\u00ab Itali. \u00e2\u20ac\u0153Shoqet e tezes m\u00c3\u00ab thonin ti nuk je p\u00c3\u00abr k\u00c3\u00abtu. Eja atje, jeto atje, puno atje!\u00e2\u20ac\u009d","robots":{"index":"index","follow":"follow","max-snippet":"max-snippet:-1","max-image-preview":"max-image-preview:large","max-video-preview":"max-video-preview:-1"},"canonical":"https:\/\/www.visit-ulcinj.com\/blog\/2009\/04\/05\/bjordi-dhe-adela-ti-nuk-je-per-ketu\/","og_locale":"en_US","og_type":"article","og_title":"Bjordi dhe Adela : Ti nuk je p\u00c3\u00abr k\u00c3\u00abtu | Big Brother Albania 2","og_description":"Big Brother Albania 2 - Adelajda i ka treguar Bjordit p\u00c3\u00abr familjen e tezes q\u00c3\u00ab ka n\u00c3\u00ab Itali. \u00e2\u20ac\u0153Shoqet e tezes m\u00c3\u00ab thonin ti nuk je p\u00c3\u00abr k\u00c3\u00abtu. Eja atje, jeto atje, puno atje!\u00e2\u20ac\u009d","og_url":"https:\/\/www.visit-ulcinj.com\/blog\/2009\/04\/05\/bjordi-dhe-adela-ti-nuk-je-per-ketu\/","og_site_name":"Lajme nga Ulqini","article_published_time":"2009-04-05T07:59:17+00:00","og_image":[{"url":"http:\/\/www.visit-ulcinj.com\/blog\/wp-content\/uploads\/2009\/04\/bjordidheadelajda-copy.jpg"}],"twitter_misc":{"Written by":"ulqini","Est. reading time":"1 minute"},"schema":{"@context":"https:\/\/schema.org","@graph":[{"@type":"WebSite","@id":"https:\/\/www.visit-ulcinj.com\/blog\/#website","url":"https:\/\/www.visit-ulcinj.com\/blog\/","name":"Lajme nga Ulqini","description":"Lajme,Vijesti,Ulqini,Ulqin,Crna Gora,Mali i Zi","potentialAction":[{"@type":"SearchAction","target":{"@type":"EntryPoint","urlTemplate":"https:\/\/www.visit-ulcinj.com\/blog\/?s={search_term_string}"},"query-input":"required name=search_term_string"}],"inLanguage":"en-US"},{"@type":"ImageObject","inLanguage":"en-US","@id":"https:\/\/www.visit-ulcinj.com\/blog\/2009\/04\/05\/bjordi-dhe-adela-ti-nuk-je-per-ketu\/#primaryimage","url":"http:\/\/www.visit-ulcinj.com\/blog\/wp-content\/uploads\/2009\/04\/bjordidheadelajda-copy.jpg","contentUrl":"http:\/\/www.visit-ulcinj.com\/blog\/wp-content\/uploads\/2009\/04\/bjordidheadelajda-copy.jpg"},{"@type":"WebPage","@id":"https:\/\/www.visit-ulcinj.com\/blog\/2009\/04\/05\/bjordi-dhe-adela-ti-nuk-je-per-ketu\/#webpage","url":"https:\/\/www.visit-ulcinj.com\/blog\/2009\/04\/05\/bjordi-dhe-adela-ti-nuk-je-per-ketu\/","name":"Bjordi dhe Adela : Ti nuk je p\u00c3\u00abr k\u00c3\u00abtu | Big Brother Albania 2","isPartOf":{"@id":"https:\/\/www.visit-ulcinj.com\/blog\/#website"},"primaryImageOfPage":{"@id":"https:\/\/www.visit-ulcinj.com\/blog\/2009\/04\/05\/bjordi-dhe-adela-ti-nuk-je-per-ketu\/#primaryimage"},"datePublished":"2009-04-05T07:59:17+00:00","dateModified":"2009-04-05T07:59:17+00:00","author":{"@id":"https:\/\/www.visit-ulcinj.com\/blog\/#\/schema\/person\/dcab619c614d3038751c63bc2aadc06d"},"description":"Big Brother Albania 2 - Adelajda i ka treguar Bjordit p\u00c3\u00abr familjen e tezes q\u00c3\u00ab ka n\u00c3\u00ab Itali. \u00e2\u20ac\u0153Shoqet e tezes m\u00c3\u00ab thonin ti nuk je p\u00c3\u00abr k\u00c3\u00abtu. Eja atje, jeto atje, puno atje!\u00e2\u20ac\u009d","breadcrumb":{"@id":"https:\/\/www.visit-ulcinj.com\/blog\/2009\/04\/05\/bjordi-dhe-adela-ti-nuk-je-per-ketu\/#breadcrumb"},"inLanguage":"en-US","potentialAction":[{"@type":"ReadAction","target":["https:\/\/www.visit-ulcinj.com\/blog\/2009\/04\/05\/bjordi-dhe-adela-ti-nuk-je-per-ketu\/"]}]},{"@type":"BreadcrumbList","@id":"https:\/\/www.visit-ulcinj.com\/blog\/2009\/04\/05\/bjordi-dhe-adela-ti-nuk-je-per-ketu\/#breadcrumb","itemListElement":[{"@type":"ListItem","position":1,"name":"Bjordi dhe Adela : Ti nuk je p\u00ebr k\u00ebtu"}]},{"@type":"Person","@id":"https:\/\/www.visit-ulcinj.com\/blog\/#\/schema\/person\/dcab619c614d3038751c63bc2aadc06d","name":"ulqini","sameAs":["http:\/\/www.visit-ulcinj.com"],"url":"https:\/\/www.visit-ulcinj.com\/blog\/author\/admin\/"}]}},"jetpack_featured_media_url":"","jetpack_sharing_enabled":true,"jetpack_shortlink":"https:\/\/wp.me\/pe6lTn-4l9","_links":{"self":[{"href":"https:\/\/www.visit-ulcinj.com\/blog\/wp-json\/wp\/v2\/posts\/16687"}],"collection":[{"href":"https:\/\/www.visit-ulcinj.com\/blog\/wp-json\/wp\/v2\/posts"}],"about":[{"href":"https:\/\/www.visit-ulcinj.com\/blog\/wp-json\/wp\/v2\/types\/post"}],"author":[{"embeddable":true,"href":"https:\/\/www.visit-ulcinj.com\/blog\/wp-json\/wp\/v2\/users\/1"}],"replies":[{"embeddable":true,"href":"https:\/\/www.visit-ulcinj.com\/blog\/wp-json\/wp\/v2\/comments?post=16687"}],"version-history":[{"count":0,"href":"https:\/\/www.visit-ulcinj.com\/blog\/wp-json\/wp\/v2\/posts\/16687\/revisions"}],"wp:attachment":[{"href":"https:\/\/www.visit-ulcinj.com\/blog\/wp-json\/wp\/v2\/media?parent=16687"}],"wp:term":[{"taxonomy":"category","embeddable":true,"href":"https:\/\/www.visit-ulcinj.com\/blog\/wp-json\/wp\/v2\/categories?post=16687"},{"taxonomy":"post_tag","embeddable":true,"href":"https:\/\/www.visit-ulcinj.com\/blog\/wp-json\/wp\/v2\/tags?post=16687"}],"curies":[{"name":"wp","href":"https:\/\/api.w.org\/{rel}","templated":true}]}}