{"id":1669,"date":"2008-05-19T11:56:15","date_gmt":"2008-05-19T16:56:15","guid":{"rendered":"http:\/\/www.visit-ulcinj.com\/blog\/?p=1669"},"modified":"2012-05-06T17:27:18","modified_gmt":"2012-05-06T16:27:18","slug":"u-ulcinjskom-starom-gradu-hadzi-halil-skurova-dzamija","status":"publish","type":"post","link":"https:\/\/www.visit-ulcinj.com\/blog\/2008\/05\/19\/u-ulcinjskom-starom-gradu-hadzi-halil-skurova-dzamija\/","title":{"rendered":"U ulcinjskom Starom gradu Had\u017ei Halil Skurova d\u017eamija."},"content":{"rendered":"<p><a href=\"http:\/\/www.visit-ulcinj.com\/blog\/wp-content\/uploads\/2008\/05\/kalaja-e-ulqinit.jpg\"><img loading=\"lazy\" class=\"alignleft attachment wp-att-1691\" style=\"float: left;\" src=\"http:\/\/www.visit-ulcinj.com\/blog\/wp-content\/uploads\/2008\/05\/kalaja-e-ulqinit.thumbnail.jpg\" alt=\"stari grad ulcinj\" width=\"200\" height=\"139\" \/><\/a>Jo\u0161 od antike na prostorima Ulcinja \u017eivjeli su i stvarali mnogi znani i neznani umjetnici, oplemenjuju?i ih svojim djelima, ostavljaju?i budu?im generacijama veli?anstvena djela bogate kulturne ba\u0161tine.Ostaci ove kulture mogu se vidjeti i danas me?u drevnim zidinama ulcinjskog Starog grada i na drugim mjestima.Pisana istorija jo\u0161 od Plinija Starijeg govori o burnoj pro\u0161losti ovoga grada, starog vi\u0161e od 2500 godina. Poseban utisak ostavljaju arheolo\u0161ki ostaci zidina i drugih objekata koje je vrijeme sa?uvalo. Spomenici koji su danas sa?uvani poti?u uglavnom iz perioda Otomanske imperije, koja je i najdu\u017ee trajala.<br \/>\nTurci, koji su donijeli islam,donijeli su i drugi stil u arhitekturi.Po?inje gradnja mnogih d\u017eamija,hamama, gradskih ?esmi kao i utvr?ivanje gradskih zidina. Mnogi objekti se obnavljaju i preure?uju, a sve to doprinosi nastanku orijentalne arhitekture jedinstvene na ovom dijelu Evrope. Ve?ina ovih objekata se nalazi me?u drevnim zidinama Starog grada i nijemi su spomenik burne pro\u0161losti grada koji je kroz istoriju ?esto mijenjao gospodare ali se kao feniks ponovo uzdizao i opstajao.Spomenika ima i van zidina Starog grada iako su vrijeme i nebriga ljudi u?inili da mnogi nestanu. Tu je i stara trgova?ka ?ar\u0161ija, kao i mnoge ?esme koje su bile ukras grada, dok su d\u017eamije pri?a za sebe. One su ru\u0161ene planski i sistematski.Sru\u0161ene su i uklonjene tri velelepne d\u017eamije: \u00abMeterizi\u00bb, \u00ab D\u017eamija Mornara \u00bb i \u00abMeraja\u00bb.<a href=\"http:\/\/www.visit-ulcinj.com\/blog\/wp-content\/uploads\/2008\/05\/xhamija-bregut1967_4_ulqin.jpg\"><img loading=\"lazy\" class=\"alignright attachment wp-att-1684\" style=\"float: right;\" src=\"http:\/\/www.visit-ulcinj.com\/blog\/wp-content\/uploads\/2008\/05\/xhamija-bregut1967_4_ulqin.thumbnail.jpg\" alt=\"xhamija bregut1967_4_ulqin\" width=\"200\" height=\"169\" \/><\/a><br \/>\nMe?u spomenicima treba izdvojiti d\u017eamiju, drevnu bogomolju koja se nalazi unutar zidina Starog grada. Vi\u0161e od 300 godina bila je mjesto okupljanja vjernika islamske vjeroispovjesti. Rije? je o Had\u017ei Halil Skurovoj d\u017eamiji u kojoj su klanjali i u?ili Kur&#8217;an mnogi \u017eitelji ovog grada. Sa njenog nekada visokog minareta mogao se daleko ?uti glas mujezina,sve do momenta kada je voljom mo?nika komunisti?kog re\u017eima pretvorena u magacin, a 1975. godine u dio muzejskog kompleksa. Kao da Stari grad nije muzej sam po sebi.Turci su dolaskom na ove prostore bili jako iznena?eni vidjev\u0161i d\u017eamiju \u00abMornara\u00bb na samoj obali, koju su izgradili Mauri jo\u0161 u 14. vijeku i koja je bila i ostala spona i izazov \u0161irenju islama na ovom tlu. Uvidjev\u0161i da je nova vjera,vjera mira i tolerancije, narod ju je veoma brzo i bez prinude prihvatio.<br \/>\nZbog toga se i grade mnogi objekti, neki se preure?uju i adaptiraju u novom duhu, ali se ne ru\u0161e kao \u0161to su ?inili mnogi osvaja?i prije, a i kasnije. D\u017eamije \u00abMornara\u00bb sru\u0161ena je 1931. godine.<br \/>\n<a href=\"http:\/\/www.visit-ulcinj.com\/blog\/wp-content\/uploads\/2008\/05\/xhamija-ne-kala_ulqin.jpg\"><img loading=\"lazy\" class=\"alignleft attachment wp-att-1676\" style=\"float: left;\" src=\"http:\/\/www.visit-ulcinj.com\/blog\/wp-content\/uploads\/2008\/05\/xhamija-ne-kala_ulqin.thumbnail.jpg\" alt=\"xhamija ne kala_ulqin\" width=\"160\" height=\"200\" \/><\/a> Crkva-d\u017eamija u Starom gradu,kako je mnogi nazivaju, ili Had\u017ei Halil Skurova d\u017eamija, sagra?ena je 1510. godine kao renesansna crkva. Dolaskom Turaka ona se adaptira u d\u017eamiju dodavanjem minareta 1693. godine. Tako ?e ona i slu\u017eiti kao mjesto okupljanja vjernika vi\u0161e od 300 godina. Albanci,kao autohton narod na ovim prostorima vi\u0161e od 2500 godina,prihvataju islam kao vjeru mira,tolerancije i su\u017eivota me?u narodima i konfesijama adaptiraju?i se novim uslovima. U tom istorijskom kontekstu, autohtono stanovni\u0161tvo prelaskom u islam staru bogomolju prilago?ava novim potrebama.Dakle, nastavlja se obra?anje Bogu u istoj bogomolji, i od istih ljudi, sada ve?, u skladu sa novo-prihva?enom vjerom. Islamski neimari ostavljaju natpise na latinskom jeziku, dekorativnu plastiku, kapitele i reljefe.D\u017eamija je jedinstven arhitektonski objekat na najvi\u0161em dijelu Starog grada i zajedno sa kulom Bal\u0161i?a ?ini najprepoznatljiviji dio ovog grada<a href=\"http:\/\/www.visit-ulcinj.com\/blog\/wp-content\/uploads\/2008\/05\/medium_xhamija-e-pashes-me-hamame.jpg\"><img loading=\"lazy\" class=\"alignright attachment wp-att-1688\" style=\"float: right;\" src=\"http:\/\/www.visit-ulcinj.com\/blog\/wp-content\/uploads\/2008\/05\/medium_xhamija-e-pashes-me-hamame.thumbnail.jpg\" alt=\"xhamija e pashes me hamame_ulqin\" width=\"136\" height=\"200\" \/><\/a>. Had\u017ei H. Skurova ili \u00abCarska\u00bb d\u017eamija, kako je naziva E. ?elebija, samo upotpunjuje ambijent grada koga s pravom nazivaju biserom ovog dijela Jadrana i Mediterana.Evropljani jo\u0161 iz vremena A. von Harfija, njema?kog putopisca, 1496.godine, neprekidno su dolazili na ove<br \/>\nprostore dive?i se ljepotama grada i opisuju?i gostoprimstvo naroda ovog kraja.I kasnije, razvojem masovnog turizma iz zemlje i inostranstva grad je prepoznatljiv kao simbol su\u017eivota i jedinstven po svojoj orijentalnoj arhitekturi,d\u017eamijama, hamamima, turbetima; spoj Orijenta i Zapada na jednom malom prostoru.Danas d\u017eamija slu\u017ei kao dio muzejskog kompleksa u kome su smje\u0161teni predmeti i eksponati na\u0161e kulturne ba\u0161tine.Nije dovoljno posje?ena ?ak ni za vrijeme turisti?ke sezone. Dijelim mi\u0161ljenje da se d\u017eamija mora vratiti pravom i jedinom zakonitom nasljedniku \u2013 Islamskoj zajednici Ulcinja, na osnovu zakona o restituciji. Pretvaranje sakralnog objekta u magacin i muzej bila je gre\u0161ka koja se mo\u017ee i mora ispraviti. Vra?anje d\u017eamije Islamskoj zajednici bio bi <a href=\"http:\/\/www.visit-ulcinj.com\/blog\/wp-content\/uploads\/2008\/05\/sahat-kulla-ulqin-1.jpg\"><img loading=\"lazy\" class=\"alignleft attachment wp-att-1689\" style=\"float: left;\" src=\"http:\/\/www.visit-ulcinj.com\/blog\/wp-content\/uploads\/2008\/05\/sahat-kulla-ulqin-1.thumbnail.jpg\" alt=\"sahat kulla ulqin 1\" width=\"132\" height=\"200\" \/><\/a>potez koji bi civilizovani svijet izuzetno dobro prihvatio i pozdravio. Bio bi to krupan korak ka na\u0161im razmi\u0161ljanjima o UNESCO-u, svjetskom kulturnom naslje?u.Muzej time ne bi ni\u0161ta izgubio,naprotiv, bio bi bogatiji i atraktivniji, a i turisti?ka ponuda grada bila bi bogatija, kompletnija i primamljivija. Bio bi to, van svake sumnje, bli\u017ei put ka integrisanoj Evropi. Islamska zajednica je integralni dio na\u0161eg dru\u0161tva, a u samoj regiji muslimani ?ine preko 80% ukupne populacije.Ona po\u0161tuje pravne norme i zakone na\u0161eg dru\u0161tva i tra\u017ei da oni budu primijenjeni i na sve subjekte podjednako. Islamska zajednica tra\u017ei da joj se d\u017eamija vrati kao i ostala imovina koja joj pripada.Islamska vjerska zajednica Ulcinja njeguje fundamentalne vrijednosti islama u duhu tolerancije i su\u017eivota me?u narodima razli?itih konfesija. Ona ?e i dalje ba\u0161tiniti te vrijednosti i principe izvornog islama.<br \/>\n<strong>Ismet Karamanaga<\/strong><\/p>\n\n\t\t<style type=\"text\/css\">\n\t\t\t#gallery-1 {\n\t\t\t\tmargin: auto;\n\t\t\t}\n\t\t\t#gallery-1 .gallery-item {\n\t\t\t\tfloat: left;\n\t\t\t\tmargin-top: 10px;\n\t\t\t\ttext-align: center;\n\t\t\t\twidth: 33%;\n\t\t\t}\n\t\t\t#gallery-1 img {\n\t\t\t\tborder: 2px solid #cfcfcf;\n\t\t\t}\n\t\t\t#gallery-1 .gallery-caption {\n\t\t\t\tmargin-left: 0;\n\t\t\t}\n\t\t\t\/* see gallery_shortcode() in wp-includes\/media.php *\/\n\t\t<\/style>\n\t\t<div id='gallery-1' class='gallery galleryid-1669 gallery-columns-3 gallery-size-thumbnail'><dl class='gallery-item'>\n\t\t\t<dt class='gallery-icon portrait'>\n\t\t\t\t<a href='https:\/\/www.visit-ulcinj.com\/blog\/2008\/05\/19\/u-ulcinjskom-starom-gradu-hadzi-halil-skurova-dzamija\/xhamia-e-haxhi-halil-skures-ne-kala\/'><img width=\"100\" height=\"150\" src=\"https:\/\/www.visit-ulcinj.com\/blog\/wp-content\/uploads\/2008\/05\/xhamia-e-haxhi-halil-skures-ne-kala.jpg\" class=\"attachment-thumbnail size-thumbnail\" alt=\"\" loading=\"lazy\" \/><\/a>\n\t\t\t<\/dt><\/dl><dl class='gallery-item'>\n\t\t\t<dt class='gallery-icon portrait'>\n\t\t\t\t<a href='https:\/\/www.visit-ulcinj.com\/blog\/2008\/05\/19\/u-ulcinjskom-starom-gradu-hadzi-halil-skurova-dzamija\/xhamia-e-ali-pashes-nga-viti-1719\/'><img width=\"102\" height=\"150\" src=\"https:\/\/www.visit-ulcinj.com\/blog\/wp-content\/uploads\/2008\/05\/xhamia-e-ali-pashes-nga-viti-1719.jpg\" class=\"attachment-thumbnail size-thumbnail\" alt=\"\" loading=\"lazy\" \/><\/a>\n\t\t\t<\/dt><\/dl><dl class='gallery-item'>\n\t\t\t<dt class='gallery-icon portrait'>\n\t\t\t\t<a href='https:\/\/www.visit-ulcinj.com\/blog\/2008\/05\/19\/u-ulcinjskom-starom-gradu-hadzi-halil-skurova-dzamija\/xhamija-e-lamit1\/'><img width=\"120\" height=\"150\" src=\"https:\/\/www.visit-ulcinj.com\/blog\/wp-content\/uploads\/2008\/05\/xhamija-e-lamit1.jpg\" class=\"attachment-thumbnail size-thumbnail\" alt=\"\" loading=\"lazy\" \/><\/a>\n\t\t\t<\/dt><\/dl><br style=\"clear: both\" \/><dl class='gallery-item'>\n\t\t\t<dt class='gallery-icon landscape'>\n\t\t\t\t<a href='https:\/\/www.visit-ulcinj.com\/blog\/2008\/05\/19\/u-ulcinjskom-starom-gradu-hadzi-halil-skurova-dzamija\/church-mosque-ulcinj\/'><img width=\"150\" height=\"122\" src=\"https:\/\/www.visit-ulcinj.com\/blog\/wp-content\/uploads\/2008\/05\/church-mosque-ulcinj.jpg\" class=\"attachment-thumbnail size-thumbnail\" alt=\"\" loading=\"lazy\" \/><\/a>\n\t\t\t<\/dt><\/dl><dl class='gallery-item'>\n\t\t\t<dt class='gallery-icon landscape'>\n\t\t\t\t<a href='https:\/\/www.visit-ulcinj.com\/blog\/2008\/05\/19\/u-ulcinjskom-starom-gradu-hadzi-halil-skurova-dzamija\/altstadt-ulcinj-minaret\/'><img width=\"150\" height=\"113\" src=\"https:\/\/www.visit-ulcinj.com\/blog\/wp-content\/uploads\/2008\/05\/altstadt-ulcinj-minaret.jpg\" class=\"attachment-thumbnail size-thumbnail\" alt=\"\" loading=\"lazy\" \/><\/a>\n\t\t\t<\/dt><\/dl><dl class='gallery-item'>\n\t\t\t<dt class='gallery-icon portrait'>\n\t\t\t\t<a href='https:\/\/www.visit-ulcinj.com\/blog\/2008\/05\/19\/u-ulcinjskom-starom-gradu-hadzi-halil-skurova-dzamija\/dzamija_crkva-u-stari-grad-ulcinj\/'><img width=\"101\" height=\"150\" src=\"https:\/\/www.visit-ulcinj.com\/blog\/wp-content\/uploads\/2008\/05\/dzamija_crkva-u-stari-grad-ulcinj.jpg\" class=\"attachment-thumbnail size-thumbnail\" alt=\"\" loading=\"lazy\" \/><\/a>\n\t\t\t<\/dt><\/dl><br style=\"clear: both\" \/><dl class='gallery-item'>\n\t\t\t<dt class='gallery-icon portrait'>\n\t\t\t\t<a href='https:\/\/www.visit-ulcinj.com\/blog\/2008\/05\/19\/u-ulcinjskom-starom-gradu-hadzi-halil-skurova-dzamija\/xhamija-ne-kala_ulqin\/'><img width=\"120\" height=\"150\" src=\"https:\/\/www.visit-ulcinj.com\/blog\/wp-content\/uploads\/2008\/05\/xhamija-ne-kala_ulqin.jpg\" class=\"attachment-thumbnail size-thumbnail\" alt=\"\" loading=\"lazy\" \/><\/a>\n\t\t\t<\/dt><\/dl><dl class='gallery-item'>\n\t\t\t<dt class='gallery-icon landscape'>\n\t\t\t\t<a href='https:\/\/www.visit-ulcinj.com\/blog\/2008\/05\/19\/u-ulcinjskom-starom-gradu-hadzi-halil-skurova-dzamija\/minaret_kala-ulqin\/'><img width=\"150\" height=\"107\" src=\"https:\/\/www.visit-ulcinj.com\/blog\/wp-content\/uploads\/2008\/05\/minaret_kala-ulqin.jpg\" class=\"attachment-thumbnail size-thumbnail\" alt=\"\" loading=\"lazy\" \/><\/a>\n\t\t\t<\/dt><\/dl><dl class='gallery-item'>\n\t\t\t<dt class='gallery-icon landscape'>\n\t\t\t\t<a href='https:\/\/www.visit-ulcinj.com\/blog\/2008\/05\/19\/u-ulcinjskom-starom-gradu-hadzi-halil-skurova-dzamija\/minaret_kala-ulqinjpg1\/'><img width=\"150\" height=\"109\" src=\"https:\/\/www.visit-ulcinj.com\/blog\/wp-content\/uploads\/2008\/05\/minaret_kala-ulqin1.jpg\" class=\"attachment-thumbnail size-thumbnail\" alt=\"\" loading=\"lazy\" \/><\/a>\n\t\t\t<\/dt><\/dl><br style=\"clear: both\" \/><dl class='gallery-item'>\n\t\t\t<dt class='gallery-icon landscape'>\n\t\t\t\t<a href='https:\/\/www.visit-ulcinj.com\/blog\/2008\/05\/19\/u-ulcinjskom-starom-gradu-hadzi-halil-skurova-dzamija\/minaret_kala-ulqinjpg2\/'><img width=\"150\" height=\"107\" src=\"https:\/\/www.visit-ulcinj.com\/blog\/wp-content\/uploads\/2008\/05\/minaret_kala-ulqin2.jpg\" class=\"attachment-thumbnail size-thumbnail\" alt=\"\" loading=\"lazy\" \/><\/a>\n\t\t\t<\/dt><\/dl><dl class='gallery-item'>\n\t\t\t<dt class='gallery-icon landscape'>\n\t\t\t\t<a href='https:\/\/www.visit-ulcinj.com\/blog\/2008\/05\/19\/u-ulcinjskom-starom-gradu-hadzi-halil-skurova-dzamija\/galerija-e-vareve-ne-kala-ulqin\/'><img width=\"150\" height=\"109\" src=\"https:\/\/www.visit-ulcinj.com\/blog\/wp-content\/uploads\/2008\/05\/galerija-e-vareve-ne-kala-ulqin.jpg\" class=\"attachment-thumbnail size-thumbnail\" alt=\"\" loading=\"lazy\" \/><\/a>\n\t\t\t<\/dt><\/dl><dl class='gallery-item'>\n\t\t\t<dt class='gallery-icon landscape'>\n\t\t\t\t<a href='https:\/\/www.visit-ulcinj.com\/blog\/2008\/05\/19\/u-ulcinjskom-starom-gradu-hadzi-halil-skurova-dzamija\/mornarska-dzamija-u-pristan_ulcinj\/'><img width=\"150\" height=\"102\" src=\"https:\/\/www.visit-ulcinj.com\/blog\/wp-content\/uploads\/2008\/05\/mornarska-dzamija-u-pristan_ulcinj.jpg\" class=\"attachment-thumbnail size-thumbnail\" alt=\"\" loading=\"lazy\" \/><\/a>\n\t\t\t<\/dt><\/dl><br style=\"clear: both\" \/><dl class='gallery-item'>\n\t\t\t<dt class='gallery-icon portrait'>\n\t\t\t\t<a href='https:\/\/www.visit-ulcinj.com\/blog\/2008\/05\/19\/u-ulcinjskom-starom-gradu-hadzi-halil-skurova-dzamija\/xhamija-e-ali-pashes-_2_ulqin\/'><img width=\"113\" height=\"150\" src=\"https:\/\/www.visit-ulcinj.com\/blog\/wp-content\/uploads\/2008\/05\/xhamija-e-ali-pashes-_2_ulqin.jpg\" class=\"attachment-thumbnail size-thumbnail\" alt=\"\" loading=\"lazy\" \/><\/a>\n\t\t\t<\/dt><\/dl><dl class='gallery-item'>\n\t\t\t<dt class='gallery-icon portrait'>\n\t\t\t\t<a href='https:\/\/www.visit-ulcinj.com\/blog\/2008\/05\/19\/u-ulcinjskom-starom-gradu-hadzi-halil-skurova-dzamija\/xhamija-marinareve-__rana__ulqin\/'><img width=\"102\" height=\"150\" src=\"https:\/\/www.visit-ulcinj.com\/blog\/wp-content\/uploads\/2008\/05\/xhamija-marinareve-__rana__ulqin.jpg\" class=\"attachment-thumbnail size-thumbnail\" alt=\"\" loading=\"lazy\" \/><\/a>\n\t\t\t<\/dt><\/dl><dl class='gallery-item'>\n\t\t\t<dt class='gallery-icon landscape'>\n\t\t\t\t<a href='https:\/\/www.visit-ulcinj.com\/blog\/2008\/05\/19\/u-ulcinjskom-starom-gradu-hadzi-halil-skurova-dzamija\/xhamija-bregut1967_4_ulqin\/'><img width=\"150\" height=\"127\" src=\"https:\/\/www.visit-ulcinj.com\/blog\/wp-content\/uploads\/2008\/05\/xhamija-bregut1967_4_ulqin.jpg\" class=\"attachment-thumbnail size-thumbnail\" alt=\"\" loading=\"lazy\" \/><\/a>\n\t\t\t<\/dt><\/dl><br style=\"clear: both\" \/><dl class='gallery-item'>\n\t\t\t<dt class='gallery-icon landscape'>\n\t\t\t\t<a href='https:\/\/www.visit-ulcinj.com\/blog\/2008\/05\/19\/u-ulcinjskom-starom-gradu-hadzi-halil-skurova-dzamija\/xhamija-e-pazarit_ulqin\/'><img width=\"150\" height=\"113\" src=\"https:\/\/www.visit-ulcinj.com\/blog\/wp-content\/uploads\/2008\/05\/xhamija-e-pazarit_ulqin.jpg\" class=\"attachment-thumbnail size-thumbnail\" alt=\"\" loading=\"lazy\" \/><\/a>\n\t\t\t<\/dt><\/dl><dl class='gallery-item'>\n\t\t\t<dt class='gallery-icon landscape'>\n\t\t\t\t<a href='https:\/\/www.visit-ulcinj.com\/blog\/2008\/05\/19\/u-ulcinjskom-starom-gradu-hadzi-halil-skurova-dzamija\/meterizi_-ulcinj-dzamija\/'><img width=\"150\" height=\"120\" src=\"https:\/\/www.visit-ulcinj.com\/blog\/wp-content\/uploads\/2008\/05\/meterizi_-ulcinj-dzamija.jpg\" class=\"attachment-thumbnail size-thumbnail\" alt=\"\" loading=\"lazy\" \/><\/a>\n\t\t\t<\/dt><\/dl><dl class='gallery-item'>\n\t\t\t<dt class='gallery-icon portrait'>\n\t\t\t\t<a href='https:\/\/www.visit-ulcinj.com\/blog\/2008\/05\/19\/u-ulcinjskom-starom-gradu-hadzi-halil-skurova-dzamija\/sahat-kulla-ulqin-2\/'><img width=\"113\" height=\"150\" src=\"https:\/\/www.visit-ulcinj.com\/blog\/wp-content\/uploads\/2008\/05\/sahat-kulla-ulqin.jpg\" class=\"attachment-thumbnail size-thumbnail\" alt=\"\" loading=\"lazy\" \/><\/a>\n\t\t\t<\/dt><\/dl><br style=\"clear: both\" \/><dl class='gallery-item'>\n\t\t\t<dt class='gallery-icon portrait'>\n\t\t\t\t<a href='https:\/\/www.visit-ulcinj.com\/blog\/2008\/05\/19\/u-ulcinjskom-starom-gradu-hadzi-halil-skurova-dzamija\/xhamija-e-pashes-me-hamame_ulqin\/'><img width=\"102\" height=\"150\" src=\"https:\/\/www.visit-ulcinj.com\/blog\/wp-content\/uploads\/2008\/05\/medium_xhamija-e-pashes-me-hamame.jpg\" class=\"attachment-thumbnail size-thumbnail\" alt=\"\" loading=\"lazy\" \/><\/a>\n\t\t\t<\/dt><\/dl><dl class='gallery-item'>\n\t\t\t<dt class='gallery-icon portrait'>\n\t\t\t\t<a href='https:\/\/www.visit-ulcinj.com\/blog\/2008\/05\/19\/u-ulcinjskom-starom-gradu-hadzi-halil-skurova-dzamija\/sahat-kulla-ulqin-1\/'><img width=\"99\" height=\"150\" src=\"https:\/\/www.visit-ulcinj.com\/blog\/wp-content\/uploads\/2008\/05\/sahat-kulla-ulqin-1.jpg\" class=\"attachment-thumbnail size-thumbnail\" alt=\"\" loading=\"lazy\" \/><\/a>\n\t\t\t<\/dt><\/dl><dl class='gallery-item'>\n\t\t\t<dt class='gallery-icon landscape'>\n\t\t\t\t<a href='https:\/\/www.visit-ulcinj.com\/blog\/2008\/05\/19\/u-ulcinjskom-starom-gradu-hadzi-halil-skurova-dzamija\/varri-i-mahmud-_idriz-trumes-viti-880-_974\/'><img width=\"150\" height=\"113\" src=\"https:\/\/www.visit-ulcinj.com\/blog\/wp-content\/uploads\/2008\/05\/vari-i-mahmud-_idriz-trumes-viti-880-_974.jpg\" class=\"attachment-thumbnail size-thumbnail\" alt=\"\" loading=\"lazy\" \/><\/a>\n\t\t\t<\/dt><\/dl><br style=\"clear: both\" \/><dl class='gallery-item'>\n\t\t\t<dt class='gallery-icon landscape'>\n\t\t\t\t<a href='https:\/\/www.visit-ulcinj.com\/blog\/2008\/05\/19\/u-ulcinjskom-starom-gradu-hadzi-halil-skurova-dzamija\/stari-grad-ulcinj-2\/'><img width=\"150\" height=\"105\" src=\"https:\/\/www.visit-ulcinj.com\/blog\/wp-content\/uploads\/2008\/05\/kalaja-e-ulqinit.jpg\" class=\"attachment-thumbnail size-thumbnail\" alt=\"\" loading=\"lazy\" \/><\/a>\n\t\t\t<\/dt><\/dl><dl class='gallery-item'>\n\t\t\t<dt class='gallery-icon portrait'>\n\t\t\t\t<a href='https:\/\/www.visit-ulcinj.com\/blog\/2008\/05\/19\/u-ulcinjskom-starom-gradu-hadzi-halil-skurova-dzamija\/sahat-kulla-ulcinj_ulqin\/'><img width=\"112\" height=\"150\" src=\"https:\/\/www.visit-ulcinj.com\/blog\/wp-content\/uploads\/2008\/05\/sahat-kulla-ulcinj_ulqin.jpg\" class=\"attachment-thumbnail size-thumbnail\" alt=\"\" loading=\"lazy\" \/><\/a>\n\t\t\t<\/dt><\/dl><dl class='gallery-item'>\n\t\t\t<dt class='gallery-icon landscape'>\n\t\t\t\t<a href='https:\/\/www.visit-ulcinj.com\/blog\/2008\/05\/19\/u-ulcinjskom-starom-gradu-hadzi-halil-skurova-dzamija\/ruin-of-a-mosque-ali-pasha-ulcinj_ulqin\/'><img width=\"150\" height=\"100\" src=\"https:\/\/www.visit-ulcinj.com\/blog\/wp-content\/uploads\/2008\/05\/ruin-of-a-mosque-ali-pasha-ulcinj_ulqin.jpg\" class=\"attachment-thumbnail size-thumbnail\" alt=\"\" loading=\"lazy\" \/><\/a>\n\t\t\t<\/dt><\/dl><br style=\"clear: both\" \/>\n\t\t<\/div>\n\n<p><strong>Turbeta u Crnoj Gori &#8211; II dio<\/strong><\/p>\n<!--YouTube Error: bad URL entered-->\n","protected":false},"excerpt":{"rendered":"<p><img loading=\"lazy\" class=\"alignleft attachment wp-att-1691\" style=\"float: left;\" src=\"http:\/\/www.visit-ulcinj.com\/blog\/wp-content\/uploads\/2008\/05\/kalaja-e-ulqinit.thumbnail.jpg\" alt=\"stari grad ulcinj\" width=\"140\" height=\"140\" \/><\/p>\n","protected":false},"author":1,"featured_media":0,"comment_status":"open","ping_status":"closed","sticky":false,"template":"","format":"standard","meta":{"spay_email":"","jetpack_publicize_message":"","jetpack_is_tweetstorm":false,"jetpack_publicize_feature_enabled":true},"categories":[4],"tags":[3295,306,19,200,18,307,3296],"jetpack_publicize_connections":[],"yoast_head":"<!-- This site is optimized with the Yoast SEO plugin v19.1 - https:\/\/yoast.com\/wordpress\/plugins\/seo\/ -->\n<title>U ulcinjskom Starom gradu Had\u017ei Halil Skurova d\u017eamija. - Lajme nga Ulqini<\/title>\n<meta name=\"robots\" content=\"index, follow, max-snippet:-1, max-image-preview:large, max-video-preview:-1\" \/>\n<link rel=\"canonical\" href=\"https:\/\/www.visit-ulcinj.com\/blog\/2008\/05\/19\/u-ulcinjskom-starom-gradu-hadzi-halil-skurova-dzamija\/\" \/>\n<meta property=\"og:locale\" content=\"en_US\" \/>\n<meta property=\"og:type\" content=\"article\" \/>\n<meta property=\"og:title\" content=\"U ulcinjskom Starom gradu Had\u017ei Halil Skurova d\u017eamija. - Lajme nga Ulqini\" \/>\n<meta property=\"og:url\" content=\"https:\/\/www.visit-ulcinj.com\/blog\/2008\/05\/19\/u-ulcinjskom-starom-gradu-hadzi-halil-skurova-dzamija\/\" \/>\n<meta property=\"og:site_name\" content=\"Lajme nga Ulqini\" \/>\n<meta property=\"article:published_time\" content=\"2008-05-19T16:56:15+00:00\" \/>\n<meta property=\"article:modified_time\" content=\"2012-05-06T16:27:18+00:00\" \/>\n<meta property=\"og:image\" content=\"https:\/\/www.visit-ulcinj.com\/blog\/wp-content\/uploads\/2008\/05\/xhamia-e-haxhi-halil-skures-ne-kala.jpg\" \/>\n<meta name=\"twitter:label1\" content=\"Written by\" \/>\n\t<meta name=\"twitter:data1\" content=\"ulqini\" \/>\n\t<meta name=\"twitter:label2\" content=\"Est. reading time\" \/>\n\t<meta name=\"twitter:data2\" content=\"5 minutes\" \/>\n<script type=\"application\/ld+json\" class=\"yoast-schema-graph\">{\"@context\":\"https:\/\/schema.org\",\"@graph\":[{\"@type\":\"WebSite\",\"@id\":\"https:\/\/www.visit-ulcinj.com\/blog\/#website\",\"url\":\"https:\/\/www.visit-ulcinj.com\/blog\/\",\"name\":\"Lajme nga Ulqini\",\"description\":\"Lajme,Vijesti,Ulqini,Ulqin,Crna Gora,Mali i Zi\",\"potentialAction\":[{\"@type\":\"SearchAction\",\"target\":{\"@type\":\"EntryPoint\",\"urlTemplate\":\"https:\/\/www.visit-ulcinj.com\/blog\/?s={search_term_string}\"},\"query-input\":\"required name=search_term_string\"}],\"inLanguage\":\"en-US\"},{\"@type\":\"ImageObject\",\"inLanguage\":\"en-US\",\"@id\":\"https:\/\/www.visit-ulcinj.com\/blog\/2008\/05\/19\/u-ulcinjskom-starom-gradu-hadzi-halil-skurova-dzamija\/#primaryimage\",\"url\":\"http:\/\/www.visit-ulcinj.com\/blog\/wp-content\/uploads\/2008\/05\/kalaja-e-ulqinit.thumbnail.jpg\",\"contentUrl\":\"http:\/\/www.visit-ulcinj.com\/blog\/wp-content\/uploads\/2008\/05\/kalaja-e-ulqinit.thumbnail.jpg\"},{\"@type\":\"WebPage\",\"@id\":\"https:\/\/www.visit-ulcinj.com\/blog\/2008\/05\/19\/u-ulcinjskom-starom-gradu-hadzi-halil-skurova-dzamija\/#webpage\",\"url\":\"https:\/\/www.visit-ulcinj.com\/blog\/2008\/05\/19\/u-ulcinjskom-starom-gradu-hadzi-halil-skurova-dzamija\/\",\"name\":\"U ulcinjskom Starom gradu Had\u017ei Halil Skurova d\u017eamija. - Lajme nga Ulqini\",\"isPartOf\":{\"@id\":\"https:\/\/www.visit-ulcinj.com\/blog\/#website\"},\"primaryImageOfPage\":{\"@id\":\"https:\/\/www.visit-ulcinj.com\/blog\/2008\/05\/19\/u-ulcinjskom-starom-gradu-hadzi-halil-skurova-dzamija\/#primaryimage\"},\"datePublished\":\"2008-05-19T16:56:15+00:00\",\"dateModified\":\"2012-05-06T16:27:18+00:00\",\"author\":{\"@id\":\"https:\/\/www.visit-ulcinj.com\/blog\/#\/schema\/person\/dcab619c614d3038751c63bc2aadc06d\"},\"breadcrumb\":{\"@id\":\"https:\/\/www.visit-ulcinj.com\/blog\/2008\/05\/19\/u-ulcinjskom-starom-gradu-hadzi-halil-skurova-dzamija\/#breadcrumb\"},\"inLanguage\":\"en-US\",\"potentialAction\":[{\"@type\":\"ReadAction\",\"target\":[\"https:\/\/www.visit-ulcinj.com\/blog\/2008\/05\/19\/u-ulcinjskom-starom-gradu-hadzi-halil-skurova-dzamija\/\"]}]},{\"@type\":\"BreadcrumbList\",\"@id\":\"https:\/\/www.visit-ulcinj.com\/blog\/2008\/05\/19\/u-ulcinjskom-starom-gradu-hadzi-halil-skurova-dzamija\/#breadcrumb\",\"itemListElement\":[{\"@type\":\"ListItem\",\"position\":1,\"name\":\"U ulcinjskom Starom gradu Had\u017ei Halil Skurova d\u017eamija.\"}]},{\"@type\":\"Person\",\"@id\":\"https:\/\/www.visit-ulcinj.com\/blog\/#\/schema\/person\/dcab619c614d3038751c63bc2aadc06d\",\"name\":\"ulqini\",\"sameAs\":[\"http:\/\/www.visit-ulcinj.com\"],\"url\":\"https:\/\/www.visit-ulcinj.com\/blog\/author\/admin\/\"}]}<\/script>\n<!-- \/ Yoast SEO plugin. -->","yoast_head_json":{"title":"U ulcinjskom Starom gradu Had\u017ei Halil Skurova d\u017eamija. - Lajme nga Ulqini","robots":{"index":"index","follow":"follow","max-snippet":"max-snippet:-1","max-image-preview":"max-image-preview:large","max-video-preview":"max-video-preview:-1"},"canonical":"https:\/\/www.visit-ulcinj.com\/blog\/2008\/05\/19\/u-ulcinjskom-starom-gradu-hadzi-halil-skurova-dzamija\/","og_locale":"en_US","og_type":"article","og_title":"U ulcinjskom Starom gradu Had\u017ei Halil Skurova d\u017eamija. - Lajme nga Ulqini","og_url":"https:\/\/www.visit-ulcinj.com\/blog\/2008\/05\/19\/u-ulcinjskom-starom-gradu-hadzi-halil-skurova-dzamija\/","og_site_name":"Lajme nga Ulqini","article_published_time":"2008-05-19T16:56:15+00:00","article_modified_time":"2012-05-06T16:27:18+00:00","og_image":[{"url":"https:\/\/www.visit-ulcinj.com\/blog\/wp-content\/uploads\/2008\/05\/xhamia-e-haxhi-halil-skures-ne-kala.jpg"}],"twitter_misc":{"Written by":"ulqini","Est. reading time":"5 minutes"},"schema":{"@context":"https:\/\/schema.org","@graph":[{"@type":"WebSite","@id":"https:\/\/www.visit-ulcinj.com\/blog\/#website","url":"https:\/\/www.visit-ulcinj.com\/blog\/","name":"Lajme nga Ulqini","description":"Lajme,Vijesti,Ulqini,Ulqin,Crna Gora,Mali i Zi","potentialAction":[{"@type":"SearchAction","target":{"@type":"EntryPoint","urlTemplate":"https:\/\/www.visit-ulcinj.com\/blog\/?s={search_term_string}"},"query-input":"required name=search_term_string"}],"inLanguage":"en-US"},{"@type":"ImageObject","inLanguage":"en-US","@id":"https:\/\/www.visit-ulcinj.com\/blog\/2008\/05\/19\/u-ulcinjskom-starom-gradu-hadzi-halil-skurova-dzamija\/#primaryimage","url":"http:\/\/www.visit-ulcinj.com\/blog\/wp-content\/uploads\/2008\/05\/kalaja-e-ulqinit.thumbnail.jpg","contentUrl":"http:\/\/www.visit-ulcinj.com\/blog\/wp-content\/uploads\/2008\/05\/kalaja-e-ulqinit.thumbnail.jpg"},{"@type":"WebPage","@id":"https:\/\/www.visit-ulcinj.com\/blog\/2008\/05\/19\/u-ulcinjskom-starom-gradu-hadzi-halil-skurova-dzamija\/#webpage","url":"https:\/\/www.visit-ulcinj.com\/blog\/2008\/05\/19\/u-ulcinjskom-starom-gradu-hadzi-halil-skurova-dzamija\/","name":"U ulcinjskom Starom gradu Had\u017ei Halil Skurova d\u017eamija. - Lajme nga Ulqini","isPartOf":{"@id":"https:\/\/www.visit-ulcinj.com\/blog\/#website"},"primaryImageOfPage":{"@id":"https:\/\/www.visit-ulcinj.com\/blog\/2008\/05\/19\/u-ulcinjskom-starom-gradu-hadzi-halil-skurova-dzamija\/#primaryimage"},"datePublished":"2008-05-19T16:56:15+00:00","dateModified":"2012-05-06T16:27:18+00:00","author":{"@id":"https:\/\/www.visit-ulcinj.com\/blog\/#\/schema\/person\/dcab619c614d3038751c63bc2aadc06d"},"breadcrumb":{"@id":"https:\/\/www.visit-ulcinj.com\/blog\/2008\/05\/19\/u-ulcinjskom-starom-gradu-hadzi-halil-skurova-dzamija\/#breadcrumb"},"inLanguage":"en-US","potentialAction":[{"@type":"ReadAction","target":["https:\/\/www.visit-ulcinj.com\/blog\/2008\/05\/19\/u-ulcinjskom-starom-gradu-hadzi-halil-skurova-dzamija\/"]}]},{"@type":"BreadcrumbList","@id":"https:\/\/www.visit-ulcinj.com\/blog\/2008\/05\/19\/u-ulcinjskom-starom-gradu-hadzi-halil-skurova-dzamija\/#breadcrumb","itemListElement":[{"@type":"ListItem","position":1,"name":"U ulcinjskom Starom gradu Had\u017ei Halil Skurova d\u017eamija."}]},{"@type":"Person","@id":"https:\/\/www.visit-ulcinj.com\/blog\/#\/schema\/person\/dcab619c614d3038751c63bc2aadc06d","name":"ulqini","sameAs":["http:\/\/www.visit-ulcinj.com"],"url":"https:\/\/www.visit-ulcinj.com\/blog\/author\/admin\/"}]}},"jetpack_featured_media_url":"","jetpack_sharing_enabled":true,"jetpack_shortlink":"https:\/\/wp.me\/pe6lTn-qV","_links":{"self":[{"href":"https:\/\/www.visit-ulcinj.com\/blog\/wp-json\/wp\/v2\/posts\/1669"}],"collection":[{"href":"https:\/\/www.visit-ulcinj.com\/blog\/wp-json\/wp\/v2\/posts"}],"about":[{"href":"https:\/\/www.visit-ulcinj.com\/blog\/wp-json\/wp\/v2\/types\/post"}],"author":[{"embeddable":true,"href":"https:\/\/www.visit-ulcinj.com\/blog\/wp-json\/wp\/v2\/users\/1"}],"replies":[{"embeddable":true,"href":"https:\/\/www.visit-ulcinj.com\/blog\/wp-json\/wp\/v2\/comments?post=1669"}],"version-history":[{"count":2,"href":"https:\/\/www.visit-ulcinj.com\/blog\/wp-json\/wp\/v2\/posts\/1669\/revisions"}],"predecessor-version":[{"id":60185,"href":"https:\/\/www.visit-ulcinj.com\/blog\/wp-json\/wp\/v2\/posts\/1669\/revisions\/60185"}],"wp:attachment":[{"href":"https:\/\/www.visit-ulcinj.com\/blog\/wp-json\/wp\/v2\/media?parent=1669"}],"wp:term":[{"taxonomy":"category","embeddable":true,"href":"https:\/\/www.visit-ulcinj.com\/blog\/wp-json\/wp\/v2\/categories?post=1669"},{"taxonomy":"post_tag","embeddable":true,"href":"https:\/\/www.visit-ulcinj.com\/blog\/wp-json\/wp\/v2\/tags?post=1669"}],"curies":[{"name":"wp","href":"https:\/\/api.w.org\/{rel}","templated":true}]}}