{"id":16690,"date":"2009-04-05T10:02:22","date_gmt":"2009-04-05T08:02:22","guid":{"rendered":"http:\/\/www.visit-ulcinj.com\/blog\/?p=16690"},"modified":"2009-04-05T10:02:22","modified_gmt":"2009-04-05T08:02:22","slug":"arjon-e-dime-qe-jeni-puthur","status":"publish","type":"post","link":"https:\/\/www.visit-ulcinj.com\/blog\/2009\/04\/05\/arjon-e-dime-qe-jeni-puthur\/","title":{"rendered":"Arjon : E dim\u00eb q\u00eb jeni puthur"},"content":{"rendered":"<p><em><span class=\"newsdate\"><a href=\"http:\/\/www.visit-ulcinj.com\/blog\/wp-content\/uploads\/2009\/04\/arjoni-per-puthjen-copy.jpg\"><img loading=\"lazy\" class=\"alignleft size-full wp-image-16691\" title=\"arjoni-per-puthjen-big-brother-albania-2\" src=\"http:\/\/www.visit-ulcinj.com\/blog\/wp-content\/uploads\/2009\/04\/arjoni-per-puthjen-copy.jpg\" alt=\"arjoni-per-puthjen-big-brother-albania-2\" width=\"300\" height=\"205\" \/><\/a>02\/04\/09 02:22<\/span><\/em><\/p>\n<p>\u201cE dim\u00eb q\u00eb jeni puthur!\u201d- ka ngacmuar Arjoni Adelajden. Anjeza ka shtuar se n\u00ebse ajo ndjen di\u00e7ka nuk pse ta fsheh\u00eb. \u201cJu s\u2019dini gj\u00eb fare dhe flisni kot!\u201d \u2013 ua ka th\u00ebn\u00eb Adelajda banor\u00ebve q\u00eb e ngacmonin. Arjoni ka shtuar se ata e dinin shum\u00eb mir\u00eb dhe fakti q\u00eb ajo nuk po thoshte jo dhe nuk po nevrikosej, isht\u00eb nj\u00eb prov\u00eb m\u00eb tep\u00ebr. \u201cPuthuni q\u00eb t\u00eb arrini n\u00eb finale!\u201d- i kan\u00eb ngacmuar banor\u00ebt. Adela \u00ebsht\u00eb \u00e7uar dhe ka b\u00ebr\u00eb sikur do t\u00eb dilte.<\/p>\n","protected":false},"excerpt":{"rendered":"<p>02\/04\/09 02:22 \u201cE dim\u00eb q\u00eb jeni puthur!\u201d- ka ngacmuar Arjoni Adelajden. Anjeza ka shtuar se n\u00ebse ajo ndjen di\u00e7ka nuk pse ta fsheh\u00eb. \u201cJu s\u2019dini gj\u00eb fare dhe flisni kot!\u201d \u2013 ua ka th\u00ebn\u00eb Adelajda banor\u00ebve q\u00eb e ngacmonin. Arjoni ka shtuar se ata e dinin shum\u00eb mir\u00eb dhe fakti q\u00eb ajo nuk po thoshte [&hellip;]<\/p>\n","protected":false},"author":1,"featured_media":0,"comment_status":"open","ping_status":"closed","sticky":false,"template":"","format":"standard","meta":{"spay_email":"","jetpack_publicize_message":"","jetpack_is_tweetstorm":false,"jetpack_publicize_feature_enabled":true},"categories":[6502],"tags":[6529,8289,6525,5057,6506,6516,6712,7129,6522,8306,6891,6693,6887],"jetpack_publicize_connections":[],"yoast_head":"<!-- This site is optimized with the Yoast SEO plugin v19.1 - https:\/\/yoast.com\/wordpress\/plugins\/seo\/ -->\n<title>Arjon : E dim\u00c3\u00ab q\u00c3\u00ab jeni puthur | Big Brother Albania 2<\/title>\n<meta name=\"description\" content=\"Big Brother Albania 2 - \u00e2\u20ac\u0153E dim\u00c3\u00ab q\u00c3\u00ab jeni puthur!\u00e2\u20ac\u009d- ka ngacmuar Arjoni Adelajden. Anjeza ka shtuar se n\u00c3\u00abse ajo ndjen di\u00c3\u00a7ka nuk pse ta fsheh\u00c3\u00ab. \u00e2\u20ac\u0153Ju s\u00e2\u20ac\u2122dini gj\u00c3\u00ab fare dhe flisni kot!\u00e2\u20ac\u009d\" \/>\n<meta name=\"robots\" content=\"index, follow, max-snippet:-1, max-image-preview:large, max-video-preview:-1\" \/>\n<link rel=\"canonical\" href=\"https:\/\/www.visit-ulcinj.com\/blog\/2009\/04\/05\/arjon-e-dime-qe-jeni-puthur\/\" \/>\n<meta property=\"og:locale\" content=\"en_US\" \/>\n<meta property=\"og:type\" content=\"article\" \/>\n<meta property=\"og:title\" content=\"Arjon : E dim\u00c3\u00ab q\u00c3\u00ab jeni puthur | Big Brother Albania 2\" \/>\n<meta property=\"og:description\" content=\"Big Brother Albania 2 - \u00e2\u20ac\u0153E dim\u00c3\u00ab q\u00c3\u00ab jeni puthur!\u00e2\u20ac\u009d- ka ngacmuar Arjoni Adelajden. Anjeza ka shtuar se n\u00c3\u00abse ajo ndjen di\u00c3\u00a7ka nuk pse ta fsheh\u00c3\u00ab. \u00e2\u20ac\u0153Ju s\u00e2\u20ac\u2122dini gj\u00c3\u00ab fare dhe flisni kot!\u00e2\u20ac\u009d\" \/>\n<meta property=\"og:url\" content=\"https:\/\/www.visit-ulcinj.com\/blog\/2009\/04\/05\/arjon-e-dime-qe-jeni-puthur\/\" \/>\n<meta property=\"og:site_name\" content=\"Lajme nga Ulqini\" \/>\n<meta property=\"article:published_time\" content=\"2009-04-05T08:02:22+00:00\" \/>\n<meta property=\"og:image\" content=\"http:\/\/www.visit-ulcinj.com\/blog\/wp-content\/uploads\/2009\/04\/arjoni-per-puthjen-copy.jpg\" \/>\n<meta name=\"twitter:label1\" content=\"Written by\" \/>\n\t<meta name=\"twitter:data1\" content=\"ulqini\" \/>\n<script type=\"application\/ld+json\" class=\"yoast-schema-graph\">{\"@context\":\"https:\/\/schema.org\",\"@graph\":[{\"@type\":\"WebSite\",\"@id\":\"https:\/\/www.visit-ulcinj.com\/blog\/#website\",\"url\":\"https:\/\/www.visit-ulcinj.com\/blog\/\",\"name\":\"Lajme nga Ulqini\",\"description\":\"Lajme,Vijesti,Ulqini,Ulqin,Crna Gora,Mali i Zi\",\"potentialAction\":[{\"@type\":\"SearchAction\",\"target\":{\"@type\":\"EntryPoint\",\"urlTemplate\":\"https:\/\/www.visit-ulcinj.com\/blog\/?s={search_term_string}\"},\"query-input\":\"required name=search_term_string\"}],\"inLanguage\":\"en-US\"},{\"@type\":\"ImageObject\",\"inLanguage\":\"en-US\",\"@id\":\"https:\/\/www.visit-ulcinj.com\/blog\/2009\/04\/05\/arjon-e-dime-qe-jeni-puthur\/#primaryimage\",\"url\":\"http:\/\/www.visit-ulcinj.com\/blog\/wp-content\/uploads\/2009\/04\/arjoni-per-puthjen-copy.jpg\",\"contentUrl\":\"http:\/\/www.visit-ulcinj.com\/blog\/wp-content\/uploads\/2009\/04\/arjoni-per-puthjen-copy.jpg\"},{\"@type\":\"WebPage\",\"@id\":\"https:\/\/www.visit-ulcinj.com\/blog\/2009\/04\/05\/arjon-e-dime-qe-jeni-puthur\/#webpage\",\"url\":\"https:\/\/www.visit-ulcinj.com\/blog\/2009\/04\/05\/arjon-e-dime-qe-jeni-puthur\/\",\"name\":\"Arjon : E dim\u00c3\u00ab q\u00c3\u00ab jeni puthur | Big Brother Albania 2\",\"isPartOf\":{\"@id\":\"https:\/\/www.visit-ulcinj.com\/blog\/#website\"},\"primaryImageOfPage\":{\"@id\":\"https:\/\/www.visit-ulcinj.com\/blog\/2009\/04\/05\/arjon-e-dime-qe-jeni-puthur\/#primaryimage\"},\"datePublished\":\"2009-04-05T08:02:22+00:00\",\"dateModified\":\"2009-04-05T08:02:22+00:00\",\"author\":{\"@id\":\"https:\/\/www.visit-ulcinj.com\/blog\/#\/schema\/person\/dcab619c614d3038751c63bc2aadc06d\"},\"description\":\"Big Brother Albania 2 - \u00e2\u20ac\u0153E dim\u00c3\u00ab q\u00c3\u00ab jeni puthur!\u00e2\u20ac\u009d- ka ngacmuar Arjoni Adelajden. Anjeza ka shtuar se n\u00c3\u00abse ajo ndjen di\u00c3\u00a7ka nuk pse ta fsheh\u00c3\u00ab. \u00e2\u20ac\u0153Ju s\u00e2\u20ac\u2122dini gj\u00c3\u00ab fare dhe flisni kot!\u00e2\u20ac\u009d\",\"breadcrumb\":{\"@id\":\"https:\/\/www.visit-ulcinj.com\/blog\/2009\/04\/05\/arjon-e-dime-qe-jeni-puthur\/#breadcrumb\"},\"inLanguage\":\"en-US\",\"potentialAction\":[{\"@type\":\"ReadAction\",\"target\":[\"https:\/\/www.visit-ulcinj.com\/blog\/2009\/04\/05\/arjon-e-dime-qe-jeni-puthur\/\"]}]},{\"@type\":\"BreadcrumbList\",\"@id\":\"https:\/\/www.visit-ulcinj.com\/blog\/2009\/04\/05\/arjon-e-dime-qe-jeni-puthur\/#breadcrumb\",\"itemListElement\":[{\"@type\":\"ListItem\",\"position\":1,\"name\":\"Arjon : E dim\u00eb q\u00eb jeni puthur\"}]},{\"@type\":\"Person\",\"@id\":\"https:\/\/www.visit-ulcinj.com\/blog\/#\/schema\/person\/dcab619c614d3038751c63bc2aadc06d\",\"name\":\"ulqini\",\"sameAs\":[\"http:\/\/www.visit-ulcinj.com\"],\"url\":\"https:\/\/www.visit-ulcinj.com\/blog\/author\/admin\/\"}]}<\/script>\n<!-- \/ Yoast SEO plugin. -->","yoast_head_json":{"title":"Arjon : E dim\u00c3\u00ab q\u00c3\u00ab jeni puthur | Big Brother Albania 2","description":"Big Brother Albania 2 - \u00e2\u20ac\u0153E dim\u00c3\u00ab q\u00c3\u00ab jeni puthur!\u00e2\u20ac\u009d- ka ngacmuar Arjoni Adelajden. Anjeza ka shtuar se n\u00c3\u00abse ajo ndjen di\u00c3\u00a7ka nuk pse ta fsheh\u00c3\u00ab. \u00e2\u20ac\u0153Ju s\u00e2\u20ac\u2122dini gj\u00c3\u00ab fare dhe flisni kot!\u00e2\u20ac\u009d","robots":{"index":"index","follow":"follow","max-snippet":"max-snippet:-1","max-image-preview":"max-image-preview:large","max-video-preview":"max-video-preview:-1"},"canonical":"https:\/\/www.visit-ulcinj.com\/blog\/2009\/04\/05\/arjon-e-dime-qe-jeni-puthur\/","og_locale":"en_US","og_type":"article","og_title":"Arjon : E dim\u00c3\u00ab q\u00c3\u00ab jeni puthur | Big Brother Albania 2","og_description":"Big Brother Albania 2 - \u00e2\u20ac\u0153E dim\u00c3\u00ab q\u00c3\u00ab jeni puthur!\u00e2\u20ac\u009d- ka ngacmuar Arjoni Adelajden. Anjeza ka shtuar se n\u00c3\u00abse ajo ndjen di\u00c3\u00a7ka nuk pse ta fsheh\u00c3\u00ab. \u00e2\u20ac\u0153Ju s\u00e2\u20ac\u2122dini gj\u00c3\u00ab fare dhe flisni kot!\u00e2\u20ac\u009d","og_url":"https:\/\/www.visit-ulcinj.com\/blog\/2009\/04\/05\/arjon-e-dime-qe-jeni-puthur\/","og_site_name":"Lajme nga Ulqini","article_published_time":"2009-04-05T08:02:22+00:00","og_image":[{"url":"http:\/\/www.visit-ulcinj.com\/blog\/wp-content\/uploads\/2009\/04\/arjoni-per-puthjen-copy.jpg"}],"twitter_misc":{"Written by":"ulqini"},"schema":{"@context":"https:\/\/schema.org","@graph":[{"@type":"WebSite","@id":"https:\/\/www.visit-ulcinj.com\/blog\/#website","url":"https:\/\/www.visit-ulcinj.com\/blog\/","name":"Lajme nga Ulqini","description":"Lajme,Vijesti,Ulqini,Ulqin,Crna Gora,Mali i Zi","potentialAction":[{"@type":"SearchAction","target":{"@type":"EntryPoint","urlTemplate":"https:\/\/www.visit-ulcinj.com\/blog\/?s={search_term_string}"},"query-input":"required name=search_term_string"}],"inLanguage":"en-US"},{"@type":"ImageObject","inLanguage":"en-US","@id":"https:\/\/www.visit-ulcinj.com\/blog\/2009\/04\/05\/arjon-e-dime-qe-jeni-puthur\/#primaryimage","url":"http:\/\/www.visit-ulcinj.com\/blog\/wp-content\/uploads\/2009\/04\/arjoni-per-puthjen-copy.jpg","contentUrl":"http:\/\/www.visit-ulcinj.com\/blog\/wp-content\/uploads\/2009\/04\/arjoni-per-puthjen-copy.jpg"},{"@type":"WebPage","@id":"https:\/\/www.visit-ulcinj.com\/blog\/2009\/04\/05\/arjon-e-dime-qe-jeni-puthur\/#webpage","url":"https:\/\/www.visit-ulcinj.com\/blog\/2009\/04\/05\/arjon-e-dime-qe-jeni-puthur\/","name":"Arjon : E dim\u00c3\u00ab q\u00c3\u00ab jeni puthur | Big Brother Albania 2","isPartOf":{"@id":"https:\/\/www.visit-ulcinj.com\/blog\/#website"},"primaryImageOfPage":{"@id":"https:\/\/www.visit-ulcinj.com\/blog\/2009\/04\/05\/arjon-e-dime-qe-jeni-puthur\/#primaryimage"},"datePublished":"2009-04-05T08:02:22+00:00","dateModified":"2009-04-05T08:02:22+00:00","author":{"@id":"https:\/\/www.visit-ulcinj.com\/blog\/#\/schema\/person\/dcab619c614d3038751c63bc2aadc06d"},"description":"Big Brother Albania 2 - \u00e2\u20ac\u0153E dim\u00c3\u00ab q\u00c3\u00ab jeni puthur!\u00e2\u20ac\u009d- ka ngacmuar Arjoni Adelajden. Anjeza ka shtuar se n\u00c3\u00abse ajo ndjen di\u00c3\u00a7ka nuk pse ta fsheh\u00c3\u00ab. \u00e2\u20ac\u0153Ju s\u00e2\u20ac\u2122dini gj\u00c3\u00ab fare dhe flisni kot!\u00e2\u20ac\u009d","breadcrumb":{"@id":"https:\/\/www.visit-ulcinj.com\/blog\/2009\/04\/05\/arjon-e-dime-qe-jeni-puthur\/#breadcrumb"},"inLanguage":"en-US","potentialAction":[{"@type":"ReadAction","target":["https:\/\/www.visit-ulcinj.com\/blog\/2009\/04\/05\/arjon-e-dime-qe-jeni-puthur\/"]}]},{"@type":"BreadcrumbList","@id":"https:\/\/www.visit-ulcinj.com\/blog\/2009\/04\/05\/arjon-e-dime-qe-jeni-puthur\/#breadcrumb","itemListElement":[{"@type":"ListItem","position":1,"name":"Arjon : E dim\u00eb q\u00eb jeni puthur"}]},{"@type":"Person","@id":"https:\/\/www.visit-ulcinj.com\/blog\/#\/schema\/person\/dcab619c614d3038751c63bc2aadc06d","name":"ulqini","sameAs":["http:\/\/www.visit-ulcinj.com"],"url":"https:\/\/www.visit-ulcinj.com\/blog\/author\/admin\/"}]}},"jetpack_featured_media_url":"","jetpack_sharing_enabled":true,"jetpack_shortlink":"https:\/\/wp.me\/pe6lTn-4lc","_links":{"self":[{"href":"https:\/\/www.visit-ulcinj.com\/blog\/wp-json\/wp\/v2\/posts\/16690"}],"collection":[{"href":"https:\/\/www.visit-ulcinj.com\/blog\/wp-json\/wp\/v2\/posts"}],"about":[{"href":"https:\/\/www.visit-ulcinj.com\/blog\/wp-json\/wp\/v2\/types\/post"}],"author":[{"embeddable":true,"href":"https:\/\/www.visit-ulcinj.com\/blog\/wp-json\/wp\/v2\/users\/1"}],"replies":[{"embeddable":true,"href":"https:\/\/www.visit-ulcinj.com\/blog\/wp-json\/wp\/v2\/comments?post=16690"}],"version-history":[{"count":0,"href":"https:\/\/www.visit-ulcinj.com\/blog\/wp-json\/wp\/v2\/posts\/16690\/revisions"}],"wp:attachment":[{"href":"https:\/\/www.visit-ulcinj.com\/blog\/wp-json\/wp\/v2\/media?parent=16690"}],"wp:term":[{"taxonomy":"category","embeddable":true,"href":"https:\/\/www.visit-ulcinj.com\/blog\/wp-json\/wp\/v2\/categories?post=16690"},{"taxonomy":"post_tag","embeddable":true,"href":"https:\/\/www.visit-ulcinj.com\/blog\/wp-json\/wp\/v2\/tags?post=16690"}],"curies":[{"name":"wp","href":"https:\/\/api.w.org\/{rel}","templated":true}]}}