{"id":16693,"date":"2009-04-05T10:05:31","date_gmt":"2009-04-05T08:05:31","guid":{"rendered":"http:\/\/www.visit-ulcinj.com\/blog\/?p=16693"},"modified":"2009-04-05T10:05:31","modified_gmt":"2009-04-05T08:05:31","slug":"mimoza-jane-shume-larg","status":"publish","type":"post","link":"https:\/\/www.visit-ulcinj.com\/blog\/2009\/04\/05\/mimoza-jane-shume-larg\/","title":{"rendered":"Mimoza : Jan\u00eb shum\u00eb larg"},"content":{"rendered":"<p><em><span class=\"newsdate\"><a href=\"http:\/\/www.visit-ulcinj.com\/blog\/wp-content\/uploads\/2009\/04\/per-anjezenarjonin.jpg\"><img loading=\"lazy\" class=\"alignleft size-full wp-image-16694\" title=\"per-anjezenarjonin-big-brother-albania-2\" src=\"http:\/\/www.visit-ulcinj.com\/blog\/wp-content\/uploads\/2009\/04\/per-anjezenarjonin.jpg\" alt=\"per-anjezenarjonin-big-brother-albania-2\" width=\"300\" height=\"205\" \/><\/a>02\/04\/09 11:45<\/span><\/em><\/p>\n<p>Adela, Bika dhe Moza flasin p\u00ebr Anjez\u00ebn dhe Arjonin. \u00cbsht\u00eb Moza e para q\u00eb hap tem\u00ebn p\u00ebr ta, duke i treguar vajzave se ata t\u00eb dy po rrin\u00eb shum\u00eb af\u00ebr njeri-tjetrit. Edhe Adela me Bik\u00ebn e kan\u00eb v\u00ebn\u00eb re, madje tregojn\u00eb edhe nj\u00eb rast ku i kan\u00eb par\u00eb bashk\u00eb. Adela thot\u00eb se ata po p\u00ebrpiqen t\u00eb arrijn\u00eb dicka, por jan\u00eb shum\u00eb larg. Ajo shton se gj\u00ebrat duhet t\u00eb vijn\u00eb natyrsh\u00ebm sepse gj\u00ebrat q\u00eb vijn\u00eb me shtirje, sipas saj, duken q\u00eb jan\u00eb t\u00eb tilla.<\/p>\n","protected":false},"excerpt":{"rendered":"<p>02\/04\/09 11:45 Adela, Bika dhe Moza flasin p\u00ebr Anjez\u00ebn dhe Arjonin. \u00cbsht\u00eb Moza e para q\u00eb hap tem\u00ebn p\u00ebr ta, duke i treguar vajzave se ata t\u00eb dy po rrin\u00eb shum\u00eb af\u00ebr njeri-tjetrit. Edhe Adela me Bik\u00ebn e kan\u00eb v\u00ebn\u00eb re, madje tregojn\u00eb edhe nj\u00eb rast ku i kan\u00eb par\u00eb bashk\u00eb. Adela thot\u00eb se ata [&hellip;]<\/p>\n","protected":false},"author":1,"featured_media":0,"comment_status":"open","ping_status":"closed","sticky":false,"template":"","format":"standard","meta":{"spay_email":"","jetpack_publicize_message":"","jetpack_is_tweetstorm":false,"jetpack_publicize_feature_enabled":true},"categories":[6502],"tags":[6529,8289,6525,5057,6506,6516,6712,7129,6544,262,6891,6693,6887],"jetpack_publicize_connections":[],"yoast_head":"<!-- This site is optimized with the Yoast SEO plugin v19.1 - https:\/\/yoast.com\/wordpress\/plugins\/seo\/ -->\n<title>Mimoza : Jan\u00c3\u00ab shum\u00c3\u00ab larg | Big Brother Albania 2<\/title>\n<meta name=\"description\" content=\"Big Brother Albania 2 - Adela, Bika dhe Moza flasin p\u00c3\u00abr Anjez\u00c3\u00abn dhe Arjonin. \u00c3\u2039sht\u00c3\u00ab Moza e para q\u00c3\u00ab hap tem\u00c3\u00abn p\u00c3\u00abr ta, duke i treguar vajzave se ata t\u00c3\u00ab dy po rrin\u00c3\u00ab shum\u00c3\u00ab af\u00c3\u00abr njeri-tjetrit.\" \/>\n<meta name=\"robots\" content=\"index, follow, max-snippet:-1, max-image-preview:large, max-video-preview:-1\" \/>\n<link rel=\"canonical\" href=\"https:\/\/www.visit-ulcinj.com\/blog\/2009\/04\/05\/mimoza-jane-shume-larg\/\" \/>\n<meta property=\"og:locale\" content=\"en_US\" \/>\n<meta property=\"og:type\" content=\"article\" \/>\n<meta property=\"og:title\" content=\"Mimoza : Jan\u00c3\u00ab shum\u00c3\u00ab larg | Big Brother Albania 2\" \/>\n<meta property=\"og:description\" content=\"Big Brother Albania 2 - Adela, Bika dhe Moza flasin p\u00c3\u00abr Anjez\u00c3\u00abn dhe Arjonin. \u00c3\u2039sht\u00c3\u00ab Moza e para q\u00c3\u00ab hap tem\u00c3\u00abn p\u00c3\u00abr ta, duke i treguar vajzave se ata t\u00c3\u00ab dy po rrin\u00c3\u00ab shum\u00c3\u00ab af\u00c3\u00abr njeri-tjetrit.\" \/>\n<meta property=\"og:url\" content=\"https:\/\/www.visit-ulcinj.com\/blog\/2009\/04\/05\/mimoza-jane-shume-larg\/\" \/>\n<meta property=\"og:site_name\" content=\"Lajme nga Ulqini\" \/>\n<meta property=\"article:published_time\" content=\"2009-04-05T08:05:31+00:00\" \/>\n<meta property=\"og:image\" content=\"http:\/\/www.visit-ulcinj.com\/blog\/wp-content\/uploads\/2009\/04\/per-anjezenarjonin.jpg\" \/>\n<meta name=\"twitter:label1\" content=\"Written by\" \/>\n\t<meta name=\"twitter:data1\" content=\"ulqini\" \/>\n<script type=\"application\/ld+json\" class=\"yoast-schema-graph\">{\"@context\":\"https:\/\/schema.org\",\"@graph\":[{\"@type\":\"WebSite\",\"@id\":\"https:\/\/www.visit-ulcinj.com\/blog\/#website\",\"url\":\"https:\/\/www.visit-ulcinj.com\/blog\/\",\"name\":\"Lajme nga Ulqini\",\"description\":\"Lajme,Vijesti,Ulqini,Ulqin,Crna Gora,Mali i Zi\",\"potentialAction\":[{\"@type\":\"SearchAction\",\"target\":{\"@type\":\"EntryPoint\",\"urlTemplate\":\"https:\/\/www.visit-ulcinj.com\/blog\/?s={search_term_string}\"},\"query-input\":\"required name=search_term_string\"}],\"inLanguage\":\"en-US\"},{\"@type\":\"ImageObject\",\"inLanguage\":\"en-US\",\"@id\":\"https:\/\/www.visit-ulcinj.com\/blog\/2009\/04\/05\/mimoza-jane-shume-larg\/#primaryimage\",\"url\":\"http:\/\/www.visit-ulcinj.com\/blog\/wp-content\/uploads\/2009\/04\/per-anjezenarjonin.jpg\",\"contentUrl\":\"http:\/\/www.visit-ulcinj.com\/blog\/wp-content\/uploads\/2009\/04\/per-anjezenarjonin.jpg\"},{\"@type\":\"WebPage\",\"@id\":\"https:\/\/www.visit-ulcinj.com\/blog\/2009\/04\/05\/mimoza-jane-shume-larg\/#webpage\",\"url\":\"https:\/\/www.visit-ulcinj.com\/blog\/2009\/04\/05\/mimoza-jane-shume-larg\/\",\"name\":\"Mimoza : Jan\u00c3\u00ab shum\u00c3\u00ab larg | Big Brother Albania 2\",\"isPartOf\":{\"@id\":\"https:\/\/www.visit-ulcinj.com\/blog\/#website\"},\"primaryImageOfPage\":{\"@id\":\"https:\/\/www.visit-ulcinj.com\/blog\/2009\/04\/05\/mimoza-jane-shume-larg\/#primaryimage\"},\"datePublished\":\"2009-04-05T08:05:31+00:00\",\"dateModified\":\"2009-04-05T08:05:31+00:00\",\"author\":{\"@id\":\"https:\/\/www.visit-ulcinj.com\/blog\/#\/schema\/person\/dcab619c614d3038751c63bc2aadc06d\"},\"description\":\"Big Brother Albania 2 - Adela, Bika dhe Moza flasin p\u00c3\u00abr Anjez\u00c3\u00abn dhe Arjonin. \u00c3\u2039sht\u00c3\u00ab Moza e para q\u00c3\u00ab hap tem\u00c3\u00abn p\u00c3\u00abr ta, duke i treguar vajzave se ata t\u00c3\u00ab dy po rrin\u00c3\u00ab shum\u00c3\u00ab af\u00c3\u00abr njeri-tjetrit.\",\"breadcrumb\":{\"@id\":\"https:\/\/www.visit-ulcinj.com\/blog\/2009\/04\/05\/mimoza-jane-shume-larg\/#breadcrumb\"},\"inLanguage\":\"en-US\",\"potentialAction\":[{\"@type\":\"ReadAction\",\"target\":[\"https:\/\/www.visit-ulcinj.com\/blog\/2009\/04\/05\/mimoza-jane-shume-larg\/\"]}]},{\"@type\":\"BreadcrumbList\",\"@id\":\"https:\/\/www.visit-ulcinj.com\/blog\/2009\/04\/05\/mimoza-jane-shume-larg\/#breadcrumb\",\"itemListElement\":[{\"@type\":\"ListItem\",\"position\":1,\"name\":\"Mimoza : Jan\u00eb shum\u00eb larg\"}]},{\"@type\":\"Person\",\"@id\":\"https:\/\/www.visit-ulcinj.com\/blog\/#\/schema\/person\/dcab619c614d3038751c63bc2aadc06d\",\"name\":\"ulqini\",\"sameAs\":[\"http:\/\/www.visit-ulcinj.com\"],\"url\":\"https:\/\/www.visit-ulcinj.com\/blog\/author\/admin\/\"}]}<\/script>\n<!-- \/ Yoast SEO plugin. -->","yoast_head_json":{"title":"Mimoza : Jan\u00c3\u00ab shum\u00c3\u00ab larg | Big Brother Albania 2","description":"Big Brother Albania 2 - Adela, Bika dhe Moza flasin p\u00c3\u00abr Anjez\u00c3\u00abn dhe Arjonin. \u00c3\u2039sht\u00c3\u00ab Moza e para q\u00c3\u00ab hap tem\u00c3\u00abn p\u00c3\u00abr ta, duke i treguar vajzave se ata t\u00c3\u00ab dy po rrin\u00c3\u00ab shum\u00c3\u00ab af\u00c3\u00abr njeri-tjetrit.","robots":{"index":"index","follow":"follow","max-snippet":"max-snippet:-1","max-image-preview":"max-image-preview:large","max-video-preview":"max-video-preview:-1"},"canonical":"https:\/\/www.visit-ulcinj.com\/blog\/2009\/04\/05\/mimoza-jane-shume-larg\/","og_locale":"en_US","og_type":"article","og_title":"Mimoza : Jan\u00c3\u00ab shum\u00c3\u00ab larg | Big Brother Albania 2","og_description":"Big Brother Albania 2 - Adela, Bika dhe Moza flasin p\u00c3\u00abr Anjez\u00c3\u00abn dhe Arjonin. \u00c3\u2039sht\u00c3\u00ab Moza e para q\u00c3\u00ab hap tem\u00c3\u00abn p\u00c3\u00abr ta, duke i treguar vajzave se ata t\u00c3\u00ab dy po rrin\u00c3\u00ab shum\u00c3\u00ab af\u00c3\u00abr njeri-tjetrit.","og_url":"https:\/\/www.visit-ulcinj.com\/blog\/2009\/04\/05\/mimoza-jane-shume-larg\/","og_site_name":"Lajme nga Ulqini","article_published_time":"2009-04-05T08:05:31+00:00","og_image":[{"url":"http:\/\/www.visit-ulcinj.com\/blog\/wp-content\/uploads\/2009\/04\/per-anjezenarjonin.jpg"}],"twitter_misc":{"Written by":"ulqini"},"schema":{"@context":"https:\/\/schema.org","@graph":[{"@type":"WebSite","@id":"https:\/\/www.visit-ulcinj.com\/blog\/#website","url":"https:\/\/www.visit-ulcinj.com\/blog\/","name":"Lajme nga Ulqini","description":"Lajme,Vijesti,Ulqini,Ulqin,Crna Gora,Mali i Zi","potentialAction":[{"@type":"SearchAction","target":{"@type":"EntryPoint","urlTemplate":"https:\/\/www.visit-ulcinj.com\/blog\/?s={search_term_string}"},"query-input":"required name=search_term_string"}],"inLanguage":"en-US"},{"@type":"ImageObject","inLanguage":"en-US","@id":"https:\/\/www.visit-ulcinj.com\/blog\/2009\/04\/05\/mimoza-jane-shume-larg\/#primaryimage","url":"http:\/\/www.visit-ulcinj.com\/blog\/wp-content\/uploads\/2009\/04\/per-anjezenarjonin.jpg","contentUrl":"http:\/\/www.visit-ulcinj.com\/blog\/wp-content\/uploads\/2009\/04\/per-anjezenarjonin.jpg"},{"@type":"WebPage","@id":"https:\/\/www.visit-ulcinj.com\/blog\/2009\/04\/05\/mimoza-jane-shume-larg\/#webpage","url":"https:\/\/www.visit-ulcinj.com\/blog\/2009\/04\/05\/mimoza-jane-shume-larg\/","name":"Mimoza : Jan\u00c3\u00ab shum\u00c3\u00ab larg | Big Brother Albania 2","isPartOf":{"@id":"https:\/\/www.visit-ulcinj.com\/blog\/#website"},"primaryImageOfPage":{"@id":"https:\/\/www.visit-ulcinj.com\/blog\/2009\/04\/05\/mimoza-jane-shume-larg\/#primaryimage"},"datePublished":"2009-04-05T08:05:31+00:00","dateModified":"2009-04-05T08:05:31+00:00","author":{"@id":"https:\/\/www.visit-ulcinj.com\/blog\/#\/schema\/person\/dcab619c614d3038751c63bc2aadc06d"},"description":"Big Brother Albania 2 - Adela, Bika dhe Moza flasin p\u00c3\u00abr Anjez\u00c3\u00abn dhe Arjonin. \u00c3\u2039sht\u00c3\u00ab Moza e para q\u00c3\u00ab hap tem\u00c3\u00abn p\u00c3\u00abr ta, duke i treguar vajzave se ata t\u00c3\u00ab dy po rrin\u00c3\u00ab shum\u00c3\u00ab af\u00c3\u00abr njeri-tjetrit.","breadcrumb":{"@id":"https:\/\/www.visit-ulcinj.com\/blog\/2009\/04\/05\/mimoza-jane-shume-larg\/#breadcrumb"},"inLanguage":"en-US","potentialAction":[{"@type":"ReadAction","target":["https:\/\/www.visit-ulcinj.com\/blog\/2009\/04\/05\/mimoza-jane-shume-larg\/"]}]},{"@type":"BreadcrumbList","@id":"https:\/\/www.visit-ulcinj.com\/blog\/2009\/04\/05\/mimoza-jane-shume-larg\/#breadcrumb","itemListElement":[{"@type":"ListItem","position":1,"name":"Mimoza : Jan\u00eb shum\u00eb larg"}]},{"@type":"Person","@id":"https:\/\/www.visit-ulcinj.com\/blog\/#\/schema\/person\/dcab619c614d3038751c63bc2aadc06d","name":"ulqini","sameAs":["http:\/\/www.visit-ulcinj.com"],"url":"https:\/\/www.visit-ulcinj.com\/blog\/author\/admin\/"}]}},"jetpack_featured_media_url":"","jetpack_sharing_enabled":true,"jetpack_shortlink":"https:\/\/wp.me\/pe6lTn-4lf","_links":{"self":[{"href":"https:\/\/www.visit-ulcinj.com\/blog\/wp-json\/wp\/v2\/posts\/16693"}],"collection":[{"href":"https:\/\/www.visit-ulcinj.com\/blog\/wp-json\/wp\/v2\/posts"}],"about":[{"href":"https:\/\/www.visit-ulcinj.com\/blog\/wp-json\/wp\/v2\/types\/post"}],"author":[{"embeddable":true,"href":"https:\/\/www.visit-ulcinj.com\/blog\/wp-json\/wp\/v2\/users\/1"}],"replies":[{"embeddable":true,"href":"https:\/\/www.visit-ulcinj.com\/blog\/wp-json\/wp\/v2\/comments?post=16693"}],"version-history":[{"count":0,"href":"https:\/\/www.visit-ulcinj.com\/blog\/wp-json\/wp\/v2\/posts\/16693\/revisions"}],"wp:attachment":[{"href":"https:\/\/www.visit-ulcinj.com\/blog\/wp-json\/wp\/v2\/media?parent=16693"}],"wp:term":[{"taxonomy":"category","embeddable":true,"href":"https:\/\/www.visit-ulcinj.com\/blog\/wp-json\/wp\/v2\/categories?post=16693"},{"taxonomy":"post_tag","embeddable":true,"href":"https:\/\/www.visit-ulcinj.com\/blog\/wp-json\/wp\/v2\/tags?post=16693"}],"curies":[{"name":"wp","href":"https:\/\/api.w.org\/{rel}","templated":true}]}}