{"id":16696,"date":"2009-04-05T10:08:04","date_gmt":"2009-04-05T08:08:04","guid":{"rendered":"http:\/\/www.visit-ulcinj.com\/blog\/?p=16696"},"modified":"2009-04-05T10:08:04","modified_gmt":"2009-04-05T08:08:04","slug":"adelajda-perse-vetem-une-ne-nominim","status":"publish","type":"post","link":"https:\/\/www.visit-ulcinj.com\/blog\/2009\/04\/05\/adelajda-perse-vetem-une-ne-nominim\/","title":{"rendered":"Adelajda : P\u00ebrse vet\u00ebm un\u00eb n\u00eb nominim"},"content":{"rendered":"<p><em><span class=\"newsdate\"><a href=\"http:\/\/www.visit-ulcinj.com\/blog\/wp-content\/uploads\/2009\/04\/adela-per-nomin.jpg\"><img loading=\"lazy\" class=\"alignleft size-full wp-image-16697\" title=\"adela-per-nomin-big-brother-albania-2\" src=\"http:\/\/www.visit-ulcinj.com\/blog\/wp-content\/uploads\/2009\/04\/adela-per-nomin.jpg\" alt=\"adela-per-nomin-big-brother-albania-2\" width=\"300\" height=\"205\" \/><\/a>02\/04\/09 11:50<\/span><\/em><\/p>\n<p>Adela u thot\u00eb m\u00eb keqardhje vajzave se ka kat\u00ebr jav\u00eb rresht q\u00eb del n\u00eb nominim, nd\u00ebrsa ato vet\u00ebm nga nj\u00eb her\u00eb. Moza jep mendimin e saj se p\u00ebrs\u00ebri Adela ka p\u00ebr t\u00eb dal\u00eb n\u00eb nominim. Adela shprehet e m\u00ebrzitur se nuk e kupton se p\u00ebrse e kan\u00eb kapur me t\u00eb dhe se p\u00ebrse nuk nxjerrin ndonj\u00eb tjet\u00ebr n\u00eb nominim, si p\u00ebrshembull Moz\u00ebn. Ajo i p\u00ebrgjigjet se nuk e kupton k\u00ebt\u00eb fakt, nd\u00ebrsa Bika jep mendimin se ndoshta ajo b\u00eb sjellje q\u00eb t\u00eb tjer\u00ebt bezdisen. Adela ia kthen se Bika flet m\u00eb keq se ajo, por sipas Moz\u00ebs, t\u00eb tjer\u00ebt e njohin tipin e Bik\u00ebs e ndaj nuk ia marrin me t\u00eb keq. Moza e imiton mimik\u00ebn e Adel\u00ebs, duke i v\u00ebn\u00eb n\u00eb dukje se kjo \u00ebsht\u00eb nj\u00eb nd\u00ebr ato q\u00eb t\u00eb tjer\u00ebt nuk e p\u00eblqejn\u00eb. Bika i v\u00eb n\u00eb dukje se ndonj\u00ebher\u00eb, ajo shpreh disa fjal\u00eb q\u00eb t\u00eb tjer\u00ebt fillojn\u00eb e e ngacmojn\u00eb.<\/p>\n","protected":false},"excerpt":{"rendered":"<p>02\/04\/09 11:50 Adela u thot\u00eb m\u00eb keqardhje vajzave se ka kat\u00ebr jav\u00eb rresht q\u00eb del n\u00eb nominim, nd\u00ebrsa ato vet\u00ebm nga nj\u00eb her\u00eb. Moza jep mendimin e saj se p\u00ebrs\u00ebri Adela ka p\u00ebr t\u00eb dal\u00eb n\u00eb nominim. Adela shprehet e m\u00ebrzitur se nuk e kupton se p\u00ebrse e kan\u00eb kapur me t\u00eb dhe se p\u00ebrse [&hellip;]<\/p>\n","protected":false},"author":1,"featured_media":0,"comment_status":"open","ping_status":"closed","sticky":false,"template":"","format":"standard","meta":{"spay_email":"","jetpack_publicize_message":"","jetpack_is_tweetstorm":false,"jetpack_publicize_feature_enabled":true},"categories":[6502],"tags":[6529,5057,6506,6516,6712,7129,6522,6544,6757,6891,6693,6887],"jetpack_publicize_connections":[],"yoast_head":"<!-- This site is optimized with the Yoast SEO plugin v19.1 - https:\/\/yoast.com\/wordpress\/plugins\/seo\/ -->\n<title>Adelajda : P\u00c3\u00abrse vet\u00c3\u00abm un\u00c3\u00ab n\u00c3\u00ab nominim | Big Brother Albania 2<\/title>\n<meta name=\"description\" content=\"Big Brother Albania 2 - Adela u thot\u00c3\u00ab m\u00c3\u00ab keqardhje vajzave se ka kat\u00c3\u00abr jav\u00c3\u00ab rresht q\u00c3\u00ab del n\u00c3\u00ab nominim, nd\u00c3\u00abrsa ato vet\u00c3\u00abm nga nj\u00c3\u00ab her\u00c3\u00ab. Moza jep mendimin e saj se p\u00c3\u00abrs\u00c3\u00abri Adela ka p\u00c3\u00abr t\u00c3\u00ab dal\u00c3\u00ab n\u00c3\u00ab nominim.\" \/>\n<meta name=\"robots\" content=\"index, follow, max-snippet:-1, max-image-preview:large, max-video-preview:-1\" \/>\n<link rel=\"canonical\" href=\"https:\/\/www.visit-ulcinj.com\/blog\/2009\/04\/05\/adelajda-perse-vetem-une-ne-nominim\/\" \/>\n<meta property=\"og:locale\" content=\"en_US\" \/>\n<meta property=\"og:type\" content=\"article\" \/>\n<meta property=\"og:title\" content=\"Adelajda : P\u00c3\u00abrse vet\u00c3\u00abm un\u00c3\u00ab n\u00c3\u00ab nominim | Big Brother Albania 2\" \/>\n<meta property=\"og:description\" content=\"Big Brother Albania 2 - Adela u thot\u00c3\u00ab m\u00c3\u00ab keqardhje vajzave se ka kat\u00c3\u00abr jav\u00c3\u00ab rresht q\u00c3\u00ab del n\u00c3\u00ab nominim, nd\u00c3\u00abrsa ato vet\u00c3\u00abm nga nj\u00c3\u00ab her\u00c3\u00ab. Moza jep mendimin e saj se p\u00c3\u00abrs\u00c3\u00abri Adela ka p\u00c3\u00abr t\u00c3\u00ab dal\u00c3\u00ab n\u00c3\u00ab nominim.\" \/>\n<meta property=\"og:url\" content=\"https:\/\/www.visit-ulcinj.com\/blog\/2009\/04\/05\/adelajda-perse-vetem-une-ne-nominim\/\" \/>\n<meta property=\"og:site_name\" content=\"Lajme nga Ulqini\" \/>\n<meta property=\"article:published_time\" content=\"2009-04-05T08:08:04+00:00\" \/>\n<meta property=\"og:image\" content=\"http:\/\/www.visit-ulcinj.com\/blog\/wp-content\/uploads\/2009\/04\/adela-per-nomin.jpg\" \/>\n<meta name=\"twitter:label1\" content=\"Written by\" \/>\n\t<meta name=\"twitter:data1\" content=\"ulqini\" \/>\n\t<meta name=\"twitter:label2\" content=\"Est. reading time\" \/>\n\t<meta name=\"twitter:data2\" content=\"1 minute\" \/>\n<script type=\"application\/ld+json\" class=\"yoast-schema-graph\">{\"@context\":\"https:\/\/schema.org\",\"@graph\":[{\"@type\":\"WebSite\",\"@id\":\"https:\/\/www.visit-ulcinj.com\/blog\/#website\",\"url\":\"https:\/\/www.visit-ulcinj.com\/blog\/\",\"name\":\"Lajme nga Ulqini\",\"description\":\"Lajme,Vijesti,Ulqini,Ulqin,Crna Gora,Mali i Zi\",\"potentialAction\":[{\"@type\":\"SearchAction\",\"target\":{\"@type\":\"EntryPoint\",\"urlTemplate\":\"https:\/\/www.visit-ulcinj.com\/blog\/?s={search_term_string}\"},\"query-input\":\"required name=search_term_string\"}],\"inLanguage\":\"en-US\"},{\"@type\":\"ImageObject\",\"inLanguage\":\"en-US\",\"@id\":\"https:\/\/www.visit-ulcinj.com\/blog\/2009\/04\/05\/adelajda-perse-vetem-une-ne-nominim\/#primaryimage\",\"url\":\"http:\/\/www.visit-ulcinj.com\/blog\/wp-content\/uploads\/2009\/04\/adela-per-nomin.jpg\",\"contentUrl\":\"http:\/\/www.visit-ulcinj.com\/blog\/wp-content\/uploads\/2009\/04\/adela-per-nomin.jpg\"},{\"@type\":\"WebPage\",\"@id\":\"https:\/\/www.visit-ulcinj.com\/blog\/2009\/04\/05\/adelajda-perse-vetem-une-ne-nominim\/#webpage\",\"url\":\"https:\/\/www.visit-ulcinj.com\/blog\/2009\/04\/05\/adelajda-perse-vetem-une-ne-nominim\/\",\"name\":\"Adelajda : P\u00c3\u00abrse vet\u00c3\u00abm un\u00c3\u00ab n\u00c3\u00ab nominim | Big Brother Albania 2\",\"isPartOf\":{\"@id\":\"https:\/\/www.visit-ulcinj.com\/blog\/#website\"},\"primaryImageOfPage\":{\"@id\":\"https:\/\/www.visit-ulcinj.com\/blog\/2009\/04\/05\/adelajda-perse-vetem-une-ne-nominim\/#primaryimage\"},\"datePublished\":\"2009-04-05T08:08:04+00:00\",\"dateModified\":\"2009-04-05T08:08:04+00:00\",\"author\":{\"@id\":\"https:\/\/www.visit-ulcinj.com\/blog\/#\/schema\/person\/dcab619c614d3038751c63bc2aadc06d\"},\"description\":\"Big Brother Albania 2 - Adela u thot\u00c3\u00ab m\u00c3\u00ab keqardhje vajzave se ka kat\u00c3\u00abr jav\u00c3\u00ab rresht q\u00c3\u00ab del n\u00c3\u00ab nominim, nd\u00c3\u00abrsa ato vet\u00c3\u00abm nga nj\u00c3\u00ab her\u00c3\u00ab. Moza jep mendimin e saj se p\u00c3\u00abrs\u00c3\u00abri Adela ka p\u00c3\u00abr t\u00c3\u00ab dal\u00c3\u00ab n\u00c3\u00ab nominim.\",\"breadcrumb\":{\"@id\":\"https:\/\/www.visit-ulcinj.com\/blog\/2009\/04\/05\/adelajda-perse-vetem-une-ne-nominim\/#breadcrumb\"},\"inLanguage\":\"en-US\",\"potentialAction\":[{\"@type\":\"ReadAction\",\"target\":[\"https:\/\/www.visit-ulcinj.com\/blog\/2009\/04\/05\/adelajda-perse-vetem-une-ne-nominim\/\"]}]},{\"@type\":\"BreadcrumbList\",\"@id\":\"https:\/\/www.visit-ulcinj.com\/blog\/2009\/04\/05\/adelajda-perse-vetem-une-ne-nominim\/#breadcrumb\",\"itemListElement\":[{\"@type\":\"ListItem\",\"position\":1,\"name\":\"Adelajda : P\u00ebrse vet\u00ebm un\u00eb n\u00eb nominim\"}]},{\"@type\":\"Person\",\"@id\":\"https:\/\/www.visit-ulcinj.com\/blog\/#\/schema\/person\/dcab619c614d3038751c63bc2aadc06d\",\"name\":\"ulqini\",\"sameAs\":[\"http:\/\/www.visit-ulcinj.com\"],\"url\":\"https:\/\/www.visit-ulcinj.com\/blog\/author\/admin\/\"}]}<\/script>\n<!-- \/ Yoast SEO plugin. -->","yoast_head_json":{"title":"Adelajda : P\u00c3\u00abrse vet\u00c3\u00abm un\u00c3\u00ab n\u00c3\u00ab nominim | Big Brother Albania 2","description":"Big Brother Albania 2 - Adela u thot\u00c3\u00ab m\u00c3\u00ab keqardhje vajzave se ka kat\u00c3\u00abr jav\u00c3\u00ab rresht q\u00c3\u00ab del n\u00c3\u00ab nominim, nd\u00c3\u00abrsa ato vet\u00c3\u00abm nga nj\u00c3\u00ab her\u00c3\u00ab. Moza jep mendimin e saj se p\u00c3\u00abrs\u00c3\u00abri Adela ka p\u00c3\u00abr t\u00c3\u00ab dal\u00c3\u00ab n\u00c3\u00ab nominim.","robots":{"index":"index","follow":"follow","max-snippet":"max-snippet:-1","max-image-preview":"max-image-preview:large","max-video-preview":"max-video-preview:-1"},"canonical":"https:\/\/www.visit-ulcinj.com\/blog\/2009\/04\/05\/adelajda-perse-vetem-une-ne-nominim\/","og_locale":"en_US","og_type":"article","og_title":"Adelajda : P\u00c3\u00abrse vet\u00c3\u00abm un\u00c3\u00ab n\u00c3\u00ab nominim | Big Brother Albania 2","og_description":"Big Brother Albania 2 - Adela u thot\u00c3\u00ab m\u00c3\u00ab keqardhje vajzave se ka kat\u00c3\u00abr jav\u00c3\u00ab rresht q\u00c3\u00ab del n\u00c3\u00ab nominim, nd\u00c3\u00abrsa ato vet\u00c3\u00abm nga nj\u00c3\u00ab her\u00c3\u00ab. Moza jep mendimin e saj se p\u00c3\u00abrs\u00c3\u00abri Adela ka p\u00c3\u00abr t\u00c3\u00ab dal\u00c3\u00ab n\u00c3\u00ab nominim.","og_url":"https:\/\/www.visit-ulcinj.com\/blog\/2009\/04\/05\/adelajda-perse-vetem-une-ne-nominim\/","og_site_name":"Lajme nga Ulqini","article_published_time":"2009-04-05T08:08:04+00:00","og_image":[{"url":"http:\/\/www.visit-ulcinj.com\/blog\/wp-content\/uploads\/2009\/04\/adela-per-nomin.jpg"}],"twitter_misc":{"Written by":"ulqini","Est. reading time":"1 minute"},"schema":{"@context":"https:\/\/schema.org","@graph":[{"@type":"WebSite","@id":"https:\/\/www.visit-ulcinj.com\/blog\/#website","url":"https:\/\/www.visit-ulcinj.com\/blog\/","name":"Lajme nga Ulqini","description":"Lajme,Vijesti,Ulqini,Ulqin,Crna Gora,Mali i Zi","potentialAction":[{"@type":"SearchAction","target":{"@type":"EntryPoint","urlTemplate":"https:\/\/www.visit-ulcinj.com\/blog\/?s={search_term_string}"},"query-input":"required name=search_term_string"}],"inLanguage":"en-US"},{"@type":"ImageObject","inLanguage":"en-US","@id":"https:\/\/www.visit-ulcinj.com\/blog\/2009\/04\/05\/adelajda-perse-vetem-une-ne-nominim\/#primaryimage","url":"http:\/\/www.visit-ulcinj.com\/blog\/wp-content\/uploads\/2009\/04\/adela-per-nomin.jpg","contentUrl":"http:\/\/www.visit-ulcinj.com\/blog\/wp-content\/uploads\/2009\/04\/adela-per-nomin.jpg"},{"@type":"WebPage","@id":"https:\/\/www.visit-ulcinj.com\/blog\/2009\/04\/05\/adelajda-perse-vetem-une-ne-nominim\/#webpage","url":"https:\/\/www.visit-ulcinj.com\/blog\/2009\/04\/05\/adelajda-perse-vetem-une-ne-nominim\/","name":"Adelajda : P\u00c3\u00abrse vet\u00c3\u00abm un\u00c3\u00ab n\u00c3\u00ab nominim | Big Brother Albania 2","isPartOf":{"@id":"https:\/\/www.visit-ulcinj.com\/blog\/#website"},"primaryImageOfPage":{"@id":"https:\/\/www.visit-ulcinj.com\/blog\/2009\/04\/05\/adelajda-perse-vetem-une-ne-nominim\/#primaryimage"},"datePublished":"2009-04-05T08:08:04+00:00","dateModified":"2009-04-05T08:08:04+00:00","author":{"@id":"https:\/\/www.visit-ulcinj.com\/blog\/#\/schema\/person\/dcab619c614d3038751c63bc2aadc06d"},"description":"Big Brother Albania 2 - Adela u thot\u00c3\u00ab m\u00c3\u00ab keqardhje vajzave se ka kat\u00c3\u00abr jav\u00c3\u00ab rresht q\u00c3\u00ab del n\u00c3\u00ab nominim, nd\u00c3\u00abrsa ato vet\u00c3\u00abm nga nj\u00c3\u00ab her\u00c3\u00ab. Moza jep mendimin e saj se p\u00c3\u00abrs\u00c3\u00abri Adela ka p\u00c3\u00abr t\u00c3\u00ab dal\u00c3\u00ab n\u00c3\u00ab nominim.","breadcrumb":{"@id":"https:\/\/www.visit-ulcinj.com\/blog\/2009\/04\/05\/adelajda-perse-vetem-une-ne-nominim\/#breadcrumb"},"inLanguage":"en-US","potentialAction":[{"@type":"ReadAction","target":["https:\/\/www.visit-ulcinj.com\/blog\/2009\/04\/05\/adelajda-perse-vetem-une-ne-nominim\/"]}]},{"@type":"BreadcrumbList","@id":"https:\/\/www.visit-ulcinj.com\/blog\/2009\/04\/05\/adelajda-perse-vetem-une-ne-nominim\/#breadcrumb","itemListElement":[{"@type":"ListItem","position":1,"name":"Adelajda : P\u00ebrse vet\u00ebm un\u00eb n\u00eb nominim"}]},{"@type":"Person","@id":"https:\/\/www.visit-ulcinj.com\/blog\/#\/schema\/person\/dcab619c614d3038751c63bc2aadc06d","name":"ulqini","sameAs":["http:\/\/www.visit-ulcinj.com"],"url":"https:\/\/www.visit-ulcinj.com\/blog\/author\/admin\/"}]}},"jetpack_featured_media_url":"","jetpack_sharing_enabled":true,"jetpack_shortlink":"https:\/\/wp.me\/pe6lTn-4li","_links":{"self":[{"href":"https:\/\/www.visit-ulcinj.com\/blog\/wp-json\/wp\/v2\/posts\/16696"}],"collection":[{"href":"https:\/\/www.visit-ulcinj.com\/blog\/wp-json\/wp\/v2\/posts"}],"about":[{"href":"https:\/\/www.visit-ulcinj.com\/blog\/wp-json\/wp\/v2\/types\/post"}],"author":[{"embeddable":true,"href":"https:\/\/www.visit-ulcinj.com\/blog\/wp-json\/wp\/v2\/users\/1"}],"replies":[{"embeddable":true,"href":"https:\/\/www.visit-ulcinj.com\/blog\/wp-json\/wp\/v2\/comments?post=16696"}],"version-history":[{"count":0,"href":"https:\/\/www.visit-ulcinj.com\/blog\/wp-json\/wp\/v2\/posts\/16696\/revisions"}],"wp:attachment":[{"href":"https:\/\/www.visit-ulcinj.com\/blog\/wp-json\/wp\/v2\/media?parent=16696"}],"wp:term":[{"taxonomy":"category","embeddable":true,"href":"https:\/\/www.visit-ulcinj.com\/blog\/wp-json\/wp\/v2\/categories?post=16696"},{"taxonomy":"post_tag","embeddable":true,"href":"https:\/\/www.visit-ulcinj.com\/blog\/wp-json\/wp\/v2\/tags?post=16696"}],"curies":[{"name":"wp","href":"https:\/\/api.w.org\/{rel}","templated":true}]}}