{"id":16699,"date":"2009-04-05T10:10:02","date_gmt":"2009-04-05T08:10:02","guid":{"rendered":"http:\/\/www.visit-ulcinj.com\/blog\/?p=16699"},"modified":"2009-04-05T10:10:02","modified_gmt":"2009-04-05T08:10:02","slug":"adelajda-nuk-kam-ndermend-te-lidhem","status":"publish","type":"post","link":"https:\/\/www.visit-ulcinj.com\/blog\/2009\/04\/05\/adelajda-nuk-kam-ndermend-te-lidhem\/","title":{"rendered":"Adelajda : Nuk kam nd\u00ebrmend t\u00eb lidhem"},"content":{"rendered":"<p><em><span class=\"newsdate\"><a href=\"http:\/\/www.visit-ulcinj.com\/blog\/wp-content\/uploads\/2009\/04\/adelaanjeza-per-bjordin.jpg\"><img loading=\"lazy\" class=\"alignleft size-full wp-image-16700\" title=\"adelaanjeza-per-bjordin-big-brother-albania-2\" src=\"http:\/\/www.visit-ulcinj.com\/blog\/wp-content\/uploads\/2009\/04\/adelaanjeza-per-bjordin.jpg\" alt=\"adelaanjeza-per-bjordin-big-brother-albania-2\" width=\"300\" height=\"205\" \/><\/a>02\/04\/09 14:10<\/span><\/em><\/p>\n<p>Anjeza pyet Adel\u00ebn p\u00ebr marr\u00ebdh\u00ebnien e saj me Bjordin. Ajo i thot\u00eb se Bjordi rri sh\u00eb af\u00ebr me t\u00eb, ndryshe nga vajzat e tjera. Adela ia kthen se nga ana e Bjordit ka t\u00ebrheqje, nd\u00ebrsa nga ana e saj nuk mund ta thot\u00eb k\u00ebt\u00eb gj\u00eb. Sipas Anjez\u00ebs, koha q\u00eb kan\u00eb kaluar n\u00eb sht\u00ebpi \u00ebsht\u00eb e mjaftueshme q\u00eb ajo ta p\u00ebrcaktoj\u00eb n\u00ebse ndjen t\u00ebrheqje te Bjordi apo jo sepse, sipas saj, nj\u00eb muaj brenda \u00ebsht\u00eb nj\u00ebsoj si nj\u00eb vit jasht\u00eb, pasi rrin\u00eb 24 or\u00eb n\u00eb dit\u00eb bashk\u00eb. Adela i thot\u00eb se di vet\u00ebm q\u00eb rrin\u00eb bashk\u00eb e q\u00eb ndjehen mir\u00eb me njeri-tjetrin dhe kaq. Ajo shton se k\u00ebshtu kan\u00eb ndenjur q\u00eb n\u00eb fillim. Anjeza vazhdon me mendimin e saj\u00eb se t\u00eb ndjesh dicka p\u00ebr dik\u00eb, nuk \u00ebsht\u00eb asgj\u00eb e keqe dhe nuk duhet ta fsheh\u00ebsh, pasi \u00ebsht\u00eb nj\u00eb ndjenj\u00eb shum\u00eb e bukur. Ajo i thot\u00eb se ka v\u00ebn\u00eb re se lidhja midis atyre t\u00eb dyve, shkon p\u00ebrtej nj\u00eb miq\u00ebsie. P\u00ebr Adel\u00ebn, rrethanat ku ndodhen, nuk e b\u00ebjn\u00eb t\u00eb nevojshme q\u00eb t\u00eb b\u00ebjn\u00eb p\u00ebrcaktime t\u00eb tilla, sepse gj\u00ebrat vijn\u00eb natyrsh\u00ebm dhe se askush nuk i detyron q\u00eb t\u00eb b\u00ebjn\u00eb p\u00ebrcaktime se cfar\u00eb marr\u00ebdh\u00ebnie kan\u00eb. Ajo mendon se p\u00ebr nj\u00eb muaj q\u00eb ata njihen, nuk mund t\u00eb thon\u00eb asgj\u00eb, as q\u00eb duhen as q\u00eb nuk duhen, pasi koha \u00ebsht\u00eb e pamjaftueshme. Anjeza e pyet se si do vazhdoj\u00eb kjo histori jasht\u00eb dhe Adela i p\u00ebrgjigjet se k\u00ebt\u00eb gj\u00eb nuk mund ta thot\u00eb me siguri, por do t\u00eb vazhdojn\u00eb t\u00eb takohen bashk\u00eb, nd\u00ebrsa lidhjen nuk e con nd\u00ebrmend. Sipas saj, k\u00ebto gj\u00ebra kan\u00eb nevoj\u00eb p\u00ebr koh\u00eb.<\/p>\n","protected":false},"excerpt":{"rendered":"<p>02\/04\/09 14:10 Anjeza pyet Adel\u00ebn p\u00ebr marr\u00ebdh\u00ebnien e saj me Bjordin. Ajo i thot\u00eb se Bjordi rri sh\u00eb af\u00ebr me t\u00eb, ndryshe nga vajzat e tjera. Adela ia kthen se nga ana e Bjordit ka t\u00ebrheqje, nd\u00ebrsa nga ana e saj nuk mund ta thot\u00eb k\u00ebt\u00eb gj\u00eb. Sipas Anjez\u00ebs, koha q\u00eb kan\u00eb kaluar n\u00eb sht\u00ebpi [&hellip;]<\/p>\n","protected":false},"author":1,"featured_media":0,"comment_status":"open","ping_status":"closed","sticky":false,"template":"","format":"standard","meta":{"spay_email":"","jetpack_publicize_message":"","jetpack_is_tweetstorm":false,"jetpack_publicize_feature_enabled":true},"categories":[6502],"tags":[6529,8289,5057,6506,6516,6712,7129,6522,6891,6693,6887],"jetpack_publicize_connections":[],"yoast_head":"<!-- This site is optimized with the Yoast SEO plugin v19.1 - https:\/\/yoast.com\/wordpress\/plugins\/seo\/ -->\n<title>Adelajda : Nuk kam nd\u00c3\u00abrmend t\u00c3\u00ab lidhem | Big Brother Albania 2<\/title>\n<meta name=\"description\" content=\"Big Brother Albania 2 - Anjeza pyet Adel\u00c3\u00abn p\u00c3\u00abr marr\u00c3\u00abdh\u00c3\u00abnien e saj me Bjordin. Ajo i thot\u00c3\u00ab se Bjordi rri sh\u00c3\u00ab af\u00c3\u00abr me t\u00c3\u00ab, ndryshe nga vajzat e tjera.\" \/>\n<meta name=\"robots\" content=\"index, follow, max-snippet:-1, max-image-preview:large, max-video-preview:-1\" \/>\n<link rel=\"canonical\" href=\"https:\/\/www.visit-ulcinj.com\/blog\/2009\/04\/05\/adelajda-nuk-kam-ndermend-te-lidhem\/\" \/>\n<meta property=\"og:locale\" content=\"en_US\" \/>\n<meta property=\"og:type\" content=\"article\" \/>\n<meta property=\"og:title\" content=\"Adelajda : Nuk kam nd\u00c3\u00abrmend t\u00c3\u00ab lidhem | Big Brother Albania 2\" \/>\n<meta property=\"og:description\" content=\"Big Brother Albania 2 - Anjeza pyet Adel\u00c3\u00abn p\u00c3\u00abr marr\u00c3\u00abdh\u00c3\u00abnien e saj me Bjordin. Ajo i thot\u00c3\u00ab se Bjordi rri sh\u00c3\u00ab af\u00c3\u00abr me t\u00c3\u00ab, ndryshe nga vajzat e tjera.\" \/>\n<meta property=\"og:url\" content=\"https:\/\/www.visit-ulcinj.com\/blog\/2009\/04\/05\/adelajda-nuk-kam-ndermend-te-lidhem\/\" \/>\n<meta property=\"og:site_name\" content=\"Lajme nga Ulqini\" \/>\n<meta property=\"article:published_time\" content=\"2009-04-05T08:10:02+00:00\" \/>\n<meta property=\"og:image\" content=\"http:\/\/www.visit-ulcinj.com\/blog\/wp-content\/uploads\/2009\/04\/adelaanjeza-per-bjordin.jpg\" \/>\n<meta name=\"twitter:label1\" content=\"Written by\" \/>\n\t<meta name=\"twitter:data1\" content=\"ulqini\" \/>\n\t<meta name=\"twitter:label2\" content=\"Est. reading time\" \/>\n\t<meta name=\"twitter:data2\" content=\"2 minutes\" \/>\n<script type=\"application\/ld+json\" class=\"yoast-schema-graph\">{\"@context\":\"https:\/\/schema.org\",\"@graph\":[{\"@type\":\"WebSite\",\"@id\":\"https:\/\/www.visit-ulcinj.com\/blog\/#website\",\"url\":\"https:\/\/www.visit-ulcinj.com\/blog\/\",\"name\":\"Lajme nga Ulqini\",\"description\":\"Lajme,Vijesti,Ulqini,Ulqin,Crna Gora,Mali i Zi\",\"potentialAction\":[{\"@type\":\"SearchAction\",\"target\":{\"@type\":\"EntryPoint\",\"urlTemplate\":\"https:\/\/www.visit-ulcinj.com\/blog\/?s={search_term_string}\"},\"query-input\":\"required name=search_term_string\"}],\"inLanguage\":\"en-US\"},{\"@type\":\"ImageObject\",\"inLanguage\":\"en-US\",\"@id\":\"https:\/\/www.visit-ulcinj.com\/blog\/2009\/04\/05\/adelajda-nuk-kam-ndermend-te-lidhem\/#primaryimage\",\"url\":\"http:\/\/www.visit-ulcinj.com\/blog\/wp-content\/uploads\/2009\/04\/adelaanjeza-per-bjordin.jpg\",\"contentUrl\":\"http:\/\/www.visit-ulcinj.com\/blog\/wp-content\/uploads\/2009\/04\/adelaanjeza-per-bjordin.jpg\"},{\"@type\":\"WebPage\",\"@id\":\"https:\/\/www.visit-ulcinj.com\/blog\/2009\/04\/05\/adelajda-nuk-kam-ndermend-te-lidhem\/#webpage\",\"url\":\"https:\/\/www.visit-ulcinj.com\/blog\/2009\/04\/05\/adelajda-nuk-kam-ndermend-te-lidhem\/\",\"name\":\"Adelajda : Nuk kam nd\u00c3\u00abrmend t\u00c3\u00ab lidhem | Big Brother Albania 2\",\"isPartOf\":{\"@id\":\"https:\/\/www.visit-ulcinj.com\/blog\/#website\"},\"primaryImageOfPage\":{\"@id\":\"https:\/\/www.visit-ulcinj.com\/blog\/2009\/04\/05\/adelajda-nuk-kam-ndermend-te-lidhem\/#primaryimage\"},\"datePublished\":\"2009-04-05T08:10:02+00:00\",\"dateModified\":\"2009-04-05T08:10:02+00:00\",\"author\":{\"@id\":\"https:\/\/www.visit-ulcinj.com\/blog\/#\/schema\/person\/dcab619c614d3038751c63bc2aadc06d\"},\"description\":\"Big Brother Albania 2 - Anjeza pyet Adel\u00c3\u00abn p\u00c3\u00abr marr\u00c3\u00abdh\u00c3\u00abnien e saj me Bjordin. Ajo i thot\u00c3\u00ab se Bjordi rri sh\u00c3\u00ab af\u00c3\u00abr me t\u00c3\u00ab, ndryshe nga vajzat e tjera.\",\"breadcrumb\":{\"@id\":\"https:\/\/www.visit-ulcinj.com\/blog\/2009\/04\/05\/adelajda-nuk-kam-ndermend-te-lidhem\/#breadcrumb\"},\"inLanguage\":\"en-US\",\"potentialAction\":[{\"@type\":\"ReadAction\",\"target\":[\"https:\/\/www.visit-ulcinj.com\/blog\/2009\/04\/05\/adelajda-nuk-kam-ndermend-te-lidhem\/\"]}]},{\"@type\":\"BreadcrumbList\",\"@id\":\"https:\/\/www.visit-ulcinj.com\/blog\/2009\/04\/05\/adelajda-nuk-kam-ndermend-te-lidhem\/#breadcrumb\",\"itemListElement\":[{\"@type\":\"ListItem\",\"position\":1,\"name\":\"Adelajda : Nuk kam nd\u00ebrmend t\u00eb lidhem\"}]},{\"@type\":\"Person\",\"@id\":\"https:\/\/www.visit-ulcinj.com\/blog\/#\/schema\/person\/dcab619c614d3038751c63bc2aadc06d\",\"name\":\"ulqini\",\"sameAs\":[\"http:\/\/www.visit-ulcinj.com\"],\"url\":\"https:\/\/www.visit-ulcinj.com\/blog\/author\/admin\/\"}]}<\/script>\n<!-- \/ Yoast SEO plugin. -->","yoast_head_json":{"title":"Adelajda : Nuk kam nd\u00c3\u00abrmend t\u00c3\u00ab lidhem | Big Brother Albania 2","description":"Big Brother Albania 2 - Anjeza pyet Adel\u00c3\u00abn p\u00c3\u00abr marr\u00c3\u00abdh\u00c3\u00abnien e saj me Bjordin. Ajo i thot\u00c3\u00ab se Bjordi rri sh\u00c3\u00ab af\u00c3\u00abr me t\u00c3\u00ab, ndryshe nga vajzat e tjera.","robots":{"index":"index","follow":"follow","max-snippet":"max-snippet:-1","max-image-preview":"max-image-preview:large","max-video-preview":"max-video-preview:-1"},"canonical":"https:\/\/www.visit-ulcinj.com\/blog\/2009\/04\/05\/adelajda-nuk-kam-ndermend-te-lidhem\/","og_locale":"en_US","og_type":"article","og_title":"Adelajda : Nuk kam nd\u00c3\u00abrmend t\u00c3\u00ab lidhem | Big Brother Albania 2","og_description":"Big Brother Albania 2 - Anjeza pyet Adel\u00c3\u00abn p\u00c3\u00abr marr\u00c3\u00abdh\u00c3\u00abnien e saj me Bjordin. Ajo i thot\u00c3\u00ab se Bjordi rri sh\u00c3\u00ab af\u00c3\u00abr me t\u00c3\u00ab, ndryshe nga vajzat e tjera.","og_url":"https:\/\/www.visit-ulcinj.com\/blog\/2009\/04\/05\/adelajda-nuk-kam-ndermend-te-lidhem\/","og_site_name":"Lajme nga Ulqini","article_published_time":"2009-04-05T08:10:02+00:00","og_image":[{"url":"http:\/\/www.visit-ulcinj.com\/blog\/wp-content\/uploads\/2009\/04\/adelaanjeza-per-bjordin.jpg"}],"twitter_misc":{"Written by":"ulqini","Est. reading time":"2 minutes"},"schema":{"@context":"https:\/\/schema.org","@graph":[{"@type":"WebSite","@id":"https:\/\/www.visit-ulcinj.com\/blog\/#website","url":"https:\/\/www.visit-ulcinj.com\/blog\/","name":"Lajme nga Ulqini","description":"Lajme,Vijesti,Ulqini,Ulqin,Crna Gora,Mali i Zi","potentialAction":[{"@type":"SearchAction","target":{"@type":"EntryPoint","urlTemplate":"https:\/\/www.visit-ulcinj.com\/blog\/?s={search_term_string}"},"query-input":"required name=search_term_string"}],"inLanguage":"en-US"},{"@type":"ImageObject","inLanguage":"en-US","@id":"https:\/\/www.visit-ulcinj.com\/blog\/2009\/04\/05\/adelajda-nuk-kam-ndermend-te-lidhem\/#primaryimage","url":"http:\/\/www.visit-ulcinj.com\/blog\/wp-content\/uploads\/2009\/04\/adelaanjeza-per-bjordin.jpg","contentUrl":"http:\/\/www.visit-ulcinj.com\/blog\/wp-content\/uploads\/2009\/04\/adelaanjeza-per-bjordin.jpg"},{"@type":"WebPage","@id":"https:\/\/www.visit-ulcinj.com\/blog\/2009\/04\/05\/adelajda-nuk-kam-ndermend-te-lidhem\/#webpage","url":"https:\/\/www.visit-ulcinj.com\/blog\/2009\/04\/05\/adelajda-nuk-kam-ndermend-te-lidhem\/","name":"Adelajda : Nuk kam nd\u00c3\u00abrmend t\u00c3\u00ab lidhem | Big Brother Albania 2","isPartOf":{"@id":"https:\/\/www.visit-ulcinj.com\/blog\/#website"},"primaryImageOfPage":{"@id":"https:\/\/www.visit-ulcinj.com\/blog\/2009\/04\/05\/adelajda-nuk-kam-ndermend-te-lidhem\/#primaryimage"},"datePublished":"2009-04-05T08:10:02+00:00","dateModified":"2009-04-05T08:10:02+00:00","author":{"@id":"https:\/\/www.visit-ulcinj.com\/blog\/#\/schema\/person\/dcab619c614d3038751c63bc2aadc06d"},"description":"Big Brother Albania 2 - Anjeza pyet Adel\u00c3\u00abn p\u00c3\u00abr marr\u00c3\u00abdh\u00c3\u00abnien e saj me Bjordin. Ajo i thot\u00c3\u00ab se Bjordi rri sh\u00c3\u00ab af\u00c3\u00abr me t\u00c3\u00ab, ndryshe nga vajzat e tjera.","breadcrumb":{"@id":"https:\/\/www.visit-ulcinj.com\/blog\/2009\/04\/05\/adelajda-nuk-kam-ndermend-te-lidhem\/#breadcrumb"},"inLanguage":"en-US","potentialAction":[{"@type":"ReadAction","target":["https:\/\/www.visit-ulcinj.com\/blog\/2009\/04\/05\/adelajda-nuk-kam-ndermend-te-lidhem\/"]}]},{"@type":"BreadcrumbList","@id":"https:\/\/www.visit-ulcinj.com\/blog\/2009\/04\/05\/adelajda-nuk-kam-ndermend-te-lidhem\/#breadcrumb","itemListElement":[{"@type":"ListItem","position":1,"name":"Adelajda : Nuk kam nd\u00ebrmend t\u00eb lidhem"}]},{"@type":"Person","@id":"https:\/\/www.visit-ulcinj.com\/blog\/#\/schema\/person\/dcab619c614d3038751c63bc2aadc06d","name":"ulqini","sameAs":["http:\/\/www.visit-ulcinj.com"],"url":"https:\/\/www.visit-ulcinj.com\/blog\/author\/admin\/"}]}},"jetpack_featured_media_url":"","jetpack_sharing_enabled":true,"jetpack_shortlink":"https:\/\/wp.me\/pe6lTn-4ll","_links":{"self":[{"href":"https:\/\/www.visit-ulcinj.com\/blog\/wp-json\/wp\/v2\/posts\/16699"}],"collection":[{"href":"https:\/\/www.visit-ulcinj.com\/blog\/wp-json\/wp\/v2\/posts"}],"about":[{"href":"https:\/\/www.visit-ulcinj.com\/blog\/wp-json\/wp\/v2\/types\/post"}],"author":[{"embeddable":true,"href":"https:\/\/www.visit-ulcinj.com\/blog\/wp-json\/wp\/v2\/users\/1"}],"replies":[{"embeddable":true,"href":"https:\/\/www.visit-ulcinj.com\/blog\/wp-json\/wp\/v2\/comments?post=16699"}],"version-history":[{"count":0,"href":"https:\/\/www.visit-ulcinj.com\/blog\/wp-json\/wp\/v2\/posts\/16699\/revisions"}],"wp:attachment":[{"href":"https:\/\/www.visit-ulcinj.com\/blog\/wp-json\/wp\/v2\/media?parent=16699"}],"wp:term":[{"taxonomy":"category","embeddable":true,"href":"https:\/\/www.visit-ulcinj.com\/blog\/wp-json\/wp\/v2\/categories?post=16699"},{"taxonomy":"post_tag","embeddable":true,"href":"https:\/\/www.visit-ulcinj.com\/blog\/wp-json\/wp\/v2\/tags?post=16699"}],"curies":[{"name":"wp","href":"https:\/\/api.w.org\/{rel}","templated":true}]}}