{"id":167,"date":"2008-01-16T14:27:31","date_gmt":"2008-01-16T19:27:31","guid":{"rendered":"http:\/\/www.visit-ulcinj.com\/blog\/2008\/01\/16\/fond-za-spas-port-milene\/"},"modified":"2008-02-12T18:43:27","modified_gmt":"2008-02-12T23:43:27","slug":"fond-za-spas-port-milene","status":"publish","type":"post","link":"https:\/\/www.visit-ulcinj.com\/blog\/2008\/01\/16\/fond-za-spas-port-milene\/","title":{"rendered":"Fond za spas Port Milene"},"content":{"rendered":"<p><a href=\"http:\/\/www.visit-ulcinj.com\/blog\/?attachment_id=168\" rel=\"attachment wp-att-168\" title=\"D\u017eelal Hod\u017ei?\"><img loading=\"lazy\" src=\"http:\/\/www.visit-ulcinj.com\/blog\/wp-content\/uploads\/2008\/01\/dzelal-hodzic.jpg\" alt=\"D\u017eelal Hod\u017ei?\" align=\"left\" height=\"117\" hspace=\"2\" vspace=\"2\" width=\"123\" \/><\/a>ULCINj &#8211; Nevladine organizacije \u201eZeleni korak i &#8220;Bojana predlo\u017eile su gradona?elniku Ulcinja Gzimu Hajdinagi da se u cilju rje\u0161avanja najve?eg ambijentalnog problema formira Fond za spasavanje Port Milene<!--more-->. U pismu prvom ?ovjeku Op\u0161tine ove dvije NVO isti?u da se problemi Port Milene, uklju?uju?i i potok Braticu, kao najve?i ekolo\u0161ko-ambijentalni problemi Ulcinja i potencjalni izvori epidemije, jo\u0161 uvijek ne rje\u0161avaju.<br \/>\n&#8211; Mnoge dr\u017eavne institucije (nadle\u017ena ministarstva, Uprava za vode Crne Gore i JP \u201e Morsko Dobro&#8221; ) i pored obe?anja ne preduzimaju mjere da se sanira postoje?e stanje. Dr\u017ee?i se narodne uzre?ice &#8220;uzdaj se u se i u svoje kljuse&#8221;, ne preostaje nam ni\u0161ta drugo, nego da sama op\u0161tina Ulcinj, u okviru svojih mogu?nosti, rije\u0161i ovaj problem. Po tom osnovu, smatramo da treba formirati Fond za spas Port Milene. Sredstva bi se prikupila od svih postoje?ih zaga?iva?a: hotelskih preduze?a, odmarali\u0161ta, privatnih hotela i pansiona, restorana, JKP i fizi?kih lica, koji svoje otpadne vode izlivaju u Port Milenu &#8211; stoji u saop\u0161tenju. U obra?anju gradona?elniku oni dalje navode da se dio sredstava prikupi i od prodatih objekata na Velikoj pla\u017ei i zakupa kupali\u0161ta, kao i po osnovu budu?ih investicija od strate\u0161kih partnera. &#8211; Apelujemo na Vas da se anga\u017eujete u Vladi radi kandidovanja Port Milene kroz IPA program za 2008. godinu kojim ?e se od EU dobijati bespovratna pomo? &#8211; stoji na kraju pisma koje su potpisali predsjednici dvije NVO D\u017eelal Hod\u017ei? i Milomir Lekovi?.<\/p>\n<p>M.K.           www.dan.cg.yu<\/p>\n","protected":false},"excerpt":{"rendered":"<p><img loading=\"lazy\" src=\"http:\/\/www.visit-ulcinj.com\/blog\/wp-content\/uploads\/2008\/01\/dzelal-hodzic.jpg\" alt=\"D\u017eelal Hod\u017ei?\" height=\"140\" width=\"140\" \/><\/p>\n","protected":false},"author":1,"featured_media":0,"comment_status":"open","ping_status":"closed","sticky":false,"template":"","format":"standard","meta":{"spay_email":"","jetpack_publicize_message":"","jetpack_is_tweetstorm":false,"jetpack_publicize_feature_enabled":true},"categories":[1],"tags":[],"jetpack_publicize_connections":[],"yoast_head":"<!-- This site is optimized with the Yoast SEO plugin v19.1 - https:\/\/yoast.com\/wordpress\/plugins\/seo\/ -->\n<title>Fond za spas Port Milene - Lajme nga Ulqini<\/title>\n<meta name=\"robots\" content=\"index, follow, max-snippet:-1, max-image-preview:large, max-video-preview:-1\" \/>\n<link rel=\"canonical\" href=\"https:\/\/www.visit-ulcinj.com\/blog\/2008\/01\/16\/fond-za-spas-port-milene\/\" \/>\n<meta property=\"og:locale\" content=\"en_US\" \/>\n<meta property=\"og:type\" content=\"article\" \/>\n<meta property=\"og:title\" content=\"Fond za spas Port Milene - Lajme nga Ulqini\" \/>\n<meta property=\"og:url\" content=\"https:\/\/www.visit-ulcinj.com\/blog\/2008\/01\/16\/fond-za-spas-port-milene\/\" \/>\n<meta property=\"og:site_name\" content=\"Lajme nga Ulqini\" \/>\n<meta property=\"article:published_time\" content=\"2008-01-16T19:27:31+00:00\" \/>\n<meta property=\"article:modified_time\" content=\"2008-02-12T23:43:27+00:00\" \/>\n<meta property=\"og:image\" content=\"http:\/\/www.visit-ulcinj.com\/blog\/wp-content\/uploads\/2008\/01\/dzelal-hodzic.jpg\" \/>\n<meta name=\"twitter:label1\" content=\"Written by\" \/>\n\t<meta name=\"twitter:data1\" content=\"ulqini\" \/>\n\t<meta name=\"twitter:label2\" content=\"Est. reading time\" \/>\n\t<meta name=\"twitter:data2\" content=\"1 minute\" \/>\n<script type=\"application\/ld+json\" class=\"yoast-schema-graph\">{\"@context\":\"https:\/\/schema.org\",\"@graph\":[{\"@type\":\"WebSite\",\"@id\":\"https:\/\/www.visit-ulcinj.com\/blog\/#website\",\"url\":\"https:\/\/www.visit-ulcinj.com\/blog\/\",\"name\":\"Lajme nga Ulqini\",\"description\":\"Lajme,Vijesti,Ulqini,Ulqin,Crna Gora,Mali i Zi\",\"potentialAction\":[{\"@type\":\"SearchAction\",\"target\":{\"@type\":\"EntryPoint\",\"urlTemplate\":\"https:\/\/www.visit-ulcinj.com\/blog\/?s={search_term_string}\"},\"query-input\":\"required name=search_term_string\"}],\"inLanguage\":\"en-US\"},{\"@type\":\"ImageObject\",\"inLanguage\":\"en-US\",\"@id\":\"https:\/\/www.visit-ulcinj.com\/blog\/2008\/01\/16\/fond-za-spas-port-milene\/#primaryimage\",\"url\":\"http:\/\/www.visit-ulcinj.com\/blog\/wp-content\/uploads\/2008\/01\/dzelal-hodzic.jpg\",\"contentUrl\":\"http:\/\/www.visit-ulcinj.com\/blog\/wp-content\/uploads\/2008\/01\/dzelal-hodzic.jpg\"},{\"@type\":\"WebPage\",\"@id\":\"https:\/\/www.visit-ulcinj.com\/blog\/2008\/01\/16\/fond-za-spas-port-milene\/#webpage\",\"url\":\"https:\/\/www.visit-ulcinj.com\/blog\/2008\/01\/16\/fond-za-spas-port-milene\/\",\"name\":\"Fond za spas Port Milene - Lajme nga Ulqini\",\"isPartOf\":{\"@id\":\"https:\/\/www.visit-ulcinj.com\/blog\/#website\"},\"primaryImageOfPage\":{\"@id\":\"https:\/\/www.visit-ulcinj.com\/blog\/2008\/01\/16\/fond-za-spas-port-milene\/#primaryimage\"},\"datePublished\":\"2008-01-16T19:27:31+00:00\",\"dateModified\":\"2008-02-12T23:43:27+00:00\",\"author\":{\"@id\":\"https:\/\/www.visit-ulcinj.com\/blog\/#\/schema\/person\/dcab619c614d3038751c63bc2aadc06d\"},\"breadcrumb\":{\"@id\":\"https:\/\/www.visit-ulcinj.com\/blog\/2008\/01\/16\/fond-za-spas-port-milene\/#breadcrumb\"},\"inLanguage\":\"en-US\",\"potentialAction\":[{\"@type\":\"ReadAction\",\"target\":[\"https:\/\/www.visit-ulcinj.com\/blog\/2008\/01\/16\/fond-za-spas-port-milene\/\"]}]},{\"@type\":\"BreadcrumbList\",\"@id\":\"https:\/\/www.visit-ulcinj.com\/blog\/2008\/01\/16\/fond-za-spas-port-milene\/#breadcrumb\",\"itemListElement\":[{\"@type\":\"ListItem\",\"position\":1,\"name\":\"Fond za spas Port Milene\"}]},{\"@type\":\"Person\",\"@id\":\"https:\/\/www.visit-ulcinj.com\/blog\/#\/schema\/person\/dcab619c614d3038751c63bc2aadc06d\",\"name\":\"ulqini\",\"sameAs\":[\"http:\/\/www.visit-ulcinj.com\"],\"url\":\"https:\/\/www.visit-ulcinj.com\/blog\/author\/admin\/\"}]}<\/script>\n<!-- \/ Yoast SEO plugin. -->","yoast_head_json":{"title":"Fond za spas Port Milene - Lajme nga Ulqini","robots":{"index":"index","follow":"follow","max-snippet":"max-snippet:-1","max-image-preview":"max-image-preview:large","max-video-preview":"max-video-preview:-1"},"canonical":"https:\/\/www.visit-ulcinj.com\/blog\/2008\/01\/16\/fond-za-spas-port-milene\/","og_locale":"en_US","og_type":"article","og_title":"Fond za spas Port Milene - Lajme nga Ulqini","og_url":"https:\/\/www.visit-ulcinj.com\/blog\/2008\/01\/16\/fond-za-spas-port-milene\/","og_site_name":"Lajme nga Ulqini","article_published_time":"2008-01-16T19:27:31+00:00","article_modified_time":"2008-02-12T23:43:27+00:00","og_image":[{"url":"http:\/\/www.visit-ulcinj.com\/blog\/wp-content\/uploads\/2008\/01\/dzelal-hodzic.jpg"}],"twitter_misc":{"Written by":"ulqini","Est. reading time":"1 minute"},"schema":{"@context":"https:\/\/schema.org","@graph":[{"@type":"WebSite","@id":"https:\/\/www.visit-ulcinj.com\/blog\/#website","url":"https:\/\/www.visit-ulcinj.com\/blog\/","name":"Lajme nga Ulqini","description":"Lajme,Vijesti,Ulqini,Ulqin,Crna Gora,Mali i Zi","potentialAction":[{"@type":"SearchAction","target":{"@type":"EntryPoint","urlTemplate":"https:\/\/www.visit-ulcinj.com\/blog\/?s={search_term_string}"},"query-input":"required name=search_term_string"}],"inLanguage":"en-US"},{"@type":"ImageObject","inLanguage":"en-US","@id":"https:\/\/www.visit-ulcinj.com\/blog\/2008\/01\/16\/fond-za-spas-port-milene\/#primaryimage","url":"http:\/\/www.visit-ulcinj.com\/blog\/wp-content\/uploads\/2008\/01\/dzelal-hodzic.jpg","contentUrl":"http:\/\/www.visit-ulcinj.com\/blog\/wp-content\/uploads\/2008\/01\/dzelal-hodzic.jpg"},{"@type":"WebPage","@id":"https:\/\/www.visit-ulcinj.com\/blog\/2008\/01\/16\/fond-za-spas-port-milene\/#webpage","url":"https:\/\/www.visit-ulcinj.com\/blog\/2008\/01\/16\/fond-za-spas-port-milene\/","name":"Fond za spas Port Milene - Lajme nga Ulqini","isPartOf":{"@id":"https:\/\/www.visit-ulcinj.com\/blog\/#website"},"primaryImageOfPage":{"@id":"https:\/\/www.visit-ulcinj.com\/blog\/2008\/01\/16\/fond-za-spas-port-milene\/#primaryimage"},"datePublished":"2008-01-16T19:27:31+00:00","dateModified":"2008-02-12T23:43:27+00:00","author":{"@id":"https:\/\/www.visit-ulcinj.com\/blog\/#\/schema\/person\/dcab619c614d3038751c63bc2aadc06d"},"breadcrumb":{"@id":"https:\/\/www.visit-ulcinj.com\/blog\/2008\/01\/16\/fond-za-spas-port-milene\/#breadcrumb"},"inLanguage":"en-US","potentialAction":[{"@type":"ReadAction","target":["https:\/\/www.visit-ulcinj.com\/blog\/2008\/01\/16\/fond-za-spas-port-milene\/"]}]},{"@type":"BreadcrumbList","@id":"https:\/\/www.visit-ulcinj.com\/blog\/2008\/01\/16\/fond-za-spas-port-milene\/#breadcrumb","itemListElement":[{"@type":"ListItem","position":1,"name":"Fond za spas Port Milene"}]},{"@type":"Person","@id":"https:\/\/www.visit-ulcinj.com\/blog\/#\/schema\/person\/dcab619c614d3038751c63bc2aadc06d","name":"ulqini","sameAs":["http:\/\/www.visit-ulcinj.com"],"url":"https:\/\/www.visit-ulcinj.com\/blog\/author\/admin\/"}]}},"jetpack_featured_media_url":"","jetpack_sharing_enabled":true,"jetpack_shortlink":"https:\/\/wp.me\/pe6lTn-2H","_links":{"self":[{"href":"https:\/\/www.visit-ulcinj.com\/blog\/wp-json\/wp\/v2\/posts\/167"}],"collection":[{"href":"https:\/\/www.visit-ulcinj.com\/blog\/wp-json\/wp\/v2\/posts"}],"about":[{"href":"https:\/\/www.visit-ulcinj.com\/blog\/wp-json\/wp\/v2\/types\/post"}],"author":[{"embeddable":true,"href":"https:\/\/www.visit-ulcinj.com\/blog\/wp-json\/wp\/v2\/users\/1"}],"replies":[{"embeddable":true,"href":"https:\/\/www.visit-ulcinj.com\/blog\/wp-json\/wp\/v2\/comments?post=167"}],"version-history":[{"count":0,"href":"https:\/\/www.visit-ulcinj.com\/blog\/wp-json\/wp\/v2\/posts\/167\/revisions"}],"wp:attachment":[{"href":"https:\/\/www.visit-ulcinj.com\/blog\/wp-json\/wp\/v2\/media?parent=167"}],"wp:term":[{"taxonomy":"category","embeddable":true,"href":"https:\/\/www.visit-ulcinj.com\/blog\/wp-json\/wp\/v2\/categories?post=167"},{"taxonomy":"post_tag","embeddable":true,"href":"https:\/\/www.visit-ulcinj.com\/blog\/wp-json\/wp\/v2\/tags?post=167"}],"curies":[{"name":"wp","href":"https:\/\/api.w.org\/{rel}","templated":true}]}}