{"id":16708,"date":"2009-04-05T10:17:10","date_gmt":"2009-04-05T08:17:10","guid":{"rendered":"http:\/\/www.visit-ulcinj.com\/blog\/?p=16708"},"modified":"2009-04-05T10:17:10","modified_gmt":"2009-04-05T08:17:10","slug":"aida-dhe-arjoni-jemi-shume-me-fat","status":"publish","type":"post","link":"https:\/\/www.visit-ulcinj.com\/blog\/2009\/04\/05\/aida-dhe-arjoni-jemi-shume-me-fat\/","title":{"rendered":"Aida dhe Arjoni : Jemi shum\u00eb me fat"},"content":{"rendered":"<p><em><span class=\"newsdate\"><a href=\"http:\/\/www.visit-ulcinj.com\/blog\/wp-content\/uploads\/2009\/04\/jeta-pas-bb.jpg\"><img loading=\"lazy\" class=\"alignleft size-full wp-image-16709\" title=\"jeta-pas-bb-big-brother-albania-2\" src=\"http:\/\/www.visit-ulcinj.com\/blog\/wp-content\/uploads\/2009\/04\/jeta-pas-bb.jpg\" alt=\"jeta-pas-bb-big-brother-albania-2\" width=\"300\" height=\"205\" \/><\/a>02\/04\/09 19:39<\/span><\/em><\/p>\n<p>Aida dhe Arjon q\u00ebndrojn\u00eb n\u00eb kop\u00ebsht dhe diskutojn\u00eb p\u00ebr jet\u00ebn pas \u201cBig Brother\u201d. Arjoni e pyet:-\u201cA thua q\u00eb do na ndryshoj\u00eb jeta p\u00ebrjashta?\u201d Aida i thot\u00eb q\u00eb po t\u00eb fitosh 70mij\u00eb eurot \u00ebsht\u00eb normale q\u00eb ndryshon. Sipas saj varet nga ajo q\u00eb jep brenda sht\u00ebpis\u00eb. Arjoni mendon q\u00eb \u201cBig Brother\u201d mund t`i sh\u00ebrbej\u00eb si trampolin\u00eb p\u00ebr dicka n\u00eb jet\u00eb, dhe shton:-\u201cKjo \u00ebsht\u00eb shans, jemi shum\u00eb me fat!\u201d Sipas Aid\u00ebs me pak d\u00ebshir\u00eb dhe vullnet cdo gj\u00eb arrihet.<\/p>\n","protected":false},"excerpt":{"rendered":"<p>02\/04\/09 19:39 Aida dhe Arjon q\u00ebndrojn\u00eb n\u00eb kop\u00ebsht dhe diskutojn\u00eb p\u00ebr jet\u00ebn pas \u201cBig Brother\u201d. Arjoni e pyet:-\u201cA thua q\u00eb do na ndryshoj\u00eb jeta p\u00ebrjashta?\u201d Aida i thot\u00eb q\u00eb po t\u00eb fitosh 70mij\u00eb eurot \u00ebsht\u00eb normale q\u00eb ndryshon. Sipas saj varet nga ajo q\u00eb jep brenda sht\u00ebpis\u00eb. Arjoni mendon q\u00eb \u201cBig Brother\u201d mund t`i sh\u00ebrbej\u00eb [&hellip;]<\/p>\n","protected":false},"author":1,"featured_media":0,"comment_status":"open","ping_status":"closed","sticky":false,"template":"","format":"standard","meta":{"spay_email":"","jetpack_publicize_message":"","jetpack_is_tweetstorm":false,"jetpack_publicize_feature_enabled":true},"categories":[6502],"tags":[6537,6525,5057,6506,6516,6712,7129,6891,6693,6887],"jetpack_publicize_connections":[],"yoast_head":"<!-- This site is optimized with the Yoast SEO plugin v19.1 - https:\/\/yoast.com\/wordpress\/plugins\/seo\/ -->\n<title>Aida dhe Arjoni : Jemi shum\u00c3\u00ab me fat | Big Brother Albania 2<\/title>\n<meta name=\"description\" content=\"Big Brother Albania 2 - Aida dhe Arjon q\u00c3\u00abndrojn\u00c3\u00ab n\u00c3\u00ab kop\u00c3\u00absht dhe diskutojn\u00c3\u00ab p\u00c3\u00abr jet\u00c3\u00abn pas \u00e2\u20ac\u0153Big Brother\u00e2\u20ac\u009d. Arjoni e pyet:-\u00e2\u20ac\u0153A thua q\u00c3\u00ab do na ndryshoj\u00c3\u00ab jeta p\u00c3\u00abrjashta?\u00e2\u20ac\u009d\" \/>\n<meta name=\"robots\" content=\"index, follow, max-snippet:-1, max-image-preview:large, max-video-preview:-1\" \/>\n<link rel=\"canonical\" href=\"https:\/\/www.visit-ulcinj.com\/blog\/2009\/04\/05\/aida-dhe-arjoni-jemi-shume-me-fat\/\" \/>\n<meta property=\"og:locale\" content=\"en_US\" \/>\n<meta property=\"og:type\" content=\"article\" \/>\n<meta property=\"og:title\" content=\"Aida dhe Arjoni : Jemi shum\u00c3\u00ab me fat | Big Brother Albania 2\" \/>\n<meta property=\"og:description\" content=\"Big Brother Albania 2 - Aida dhe Arjon q\u00c3\u00abndrojn\u00c3\u00ab n\u00c3\u00ab kop\u00c3\u00absht dhe diskutojn\u00c3\u00ab p\u00c3\u00abr jet\u00c3\u00abn pas \u00e2\u20ac\u0153Big Brother\u00e2\u20ac\u009d. Arjoni e pyet:-\u00e2\u20ac\u0153A thua q\u00c3\u00ab do na ndryshoj\u00c3\u00ab jeta p\u00c3\u00abrjashta?\u00e2\u20ac\u009d\" \/>\n<meta property=\"og:url\" content=\"https:\/\/www.visit-ulcinj.com\/blog\/2009\/04\/05\/aida-dhe-arjoni-jemi-shume-me-fat\/\" \/>\n<meta property=\"og:site_name\" content=\"Lajme nga Ulqini\" \/>\n<meta property=\"article:published_time\" content=\"2009-04-05T08:17:10+00:00\" \/>\n<meta property=\"og:image\" content=\"http:\/\/www.visit-ulcinj.com\/blog\/wp-content\/uploads\/2009\/04\/jeta-pas-bb.jpg\" \/>\n<meta name=\"twitter:label1\" content=\"Written by\" \/>\n\t<meta name=\"twitter:data1\" content=\"ulqini\" \/>\n<script type=\"application\/ld+json\" class=\"yoast-schema-graph\">{\"@context\":\"https:\/\/schema.org\",\"@graph\":[{\"@type\":\"WebSite\",\"@id\":\"https:\/\/www.visit-ulcinj.com\/blog\/#website\",\"url\":\"https:\/\/www.visit-ulcinj.com\/blog\/\",\"name\":\"Lajme nga Ulqini\",\"description\":\"Lajme,Vijesti,Ulqini,Ulqin,Crna Gora,Mali i Zi\",\"potentialAction\":[{\"@type\":\"SearchAction\",\"target\":{\"@type\":\"EntryPoint\",\"urlTemplate\":\"https:\/\/www.visit-ulcinj.com\/blog\/?s={search_term_string}\"},\"query-input\":\"required name=search_term_string\"}],\"inLanguage\":\"en-US\"},{\"@type\":\"ImageObject\",\"inLanguage\":\"en-US\",\"@id\":\"https:\/\/www.visit-ulcinj.com\/blog\/2009\/04\/05\/aida-dhe-arjoni-jemi-shume-me-fat\/#primaryimage\",\"url\":\"http:\/\/www.visit-ulcinj.com\/blog\/wp-content\/uploads\/2009\/04\/jeta-pas-bb.jpg\",\"contentUrl\":\"http:\/\/www.visit-ulcinj.com\/blog\/wp-content\/uploads\/2009\/04\/jeta-pas-bb.jpg\"},{\"@type\":\"WebPage\",\"@id\":\"https:\/\/www.visit-ulcinj.com\/blog\/2009\/04\/05\/aida-dhe-arjoni-jemi-shume-me-fat\/#webpage\",\"url\":\"https:\/\/www.visit-ulcinj.com\/blog\/2009\/04\/05\/aida-dhe-arjoni-jemi-shume-me-fat\/\",\"name\":\"Aida dhe Arjoni : Jemi shum\u00c3\u00ab me fat | Big Brother Albania 2\",\"isPartOf\":{\"@id\":\"https:\/\/www.visit-ulcinj.com\/blog\/#website\"},\"primaryImageOfPage\":{\"@id\":\"https:\/\/www.visit-ulcinj.com\/blog\/2009\/04\/05\/aida-dhe-arjoni-jemi-shume-me-fat\/#primaryimage\"},\"datePublished\":\"2009-04-05T08:17:10+00:00\",\"dateModified\":\"2009-04-05T08:17:10+00:00\",\"author\":{\"@id\":\"https:\/\/www.visit-ulcinj.com\/blog\/#\/schema\/person\/dcab619c614d3038751c63bc2aadc06d\"},\"description\":\"Big Brother Albania 2 - Aida dhe Arjon q\u00c3\u00abndrojn\u00c3\u00ab n\u00c3\u00ab kop\u00c3\u00absht dhe diskutojn\u00c3\u00ab p\u00c3\u00abr jet\u00c3\u00abn pas \u00e2\u20ac\u0153Big Brother\u00e2\u20ac\u009d. Arjoni e pyet:-\u00e2\u20ac\u0153A thua q\u00c3\u00ab do na ndryshoj\u00c3\u00ab jeta p\u00c3\u00abrjashta?\u00e2\u20ac\u009d\",\"breadcrumb\":{\"@id\":\"https:\/\/www.visit-ulcinj.com\/blog\/2009\/04\/05\/aida-dhe-arjoni-jemi-shume-me-fat\/#breadcrumb\"},\"inLanguage\":\"en-US\",\"potentialAction\":[{\"@type\":\"ReadAction\",\"target\":[\"https:\/\/www.visit-ulcinj.com\/blog\/2009\/04\/05\/aida-dhe-arjoni-jemi-shume-me-fat\/\"]}]},{\"@type\":\"BreadcrumbList\",\"@id\":\"https:\/\/www.visit-ulcinj.com\/blog\/2009\/04\/05\/aida-dhe-arjoni-jemi-shume-me-fat\/#breadcrumb\",\"itemListElement\":[{\"@type\":\"ListItem\",\"position\":1,\"name\":\"Aida dhe Arjoni : Jemi shum\u00eb me fat\"}]},{\"@type\":\"Person\",\"@id\":\"https:\/\/www.visit-ulcinj.com\/blog\/#\/schema\/person\/dcab619c614d3038751c63bc2aadc06d\",\"name\":\"ulqini\",\"sameAs\":[\"http:\/\/www.visit-ulcinj.com\"],\"url\":\"https:\/\/www.visit-ulcinj.com\/blog\/author\/admin\/\"}]}<\/script>\n<!-- \/ Yoast SEO plugin. -->","yoast_head_json":{"title":"Aida dhe Arjoni : Jemi shum\u00c3\u00ab me fat | Big Brother Albania 2","description":"Big Brother Albania 2 - Aida dhe Arjon q\u00c3\u00abndrojn\u00c3\u00ab n\u00c3\u00ab kop\u00c3\u00absht dhe diskutojn\u00c3\u00ab p\u00c3\u00abr jet\u00c3\u00abn pas \u00e2\u20ac\u0153Big Brother\u00e2\u20ac\u009d. Arjoni e pyet:-\u00e2\u20ac\u0153A thua q\u00c3\u00ab do na ndryshoj\u00c3\u00ab jeta p\u00c3\u00abrjashta?\u00e2\u20ac\u009d","robots":{"index":"index","follow":"follow","max-snippet":"max-snippet:-1","max-image-preview":"max-image-preview:large","max-video-preview":"max-video-preview:-1"},"canonical":"https:\/\/www.visit-ulcinj.com\/blog\/2009\/04\/05\/aida-dhe-arjoni-jemi-shume-me-fat\/","og_locale":"en_US","og_type":"article","og_title":"Aida dhe Arjoni : Jemi shum\u00c3\u00ab me fat | Big Brother Albania 2","og_description":"Big Brother Albania 2 - Aida dhe Arjon q\u00c3\u00abndrojn\u00c3\u00ab n\u00c3\u00ab kop\u00c3\u00absht dhe diskutojn\u00c3\u00ab p\u00c3\u00abr jet\u00c3\u00abn pas \u00e2\u20ac\u0153Big Brother\u00e2\u20ac\u009d. Arjoni e pyet:-\u00e2\u20ac\u0153A thua q\u00c3\u00ab do na ndryshoj\u00c3\u00ab jeta p\u00c3\u00abrjashta?\u00e2\u20ac\u009d","og_url":"https:\/\/www.visit-ulcinj.com\/blog\/2009\/04\/05\/aida-dhe-arjoni-jemi-shume-me-fat\/","og_site_name":"Lajme nga Ulqini","article_published_time":"2009-04-05T08:17:10+00:00","og_image":[{"url":"http:\/\/www.visit-ulcinj.com\/blog\/wp-content\/uploads\/2009\/04\/jeta-pas-bb.jpg"}],"twitter_misc":{"Written by":"ulqini"},"schema":{"@context":"https:\/\/schema.org","@graph":[{"@type":"WebSite","@id":"https:\/\/www.visit-ulcinj.com\/blog\/#website","url":"https:\/\/www.visit-ulcinj.com\/blog\/","name":"Lajme nga Ulqini","description":"Lajme,Vijesti,Ulqini,Ulqin,Crna Gora,Mali i Zi","potentialAction":[{"@type":"SearchAction","target":{"@type":"EntryPoint","urlTemplate":"https:\/\/www.visit-ulcinj.com\/blog\/?s={search_term_string}"},"query-input":"required name=search_term_string"}],"inLanguage":"en-US"},{"@type":"ImageObject","inLanguage":"en-US","@id":"https:\/\/www.visit-ulcinj.com\/blog\/2009\/04\/05\/aida-dhe-arjoni-jemi-shume-me-fat\/#primaryimage","url":"http:\/\/www.visit-ulcinj.com\/blog\/wp-content\/uploads\/2009\/04\/jeta-pas-bb.jpg","contentUrl":"http:\/\/www.visit-ulcinj.com\/blog\/wp-content\/uploads\/2009\/04\/jeta-pas-bb.jpg"},{"@type":"WebPage","@id":"https:\/\/www.visit-ulcinj.com\/blog\/2009\/04\/05\/aida-dhe-arjoni-jemi-shume-me-fat\/#webpage","url":"https:\/\/www.visit-ulcinj.com\/blog\/2009\/04\/05\/aida-dhe-arjoni-jemi-shume-me-fat\/","name":"Aida dhe Arjoni : Jemi shum\u00c3\u00ab me fat | Big Brother Albania 2","isPartOf":{"@id":"https:\/\/www.visit-ulcinj.com\/blog\/#website"},"primaryImageOfPage":{"@id":"https:\/\/www.visit-ulcinj.com\/blog\/2009\/04\/05\/aida-dhe-arjoni-jemi-shume-me-fat\/#primaryimage"},"datePublished":"2009-04-05T08:17:10+00:00","dateModified":"2009-04-05T08:17:10+00:00","author":{"@id":"https:\/\/www.visit-ulcinj.com\/blog\/#\/schema\/person\/dcab619c614d3038751c63bc2aadc06d"},"description":"Big Brother Albania 2 - Aida dhe Arjon q\u00c3\u00abndrojn\u00c3\u00ab n\u00c3\u00ab kop\u00c3\u00absht dhe diskutojn\u00c3\u00ab p\u00c3\u00abr jet\u00c3\u00abn pas \u00e2\u20ac\u0153Big Brother\u00e2\u20ac\u009d. Arjoni e pyet:-\u00e2\u20ac\u0153A thua q\u00c3\u00ab do na ndryshoj\u00c3\u00ab jeta p\u00c3\u00abrjashta?\u00e2\u20ac\u009d","breadcrumb":{"@id":"https:\/\/www.visit-ulcinj.com\/blog\/2009\/04\/05\/aida-dhe-arjoni-jemi-shume-me-fat\/#breadcrumb"},"inLanguage":"en-US","potentialAction":[{"@type":"ReadAction","target":["https:\/\/www.visit-ulcinj.com\/blog\/2009\/04\/05\/aida-dhe-arjoni-jemi-shume-me-fat\/"]}]},{"@type":"BreadcrumbList","@id":"https:\/\/www.visit-ulcinj.com\/blog\/2009\/04\/05\/aida-dhe-arjoni-jemi-shume-me-fat\/#breadcrumb","itemListElement":[{"@type":"ListItem","position":1,"name":"Aida dhe Arjoni : Jemi shum\u00eb me fat"}]},{"@type":"Person","@id":"https:\/\/www.visit-ulcinj.com\/blog\/#\/schema\/person\/dcab619c614d3038751c63bc2aadc06d","name":"ulqini","sameAs":["http:\/\/www.visit-ulcinj.com"],"url":"https:\/\/www.visit-ulcinj.com\/blog\/author\/admin\/"}]}},"jetpack_featured_media_url":"","jetpack_sharing_enabled":true,"jetpack_shortlink":"https:\/\/wp.me\/pe6lTn-4lu","_links":{"self":[{"href":"https:\/\/www.visit-ulcinj.com\/blog\/wp-json\/wp\/v2\/posts\/16708"}],"collection":[{"href":"https:\/\/www.visit-ulcinj.com\/blog\/wp-json\/wp\/v2\/posts"}],"about":[{"href":"https:\/\/www.visit-ulcinj.com\/blog\/wp-json\/wp\/v2\/types\/post"}],"author":[{"embeddable":true,"href":"https:\/\/www.visit-ulcinj.com\/blog\/wp-json\/wp\/v2\/users\/1"}],"replies":[{"embeddable":true,"href":"https:\/\/www.visit-ulcinj.com\/blog\/wp-json\/wp\/v2\/comments?post=16708"}],"version-history":[{"count":0,"href":"https:\/\/www.visit-ulcinj.com\/blog\/wp-json\/wp\/v2\/posts\/16708\/revisions"}],"wp:attachment":[{"href":"https:\/\/www.visit-ulcinj.com\/blog\/wp-json\/wp\/v2\/media?parent=16708"}],"wp:term":[{"taxonomy":"category","embeddable":true,"href":"https:\/\/www.visit-ulcinj.com\/blog\/wp-json\/wp\/v2\/categories?post=16708"},{"taxonomy":"post_tag","embeddable":true,"href":"https:\/\/www.visit-ulcinj.com\/blog\/wp-json\/wp\/v2\/tags?post=16708"}],"curies":[{"name":"wp","href":"https:\/\/api.w.org\/{rel}","templated":true}]}}