{"id":16711,"date":"2009-04-05T10:18:58","date_gmt":"2009-04-05T08:18:58","guid":{"rendered":"http:\/\/www.visit-ulcinj.com\/blog\/?p=16711"},"modified":"2009-04-05T10:18:58","modified_gmt":"2009-04-05T08:18:58","slug":"bika-ndihem-e-ofenduar","status":"publish","type":"post","link":"https:\/\/www.visit-ulcinj.com\/blog\/2009\/04\/05\/bika-ndihem-e-ofenduar\/","title":{"rendered":"Bika: Ndihem e ofenduar"},"content":{"rendered":"<p><em><span class=\"newsdate\"><a href=\"http:\/\/www.visit-ulcinj.com\/blog\/wp-content\/uploads\/2009\/04\/bika-per-veshjet.jpg\"><img loading=\"lazy\" class=\"alignleft size-full wp-image-16712\" title=\"bika-per-veshjet-big-brother-albania-2\" src=\"http:\/\/www.visit-ulcinj.com\/blog\/wp-content\/uploads\/2009\/04\/bika-per-veshjet.jpg\" alt=\"bika-per-veshjet-big-brother-albania-2\" width=\"300\" height=\"205\" \/><\/a>02\/04\/09 22:29<\/span><\/em><\/p>\n<p>Gjat\u00eb prov\u00ebs s\u00eb jav\u00ebs Republika ka provuar nj\u00eb fustan t\u00eb cil\u00ebs nuk i p\u00eblqen. K\u00ebt\u00eb gj\u00eb e diskuton me Aid\u00ebn duke i th\u00ebn\u00eb q\u00eb duhet ta ndryshojn\u00eb modelin e fustanit . Aida i thot\u00eb q\u00eb ato nuk din\u00eb se si ta stilojn\u00eb ndryshe at\u00eb cop\u00eb dhe shton:-\u201cNuk jemi k\u00ebtu q\u00eb t\u00eb t\u00eb veshim ty, por q\u00eb ti t\u00eb vishesh me prov\u00ebn!\u201d Republika i p\u00ebrmend faktin q\u00eb p\u00ebr fajin e saj ato kan\u00eb humbur 50% t\u00eb prov\u00ebs. Aida i thot\u00eb q\u00eb prova \u00ebsht\u00eb e t\u00eb gjith\u00ebve. Aida i thot\u00eb q\u00eb ajo ka mund\u00ebsin\u00eb ta rregulloj\u00eb me 50%-in tjet\u00ebr t\u00eb prov\u00ebs. Sipas Republik\u00ebs gjysma tjet\u00ebr e prov\u00ebs p\u00ebrfshin nj\u00eb fustan. Aida e kund\u00ebrshton duke i th\u00ebn\u00eb q\u00eb ato duhet t\u00eb stilojn\u00eb nga dy fustane. Sipas Republik\u00ebs dhe n\u00ebse ajo i b\u00ebn dy fustanet dhe rrobat e banjos ajo s\u00ebrisht nuk do pranont\u00eb t\u00eb vishte k\u00ebto t\u00eb fundit. Ajo shton:-\u201cE shikon q\u00eb nuk b\u00ebhet, dhe prap dal un\u00eb!\u201d Sipas Republik\u00ebs ajo \u00ebsht\u00eb p\u00ebrpjekur n\u00eb cdo prov\u00eb q\u00eb kan\u00eb b\u00ebr\u00eb banor\u00ebt dhe nuk \u00ebsht\u00eb krim q\u00eb n\u00eb k\u00ebt\u00eb prov\u00eb ajo dor\u00ebzohet. Aida i thot\u00eb q\u00eb ajo donte ta ndihmonte p\u00ebr t\u00eb b\u00ebr\u00eb fustanin. Republika i thot\u00eb q\u00eb duhet t\u00eb merren t\u00eb gjith\u00eb me k\u00ebt\u00eb gj\u00eb dhe jo vet\u00ebm Aida. Ajo shton:-\u201cJam e ofenduar nga fakti q\u00eb nuk u kujtua asnjeri p\u00ebr veshjen time p\u00ebrvec Mimoz\u00ebs!\u201d Aida i thot\u00eb q\u00eb ajo nuk ka pse ta marr\u00eb si personale. Republika e sqaron se ndihet k\u00ebshtu p\u00ebr faktin q\u00eb ajo e kishte deklarruar q\u00eb n\u00eb fillim q\u00eb ajo nuk ishte e aft\u00eb p\u00ebr k\u00ebt\u00eb prov\u00eb.<\/p>\n","protected":false},"excerpt":{"rendered":"<p>02\/04\/09 22:29 Gjat\u00eb prov\u00ebs s\u00eb jav\u00ebs Republika ka provuar nj\u00eb fustan t\u00eb cil\u00ebs nuk i p\u00eblqen. K\u00ebt\u00eb gj\u00eb e diskuton me Aid\u00ebn duke i th\u00ebn\u00eb q\u00eb duhet ta ndryshojn\u00eb modelin e fustanit . Aida i thot\u00eb q\u00eb ato nuk din\u00eb se si ta stilojn\u00eb ndryshe at\u00eb cop\u00eb dhe shton:-\u201cNuk jemi k\u00ebtu q\u00eb t\u00eb t\u00eb veshim [&hellip;]<\/p>\n","protected":false},"author":1,"featured_media":0,"comment_status":"open","ping_status":"closed","sticky":false,"template":"","format":"standard","meta":{"spay_email":"","jetpack_publicize_message":"","jetpack_is_tweetstorm":false,"jetpack_publicize_feature_enabled":true},"categories":[6502],"tags":[6537,5057,6506,6516,6712,7129,6740,8415,262,6891,6693,6887],"jetpack_publicize_connections":[],"yoast_head":"<!-- This site is optimized with the Yoast SEO plugin v19.1 - https:\/\/yoast.com\/wordpress\/plugins\/seo\/ -->\n<title>Bika: Ndihem e ofenduar | Big Brother Albania 2<\/title>\n<meta name=\"description\" content=\"Big Brother Albania 2 - Gjat\u00c3\u00ab prov\u00c3\u00abs s\u00c3\u00ab jav\u00c3\u00abs Republika ka provuar nj\u00c3\u00ab fustan t\u00c3\u00ab cil\u00c3\u00abs nuk i p\u00c3\u00ablqen. K\u00c3\u00abt\u00c3\u00ab gj\u00c3\u00ab e diskuton me Aid\u00c3\u00abn duke i th\u00c3\u00abn\u00c3\u00ab q\u00c3\u00ab duhet ta ndryshojn\u00c3\u00ab modelin e fustanit .\" \/>\n<meta name=\"robots\" content=\"index, follow, max-snippet:-1, max-image-preview:large, max-video-preview:-1\" \/>\n<link rel=\"canonical\" href=\"https:\/\/www.visit-ulcinj.com\/blog\/2009\/04\/05\/bika-ndihem-e-ofenduar\/\" \/>\n<meta property=\"og:locale\" content=\"en_US\" \/>\n<meta property=\"og:type\" content=\"article\" \/>\n<meta property=\"og:title\" content=\"Bika: Ndihem e ofenduar | Big Brother Albania 2\" \/>\n<meta property=\"og:description\" content=\"Big Brother Albania 2 - Gjat\u00c3\u00ab prov\u00c3\u00abs s\u00c3\u00ab jav\u00c3\u00abs Republika ka provuar nj\u00c3\u00ab fustan t\u00c3\u00ab cil\u00c3\u00abs nuk i p\u00c3\u00ablqen. K\u00c3\u00abt\u00c3\u00ab gj\u00c3\u00ab e diskuton me Aid\u00c3\u00abn duke i th\u00c3\u00abn\u00c3\u00ab q\u00c3\u00ab duhet ta ndryshojn\u00c3\u00ab modelin e fustanit .\" \/>\n<meta property=\"og:url\" content=\"https:\/\/www.visit-ulcinj.com\/blog\/2009\/04\/05\/bika-ndihem-e-ofenduar\/\" \/>\n<meta property=\"og:site_name\" content=\"Lajme nga Ulqini\" \/>\n<meta property=\"article:published_time\" content=\"2009-04-05T08:18:58+00:00\" \/>\n<meta property=\"og:image\" content=\"http:\/\/www.visit-ulcinj.com\/blog\/wp-content\/uploads\/2009\/04\/bika-per-veshjet.jpg\" \/>\n<meta name=\"twitter:label1\" content=\"Written by\" \/>\n\t<meta name=\"twitter:data1\" content=\"ulqini\" \/>\n\t<meta name=\"twitter:label2\" content=\"Est. reading time\" \/>\n\t<meta name=\"twitter:data2\" content=\"2 minutes\" \/>\n<script type=\"application\/ld+json\" class=\"yoast-schema-graph\">{\"@context\":\"https:\/\/schema.org\",\"@graph\":[{\"@type\":\"WebSite\",\"@id\":\"https:\/\/www.visit-ulcinj.com\/blog\/#website\",\"url\":\"https:\/\/www.visit-ulcinj.com\/blog\/\",\"name\":\"Lajme nga Ulqini\",\"description\":\"Lajme,Vijesti,Ulqini,Ulqin,Crna Gora,Mali i Zi\",\"potentialAction\":[{\"@type\":\"SearchAction\",\"target\":{\"@type\":\"EntryPoint\",\"urlTemplate\":\"https:\/\/www.visit-ulcinj.com\/blog\/?s={search_term_string}\"},\"query-input\":\"required name=search_term_string\"}],\"inLanguage\":\"en-US\"},{\"@type\":\"ImageObject\",\"inLanguage\":\"en-US\",\"@id\":\"https:\/\/www.visit-ulcinj.com\/blog\/2009\/04\/05\/bika-ndihem-e-ofenduar\/#primaryimage\",\"url\":\"http:\/\/www.visit-ulcinj.com\/blog\/wp-content\/uploads\/2009\/04\/bika-per-veshjet.jpg\",\"contentUrl\":\"http:\/\/www.visit-ulcinj.com\/blog\/wp-content\/uploads\/2009\/04\/bika-per-veshjet.jpg\"},{\"@type\":\"WebPage\",\"@id\":\"https:\/\/www.visit-ulcinj.com\/blog\/2009\/04\/05\/bika-ndihem-e-ofenduar\/#webpage\",\"url\":\"https:\/\/www.visit-ulcinj.com\/blog\/2009\/04\/05\/bika-ndihem-e-ofenduar\/\",\"name\":\"Bika: Ndihem e ofenduar | Big Brother Albania 2\",\"isPartOf\":{\"@id\":\"https:\/\/www.visit-ulcinj.com\/blog\/#website\"},\"primaryImageOfPage\":{\"@id\":\"https:\/\/www.visit-ulcinj.com\/blog\/2009\/04\/05\/bika-ndihem-e-ofenduar\/#primaryimage\"},\"datePublished\":\"2009-04-05T08:18:58+00:00\",\"dateModified\":\"2009-04-05T08:18:58+00:00\",\"author\":{\"@id\":\"https:\/\/www.visit-ulcinj.com\/blog\/#\/schema\/person\/dcab619c614d3038751c63bc2aadc06d\"},\"description\":\"Big Brother Albania 2 - Gjat\u00c3\u00ab prov\u00c3\u00abs s\u00c3\u00ab jav\u00c3\u00abs Republika ka provuar nj\u00c3\u00ab fustan t\u00c3\u00ab cil\u00c3\u00abs nuk i p\u00c3\u00ablqen. K\u00c3\u00abt\u00c3\u00ab gj\u00c3\u00ab e diskuton me Aid\u00c3\u00abn duke i th\u00c3\u00abn\u00c3\u00ab q\u00c3\u00ab duhet ta ndryshojn\u00c3\u00ab modelin e fustanit .\",\"breadcrumb\":{\"@id\":\"https:\/\/www.visit-ulcinj.com\/blog\/2009\/04\/05\/bika-ndihem-e-ofenduar\/#breadcrumb\"},\"inLanguage\":\"en-US\",\"potentialAction\":[{\"@type\":\"ReadAction\",\"target\":[\"https:\/\/www.visit-ulcinj.com\/blog\/2009\/04\/05\/bika-ndihem-e-ofenduar\/\"]}]},{\"@type\":\"BreadcrumbList\",\"@id\":\"https:\/\/www.visit-ulcinj.com\/blog\/2009\/04\/05\/bika-ndihem-e-ofenduar\/#breadcrumb\",\"itemListElement\":[{\"@type\":\"ListItem\",\"position\":1,\"name\":\"Bika: Ndihem e ofenduar\"}]},{\"@type\":\"Person\",\"@id\":\"https:\/\/www.visit-ulcinj.com\/blog\/#\/schema\/person\/dcab619c614d3038751c63bc2aadc06d\",\"name\":\"ulqini\",\"sameAs\":[\"http:\/\/www.visit-ulcinj.com\"],\"url\":\"https:\/\/www.visit-ulcinj.com\/blog\/author\/admin\/\"}]}<\/script>\n<!-- \/ Yoast SEO plugin. -->","yoast_head_json":{"title":"Bika: Ndihem e ofenduar | Big Brother Albania 2","description":"Big Brother Albania 2 - Gjat\u00c3\u00ab prov\u00c3\u00abs s\u00c3\u00ab jav\u00c3\u00abs Republika ka provuar nj\u00c3\u00ab fustan t\u00c3\u00ab cil\u00c3\u00abs nuk i p\u00c3\u00ablqen. K\u00c3\u00abt\u00c3\u00ab gj\u00c3\u00ab e diskuton me Aid\u00c3\u00abn duke i th\u00c3\u00abn\u00c3\u00ab q\u00c3\u00ab duhet ta ndryshojn\u00c3\u00ab modelin e fustanit .","robots":{"index":"index","follow":"follow","max-snippet":"max-snippet:-1","max-image-preview":"max-image-preview:large","max-video-preview":"max-video-preview:-1"},"canonical":"https:\/\/www.visit-ulcinj.com\/blog\/2009\/04\/05\/bika-ndihem-e-ofenduar\/","og_locale":"en_US","og_type":"article","og_title":"Bika: Ndihem e ofenduar | Big Brother Albania 2","og_description":"Big Brother Albania 2 - Gjat\u00c3\u00ab prov\u00c3\u00abs s\u00c3\u00ab jav\u00c3\u00abs Republika ka provuar nj\u00c3\u00ab fustan t\u00c3\u00ab cil\u00c3\u00abs nuk i p\u00c3\u00ablqen. K\u00c3\u00abt\u00c3\u00ab gj\u00c3\u00ab e diskuton me Aid\u00c3\u00abn duke i th\u00c3\u00abn\u00c3\u00ab q\u00c3\u00ab duhet ta ndryshojn\u00c3\u00ab modelin e fustanit .","og_url":"https:\/\/www.visit-ulcinj.com\/blog\/2009\/04\/05\/bika-ndihem-e-ofenduar\/","og_site_name":"Lajme nga Ulqini","article_published_time":"2009-04-05T08:18:58+00:00","og_image":[{"url":"http:\/\/www.visit-ulcinj.com\/blog\/wp-content\/uploads\/2009\/04\/bika-per-veshjet.jpg"}],"twitter_misc":{"Written by":"ulqini","Est. reading time":"2 minutes"},"schema":{"@context":"https:\/\/schema.org","@graph":[{"@type":"WebSite","@id":"https:\/\/www.visit-ulcinj.com\/blog\/#website","url":"https:\/\/www.visit-ulcinj.com\/blog\/","name":"Lajme nga Ulqini","description":"Lajme,Vijesti,Ulqini,Ulqin,Crna Gora,Mali i Zi","potentialAction":[{"@type":"SearchAction","target":{"@type":"EntryPoint","urlTemplate":"https:\/\/www.visit-ulcinj.com\/blog\/?s={search_term_string}"},"query-input":"required name=search_term_string"}],"inLanguage":"en-US"},{"@type":"ImageObject","inLanguage":"en-US","@id":"https:\/\/www.visit-ulcinj.com\/blog\/2009\/04\/05\/bika-ndihem-e-ofenduar\/#primaryimage","url":"http:\/\/www.visit-ulcinj.com\/blog\/wp-content\/uploads\/2009\/04\/bika-per-veshjet.jpg","contentUrl":"http:\/\/www.visit-ulcinj.com\/blog\/wp-content\/uploads\/2009\/04\/bika-per-veshjet.jpg"},{"@type":"WebPage","@id":"https:\/\/www.visit-ulcinj.com\/blog\/2009\/04\/05\/bika-ndihem-e-ofenduar\/#webpage","url":"https:\/\/www.visit-ulcinj.com\/blog\/2009\/04\/05\/bika-ndihem-e-ofenduar\/","name":"Bika: Ndihem e ofenduar | Big Brother Albania 2","isPartOf":{"@id":"https:\/\/www.visit-ulcinj.com\/blog\/#website"},"primaryImageOfPage":{"@id":"https:\/\/www.visit-ulcinj.com\/blog\/2009\/04\/05\/bika-ndihem-e-ofenduar\/#primaryimage"},"datePublished":"2009-04-05T08:18:58+00:00","dateModified":"2009-04-05T08:18:58+00:00","author":{"@id":"https:\/\/www.visit-ulcinj.com\/blog\/#\/schema\/person\/dcab619c614d3038751c63bc2aadc06d"},"description":"Big Brother Albania 2 - Gjat\u00c3\u00ab prov\u00c3\u00abs s\u00c3\u00ab jav\u00c3\u00abs Republika ka provuar nj\u00c3\u00ab fustan t\u00c3\u00ab cil\u00c3\u00abs nuk i p\u00c3\u00ablqen. K\u00c3\u00abt\u00c3\u00ab gj\u00c3\u00ab e diskuton me Aid\u00c3\u00abn duke i th\u00c3\u00abn\u00c3\u00ab q\u00c3\u00ab duhet ta ndryshojn\u00c3\u00ab modelin e fustanit .","breadcrumb":{"@id":"https:\/\/www.visit-ulcinj.com\/blog\/2009\/04\/05\/bika-ndihem-e-ofenduar\/#breadcrumb"},"inLanguage":"en-US","potentialAction":[{"@type":"ReadAction","target":["https:\/\/www.visit-ulcinj.com\/blog\/2009\/04\/05\/bika-ndihem-e-ofenduar\/"]}]},{"@type":"BreadcrumbList","@id":"https:\/\/www.visit-ulcinj.com\/blog\/2009\/04\/05\/bika-ndihem-e-ofenduar\/#breadcrumb","itemListElement":[{"@type":"ListItem","position":1,"name":"Bika: Ndihem e ofenduar"}]},{"@type":"Person","@id":"https:\/\/www.visit-ulcinj.com\/blog\/#\/schema\/person\/dcab619c614d3038751c63bc2aadc06d","name":"ulqini","sameAs":["http:\/\/www.visit-ulcinj.com"],"url":"https:\/\/www.visit-ulcinj.com\/blog\/author\/admin\/"}]}},"jetpack_featured_media_url":"","jetpack_sharing_enabled":true,"jetpack_shortlink":"https:\/\/wp.me\/pe6lTn-4lx","_links":{"self":[{"href":"https:\/\/www.visit-ulcinj.com\/blog\/wp-json\/wp\/v2\/posts\/16711"}],"collection":[{"href":"https:\/\/www.visit-ulcinj.com\/blog\/wp-json\/wp\/v2\/posts"}],"about":[{"href":"https:\/\/www.visit-ulcinj.com\/blog\/wp-json\/wp\/v2\/types\/post"}],"author":[{"embeddable":true,"href":"https:\/\/www.visit-ulcinj.com\/blog\/wp-json\/wp\/v2\/users\/1"}],"replies":[{"embeddable":true,"href":"https:\/\/www.visit-ulcinj.com\/blog\/wp-json\/wp\/v2\/comments?post=16711"}],"version-history":[{"count":0,"href":"https:\/\/www.visit-ulcinj.com\/blog\/wp-json\/wp\/v2\/posts\/16711\/revisions"}],"wp:attachment":[{"href":"https:\/\/www.visit-ulcinj.com\/blog\/wp-json\/wp\/v2\/media?parent=16711"}],"wp:term":[{"taxonomy":"category","embeddable":true,"href":"https:\/\/www.visit-ulcinj.com\/blog\/wp-json\/wp\/v2\/categories?post=16711"},{"taxonomy":"post_tag","embeddable":true,"href":"https:\/\/www.visit-ulcinj.com\/blog\/wp-json\/wp\/v2\/tags?post=16711"}],"curies":[{"name":"wp","href":"https:\/\/api.w.org\/{rel}","templated":true}]}}